{"id":92817,"date":"2015-10-20T05:20:32","date_gmt":"2015-10-20T04:20:32","guid":{"rendered":"http:\/\/www.visit-ulcinj.com\/blog\/?p=92817"},"modified":"2015-10-20T15:00:05","modified_gmt":"2015-10-20T14:00:05","slug":"bardhi-uroi-monitor-rastin-e-25-vjetorit-te-botimit","status":"publish","type":"post","link":"https:\/\/www.visit-ulcinj.com\/blog\/2015\/10\/20\/bardhi-uroi-monitor-rastin-e-25-vjetorit-te-botimit\/","title":{"rendered":"Bardhi uroi Monitor-in me rastin  e 25-vjetorit t\u00eb botimit"},"content":{"rendered":"<p><strong><a href=\"http:\/\/www.visit-ulcinj.com\/blog\/wp-content\/uploads\/2010\/04\/Mehmet-Bardhi.jpg\"><img loading=\"lazy\" class=\"alignleft wp-image-31846 size-full\" src=\"http:\/\/www.visit-ulcinj.com\/blog\/wp-content\/uploads\/2010\/04\/Mehmet-Bardhi.jpg\" alt=\"Mehmet Bardhi\" width=\"318\" height=\"318\" srcset=\"https:\/\/www.visit-ulcinj.com\/blog\/wp-content\/uploads\/2010\/04\/Mehmet-Bardhi.jpg 318w, https:\/\/www.visit-ulcinj.com\/blog\/wp-content\/uploads\/2010\/04\/Mehmet-Bardhi-150x150.jpg 150w, https:\/\/www.visit-ulcinj.com\/blog\/wp-content\/uploads\/2010\/04\/Mehmet-Bardhi-300x300.jpg 300w\" sizes=\"(max-width: 318px) 100vw, 318px\" \/><\/a>Ulqin, m\u00eb 19 tetor 2015<\/strong><\/p>\n<p><strong>\u00a0<\/strong><\/p>\n<p style=\"text-align: center;\"><strong>MONITOR \u2013it, t<\/strong><strong>\u00eb p\u00ebrjavshmes s\u00eb pavarur n\u00eb Malin e Zi<\/strong><\/p>\n<ol>\n<li><strong> Esad Ko\u00e7an, kryeredaktor dhe redaktor p\u00ebrgjegj\u00ebs<\/strong><\/li>\n<\/ol>\n<p><strong>\u00a0<\/strong><\/p>\n<p><strong>Sheshi i Republik\u00ebs pa nr.<\/strong><\/p>\n<p><strong>\u00a0<\/strong><\/p>\n<p><strong><span style=\"text-decoration: underline;\">P o d g o r i c \u00eb<\/span><\/strong><\/p>\n<p>&nbsp;<\/p>\n<p>I nderuari zot\u00ebri Ko\u00e7an,<\/p>\n<p>&nbsp;<\/p>\n<p>Kam nder dhe k\u00ebnaq\u00ebsi q\u00eb sot, t\u00eb h\u00ebn\u00ebn, m\u00eb 19 tetor 2015, n\u00eb em\u00ebr t\u00eb Lidhjes Demokratike n\u00eb Mal t\u00eb Zi dhe n\u00eb emrin tim personal, t\u2019ju uroj 25-vjetorin e botimit T\u00cb NUMRIT T\u00cb PAR\u00cb t\u00eb p\u00ebrjavshmes s\u00eb pavarur MONITOR, e cila pa drit\u00ebn e dit\u00ebs mu n\u00eb k\u00ebt\u00eb dit\u00eb, m\u00eb 19 tetor 1990 n\u00eb Titogradin e at\u00ebhersh\u00ebm.<\/p>\n<p>&nbsp;<\/p>\n<p>T\u00eb flas\u00ebsh p\u00ebr MONITOR-in dhe p\u00ebr rrug\u00ebtimin e tij 25-vje\u00e7ar \u00ebsht\u00eb nj\u00eb histori e t\u00ebr\u00eb, padyshim p\u00ebrgjith\u00ebsisht, nj\u00eb histori suksesi e sakrifice, n\u00eb nj\u00ebfar\u00eb m\u00ebnyre ashtu si\u00e7 \u00ebsht\u00eb nj\u00eb histori e t\u00ebr\u00eb, nj\u00eb histori suksesi e sakrifice edhe rrug\u00ebtimi 25-vje\u00e7ar i Lidhjes Demokratike n\u00eb Mal t\u00eb Zi ( 9.9.1990)<\/p>\n<p>t\u00eb partis\u00eb s\u00eb par\u00eb politike t\u00eb shqiptar\u00ebve n\u00eb trojet e veta st\u00ebrgjyshore, sot n\u00eb Malin e Zi.<\/p>\n<p>&nbsp;<\/p>\n<p>MONITOR-i b\u00ebri nj\u00eb rrug\u00eb t\u00eb gjat\u00eb, shpesh duke u p\u00ebrball\u00eb me v\u00ebshtir\u00ebsi t\u00eb ndryshme, nga sulmi n\u00eb redaksi e sulmet ndaj gazetar\u00ebve dhe d\u00ebnimet e tyre p\u00ebr fjal\u00ebn e lir\u00eb, n\u00eb nj\u00eb an\u00eb, por q\u00eb rrezatoi t\u00eb v\u00ebrteta, guxim e liri, dhe cak p\u00ebr t\u00eb krijuar nj\u00eb shoq\u00ebri t\u00eb lir\u00eb e demokratike, n\u00eb Malin e Zi, ku pik\u00ebs\u00ebpari do t\u00eb kishim zgjedhje t\u00eb lira, fer e demokratike, ku do t\u00eb respektoheshin e t\u010d avancoheshin t\u00eb drejtat dhe lirit\u00eb e njeriut dhe ato nacionale, t\u00eb drejtat e arritura, nj\u00eb shoq\u00ebri ku korrupsioni, dhuna dhe kriminaliteti do ishin me t\u00eb v\u00ebrtet\u00eb vepra penale t\u00eb d\u00ebnueshme, n\u00eb an\u00ebn tjet\u00ebr.<\/p>\n<p>&nbsp;<\/p>\n<p>MONITOR-i shkroi, botoi &#8230; luftoi t\u00eb keqen e devijimet n\u00eb shoq\u00ebri, q\u00eb nga sulmet ndaj gazetaris\u00eb e gazetar\u00ebve e fjal\u00ebs s\u00eb lir\u00eb e deri te \u201ct\u00eb k\u00ebqijat detare\u201d (srb.morsko zlo), privatizimet rr\u00ebnuese e shkat\u00ebrruese, pla\u00e7kit\u00ebse e okupuese. T\u00eb gjitha k\u00ebto mbet\u00ebn dhe t\u00eb tjer\u00ebt q\u00eb vin\u00eb do t\u2019i lexojn\u00eb. Jan\u00eb udh\u00ebrr\u00ebfyes dhe udh\u00ebtregues.<\/p>\n<p>&nbsp;<\/p>\n<p>Megjith\u00ebse n\u00eb ndonj\u00eb rast e ndonj\u00eb periudh\u00eb pati edhe oscilime, por MONITOR-i mbijetoi dhe hodhi shtat. Q\u00ebndroi dhe nuk u dor\u00ebzua. Fjala e lir\u00eb, fjala kritike pa droje doli nga aty, nga penat e tij t\u00eb t\u010d mprehta, t\u00eb kalitura p\u00ebr drejt\u00ebsi, dinjitet, mir\u00ebqenie e liri, demokraci e shtetin e s\u00eb drejt\u00ebs p\u00ebr barazi e shanse t\u00eb barabarta.<\/p>\n<p>URIME!<\/p>\n<p>&nbsp;<\/p>\n<p>Me respekt.<\/p>\n<p>&nbsp;<\/p>\n<p><strong>MEHMET BARDHI, profesor<\/strong><\/p>\n<p><strong>Kryetar i Lidhjes Demokratike n\u00eb Mal t\u00eb Zi<\/strong><\/p>\n","protected":false},"excerpt":{"rendered":"<p>Ulqin, m\u00eb 19 tetor 2015 \u00a0 MONITOR \u2013it, t\u00eb p\u00ebrjavshmes s\u00eb pavarur n\u00eb Malin e Zi Esad Ko\u00e7an, kryeredaktor dhe redaktor p\u00ebrgjegj\u00ebs \u00a0 Sheshi i Republik\u00ebs pa nr. \u00a0 P o d g o r i c \u00eb &nbsp; I nderuari zot\u00ebri Ko\u00e7an, &nbsp; Kam nder dhe k\u00ebnaq\u00ebsi q\u00eb sot, t\u00eb h\u00ebn\u00ebn, m\u00eb 19 tetor [&hellip;]<\/p>\n","protected":false},"author":1,"featured_media":0,"comment_status":"closed","ping_status":"closed","sticky":false,"template":"","format":"standard","meta":{"spay_email":"","jetpack_publicize_message":"","jetpack_is_tweetstorm":false,"jetpack_publicize_feature_enabled":true},"categories":[1,6950],"tags":[],"jetpack_publicize_connections":[],"yoast_head":"<!-- This site is optimized with the Yoast SEO plugin v19.1 - https:\/\/yoast.com\/wordpress\/plugins\/seo\/ -->\n<title>Bardhi uroi Monitor-in me rastin e 25-vjetorit t\u00eb botimit - Lajme nga Ulqini<\/title>\n<meta name=\"description\" content=\"Ulqin, m\u00eb 19 tetor 2015 \u00a0 MONITOR \u2013it, t\u00eb p\u00ebrjavshmes s\u00eb pavarur n\u00eb Malin e Zi Esad Ko\u00e7an, kryeredaktor dhe redaktor p\u00ebrgjegj\u00ebs \u00a0 Sheshi i Republik\u00ebs pa\" \/>\n<meta name=\"robots\" content=\"index, follow, max-snippet:-1, max-image-preview:large, max-video-preview:-1\" \/>\n<link rel=\"canonical\" href=\"https:\/\/www.visit-ulcinj.com\/blog\/2015\/10\/20\/bardhi-uroi-monitor-rastin-e-25-vjetorit-te-botimit\/\" \/>\n<meta property=\"og:locale\" content=\"en_US\" \/>\n<meta property=\"og:type\" content=\"article\" \/>\n<meta property=\"og:title\" content=\"Bardhi uroi Monitor-in me rastin e 25-vjetorit t\u00eb botimit - Lajme nga Ulqini\" \/>\n<meta property=\"og:description\" content=\"Ulqin, m\u00eb 19 tetor 2015 \u00a0 MONITOR \u2013it, t\u00eb p\u00ebrjavshmes s\u00eb pavarur n\u00eb Malin e Zi Esad Ko\u00e7an, kryeredaktor dhe redaktor p\u00ebrgjegj\u00ebs \u00a0 Sheshi i Republik\u00ebs pa\" \/>\n<meta property=\"og:url\" content=\"https:\/\/www.visit-ulcinj.com\/blog\/2015\/10\/20\/bardhi-uroi-monitor-rastin-e-25-vjetorit-te-botimit\/\" \/>\n<meta property=\"og:site_name\" content=\"Lajme nga Ulqini\" \/>\n<meta property=\"article:published_time\" content=\"2015-10-20T04:20:32+00:00\" \/>\n<meta property=\"article:modified_time\" content=\"2015-10-20T14:00:05+00:00\" \/>\n<meta property=\"og:image\" content=\"http:\/\/www.visit-ulcinj.com\/blog\/wp-content\/uploads\/2010\/04\/Mehmet-Bardhi.jpg\" \/>\n<meta name=\"twitter:label1\" content=\"Written by\" \/>\n\t<meta name=\"twitter:data1\" content=\"ulqini\" \/>\n\t<meta name=\"twitter:label2\" content=\"Est. reading time\" \/>\n\t<meta name=\"twitter:data2\" content=\"2 minutes\" \/>\n<script type=\"application\/ld+json\" class=\"yoast-schema-graph\">{\"@context\":\"https:\/\/schema.org\",\"@graph\":[{\"@type\":\"WebSite\",\"@id\":\"https:\/\/www.visit-ulcinj.com\/blog\/#website\",\"url\":\"https:\/\/www.visit-ulcinj.com\/blog\/\",\"name\":\"Lajme nga Ulqini\",\"description\":\"Lajme,Vijesti,Ulqini,Ulqin,Crna Gora,Mali i Zi\",\"potentialAction\":[{\"@type\":\"SearchAction\",\"target\":{\"@type\":\"EntryPoint\",\"urlTemplate\":\"https:\/\/www.visit-ulcinj.com\/blog\/?s={search_term_string}\"},\"query-input\":\"required name=search_term_string\"}],\"inLanguage\":\"en-US\"},{\"@type\":\"ImageObject\",\"inLanguage\":\"en-US\",\"@id\":\"https:\/\/www.visit-ulcinj.com\/blog\/2015\/10\/20\/bardhi-uroi-monitor-rastin-e-25-vjetorit-te-botimit\/#primaryimage\",\"url\":\"https:\/\/www.visit-ulcinj.com\/blog\/wp-content\/uploads\/2010\/04\/Mehmet-Bardhi.jpg\",\"contentUrl\":\"https:\/\/www.visit-ulcinj.com\/blog\/wp-content\/uploads\/2010\/04\/Mehmet-Bardhi.jpg\",\"width\":\"318\",\"height\":\"318\"},{\"@type\":\"WebPage\",\"@id\":\"https:\/\/www.visit-ulcinj.com\/blog\/2015\/10\/20\/bardhi-uroi-monitor-rastin-e-25-vjetorit-te-botimit\/#webpage\",\"url\":\"https:\/\/www.visit-ulcinj.com\/blog\/2015\/10\/20\/bardhi-uroi-monitor-rastin-e-25-vjetorit-te-botimit\/\",\"name\":\"Bardhi uroi Monitor-in me rastin e 25-vjetorit t\u00eb botimit - Lajme nga Ulqini\",\"isPartOf\":{\"@id\":\"https:\/\/www.visit-ulcinj.com\/blog\/#website\"},\"primaryImageOfPage\":{\"@id\":\"https:\/\/www.visit-ulcinj.com\/blog\/2015\/10\/20\/bardhi-uroi-monitor-rastin-e-25-vjetorit-te-botimit\/#primaryimage\"},\"datePublished\":\"2015-10-20T04:20:32+00:00\",\"dateModified\":\"2015-10-20T14:00:05+00:00\",\"author\":{\"@id\":\"https:\/\/www.visit-ulcinj.com\/blog\/#\/schema\/person\/dcab619c614d3038751c63bc2aadc06d\"},\"description\":\"Ulqin, m\u00eb 19 tetor 2015 \u00a0 MONITOR \u2013it, t\u00eb p\u00ebrjavshmes s\u00eb pavarur n\u00eb Malin e Zi Esad Ko\u00e7an, kryeredaktor dhe redaktor p\u00ebrgjegj\u00ebs \u00a0 Sheshi i Republik\u00ebs pa\",\"breadcrumb\":{\"@id\":\"https:\/\/www.visit-ulcinj.com\/blog\/2015\/10\/20\/bardhi-uroi-monitor-rastin-e-25-vjetorit-te-botimit\/#breadcrumb\"},\"inLanguage\":\"en-US\",\"potentialAction\":[{\"@type\":\"ReadAction\",\"target\":[\"https:\/\/www.visit-ulcinj.com\/blog\/2015\/10\/20\/bardhi-uroi-monitor-rastin-e-25-vjetorit-te-botimit\/\"]}]},{\"@type\":\"BreadcrumbList\",\"@id\":\"https:\/\/www.visit-ulcinj.com\/blog\/2015\/10\/20\/bardhi-uroi-monitor-rastin-e-25-vjetorit-te-botimit\/#breadcrumb\",\"itemListElement\":[{\"@type\":\"ListItem\",\"position\":1,\"name\":\"Bardhi uroi Monitor-in me rastin e 25-vjetorit t\u00eb botimit\"}]},{\"@type\":\"Person\",\"@id\":\"https:\/\/www.visit-ulcinj.com\/blog\/#\/schema\/person\/dcab619c614d3038751c63bc2aadc06d\",\"name\":\"ulqini\",\"sameAs\":[\"http:\/\/www.visit-ulcinj.com\"],\"url\":\"https:\/\/www.visit-ulcinj.com\/blog\/author\/admin\/\"}]}<\/script>\n<!-- \/ Yoast SEO plugin. -->","yoast_head_json":{"title":"Bardhi uroi Monitor-in me rastin e 25-vjetorit t\u00eb botimit - Lajme nga Ulqini","description":"Ulqin, m\u00eb 19 tetor 2015 \u00a0 MONITOR \u2013it, t\u00eb p\u00ebrjavshmes s\u00eb pavarur n\u00eb Malin e Zi Esad Ko\u00e7an, kryeredaktor dhe redaktor p\u00ebrgjegj\u00ebs \u00a0 Sheshi i Republik\u00ebs pa","robots":{"index":"index","follow":"follow","max-snippet":"max-snippet:-1","max-image-preview":"max-image-preview:large","max-video-preview":"max-video-preview:-1"},"canonical":"https:\/\/www.visit-ulcinj.com\/blog\/2015\/10\/20\/bardhi-uroi-monitor-rastin-e-25-vjetorit-te-botimit\/","og_locale":"en_US","og_type":"article","og_title":"Bardhi uroi Monitor-in me rastin e 25-vjetorit t\u00eb botimit - Lajme nga Ulqini","og_description":"Ulqin, m\u00eb 19 tetor 2015 \u00a0 MONITOR \u2013it, t\u00eb p\u00ebrjavshmes s\u00eb pavarur n\u00eb Malin e Zi Esad Ko\u00e7an, kryeredaktor dhe redaktor p\u00ebrgjegj\u00ebs \u00a0 Sheshi i Republik\u00ebs pa","og_url":"https:\/\/www.visit-ulcinj.com\/blog\/2015\/10\/20\/bardhi-uroi-monitor-rastin-e-25-vjetorit-te-botimit\/","og_site_name":"Lajme nga Ulqini","article_published_time":"2015-10-20T04:20:32+00:00","article_modified_time":"2015-10-20T14:00:05+00:00","og_image":[{"url":"http:\/\/www.visit-ulcinj.com\/blog\/wp-content\/uploads\/2010\/04\/Mehmet-Bardhi.jpg"}],"twitter_misc":{"Written by":"ulqini","Est. reading time":"2 minutes"},"schema":{"@context":"https:\/\/schema.org","@graph":[{"@type":"WebSite","@id":"https:\/\/www.visit-ulcinj.com\/blog\/#website","url":"https:\/\/www.visit-ulcinj.com\/blog\/","name":"Lajme nga Ulqini","description":"Lajme,Vijesti,Ulqini,Ulqin,Crna Gora,Mali i Zi","potentialAction":[{"@type":"SearchAction","target":{"@type":"EntryPoint","urlTemplate":"https:\/\/www.visit-ulcinj.com\/blog\/?s={search_term_string}"},"query-input":"required name=search_term_string"}],"inLanguage":"en-US"},{"@type":"ImageObject","inLanguage":"en-US","@id":"https:\/\/www.visit-ulcinj.com\/blog\/2015\/10\/20\/bardhi-uroi-monitor-rastin-e-25-vjetorit-te-botimit\/#primaryimage","url":"https:\/\/www.visit-ulcinj.com\/blog\/wp-content\/uploads\/2010\/04\/Mehmet-Bardhi.jpg","contentUrl":"https:\/\/www.visit-ulcinj.com\/blog\/wp-content\/uploads\/2010\/04\/Mehmet-Bardhi.jpg","width":"318","height":"318"},{"@type":"WebPage","@id":"https:\/\/www.visit-ulcinj.com\/blog\/2015\/10\/20\/bardhi-uroi-monitor-rastin-e-25-vjetorit-te-botimit\/#webpage","url":"https:\/\/www.visit-ulcinj.com\/blog\/2015\/10\/20\/bardhi-uroi-monitor-rastin-e-25-vjetorit-te-botimit\/","name":"Bardhi uroi Monitor-in me rastin e 25-vjetorit t\u00eb botimit - Lajme nga Ulqini","isPartOf":{"@id":"https:\/\/www.visit-ulcinj.com\/blog\/#website"},"primaryImageOfPage":{"@id":"https:\/\/www.visit-ulcinj.com\/blog\/2015\/10\/20\/bardhi-uroi-monitor-rastin-e-25-vjetorit-te-botimit\/#primaryimage"},"datePublished":"2015-10-20T04:20:32+00:00","dateModified":"2015-10-20T14:00:05+00:00","author":{"@id":"https:\/\/www.visit-ulcinj.com\/blog\/#\/schema\/person\/dcab619c614d3038751c63bc2aadc06d"},"description":"Ulqin, m\u00eb 19 tetor 2015 \u00a0 MONITOR \u2013it, t\u00eb p\u00ebrjavshmes s\u00eb pavarur n\u00eb Malin e Zi Esad Ko\u00e7an, kryeredaktor dhe redaktor p\u00ebrgjegj\u00ebs \u00a0 Sheshi i Republik\u00ebs pa","breadcrumb":{"@id":"https:\/\/www.visit-ulcinj.com\/blog\/2015\/10\/20\/bardhi-uroi-monitor-rastin-e-25-vjetorit-te-botimit\/#breadcrumb"},"inLanguage":"en-US","potentialAction":[{"@type":"ReadAction","target":["https:\/\/www.visit-ulcinj.com\/blog\/2015\/10\/20\/bardhi-uroi-monitor-rastin-e-25-vjetorit-te-botimit\/"]}]},{"@type":"BreadcrumbList","@id":"https:\/\/www.visit-ulcinj.com\/blog\/2015\/10\/20\/bardhi-uroi-monitor-rastin-e-25-vjetorit-te-botimit\/#breadcrumb","itemListElement":[{"@type":"ListItem","position":1,"name":"Bardhi uroi Monitor-in me rastin e 25-vjetorit t\u00eb botimit"}]},{"@type":"Person","@id":"https:\/\/www.visit-ulcinj.com\/blog\/#\/schema\/person\/dcab619c614d3038751c63bc2aadc06d","name":"ulqini","sameAs":["http:\/\/www.visit-ulcinj.com"],"url":"https:\/\/www.visit-ulcinj.com\/blog\/author\/admin\/"}]}},"jetpack_featured_media_url":"","jetpack_sharing_enabled":true,"jetpack_shortlink":"https:\/\/wp.me\/pe6lTn-o93","_links":{"self":[{"href":"https:\/\/www.visit-ulcinj.com\/blog\/wp-json\/wp\/v2\/posts\/92817"}],"collection":[{"href":"https:\/\/www.visit-ulcinj.com\/blog\/wp-json\/wp\/v2\/posts"}],"about":[{"href":"https:\/\/www.visit-ulcinj.com\/blog\/wp-json\/wp\/v2\/types\/post"}],"author":[{"embeddable":true,"href":"https:\/\/www.visit-ulcinj.com\/blog\/wp-json\/wp\/v2\/users\/1"}],"replies":[{"embeddable":true,"href":"https:\/\/www.visit-ulcinj.com\/blog\/wp-json\/wp\/v2\/comments?post=92817"}],"version-history":[{"count":1,"href":"https:\/\/www.visit-ulcinj.com\/blog\/wp-json\/wp\/v2\/posts\/92817\/revisions"}],"predecessor-version":[{"id":92818,"href":"https:\/\/www.visit-ulcinj.com\/blog\/wp-json\/wp\/v2\/posts\/92817\/revisions\/92818"}],"wp:attachment":[{"href":"https:\/\/www.visit-ulcinj.com\/blog\/wp-json\/wp\/v2\/media?parent=92817"}],"wp:term":[{"taxonomy":"category","embeddable":true,"href":"https:\/\/www.visit-ulcinj.com\/blog\/wp-json\/wp\/v2\/categories?post=92817"},{"taxonomy":"post_tag","embeddable":true,"href":"https:\/\/www.visit-ulcinj.com\/blog\/wp-json\/wp\/v2\/tags?post=92817"}],"curies":[{"name":"wp","href":"https:\/\/api.w.org\/{rel}","templated":true}]}}