{"id":92822,"date":"2015-10-20T18:26:22","date_gmt":"2015-10-20T17:26:22","guid":{"rendered":"http:\/\/www.visit-ulcinj.com\/blog\/?p=92822"},"modified":"2015-10-20T18:26:22","modified_gmt":"2015-10-20T17:26:22","slug":"ziro-racun-opstine-ulcinj-blokiran","status":"publish","type":"post","link":"https:\/\/www.visit-ulcinj.com\/blog\/2015\/10\/20\/ziro-racun-opstine-ulcinj-blokiran\/","title":{"rendered":"\u017diro-ra\u010dun op\u0161tine Ulcinj blokiran"},"content":{"rendered":"<p><strong><span class=\"credits__author\"> <a href=\"http:\/\/www.visit-ulcinj.com\/blog\/wp-content\/uploads\/2015\/10\/blokiran-racun.jpg\"><img loading=\"lazy\" class=\"alignleft wp-image-92823\" src=\"http:\/\/www.visit-ulcinj.com\/blog\/wp-content\/uploads\/2015\/10\/blokiran-racun.jpg\" alt=\"ulcinj \" width=\"508\" height=\"240\" srcset=\"https:\/\/www.visit-ulcinj.com\/blog\/wp-content\/uploads\/2015\/10\/blokiran-racun.jpg 720w, https:\/\/www.visit-ulcinj.com\/blog\/wp-content\/uploads\/2015\/10\/blokiran-racun-300x142.jpg 300w\" sizes=\"(max-width: 508px) 100vw, 508px\" \/><\/a>Autor: Samir Adrovi\u0107 <\/span><\/strong><\/p>\n<p>Op\u0161tina Ulcinj od danas je u blokadi zbog pravosna\u017ene sudske presude u korist advokata iz Ro\u017eaja Nu\u0161a Kala\u010da u iznosu od blizu pola miliona eura, potvrdio je Vijestima predsjednik Op\u0161tine Fatmir \u0110eka.<\/p>\n<p>Paralelno sa blokadom \u017eiro ra\u010duna te\u010de postupak u dr\u017eavnom tu\u017eila\u0161tvu i Vrhovnom sudu jer je Op\u0161tina Ulcinj tra\u017eila za\u0161titu zakonitosti i reviziju postupka.<\/p>\n<p>Kala\u010d je zastupao firmu Progres iz Pirota, koja je tra\u017eila nadoknadu za 915m2 iznad biv\u0161eg hotela Galeb.<\/p>\n<p>Na toj parceli sagra\u0111en je dio parkinga i saobra\u0107ajnice. On je u me\u0111uvremenu preuzeo prava firme koja je po\u0161la u ste\u010daj.<\/p>\n<p><strong>Izvor: Vijesti Online<\/strong><\/p>\n","protected":false},"excerpt":{"rendered":"<p>Autor: Samir Adrovi\u0107 Op\u0161tina Ulcinj od danas je u blokadi zbog pravosna\u017ene sudske presude u korist advokata iz Ro\u017eaja Nu\u0161a Kala\u010da u iznosu od blizu pola miliona eura, potvrdio je Vijestima predsjednik Op\u0161tine Fatmir \u0110eka. Paralelno sa blokadom \u017eiro ra\u010duna te\u010de postupak u dr\u017eavnom tu\u017eila\u0161tvu i Vrhovnom sudu jer je Op\u0161tina Ulcinj tra\u017eila za\u0161titu zakonitosti [&hellip;]<\/p>\n","protected":false},"author":1,"featured_media":0,"comment_status":"closed","ping_status":"closed","sticky":false,"template":"","format":"standard","meta":{"spay_email":"","jetpack_publicize_message":"","jetpack_is_tweetstorm":false,"jetpack_publicize_feature_enabled":true},"categories":[8337],"tags":[],"jetpack_publicize_connections":[],"yoast_head":"<!-- This site is optimized with the Yoast SEO plugin v19.1 - https:\/\/yoast.com\/wordpress\/plugins\/seo\/ -->\n<title>\u017diro-ra\u010dun op\u0161tine Ulcinj blokiran - Lajme nga Ulqini<\/title>\n<meta name=\"description\" content=\"Autor: Samir Adrovi\u0107 Op\u0161tina Ulcinj od danas je u blokadi zbog pravosna\u017ene sudske presude u korist advokata iz Ro\u017eaja Nu\u0161a Kala\u010da u iznosu od blizu pola\" \/>\n<meta name=\"robots\" content=\"index, follow, max-snippet:-1, max-image-preview:large, max-video-preview:-1\" \/>\n<link rel=\"canonical\" href=\"https:\/\/www.visit-ulcinj.com\/blog\/2015\/10\/20\/ziro-racun-opstine-ulcinj-blokiran\/\" \/>\n<meta property=\"og:locale\" content=\"en_US\" \/>\n<meta property=\"og:type\" content=\"article\" \/>\n<meta property=\"og:title\" content=\"\u017diro-ra\u010dun op\u0161tine Ulcinj blokiran - Lajme nga Ulqini\" \/>\n<meta property=\"og:description\" content=\"Autor: Samir Adrovi\u0107 Op\u0161tina Ulcinj od danas je u blokadi zbog pravosna\u017ene sudske presude u korist advokata iz Ro\u017eaja Nu\u0161a Kala\u010da u iznosu od blizu pola\" \/>\n<meta property=\"og:url\" content=\"https:\/\/www.visit-ulcinj.com\/blog\/2015\/10\/20\/ziro-racun-opstine-ulcinj-blokiran\/\" \/>\n<meta property=\"og:site_name\" content=\"Lajme nga Ulqini\" \/>\n<meta property=\"article:published_time\" content=\"2015-10-20T17:26:22+00:00\" \/>\n<meta property=\"og:image\" content=\"http:\/\/www.visit-ulcinj.com\/blog\/wp-content\/uploads\/2015\/10\/blokiran-racun.jpg\" \/>\n<meta name=\"twitter:label1\" content=\"Written by\" \/>\n\t<meta name=\"twitter:data1\" content=\"ulqini\" \/>\n\t<meta name=\"twitter:label2\" content=\"Est. reading time\" \/>\n\t<meta name=\"twitter:data2\" content=\"1 minute\" \/>\n<script type=\"application\/ld+json\" class=\"yoast-schema-graph\">{\"@context\":\"https:\/\/schema.org\",\"@graph\":[{\"@type\":\"WebSite\",\"@id\":\"https:\/\/www.visit-ulcinj.com\/blog\/#website\",\"url\":\"https:\/\/www.visit-ulcinj.com\/blog\/\",\"name\":\"Lajme nga Ulqini\",\"description\":\"Lajme,Vijesti,Ulqini,Ulqin,Crna Gora,Mali i Zi\",\"potentialAction\":[{\"@type\":\"SearchAction\",\"target\":{\"@type\":\"EntryPoint\",\"urlTemplate\":\"https:\/\/www.visit-ulcinj.com\/blog\/?s={search_term_string}\"},\"query-input\":\"required name=search_term_string\"}],\"inLanguage\":\"en-US\"},{\"@type\":\"ImageObject\",\"inLanguage\":\"en-US\",\"@id\":\"https:\/\/www.visit-ulcinj.com\/blog\/2015\/10\/20\/ziro-racun-opstine-ulcinj-blokiran\/#primaryimage\",\"url\":\"https:\/\/www.visit-ulcinj.com\/blog\/wp-content\/uploads\/2015\/10\/blokiran-racun.jpg\",\"contentUrl\":\"https:\/\/www.visit-ulcinj.com\/blog\/wp-content\/uploads\/2015\/10\/blokiran-racun.jpg\",\"width\":720,\"height\":340},{\"@type\":\"WebPage\",\"@id\":\"https:\/\/www.visit-ulcinj.com\/blog\/2015\/10\/20\/ziro-racun-opstine-ulcinj-blokiran\/#webpage\",\"url\":\"https:\/\/www.visit-ulcinj.com\/blog\/2015\/10\/20\/ziro-racun-opstine-ulcinj-blokiran\/\",\"name\":\"\u017diro-ra\u010dun op\u0161tine Ulcinj blokiran - Lajme nga Ulqini\",\"isPartOf\":{\"@id\":\"https:\/\/www.visit-ulcinj.com\/blog\/#website\"},\"primaryImageOfPage\":{\"@id\":\"https:\/\/www.visit-ulcinj.com\/blog\/2015\/10\/20\/ziro-racun-opstine-ulcinj-blokiran\/#primaryimage\"},\"datePublished\":\"2015-10-20T17:26:22+00:00\",\"dateModified\":\"2015-10-20T17:26:22+00:00\",\"author\":{\"@id\":\"https:\/\/www.visit-ulcinj.com\/blog\/#\/schema\/person\/dcab619c614d3038751c63bc2aadc06d\"},\"description\":\"Autor: Samir Adrovi\u0107 Op\u0161tina Ulcinj od danas je u blokadi zbog pravosna\u017ene sudske presude u korist advokata iz Ro\u017eaja Nu\u0161a Kala\u010da u iznosu od blizu pola\",\"breadcrumb\":{\"@id\":\"https:\/\/www.visit-ulcinj.com\/blog\/2015\/10\/20\/ziro-racun-opstine-ulcinj-blokiran\/#breadcrumb\"},\"inLanguage\":\"en-US\",\"potentialAction\":[{\"@type\":\"ReadAction\",\"target\":[\"https:\/\/www.visit-ulcinj.com\/blog\/2015\/10\/20\/ziro-racun-opstine-ulcinj-blokiran\/\"]}]},{\"@type\":\"BreadcrumbList\",\"@id\":\"https:\/\/www.visit-ulcinj.com\/blog\/2015\/10\/20\/ziro-racun-opstine-ulcinj-blokiran\/#breadcrumb\",\"itemListElement\":[{\"@type\":\"ListItem\",\"position\":1,\"name\":\"\u017diro-ra\u010dun op\u0161tine Ulcinj blokiran\"}]},{\"@type\":\"Person\",\"@id\":\"https:\/\/www.visit-ulcinj.com\/blog\/#\/schema\/person\/dcab619c614d3038751c63bc2aadc06d\",\"name\":\"ulqini\",\"sameAs\":[\"http:\/\/www.visit-ulcinj.com\"],\"url\":\"https:\/\/www.visit-ulcinj.com\/blog\/author\/admin\/\"}]}<\/script>\n<!-- \/ Yoast SEO plugin. -->","yoast_head_json":{"title":"\u017diro-ra\u010dun op\u0161tine Ulcinj blokiran - Lajme nga Ulqini","description":"Autor: Samir Adrovi\u0107 Op\u0161tina Ulcinj od danas je u blokadi zbog pravosna\u017ene sudske presude u korist advokata iz Ro\u017eaja Nu\u0161a Kala\u010da u iznosu od blizu pola","robots":{"index":"index","follow":"follow","max-snippet":"max-snippet:-1","max-image-preview":"max-image-preview:large","max-video-preview":"max-video-preview:-1"},"canonical":"https:\/\/www.visit-ulcinj.com\/blog\/2015\/10\/20\/ziro-racun-opstine-ulcinj-blokiran\/","og_locale":"en_US","og_type":"article","og_title":"\u017diro-ra\u010dun op\u0161tine Ulcinj blokiran - Lajme nga Ulqini","og_description":"Autor: Samir Adrovi\u0107 Op\u0161tina Ulcinj od danas je u blokadi zbog pravosna\u017ene sudske presude u korist advokata iz Ro\u017eaja Nu\u0161a Kala\u010da u iznosu od blizu pola","og_url":"https:\/\/www.visit-ulcinj.com\/blog\/2015\/10\/20\/ziro-racun-opstine-ulcinj-blokiran\/","og_site_name":"Lajme nga Ulqini","article_published_time":"2015-10-20T17:26:22+00:00","og_image":[{"url":"http:\/\/www.visit-ulcinj.com\/blog\/wp-content\/uploads\/2015\/10\/blokiran-racun.jpg"}],"twitter_misc":{"Written by":"ulqini","Est. reading time":"1 minute"},"schema":{"@context":"https:\/\/schema.org","@graph":[{"@type":"WebSite","@id":"https:\/\/www.visit-ulcinj.com\/blog\/#website","url":"https:\/\/www.visit-ulcinj.com\/blog\/","name":"Lajme nga Ulqini","description":"Lajme,Vijesti,Ulqini,Ulqin,Crna Gora,Mali i Zi","potentialAction":[{"@type":"SearchAction","target":{"@type":"EntryPoint","urlTemplate":"https:\/\/www.visit-ulcinj.com\/blog\/?s={search_term_string}"},"query-input":"required name=search_term_string"}],"inLanguage":"en-US"},{"@type":"ImageObject","inLanguage":"en-US","@id":"https:\/\/www.visit-ulcinj.com\/blog\/2015\/10\/20\/ziro-racun-opstine-ulcinj-blokiran\/#primaryimage","url":"https:\/\/www.visit-ulcinj.com\/blog\/wp-content\/uploads\/2015\/10\/blokiran-racun.jpg","contentUrl":"https:\/\/www.visit-ulcinj.com\/blog\/wp-content\/uploads\/2015\/10\/blokiran-racun.jpg","width":720,"height":340},{"@type":"WebPage","@id":"https:\/\/www.visit-ulcinj.com\/blog\/2015\/10\/20\/ziro-racun-opstine-ulcinj-blokiran\/#webpage","url":"https:\/\/www.visit-ulcinj.com\/blog\/2015\/10\/20\/ziro-racun-opstine-ulcinj-blokiran\/","name":"\u017diro-ra\u010dun op\u0161tine Ulcinj blokiran - Lajme nga Ulqini","isPartOf":{"@id":"https:\/\/www.visit-ulcinj.com\/blog\/#website"},"primaryImageOfPage":{"@id":"https:\/\/www.visit-ulcinj.com\/blog\/2015\/10\/20\/ziro-racun-opstine-ulcinj-blokiran\/#primaryimage"},"datePublished":"2015-10-20T17:26:22+00:00","dateModified":"2015-10-20T17:26:22+00:00","author":{"@id":"https:\/\/www.visit-ulcinj.com\/blog\/#\/schema\/person\/dcab619c614d3038751c63bc2aadc06d"},"description":"Autor: Samir Adrovi\u0107 Op\u0161tina Ulcinj od danas je u blokadi zbog pravosna\u017ene sudske presude u korist advokata iz Ro\u017eaja Nu\u0161a Kala\u010da u iznosu od blizu pola","breadcrumb":{"@id":"https:\/\/www.visit-ulcinj.com\/blog\/2015\/10\/20\/ziro-racun-opstine-ulcinj-blokiran\/#breadcrumb"},"inLanguage":"en-US","potentialAction":[{"@type":"ReadAction","target":["https:\/\/www.visit-ulcinj.com\/blog\/2015\/10\/20\/ziro-racun-opstine-ulcinj-blokiran\/"]}]},{"@type":"BreadcrumbList","@id":"https:\/\/www.visit-ulcinj.com\/blog\/2015\/10\/20\/ziro-racun-opstine-ulcinj-blokiran\/#breadcrumb","itemListElement":[{"@type":"ListItem","position":1,"name":"\u017diro-ra\u010dun op\u0161tine Ulcinj blokiran"}]},{"@type":"Person","@id":"https:\/\/www.visit-ulcinj.com\/blog\/#\/schema\/person\/dcab619c614d3038751c63bc2aadc06d","name":"ulqini","sameAs":["http:\/\/www.visit-ulcinj.com"],"url":"https:\/\/www.visit-ulcinj.com\/blog\/author\/admin\/"}]}},"jetpack_featured_media_url":"","jetpack_sharing_enabled":true,"jetpack_shortlink":"https:\/\/wp.me\/pe6lTn-o98","_links":{"self":[{"href":"https:\/\/www.visit-ulcinj.com\/blog\/wp-json\/wp\/v2\/posts\/92822"}],"collection":[{"href":"https:\/\/www.visit-ulcinj.com\/blog\/wp-json\/wp\/v2\/posts"}],"about":[{"href":"https:\/\/www.visit-ulcinj.com\/blog\/wp-json\/wp\/v2\/types\/post"}],"author":[{"embeddable":true,"href":"https:\/\/www.visit-ulcinj.com\/blog\/wp-json\/wp\/v2\/users\/1"}],"replies":[{"embeddable":true,"href":"https:\/\/www.visit-ulcinj.com\/blog\/wp-json\/wp\/v2\/comments?post=92822"}],"version-history":[{"count":1,"href":"https:\/\/www.visit-ulcinj.com\/blog\/wp-json\/wp\/v2\/posts\/92822\/revisions"}],"predecessor-version":[{"id":92824,"href":"https:\/\/www.visit-ulcinj.com\/blog\/wp-json\/wp\/v2\/posts\/92822\/revisions\/92824"}],"wp:attachment":[{"href":"https:\/\/www.visit-ulcinj.com\/blog\/wp-json\/wp\/v2\/media?parent=92822"}],"wp:term":[{"taxonomy":"category","embeddable":true,"href":"https:\/\/www.visit-ulcinj.com\/blog\/wp-json\/wp\/v2\/categories?post=92822"},{"taxonomy":"post_tag","embeddable":true,"href":"https:\/\/www.visit-ulcinj.com\/blog\/wp-json\/wp\/v2\/tags?post=92822"}],"curies":[{"name":"wp","href":"https:\/\/api.w.org\/{rel}","templated":true}]}}