{"id":92825,"date":"2015-10-21T15:48:14","date_gmt":"2015-10-21T14:48:14","guid":{"rendered":"http:\/\/www.visit-ulcinj.com\/blog\/?p=92825"},"modified":"2015-10-21T16:22:02","modified_gmt":"2015-10-21T15:22:02","slug":"silver-korda-gazetes-tema-dhe-autorit-shkodran-ylli-pata-mbi-abazoviqin-jeni-rrugac-dhe-gjysemalfabeta","status":"publish","type":"post","link":"https:\/\/www.visit-ulcinj.com\/blog\/2015\/10\/21\/silver-korda-gazetes-tema-dhe-autorit-shkodran-ylli-pata-mbi-abazoviqin-jeni-rrugac-dhe-gjysemalfabeta\/","title":{"rendered":"Silver Korda &#8211; Gazet\u00ebs TemA dhe autorit shkodran Ylli Pata mbi Abazoviqin, jeni rruga\u00e7 dhe gjys\u00ebmalfabeta"},"content":{"rendered":"<p><a href=\"http:\/\/www.visit-ulcinj.com\/blog\/wp-content\/uploads\/2014\/01\/Silver-Korda-Kordic1.jpg\"><img loading=\"lazy\" class=\"alignleft wp-image-78625\" src=\"http:\/\/www.visit-ulcinj.com\/blog\/wp-content\/uploads\/2014\/01\/Silver-Korda-Kordic1.jpg\" alt=\"Silver Korda Kordic\" width=\"508\" height=\"379\" srcset=\"https:\/\/www.visit-ulcinj.com\/blog\/wp-content\/uploads\/2014\/01\/Silver-Korda-Kordic1.jpg 640w, https:\/\/www.visit-ulcinj.com\/blog\/wp-content\/uploads\/2014\/01\/Silver-Korda-Kordic1-300x224.jpg 300w\" sizes=\"(max-width: 508px) 100vw, 508px\" \/><\/a>Komentet e lexuesve nga Shqip\u00ebria, jan\u00eb shumica primitiv, me sharje dhe fyrje rruga\u00e7\u00ebsh ndaj z. Dritan Abazit. Ju jeni \u00c7e\u00e7en, rebela, e truzbraz, q\u00eb p\u00ebrdorni gjuh\u00eb fekale, as q\u00eb dini se ku gjendet Ulqini (shumica e juaj e vendosin n\u00eb Kosov\u00eb), as q\u00eb keni far idee lidhur me politik\u00ebn e Malit t\u00eb Zi (pushtetit t\u00eb Millo Gjukanoviqit dhe farefisit tij\u00eb), as q\u00eb jeni kompetent t\u00eb shkruani nj\u00eb fjal\u00eb, pasi q\u00eb edhe me shkruar korrekt gjuh\u00ebn e vet\u00eb amnore-shqipe, nuk jeni n\u00eb gjendje&#8230; E<span class=\"text_exposed_show\">dhe autori\/autor\u00ebt e tekstit n\u00eb TemA si dhe &#8220;komentator\u00ebt&#8221; -rruga\u00e7, jan\u00eb gjys\u00ebmalfabeta, shesin patriotiz\u00ebm-shqiptariz\u00ebm, kur\u00ebse nga ana tjet\u00ebr jan\u00eb adhurues t\u00eb s\u00ebrbofilizmit, malazezizmit, UDB-\u00ebs dhe fanatik t\u00eb muzik\u00ebs dhe k\u00ebng\u00ebve sllave, tekstet e t\u00eb cil\u00ebve i dini p\u00ebrmendh\u00ebsh dhe i k\u00ebndoni m\u00eb me k\u00ebnaq\u00ebsi t\u00eb madhe se sa ato shqipe. Por, me k\u00ebt\u00eb artikull &#8220;TemA&#8221; dhe gazetat tjera t\u00eb Shqip\u00ebris\u00eb ia kan\u00eb mbyllur der\u00ebn vet\u00eb vehtes&#8230; Gabimi m\u00eb i madh\u00eb esht\u00eb atyre me i dhan\u00eb intervista ose t\u00eb bisedosh me to&#8230; E, q\u00eb ta dini juve t\u00eb gjith\u00eb n\u00eb Shqip\u00ebri: djaloshi Dritan Abazi \u00ebsht\u00eb kapaciteti dhe intelektuali politik m\u00eb i madh\u00eb i Balkanit t\u00eb sot\u00ebm, i cile edhe p\u00ebr pak\u00eb vite do t\u00eb ngrihet n\u00eb parketin politik t\u00eb Europ\u00ebs-si YLLI!!! P.S. Komentuest e Shqip\u00ebris\u00eb mshifen pas emrave &#8220;futja kot&#8221;, pasi q\u00eb jan\u00eb frigacak-rruga\u00e7, pa kurajo civile; e p\u00ebrqeshni mbiemrin e Dritan Abazit (AbazoviQ), kur\u00ebse nuk i ndigjoni tingllimet e emrave dhe mbiemrave t\u00eb juaja: sikur\u00ebse Kinez\u00ebt, \u00c7e\u00e7en\u00ebt, Huagadugujan\u00ebt&#8230; ia p\u00ebrgjasin \u00e7do gjuh\u00ebs por jo asaj- shqipe. &#8220;Pirdhuni&#8221;!!!,, po iu drejtohem me gjuh\u00ebn e juaj fekale, pasi q\u00eb ve\u00e7 ate e kuptoni!!!<\/span><\/p>\n<p id=\"js_g\" class=\"_5pbw\" data-ft=\"{&quot;tn&quot;:&quot;C&quot;}\"><strong><span class=\"fwn fcg\"><span class=\"fwb fcg\" data-ft=\"{&quot;tn&quot;:&quot;;&quot;}\"><a id=\"js_w\" href=\"https:\/\/www.facebook.com\/profile.php?id=100002258040793&amp;fref=nf\" data-hovercard=\"\/ajax\/hovercard\/user.php?id=100002258040793&amp;extragetparams=%7B%22fref%22%3A%22nf%22%7D\">Silver Korda Kordic Facebook<\/a><\/span><\/span><\/strong><\/p>\n","protected":false},"excerpt":{"rendered":"<p>Komentet e lexuesve nga Shqip\u00ebria, jan\u00eb shumica primitiv, me sharje dhe fyrje rruga\u00e7\u00ebsh ndaj z. Dritan Abazit. Ju jeni \u00c7e\u00e7en, rebela, e truzbraz, q\u00eb p\u00ebrdorni gjuh\u00eb fekale, as q\u00eb dini se ku gjendet Ulqini (shumica e juaj e vendosin n\u00eb Kosov\u00eb), as q\u00eb keni far idee lidhur me politik\u00ebn e Malit t\u00eb Zi (pushtetit t\u00eb [&hellip;]<\/p>\n","protected":false},"author":1,"featured_media":0,"comment_status":"closed","ping_status":"closed","sticky":false,"template":"","format":"standard","meta":{"spay_email":"","jetpack_publicize_message":"","jetpack_is_tweetstorm":false,"jetpack_publicize_feature_enabled":true},"categories":[1,14249],"tags":[],"jetpack_publicize_connections":[],"yoast_head":"<!-- This site is optimized with the Yoast SEO plugin v19.1 - https:\/\/yoast.com\/wordpress\/plugins\/seo\/ -->\n<title>Silver Korda - Gazet\u00ebs TemA dhe autorit shkodran Ylli Pata mbi Abazoviqin, jeni rruga\u00e7 dhe gjys\u00ebmalfabeta - Lajme nga Ulqini<\/title>\n<meta name=\"description\" content=\"Komentet e lexuesve nga Shqip\u00ebria, jan\u00eb shumica primitiv, me sharje dhe fyrje rruga\u00e7\u00ebsh ndaj z. Dritan Abazit. Ju jeni \u00c7e\u00e7en, rebela, e truzbraz, q\u00eb\" \/>\n<meta name=\"robots\" content=\"index, follow, max-snippet:-1, max-image-preview:large, max-video-preview:-1\" \/>\n<link rel=\"canonical\" href=\"https:\/\/www.visit-ulcinj.com\/blog\/2015\/10\/21\/silver-korda-gazetes-tema-dhe-autorit-shkodran-ylli-pata-mbi-abazoviqin-jeni-rrugac-dhe-gjysemalfabeta\/\" \/>\n<meta property=\"og:locale\" content=\"en_US\" \/>\n<meta property=\"og:type\" content=\"article\" \/>\n<meta property=\"og:title\" content=\"Silver Korda - Gazet\u00ebs TemA dhe autorit shkodran Ylli Pata mbi Abazoviqin, jeni rruga\u00e7 dhe gjys\u00ebmalfabeta - Lajme nga Ulqini\" \/>\n<meta property=\"og:description\" content=\"Komentet e lexuesve nga Shqip\u00ebria, jan\u00eb shumica primitiv, me sharje dhe fyrje rruga\u00e7\u00ebsh ndaj z. Dritan Abazit. Ju jeni \u00c7e\u00e7en, rebela, e truzbraz, q\u00eb\" \/>\n<meta property=\"og:url\" content=\"https:\/\/www.visit-ulcinj.com\/blog\/2015\/10\/21\/silver-korda-gazetes-tema-dhe-autorit-shkodran-ylli-pata-mbi-abazoviqin-jeni-rrugac-dhe-gjysemalfabeta\/\" \/>\n<meta property=\"og:site_name\" content=\"Lajme nga Ulqini\" \/>\n<meta property=\"article:published_time\" content=\"2015-10-21T14:48:14+00:00\" \/>\n<meta property=\"article:modified_time\" content=\"2015-10-21T15:22:02+00:00\" \/>\n<meta property=\"og:image\" content=\"http:\/\/www.visit-ulcinj.com\/blog\/wp-content\/uploads\/2014\/01\/Silver-Korda-Kordic1.jpg\" \/>\n<meta name=\"twitter:label1\" content=\"Written by\" \/>\n\t<meta name=\"twitter:data1\" content=\"ulqini\" \/>\n\t<meta name=\"twitter:label2\" content=\"Est. reading time\" \/>\n\t<meta name=\"twitter:data2\" content=\"2 minutes\" \/>\n<script type=\"application\/ld+json\" class=\"yoast-schema-graph\">{\"@context\":\"https:\/\/schema.org\",\"@graph\":[{\"@type\":\"WebSite\",\"@id\":\"https:\/\/www.visit-ulcinj.com\/blog\/#website\",\"url\":\"https:\/\/www.visit-ulcinj.com\/blog\/\",\"name\":\"Lajme nga Ulqini\",\"description\":\"Lajme,Vijesti,Ulqini,Ulqin,Crna Gora,Mali i Zi\",\"potentialAction\":[{\"@type\":\"SearchAction\",\"target\":{\"@type\":\"EntryPoint\",\"urlTemplate\":\"https:\/\/www.visit-ulcinj.com\/blog\/?s={search_term_string}\"},\"query-input\":\"required name=search_term_string\"}],\"inLanguage\":\"en-US\"},{\"@type\":\"ImageObject\",\"inLanguage\":\"en-US\",\"@id\":\"https:\/\/www.visit-ulcinj.com\/blog\/2015\/10\/21\/silver-korda-gazetes-tema-dhe-autorit-shkodran-ylli-pata-mbi-abazoviqin-jeni-rrugac-dhe-gjysemalfabeta\/#primaryimage\",\"url\":\"https:\/\/www.visit-ulcinj.com\/blog\/wp-content\/uploads\/2014\/01\/Silver-Korda-Kordic1.jpg\",\"contentUrl\":\"https:\/\/www.visit-ulcinj.com\/blog\/wp-content\/uploads\/2014\/01\/Silver-Korda-Kordic1.jpg\",\"width\":640,\"height\":478},{\"@type\":\"WebPage\",\"@id\":\"https:\/\/www.visit-ulcinj.com\/blog\/2015\/10\/21\/silver-korda-gazetes-tema-dhe-autorit-shkodran-ylli-pata-mbi-abazoviqin-jeni-rrugac-dhe-gjysemalfabeta\/#webpage\",\"url\":\"https:\/\/www.visit-ulcinj.com\/blog\/2015\/10\/21\/silver-korda-gazetes-tema-dhe-autorit-shkodran-ylli-pata-mbi-abazoviqin-jeni-rrugac-dhe-gjysemalfabeta\/\",\"name\":\"Silver Korda - Gazet\u00ebs TemA dhe autorit shkodran Ylli Pata mbi Abazoviqin, jeni rruga\u00e7 dhe gjys\u00ebmalfabeta - Lajme nga Ulqini\",\"isPartOf\":{\"@id\":\"https:\/\/www.visit-ulcinj.com\/blog\/#website\"},\"primaryImageOfPage\":{\"@id\":\"https:\/\/www.visit-ulcinj.com\/blog\/2015\/10\/21\/silver-korda-gazetes-tema-dhe-autorit-shkodran-ylli-pata-mbi-abazoviqin-jeni-rrugac-dhe-gjysemalfabeta\/#primaryimage\"},\"datePublished\":\"2015-10-21T14:48:14+00:00\",\"dateModified\":\"2015-10-21T15:22:02+00:00\",\"author\":{\"@id\":\"https:\/\/www.visit-ulcinj.com\/blog\/#\/schema\/person\/dcab619c614d3038751c63bc2aadc06d\"},\"description\":\"Komentet e lexuesve nga Shqip\u00ebria, jan\u00eb shumica primitiv, me sharje dhe fyrje rruga\u00e7\u00ebsh ndaj z. Dritan Abazit. Ju jeni \u00c7e\u00e7en, rebela, e truzbraz, q\u00eb\",\"breadcrumb\":{\"@id\":\"https:\/\/www.visit-ulcinj.com\/blog\/2015\/10\/21\/silver-korda-gazetes-tema-dhe-autorit-shkodran-ylli-pata-mbi-abazoviqin-jeni-rrugac-dhe-gjysemalfabeta\/#breadcrumb\"},\"inLanguage\":\"en-US\",\"potentialAction\":[{\"@type\":\"ReadAction\",\"target\":[\"https:\/\/www.visit-ulcinj.com\/blog\/2015\/10\/21\/silver-korda-gazetes-tema-dhe-autorit-shkodran-ylli-pata-mbi-abazoviqin-jeni-rrugac-dhe-gjysemalfabeta\/\"]}]},{\"@type\":\"BreadcrumbList\",\"@id\":\"https:\/\/www.visit-ulcinj.com\/blog\/2015\/10\/21\/silver-korda-gazetes-tema-dhe-autorit-shkodran-ylli-pata-mbi-abazoviqin-jeni-rrugac-dhe-gjysemalfabeta\/#breadcrumb\",\"itemListElement\":[{\"@type\":\"ListItem\",\"position\":1,\"name\":\"Silver Korda &#8211; Gazet\u00ebs TemA dhe autorit shkodran Ylli Pata mbi Abazoviqin, jeni rruga\u00e7 dhe gjys\u00ebmalfabeta\"}]},{\"@type\":\"Person\",\"@id\":\"https:\/\/www.visit-ulcinj.com\/blog\/#\/schema\/person\/dcab619c614d3038751c63bc2aadc06d\",\"name\":\"ulqini\",\"sameAs\":[\"http:\/\/www.visit-ulcinj.com\"],\"url\":\"https:\/\/www.visit-ulcinj.com\/blog\/author\/admin\/\"}]}<\/script>\n<!-- \/ Yoast SEO plugin. -->","yoast_head_json":{"title":"Silver Korda - Gazet\u00ebs TemA dhe autorit shkodran Ylli Pata mbi Abazoviqin, jeni rruga\u00e7 dhe gjys\u00ebmalfabeta - Lajme nga Ulqini","description":"Komentet e lexuesve nga Shqip\u00ebria, jan\u00eb shumica primitiv, me sharje dhe fyrje rruga\u00e7\u00ebsh ndaj z. Dritan Abazit. Ju jeni \u00c7e\u00e7en, rebela, e truzbraz, q\u00eb","robots":{"index":"index","follow":"follow","max-snippet":"max-snippet:-1","max-image-preview":"max-image-preview:large","max-video-preview":"max-video-preview:-1"},"canonical":"https:\/\/www.visit-ulcinj.com\/blog\/2015\/10\/21\/silver-korda-gazetes-tema-dhe-autorit-shkodran-ylli-pata-mbi-abazoviqin-jeni-rrugac-dhe-gjysemalfabeta\/","og_locale":"en_US","og_type":"article","og_title":"Silver Korda - Gazet\u00ebs TemA dhe autorit shkodran Ylli Pata mbi Abazoviqin, jeni rruga\u00e7 dhe gjys\u00ebmalfabeta - Lajme nga Ulqini","og_description":"Komentet e lexuesve nga Shqip\u00ebria, jan\u00eb shumica primitiv, me sharje dhe fyrje rruga\u00e7\u00ebsh ndaj z. Dritan Abazit. Ju jeni \u00c7e\u00e7en, rebela, e truzbraz, q\u00eb","og_url":"https:\/\/www.visit-ulcinj.com\/blog\/2015\/10\/21\/silver-korda-gazetes-tema-dhe-autorit-shkodran-ylli-pata-mbi-abazoviqin-jeni-rrugac-dhe-gjysemalfabeta\/","og_site_name":"Lajme nga Ulqini","article_published_time":"2015-10-21T14:48:14+00:00","article_modified_time":"2015-10-21T15:22:02+00:00","og_image":[{"url":"http:\/\/www.visit-ulcinj.com\/blog\/wp-content\/uploads\/2014\/01\/Silver-Korda-Kordic1.jpg"}],"twitter_misc":{"Written by":"ulqini","Est. reading time":"2 minutes"},"schema":{"@context":"https:\/\/schema.org","@graph":[{"@type":"WebSite","@id":"https:\/\/www.visit-ulcinj.com\/blog\/#website","url":"https:\/\/www.visit-ulcinj.com\/blog\/","name":"Lajme nga Ulqini","description":"Lajme,Vijesti,Ulqini,Ulqin,Crna Gora,Mali i Zi","potentialAction":[{"@type":"SearchAction","target":{"@type":"EntryPoint","urlTemplate":"https:\/\/www.visit-ulcinj.com\/blog\/?s={search_term_string}"},"query-input":"required name=search_term_string"}],"inLanguage":"en-US"},{"@type":"ImageObject","inLanguage":"en-US","@id":"https:\/\/www.visit-ulcinj.com\/blog\/2015\/10\/21\/silver-korda-gazetes-tema-dhe-autorit-shkodran-ylli-pata-mbi-abazoviqin-jeni-rrugac-dhe-gjysemalfabeta\/#primaryimage","url":"https:\/\/www.visit-ulcinj.com\/blog\/wp-content\/uploads\/2014\/01\/Silver-Korda-Kordic1.jpg","contentUrl":"https:\/\/www.visit-ulcinj.com\/blog\/wp-content\/uploads\/2014\/01\/Silver-Korda-Kordic1.jpg","width":640,"height":478},{"@type":"WebPage","@id":"https:\/\/www.visit-ulcinj.com\/blog\/2015\/10\/21\/silver-korda-gazetes-tema-dhe-autorit-shkodran-ylli-pata-mbi-abazoviqin-jeni-rrugac-dhe-gjysemalfabeta\/#webpage","url":"https:\/\/www.visit-ulcinj.com\/blog\/2015\/10\/21\/silver-korda-gazetes-tema-dhe-autorit-shkodran-ylli-pata-mbi-abazoviqin-jeni-rrugac-dhe-gjysemalfabeta\/","name":"Silver Korda - Gazet\u00ebs TemA dhe autorit shkodran Ylli Pata mbi Abazoviqin, jeni rruga\u00e7 dhe gjys\u00ebmalfabeta - Lajme nga Ulqini","isPartOf":{"@id":"https:\/\/www.visit-ulcinj.com\/blog\/#website"},"primaryImageOfPage":{"@id":"https:\/\/www.visit-ulcinj.com\/blog\/2015\/10\/21\/silver-korda-gazetes-tema-dhe-autorit-shkodran-ylli-pata-mbi-abazoviqin-jeni-rrugac-dhe-gjysemalfabeta\/#primaryimage"},"datePublished":"2015-10-21T14:48:14+00:00","dateModified":"2015-10-21T15:22:02+00:00","author":{"@id":"https:\/\/www.visit-ulcinj.com\/blog\/#\/schema\/person\/dcab619c614d3038751c63bc2aadc06d"},"description":"Komentet e lexuesve nga Shqip\u00ebria, jan\u00eb shumica primitiv, me sharje dhe fyrje rruga\u00e7\u00ebsh ndaj z. Dritan Abazit. Ju jeni \u00c7e\u00e7en, rebela, e truzbraz, q\u00eb","breadcrumb":{"@id":"https:\/\/www.visit-ulcinj.com\/blog\/2015\/10\/21\/silver-korda-gazetes-tema-dhe-autorit-shkodran-ylli-pata-mbi-abazoviqin-jeni-rrugac-dhe-gjysemalfabeta\/#breadcrumb"},"inLanguage":"en-US","potentialAction":[{"@type":"ReadAction","target":["https:\/\/www.visit-ulcinj.com\/blog\/2015\/10\/21\/silver-korda-gazetes-tema-dhe-autorit-shkodran-ylli-pata-mbi-abazoviqin-jeni-rrugac-dhe-gjysemalfabeta\/"]}]},{"@type":"BreadcrumbList","@id":"https:\/\/www.visit-ulcinj.com\/blog\/2015\/10\/21\/silver-korda-gazetes-tema-dhe-autorit-shkodran-ylli-pata-mbi-abazoviqin-jeni-rrugac-dhe-gjysemalfabeta\/#breadcrumb","itemListElement":[{"@type":"ListItem","position":1,"name":"Silver Korda &#8211; Gazet\u00ebs TemA dhe autorit shkodran Ylli Pata mbi Abazoviqin, jeni rruga\u00e7 dhe gjys\u00ebmalfabeta"}]},{"@type":"Person","@id":"https:\/\/www.visit-ulcinj.com\/blog\/#\/schema\/person\/dcab619c614d3038751c63bc2aadc06d","name":"ulqini","sameAs":["http:\/\/www.visit-ulcinj.com"],"url":"https:\/\/www.visit-ulcinj.com\/blog\/author\/admin\/"}]}},"jetpack_featured_media_url":"","jetpack_sharing_enabled":true,"jetpack_shortlink":"https:\/\/wp.me\/pe6lTn-o9b","_links":{"self":[{"href":"https:\/\/www.visit-ulcinj.com\/blog\/wp-json\/wp\/v2\/posts\/92825"}],"collection":[{"href":"https:\/\/www.visit-ulcinj.com\/blog\/wp-json\/wp\/v2\/posts"}],"about":[{"href":"https:\/\/www.visit-ulcinj.com\/blog\/wp-json\/wp\/v2\/types\/post"}],"author":[{"embeddable":true,"href":"https:\/\/www.visit-ulcinj.com\/blog\/wp-json\/wp\/v2\/users\/1"}],"replies":[{"embeddable":true,"href":"https:\/\/www.visit-ulcinj.com\/blog\/wp-json\/wp\/v2\/comments?post=92825"}],"version-history":[{"count":1,"href":"https:\/\/www.visit-ulcinj.com\/blog\/wp-json\/wp\/v2\/posts\/92825\/revisions"}],"predecessor-version":[{"id":92826,"href":"https:\/\/www.visit-ulcinj.com\/blog\/wp-json\/wp\/v2\/posts\/92825\/revisions\/92826"}],"wp:attachment":[{"href":"https:\/\/www.visit-ulcinj.com\/blog\/wp-json\/wp\/v2\/media?parent=92825"}],"wp:term":[{"taxonomy":"category","embeddable":true,"href":"https:\/\/www.visit-ulcinj.com\/blog\/wp-json\/wp\/v2\/categories?post=92825"},{"taxonomy":"post_tag","embeddable":true,"href":"https:\/\/www.visit-ulcinj.com\/blog\/wp-json\/wp\/v2\/tags?post=92825"}],"curies":[{"name":"wp","href":"https:\/\/api.w.org\/{rel}","templated":true}]}}