{"id":92842,"date":"2015-10-21T17:02:13","date_gmt":"2015-10-21T16:02:13","guid":{"rendered":"http:\/\/www.visit-ulcinj.com\/blog\/?p=92842"},"modified":"2015-10-21T17:02:13","modified_gmt":"2015-10-21T16:02:13","slug":"mali-zi-ka-votuar-pro-anetaresimit-te-kosoves-ne-unesco","status":"publish","type":"post","link":"https:\/\/www.visit-ulcinj.com\/blog\/2015\/10\/21\/mali-zi-ka-votuar-pro-anetaresimit-te-kosoves-ne-unesco\/","title":{"rendered":"Mali i Zi ka votuar pro an\u00ebtar\u00ebsimit t\u00eb Kosov\u00ebs n\u00eb UNESCO"},"content":{"rendered":"<p><span class=\"arial14 \"><strong><a href=\"http:\/\/www.visit-ulcinj.com\/blog\/wp-content\/uploads\/2015\/10\/kosova-unesko.jpg\"><img loading=\"lazy\" class=\"alignleft wp-image-92843\" src=\"http:\/\/www.visit-ulcinj.com\/blog\/wp-content\/uploads\/2015\/10\/kosova-unesko.jpg\" alt=\"kosova-unesko\" width=\"508\" height=\"343\" \/><\/a>K\u00ebshilli Ekzekutiv i UNESCO-s n\u00eb Paris ka votuar pro an\u00ebtar\u00ebsimit t\u00eb Kosov\u00ebs n\u00eb k\u00ebt\u00eb organiz\u00ebm nd\u00ebrkomb\u00ebtar, me 27 vota pro dhe 14 kund\u00ebr.<\/strong><\/span><\/p>\n<p><span class=\"arial14 linkszi \">Lajmin e ka konfirmuar ministri i Jasht\u00ebm i Kosov\u00ebs, Hashim Tha\u00e7i, i cili po ndjek nga af\u00ebr procesin s\u00eb bashku me nj\u00eb delegacion t\u00eb dikasterit t\u00eb tij.<\/p>\n<p>Kund\u00ebr an\u00ebtar\u00ebsimit t\u00eb Kosov\u00ebs n\u00eb UNESCO kan\u00eb qen\u00eb Kuba dhe Rusia. Kjo e fundit kishte b\u00ebr\u00eb k\u00ebrkes\u00eb p\u00ebr shtyrjen e vendimit p\u00ebr Kosov\u00ebn.<\/p>\n<p>Pas K\u00ebshillit Ekzekutiv, fjal\u00ebn e fundit e ka n\u00eb dor\u00eb K\u00ebshilli i P\u00ebrgjithsh\u00ebm i UNESCO-s, i cili n\u00eb n\u00ebntor do t&#8217;i vendos\u00eb &#8220;vul\u00ebn&#8221; procesit.<\/p>\n<p><strong>Votuan pro<\/strong>: Afghanistani, Shqip\u00ebria, Gjermania, Austria, Belize, Salvadori, Emiratet e Bashkuara Arabe, Estonia, SHBA, Maqedonia, Franca, Gaboni, Gambia, Guinea, Italia, Kuvaiti, Mali i Zi, Pakistani, Holanda, Republika Dominikane, Republika \u00c7eke, Britania e Madhe, Saint Kitts and Nevisi, Suedia, \u00c7adi, Tajlanda, Togo.<\/p>\n<p><strong>Votuan kund\u00ebr<\/strong>: Angola, Argjentina, Brazili, Lineja, Kuba, Ekuadori, Spanja, Etiopia, Rusia, India, Maroku, Meksika, Namibia, Nigeria.<\/p>\n<p><strong>Abstenuan<\/strong>: Algjeria, Bangladeshi, Egjipti, Indonezia, Japonia, Malaui, Mali, ishujt Mauricius, Mozambiku, Nepali, Uganda, Papua Guinea e Re, Korea, Trinidad dhe Tobago.<\/p>\n<p><strong>Nuk mor\u00ebn pjes\u00eb n\u00eb votim<\/strong>: Tunizia, Turkmenistani, Ukraina.\u200e<\/p>\n<p>\/ Top Channel<br \/>\n<\/span><\/p>\n","protected":false},"excerpt":{"rendered":"<p>K\u00ebshilli Ekzekutiv i UNESCO-s n\u00eb Paris ka votuar pro an\u00ebtar\u00ebsimit t\u00eb Kosov\u00ebs n\u00eb k\u00ebt\u00eb organiz\u00ebm nd\u00ebrkomb\u00ebtar, me 27 vota pro dhe 14 kund\u00ebr. Lajmin e ka konfirmuar ministri i Jasht\u00ebm i Kosov\u00ebs, Hashim Tha\u00e7i, i cili po ndjek nga af\u00ebr procesin s\u00eb bashku me nj\u00eb delegacion t\u00eb dikasterit t\u00eb tij. Kund\u00ebr an\u00ebtar\u00ebsimit t\u00eb Kosov\u00ebs n\u00eb [&hellip;]<\/p>\n","protected":false},"author":1,"featured_media":0,"comment_status":"closed","ping_status":"closed","sticky":false,"template":"","format":"standard","meta":{"spay_email":"","jetpack_publicize_message":"","jetpack_is_tweetstorm":false,"jetpack_publicize_feature_enabled":true},"categories":[7],"tags":[],"jetpack_publicize_connections":[],"yoast_head":"<!-- This site is optimized with the Yoast SEO plugin v19.1 - https:\/\/yoast.com\/wordpress\/plugins\/seo\/ -->\n<title>Mali i Zi ka votuar pro an\u00ebtar\u00ebsimit t\u00eb Kosov\u00ebs n\u00eb UNESCO - Lajme nga Ulqini<\/title>\n<meta name=\"description\" content=\"K\u00ebshilli Ekzekutiv i UNESCO-s n\u00eb Paris ka votuar pro an\u00ebtar\u00ebsimit t\u00eb Kosov\u00ebs n\u00eb k\u00ebt\u00eb organiz\u00ebm nd\u00ebrkomb\u00ebtar, me 27 vota pro dhe 14 kund\u00ebr. Lajmin e ka\" \/>\n<meta name=\"robots\" content=\"index, follow, max-snippet:-1, max-image-preview:large, max-video-preview:-1\" \/>\n<link rel=\"canonical\" href=\"https:\/\/www.visit-ulcinj.com\/blog\/2015\/10\/21\/mali-zi-ka-votuar-pro-anetaresimit-te-kosoves-ne-unesco\/\" \/>\n<meta property=\"og:locale\" content=\"en_US\" \/>\n<meta property=\"og:type\" content=\"article\" \/>\n<meta property=\"og:title\" content=\"Mali i Zi ka votuar pro an\u00ebtar\u00ebsimit t\u00eb Kosov\u00ebs n\u00eb UNESCO - Lajme nga Ulqini\" \/>\n<meta property=\"og:description\" content=\"K\u00ebshilli Ekzekutiv i UNESCO-s n\u00eb Paris ka votuar pro an\u00ebtar\u00ebsimit t\u00eb Kosov\u00ebs n\u00eb k\u00ebt\u00eb organiz\u00ebm nd\u00ebrkomb\u00ebtar, me 27 vota pro dhe 14 kund\u00ebr. Lajmin e ka\" \/>\n<meta property=\"og:url\" content=\"https:\/\/www.visit-ulcinj.com\/blog\/2015\/10\/21\/mali-zi-ka-votuar-pro-anetaresimit-te-kosoves-ne-unesco\/\" \/>\n<meta property=\"og:site_name\" content=\"Lajme nga Ulqini\" \/>\n<meta property=\"article:published_time\" content=\"2015-10-21T16:02:13+00:00\" \/>\n<meta property=\"og:image\" content=\"http:\/\/www.visit-ulcinj.com\/blog\/wp-content\/uploads\/2015\/10\/kosova-unesko.jpg\" \/>\n<meta name=\"twitter:label1\" content=\"Written by\" \/>\n\t<meta name=\"twitter:data1\" content=\"ulqini\" \/>\n\t<meta name=\"twitter:label2\" content=\"Est. reading time\" \/>\n\t<meta name=\"twitter:data2\" content=\"1 minute\" \/>\n<script type=\"application\/ld+json\" class=\"yoast-schema-graph\">{\"@context\":\"https:\/\/schema.org\",\"@graph\":[{\"@type\":\"WebSite\",\"@id\":\"https:\/\/www.visit-ulcinj.com\/blog\/#website\",\"url\":\"https:\/\/www.visit-ulcinj.com\/blog\/\",\"name\":\"Lajme nga Ulqini\",\"description\":\"Lajme,Vijesti,Ulqini,Ulqin,Crna Gora,Mali i Zi\",\"potentialAction\":[{\"@type\":\"SearchAction\",\"target\":{\"@type\":\"EntryPoint\",\"urlTemplate\":\"https:\/\/www.visit-ulcinj.com\/blog\/?s={search_term_string}\"},\"query-input\":\"required name=search_term_string\"}],\"inLanguage\":\"en-US\"},{\"@type\":\"ImageObject\",\"inLanguage\":\"en-US\",\"@id\":\"https:\/\/www.visit-ulcinj.com\/blog\/2015\/10\/21\/mali-zi-ka-votuar-pro-anetaresimit-te-kosoves-ne-unesco\/#primaryimage\",\"url\":\"http:\/\/www.visit-ulcinj.com\/blog\/wp-content\/uploads\/2015\/10\/kosova-unesko.jpg\",\"contentUrl\":\"http:\/\/www.visit-ulcinj.com\/blog\/wp-content\/uploads\/2015\/10\/kosova-unesko.jpg\"},{\"@type\":\"WebPage\",\"@id\":\"https:\/\/www.visit-ulcinj.com\/blog\/2015\/10\/21\/mali-zi-ka-votuar-pro-anetaresimit-te-kosoves-ne-unesco\/#webpage\",\"url\":\"https:\/\/www.visit-ulcinj.com\/blog\/2015\/10\/21\/mali-zi-ka-votuar-pro-anetaresimit-te-kosoves-ne-unesco\/\",\"name\":\"Mali i Zi ka votuar pro an\u00ebtar\u00ebsimit t\u00eb Kosov\u00ebs n\u00eb UNESCO - Lajme nga Ulqini\",\"isPartOf\":{\"@id\":\"https:\/\/www.visit-ulcinj.com\/blog\/#website\"},\"primaryImageOfPage\":{\"@id\":\"https:\/\/www.visit-ulcinj.com\/blog\/2015\/10\/21\/mali-zi-ka-votuar-pro-anetaresimit-te-kosoves-ne-unesco\/#primaryimage\"},\"datePublished\":\"2015-10-21T16:02:13+00:00\",\"dateModified\":\"2015-10-21T16:02:13+00:00\",\"author\":{\"@id\":\"https:\/\/www.visit-ulcinj.com\/blog\/#\/schema\/person\/dcab619c614d3038751c63bc2aadc06d\"},\"description\":\"K\u00ebshilli Ekzekutiv i UNESCO-s n\u00eb Paris ka votuar pro an\u00ebtar\u00ebsimit t\u00eb Kosov\u00ebs n\u00eb k\u00ebt\u00eb organiz\u00ebm nd\u00ebrkomb\u00ebtar, me 27 vota pro dhe 14 kund\u00ebr. Lajmin e ka\",\"breadcrumb\":{\"@id\":\"https:\/\/www.visit-ulcinj.com\/blog\/2015\/10\/21\/mali-zi-ka-votuar-pro-anetaresimit-te-kosoves-ne-unesco\/#breadcrumb\"},\"inLanguage\":\"en-US\",\"potentialAction\":[{\"@type\":\"ReadAction\",\"target\":[\"https:\/\/www.visit-ulcinj.com\/blog\/2015\/10\/21\/mali-zi-ka-votuar-pro-anetaresimit-te-kosoves-ne-unesco\/\"]}]},{\"@type\":\"BreadcrumbList\",\"@id\":\"https:\/\/www.visit-ulcinj.com\/blog\/2015\/10\/21\/mali-zi-ka-votuar-pro-anetaresimit-te-kosoves-ne-unesco\/#breadcrumb\",\"itemListElement\":[{\"@type\":\"ListItem\",\"position\":1,\"name\":\"Mali i Zi ka votuar pro an\u00ebtar\u00ebsimit t\u00eb Kosov\u00ebs n\u00eb UNESCO\"}]},{\"@type\":\"Person\",\"@id\":\"https:\/\/www.visit-ulcinj.com\/blog\/#\/schema\/person\/dcab619c614d3038751c63bc2aadc06d\",\"name\":\"ulqini\",\"sameAs\":[\"http:\/\/www.visit-ulcinj.com\"],\"url\":\"https:\/\/www.visit-ulcinj.com\/blog\/author\/admin\/\"}]}<\/script>\n<!-- \/ Yoast SEO plugin. -->","yoast_head_json":{"title":"Mali i Zi ka votuar pro an\u00ebtar\u00ebsimit t\u00eb Kosov\u00ebs n\u00eb UNESCO - Lajme nga Ulqini","description":"K\u00ebshilli Ekzekutiv i UNESCO-s n\u00eb Paris ka votuar pro an\u00ebtar\u00ebsimit t\u00eb Kosov\u00ebs n\u00eb k\u00ebt\u00eb organiz\u00ebm nd\u00ebrkomb\u00ebtar, me 27 vota pro dhe 14 kund\u00ebr. Lajmin e ka","robots":{"index":"index","follow":"follow","max-snippet":"max-snippet:-1","max-image-preview":"max-image-preview:large","max-video-preview":"max-video-preview:-1"},"canonical":"https:\/\/www.visit-ulcinj.com\/blog\/2015\/10\/21\/mali-zi-ka-votuar-pro-anetaresimit-te-kosoves-ne-unesco\/","og_locale":"en_US","og_type":"article","og_title":"Mali i Zi ka votuar pro an\u00ebtar\u00ebsimit t\u00eb Kosov\u00ebs n\u00eb UNESCO - Lajme nga Ulqini","og_description":"K\u00ebshilli Ekzekutiv i UNESCO-s n\u00eb Paris ka votuar pro an\u00ebtar\u00ebsimit t\u00eb Kosov\u00ebs n\u00eb k\u00ebt\u00eb organiz\u00ebm nd\u00ebrkomb\u00ebtar, me 27 vota pro dhe 14 kund\u00ebr. Lajmin e ka","og_url":"https:\/\/www.visit-ulcinj.com\/blog\/2015\/10\/21\/mali-zi-ka-votuar-pro-anetaresimit-te-kosoves-ne-unesco\/","og_site_name":"Lajme nga Ulqini","article_published_time":"2015-10-21T16:02:13+00:00","og_image":[{"url":"http:\/\/www.visit-ulcinj.com\/blog\/wp-content\/uploads\/2015\/10\/kosova-unesko.jpg"}],"twitter_misc":{"Written by":"ulqini","Est. reading time":"1 minute"},"schema":{"@context":"https:\/\/schema.org","@graph":[{"@type":"WebSite","@id":"https:\/\/www.visit-ulcinj.com\/blog\/#website","url":"https:\/\/www.visit-ulcinj.com\/blog\/","name":"Lajme nga Ulqini","description":"Lajme,Vijesti,Ulqini,Ulqin,Crna Gora,Mali i Zi","potentialAction":[{"@type":"SearchAction","target":{"@type":"EntryPoint","urlTemplate":"https:\/\/www.visit-ulcinj.com\/blog\/?s={search_term_string}"},"query-input":"required name=search_term_string"}],"inLanguage":"en-US"},{"@type":"ImageObject","inLanguage":"en-US","@id":"https:\/\/www.visit-ulcinj.com\/blog\/2015\/10\/21\/mali-zi-ka-votuar-pro-anetaresimit-te-kosoves-ne-unesco\/#primaryimage","url":"http:\/\/www.visit-ulcinj.com\/blog\/wp-content\/uploads\/2015\/10\/kosova-unesko.jpg","contentUrl":"http:\/\/www.visit-ulcinj.com\/blog\/wp-content\/uploads\/2015\/10\/kosova-unesko.jpg"},{"@type":"WebPage","@id":"https:\/\/www.visit-ulcinj.com\/blog\/2015\/10\/21\/mali-zi-ka-votuar-pro-anetaresimit-te-kosoves-ne-unesco\/#webpage","url":"https:\/\/www.visit-ulcinj.com\/blog\/2015\/10\/21\/mali-zi-ka-votuar-pro-anetaresimit-te-kosoves-ne-unesco\/","name":"Mali i Zi ka votuar pro an\u00ebtar\u00ebsimit t\u00eb Kosov\u00ebs n\u00eb UNESCO - Lajme nga Ulqini","isPartOf":{"@id":"https:\/\/www.visit-ulcinj.com\/blog\/#website"},"primaryImageOfPage":{"@id":"https:\/\/www.visit-ulcinj.com\/blog\/2015\/10\/21\/mali-zi-ka-votuar-pro-anetaresimit-te-kosoves-ne-unesco\/#primaryimage"},"datePublished":"2015-10-21T16:02:13+00:00","dateModified":"2015-10-21T16:02:13+00:00","author":{"@id":"https:\/\/www.visit-ulcinj.com\/blog\/#\/schema\/person\/dcab619c614d3038751c63bc2aadc06d"},"description":"K\u00ebshilli Ekzekutiv i UNESCO-s n\u00eb Paris ka votuar pro an\u00ebtar\u00ebsimit t\u00eb Kosov\u00ebs n\u00eb k\u00ebt\u00eb organiz\u00ebm nd\u00ebrkomb\u00ebtar, me 27 vota pro dhe 14 kund\u00ebr. Lajmin e ka","breadcrumb":{"@id":"https:\/\/www.visit-ulcinj.com\/blog\/2015\/10\/21\/mali-zi-ka-votuar-pro-anetaresimit-te-kosoves-ne-unesco\/#breadcrumb"},"inLanguage":"en-US","potentialAction":[{"@type":"ReadAction","target":["https:\/\/www.visit-ulcinj.com\/blog\/2015\/10\/21\/mali-zi-ka-votuar-pro-anetaresimit-te-kosoves-ne-unesco\/"]}]},{"@type":"BreadcrumbList","@id":"https:\/\/www.visit-ulcinj.com\/blog\/2015\/10\/21\/mali-zi-ka-votuar-pro-anetaresimit-te-kosoves-ne-unesco\/#breadcrumb","itemListElement":[{"@type":"ListItem","position":1,"name":"Mali i Zi ka votuar pro an\u00ebtar\u00ebsimit t\u00eb Kosov\u00ebs n\u00eb UNESCO"}]},{"@type":"Person","@id":"https:\/\/www.visit-ulcinj.com\/blog\/#\/schema\/person\/dcab619c614d3038751c63bc2aadc06d","name":"ulqini","sameAs":["http:\/\/www.visit-ulcinj.com"],"url":"https:\/\/www.visit-ulcinj.com\/blog\/author\/admin\/"}]}},"jetpack_featured_media_url":"","jetpack_sharing_enabled":true,"jetpack_shortlink":"https:\/\/wp.me\/pe6lTn-o9s","_links":{"self":[{"href":"https:\/\/www.visit-ulcinj.com\/blog\/wp-json\/wp\/v2\/posts\/92842"}],"collection":[{"href":"https:\/\/www.visit-ulcinj.com\/blog\/wp-json\/wp\/v2\/posts"}],"about":[{"href":"https:\/\/www.visit-ulcinj.com\/blog\/wp-json\/wp\/v2\/types\/post"}],"author":[{"embeddable":true,"href":"https:\/\/www.visit-ulcinj.com\/blog\/wp-json\/wp\/v2\/users\/1"}],"replies":[{"embeddable":true,"href":"https:\/\/www.visit-ulcinj.com\/blog\/wp-json\/wp\/v2\/comments?post=92842"}],"version-history":[{"count":1,"href":"https:\/\/www.visit-ulcinj.com\/blog\/wp-json\/wp\/v2\/posts\/92842\/revisions"}],"predecessor-version":[{"id":92844,"href":"https:\/\/www.visit-ulcinj.com\/blog\/wp-json\/wp\/v2\/posts\/92842\/revisions\/92844"}],"wp:attachment":[{"href":"https:\/\/www.visit-ulcinj.com\/blog\/wp-json\/wp\/v2\/media?parent=92842"}],"wp:term":[{"taxonomy":"category","embeddable":true,"href":"https:\/\/www.visit-ulcinj.com\/blog\/wp-json\/wp\/v2\/categories?post=92842"},{"taxonomy":"post_tag","embeddable":true,"href":"https:\/\/www.visit-ulcinj.com\/blog\/wp-json\/wp\/v2\/tags?post=92842"}],"curies":[{"name":"wp","href":"https:\/\/api.w.org\/{rel}","templated":true}]}}