{"id":92857,"date":"2015-10-24T15:22:44","date_gmt":"2015-10-24T14:22:44","guid":{"rendered":"http:\/\/www.visit-ulcinj.com\/blog\/?p=92857"},"modified":"2015-10-26T17:39:13","modified_gmt":"2015-10-26T16:39:13","slug":"nika-nusho-kallac-e-mbushi-kupen","status":"publish","type":"post","link":"https:\/\/www.visit-ulcinj.com\/blog\/2015\/10\/24\/nika-nusho-kallac-e-mbushi-kupen\/","title":{"rendered":"Nika: Nusho Kalla\u00e7 e mbushi kup\u00ebn"},"content":{"rendered":"<p><strong><a href=\"http:\/\/www.visit-ulcinj.com\/blog\/wp-content\/uploads\/2014\/11\/Muhamet-Nika.jpg\"><img loading=\"lazy\" class=\"alignleft wp-image-86143 size-full\" src=\"http:\/\/www.visit-ulcinj.com\/blog\/wp-content\/uploads\/2014\/11\/Muhamet-Nika.jpg\" alt=\"Muhamet Nika\" width=\"256\" height=\"319\" srcset=\"https:\/\/www.visit-ulcinj.com\/blog\/wp-content\/uploads\/2014\/11\/Muhamet-Nika.jpg 256w, https:\/\/www.visit-ulcinj.com\/blog\/wp-content\/uploads\/2014\/11\/Muhamet-Nika-240x300.jpg 240w\" sizes=\"(max-width: 256px) 100vw, 256px\" \/><\/a>Shkruan Muhamet Nika<\/strong><\/p>\n<p><strong>\u00a0<\/strong><\/p>\n<p><strong>N\u00cb ULQIN KUVENDI I KOMUN\u00cbS DO T\u00cb THIRRET ME P\u00cbRKRAHJEN E QYTETAR\u00cbVE?!<\/strong><\/p>\n<p>Edhe pse si ngjarje e dit\u00ebs pritej t\u00eb ishte ndalimi i kryetarit t\u00eb klubit t\u00eb k\u00ebshilltar\u00ebve t\u00eb Forc\u00ebs s\u00eb Re Demokratike n\u00eb pik\u00ebn kufitare Sukubin\u00eb- Muriqan, nga pala shqiptare, ku si\u00e7 u shpreh vet Murati :\u201c Mora informacionin qe kjo ndales\u00eb u b\u00eb p\u00ebr shkak se sh\u00ebrbimi sekret i Malit te Zi i kish d\u00ebrguar pal\u00ebs Shqiptare list\u00ebn me personat me rrezikshm\u00ebri te madhe\u2026\u201d, si dhe reagimi i Kryetarit t\u00eb K\u00ebshillit Nacional Genc Nimanbegu, p\u00ebr ngjarjen , me gjith\u00eb at\u00eb po duket se si ngjarje e dit\u00ebs pritet t\u00eb jet\u00eb thirrja e jasht\u00eb zakonshme e kuvendit t\u00eb Ulqinit nga vet\u00eb qytetar\u00ebt e komun\u00ebs me n\u00ebnshkrime.<\/p>\n<p>Nisiativa ka filluar dhe ajo shum\u00eb shpejt do t\u2019i adresohet kryetarit t\u00eb Kuvendit t\u00eb Ulqinit q\u00eb ta b\u00ebj\u00eb sa m\u00eb pare k\u00ebt\u00eb.<\/p>\n<p>Pik\u00eb e rendit t\u00eb dit\u00ebs pritet t\u00eb jen\u00eb pun\u00ebt e bllokadave t\u00eb shpeshta t\u00eb buxhetit t\u00eb komun\u00ebs nga proceset e improvizuara gjyqsore q\u00eb ndodhin n\u00eb m\u00ebnyr\u00eb permanente nga viti 2003 e k\u00ebtej , por q\u00eb fituan n\u00eb intenzitet nga koha e kryetar Cungut e deri te ajo e Fatmir Gjek\u00ebs., kur u humben mbi 3 milion\u00eb euro<\/p>\n<p>Kryetari Gjeka n\u00eb konferenc\u00ebn p\u00ebr shtyp ceku se p\u00ebr rastin e fundit komuna paditet p\u00ebr nj\u00eb borxh prej 500mij\u00eb eurosh nga ish firma Progress,duke dyshuar se fjala \u00ebsht\u00eb p\u00ebr krim t\u00eb organizuar.<\/p>\n<p>Kujtojm\u00eb opinion se bllokimi i fundit ishte ai i ish- Otrant Komercit , ku p\u00ebr nj\u00eb shum\u00eb prej 9mij\u00eb e- konstatimi i ekspertit t\u00eb gjyqit , u paguan madje 250 mij\u00eb euro?!!<\/p>\n<p><strong>P\u00ebr \u00e7ka ka tag\u00ebr kuvendi dhe kush e th\u00ebrret?!<\/strong><\/p>\n<p>Sipas rregullores statutit dhe ligjit , kuvendi ka tag\u00ebr t\u00eb p\u00ebrfaq\u00ebsoj\u00eb qytetar\u00ebt , t\u00eb nxjerr\u00eb vendimet dhe t\u00eb b\u00ebj\u00eb m\u00eb s\u00eb pakti nj\u00ebher\u00eb n\u00eb vit kontrollin e zbatimit t\u00eb vendimeve.<\/p>\n<p>Nd\u00ebrsa at\u00eb mund ta th\u00ebrrasin kryetari i komun\u00ebs, k\u00ebshilltar\u00ebt si dhe vet\u00eb qytetar\u00ebt me nisiativ\u00eb t\u00eb tyre e t\u00eb cil\u00ebt n\u00eb k\u00ebt\u00eb situat\u00eb e p\u00ebrgatisin vet\u00eb materialin dhe e th\u00ebrrasin kuvendin e nj\u00ebkoh\u00ebsisht kryesojn\u00eb me te ?! Kurse kryetarit ekzistues i mbetet t\u00eb rrij\u00eb n\u00eb karrigen e k\u00ebshilltar\u00ebve.<\/p>\n<p><strong>\u00c7ka k\u00ebrkohet nga sekretari p\u00ebr mbrojtjen e pasuris\u00eb<\/strong><\/p>\n<p>N\u00eb materialin e p\u00ebrgatitur p\u00ebr k\u00ebt\u00eb rast , qytetar\u00ebt shkruajn\u00eb se nga sekretariati p\u00ebrkat\u00ebs duhet :\u201d &#8230; tu sigurohet\u00a0\u00a0 informat\u00eb p\u00ebr l\u00ebnd\u00ebt e humbura n\u00eb gjykata shuma e t\u00eb cilave i kalon t\u00eb 30 mij\u00eb eurot , p\u00ebr mbrojtjen e t\u00eb cilave \u00ebsht\u00eb kompetent vet\u00ebm kuvendi dhe n\u00eb t\u00eb cilat nuk \u00ebsht\u00eb b\u00ebr\u00eb ankes\u00eb n\u00eb gjykat\u00ebn kushtetuese. Me siguri q\u00eb kjo u hyn n\u00eb pun\u00eb p\u00ebr t\u00eb k\u00ebrkuar revizionin e mbrojtjes s\u00eb l\u00ebnd\u00ebve dhe se kush ishin avokat\u00ebt e angazhuar dhe me p\u00eblqimin e kujt?!<\/p>\n<p>N\u00ebse kjo ndodh \u00ebsht\u00eb hera e par\u00eb e vet\u00ebdijesimit qytetar\u00eb n\u00eb Ulqin rreth fatit t\u00eb parave q\u00eb ata i paguajn\u00eb komun\u00ebs e p\u00ebr \u00e7ka nuk marrin kurrfar\u00eb sh\u00ebrbimesh, sepse parat\u00eb zakonisht p\u00ebrfundojn\u00eb n\u00eb duart e kriminel\u00ebve t\u00eb krimit t\u00eb organizuar. Kuptohet q\u00eb e gjith\u00eb kjo ndodh \u00a0p\u00ebrmes sekser\u00ebve t\u00eb gjykatave, rolin e t\u00eb cil\u00ebve po e kryejn\u00eb avokat\u00ebt e ndrysh\u00ebm .<\/p>\n<p>Rasti mund t\u00eb fitoj\u00eb n\u00eb pesh\u00eb , n\u00ebse kuvendi nuk voton vendimin p\u00ebr kredimarrje q\u00eb pritet t\u00eb mblidhet shum\u00eb shpejt , kurse at\u00ebher\u00eb kjo do t\u00eb nxite ekzekutivin t\u00eb ashp\u00ebrsoj\u00eb politik\u00ebn e pages\u00ebs s\u00eb obligimeve t\u00eb qytetar\u00ebve q\u00eb i detyrohen ark\u00ebs s\u00eb qytetit vet\u00ebm n\u00eb tatime n\u00eb shum\u00ebn prej 6 milion\u00eb eurosh , duke mos llogaritur tok\u00ebn e uzurpuar e q\u00eb e kan\u00eb n\u00eb shfryt\u00ebzim e cila i kalon t\u00eb 20 milion\u00eb eurot, kuptohet n\u00ebse vler\u00ebsimi b\u00ebhet sipas vler\u00ebs s\u00eb tregut e jo t\u00eb ekspertit t\u00eb Nushos , i cili p\u00ebr 950 m 2, k\u00ebrkon gjysm\u00eb milioni euro?!!!<\/p>\n","protected":false},"excerpt":{"rendered":"<p>Shkruan Muhamet Nika \u00a0 N\u00cb ULQIN KUVENDI I KOMUN\u00cbS DO T\u00cb THIRRET ME P\u00cbRKRAHJEN E QYTETAR\u00cbVE?! Edhe pse si ngjarje e dit\u00ebs pritej t\u00eb ishte ndalimi i kryetarit t\u00eb klubit t\u00eb k\u00ebshilltar\u00ebve t\u00eb Forc\u00ebs s\u00eb Re Demokratike n\u00eb pik\u00ebn kufitare Sukubin\u00eb- Muriqan, nga pala shqiptare, ku si\u00e7 u shpreh vet Murati :\u201c Mora informacionin qe [&hellip;]<\/p>\n","protected":false},"author":1,"featured_media":0,"comment_status":"closed","ping_status":"closed","sticky":false,"template":"","format":"standard","meta":{"spay_email":"","jetpack_publicize_message":"","jetpack_is_tweetstorm":false,"jetpack_publicize_feature_enabled":true},"categories":[1,14249],"tags":[],"jetpack_publicize_connections":[],"yoast_head":"<!-- This site is optimized with the Yoast SEO plugin v19.1 - https:\/\/yoast.com\/wordpress\/plugins\/seo\/ -->\n<title>Nika: Nusho Kalla\u00e7 e mbushi kup\u00ebn - Lajme nga Ulqini<\/title>\n<meta name=\"description\" content=\"Shkruan Muhamet Nika \u00a0 N\u00cb ULQIN KUVENDI I KOMUN\u00cbS DO T\u00cb THIRRET ME P\u00cbRKRAHJEN E QYTETAR\u00cbVE?! Edhe pse si ngjarje e dit\u00ebs pritej t\u00eb ishte ndalimi i\" \/>\n<meta name=\"robots\" content=\"index, follow, max-snippet:-1, max-image-preview:large, max-video-preview:-1\" \/>\n<link rel=\"canonical\" href=\"https:\/\/www.visit-ulcinj.com\/blog\/2015\/10\/24\/nika-nusho-kallac-e-mbushi-kupen\/\" \/>\n<meta property=\"og:locale\" content=\"en_US\" \/>\n<meta property=\"og:type\" content=\"article\" \/>\n<meta property=\"og:title\" content=\"Nika: Nusho Kalla\u00e7 e mbushi kup\u00ebn - Lajme nga Ulqini\" \/>\n<meta property=\"og:description\" content=\"Shkruan Muhamet Nika \u00a0 N\u00cb ULQIN KUVENDI I KOMUN\u00cbS DO T\u00cb THIRRET ME P\u00cbRKRAHJEN E QYTETAR\u00cbVE?! Edhe pse si ngjarje e dit\u00ebs pritej t\u00eb ishte ndalimi i\" \/>\n<meta property=\"og:url\" content=\"https:\/\/www.visit-ulcinj.com\/blog\/2015\/10\/24\/nika-nusho-kallac-e-mbushi-kupen\/\" \/>\n<meta property=\"og:site_name\" content=\"Lajme nga Ulqini\" \/>\n<meta property=\"article:published_time\" content=\"2015-10-24T14:22:44+00:00\" \/>\n<meta property=\"article:modified_time\" content=\"2015-10-26T16:39:13+00:00\" \/>\n<meta property=\"og:image\" content=\"http:\/\/www.visit-ulcinj.com\/blog\/wp-content\/uploads\/2014\/11\/Muhamet-Nika.jpg\" \/>\n<meta name=\"twitter:label1\" content=\"Written by\" \/>\n\t<meta name=\"twitter:data1\" content=\"ulqini\" \/>\n\t<meta name=\"twitter:label2\" content=\"Est. reading time\" \/>\n\t<meta name=\"twitter:data2\" content=\"3 minutes\" \/>\n<script type=\"application\/ld+json\" class=\"yoast-schema-graph\">{\"@context\":\"https:\/\/schema.org\",\"@graph\":[{\"@type\":\"WebSite\",\"@id\":\"https:\/\/www.visit-ulcinj.com\/blog\/#website\",\"url\":\"https:\/\/www.visit-ulcinj.com\/blog\/\",\"name\":\"Lajme nga Ulqini\",\"description\":\"Lajme,Vijesti,Ulqini,Ulqin,Crna Gora,Mali i Zi\",\"potentialAction\":[{\"@type\":\"SearchAction\",\"target\":{\"@type\":\"EntryPoint\",\"urlTemplate\":\"https:\/\/www.visit-ulcinj.com\/blog\/?s={search_term_string}\"},\"query-input\":\"required name=search_term_string\"}],\"inLanguage\":\"en-US\"},{\"@type\":\"ImageObject\",\"inLanguage\":\"en-US\",\"@id\":\"https:\/\/www.visit-ulcinj.com\/blog\/2015\/10\/24\/nika-nusho-kallac-e-mbushi-kupen\/#primaryimage\",\"url\":\"https:\/\/www.visit-ulcinj.com\/blog\/wp-content\/uploads\/2014\/11\/Muhamet-Nika.jpg\",\"contentUrl\":\"https:\/\/www.visit-ulcinj.com\/blog\/wp-content\/uploads\/2014\/11\/Muhamet-Nika.jpg\",\"width\":256,\"height\":319},{\"@type\":\"WebPage\",\"@id\":\"https:\/\/www.visit-ulcinj.com\/blog\/2015\/10\/24\/nika-nusho-kallac-e-mbushi-kupen\/#webpage\",\"url\":\"https:\/\/www.visit-ulcinj.com\/blog\/2015\/10\/24\/nika-nusho-kallac-e-mbushi-kupen\/\",\"name\":\"Nika: Nusho Kalla\u00e7 e mbushi kup\u00ebn - Lajme nga Ulqini\",\"isPartOf\":{\"@id\":\"https:\/\/www.visit-ulcinj.com\/blog\/#website\"},\"primaryImageOfPage\":{\"@id\":\"https:\/\/www.visit-ulcinj.com\/blog\/2015\/10\/24\/nika-nusho-kallac-e-mbushi-kupen\/#primaryimage\"},\"datePublished\":\"2015-10-24T14:22:44+00:00\",\"dateModified\":\"2015-10-26T16:39:13+00:00\",\"author\":{\"@id\":\"https:\/\/www.visit-ulcinj.com\/blog\/#\/schema\/person\/dcab619c614d3038751c63bc2aadc06d\"},\"description\":\"Shkruan Muhamet Nika \u00a0 N\u00cb ULQIN KUVENDI I KOMUN\u00cbS DO T\u00cb THIRRET ME P\u00cbRKRAHJEN E QYTETAR\u00cbVE?! Edhe pse si ngjarje e dit\u00ebs pritej t\u00eb ishte ndalimi i\",\"breadcrumb\":{\"@id\":\"https:\/\/www.visit-ulcinj.com\/blog\/2015\/10\/24\/nika-nusho-kallac-e-mbushi-kupen\/#breadcrumb\"},\"inLanguage\":\"en-US\",\"potentialAction\":[{\"@type\":\"ReadAction\",\"target\":[\"https:\/\/www.visit-ulcinj.com\/blog\/2015\/10\/24\/nika-nusho-kallac-e-mbushi-kupen\/\"]}]},{\"@type\":\"BreadcrumbList\",\"@id\":\"https:\/\/www.visit-ulcinj.com\/blog\/2015\/10\/24\/nika-nusho-kallac-e-mbushi-kupen\/#breadcrumb\",\"itemListElement\":[{\"@type\":\"ListItem\",\"position\":1,\"name\":\"Nika: Nusho Kalla\u00e7 e mbushi kup\u00ebn\"}]},{\"@type\":\"Person\",\"@id\":\"https:\/\/www.visit-ulcinj.com\/blog\/#\/schema\/person\/dcab619c614d3038751c63bc2aadc06d\",\"name\":\"ulqini\",\"sameAs\":[\"http:\/\/www.visit-ulcinj.com\"],\"url\":\"https:\/\/www.visit-ulcinj.com\/blog\/author\/admin\/\"}]}<\/script>\n<!-- \/ Yoast SEO plugin. -->","yoast_head_json":{"title":"Nika: Nusho Kalla\u00e7 e mbushi kup\u00ebn - Lajme nga Ulqini","description":"Shkruan Muhamet Nika \u00a0 N\u00cb ULQIN KUVENDI I KOMUN\u00cbS DO T\u00cb THIRRET ME P\u00cbRKRAHJEN E QYTETAR\u00cbVE?! Edhe pse si ngjarje e dit\u00ebs pritej t\u00eb ishte ndalimi i","robots":{"index":"index","follow":"follow","max-snippet":"max-snippet:-1","max-image-preview":"max-image-preview:large","max-video-preview":"max-video-preview:-1"},"canonical":"https:\/\/www.visit-ulcinj.com\/blog\/2015\/10\/24\/nika-nusho-kallac-e-mbushi-kupen\/","og_locale":"en_US","og_type":"article","og_title":"Nika: Nusho Kalla\u00e7 e mbushi kup\u00ebn - Lajme nga Ulqini","og_description":"Shkruan Muhamet Nika \u00a0 N\u00cb ULQIN KUVENDI I KOMUN\u00cbS DO T\u00cb THIRRET ME P\u00cbRKRAHJEN E QYTETAR\u00cbVE?! Edhe pse si ngjarje e dit\u00ebs pritej t\u00eb ishte ndalimi i","og_url":"https:\/\/www.visit-ulcinj.com\/blog\/2015\/10\/24\/nika-nusho-kallac-e-mbushi-kupen\/","og_site_name":"Lajme nga Ulqini","article_published_time":"2015-10-24T14:22:44+00:00","article_modified_time":"2015-10-26T16:39:13+00:00","og_image":[{"url":"http:\/\/www.visit-ulcinj.com\/blog\/wp-content\/uploads\/2014\/11\/Muhamet-Nika.jpg"}],"twitter_misc":{"Written by":"ulqini","Est. reading time":"3 minutes"},"schema":{"@context":"https:\/\/schema.org","@graph":[{"@type":"WebSite","@id":"https:\/\/www.visit-ulcinj.com\/blog\/#website","url":"https:\/\/www.visit-ulcinj.com\/blog\/","name":"Lajme nga Ulqini","description":"Lajme,Vijesti,Ulqini,Ulqin,Crna Gora,Mali i Zi","potentialAction":[{"@type":"SearchAction","target":{"@type":"EntryPoint","urlTemplate":"https:\/\/www.visit-ulcinj.com\/blog\/?s={search_term_string}"},"query-input":"required name=search_term_string"}],"inLanguage":"en-US"},{"@type":"ImageObject","inLanguage":"en-US","@id":"https:\/\/www.visit-ulcinj.com\/blog\/2015\/10\/24\/nika-nusho-kallac-e-mbushi-kupen\/#primaryimage","url":"https:\/\/www.visit-ulcinj.com\/blog\/wp-content\/uploads\/2014\/11\/Muhamet-Nika.jpg","contentUrl":"https:\/\/www.visit-ulcinj.com\/blog\/wp-content\/uploads\/2014\/11\/Muhamet-Nika.jpg","width":256,"height":319},{"@type":"WebPage","@id":"https:\/\/www.visit-ulcinj.com\/blog\/2015\/10\/24\/nika-nusho-kallac-e-mbushi-kupen\/#webpage","url":"https:\/\/www.visit-ulcinj.com\/blog\/2015\/10\/24\/nika-nusho-kallac-e-mbushi-kupen\/","name":"Nika: Nusho Kalla\u00e7 e mbushi kup\u00ebn - Lajme nga Ulqini","isPartOf":{"@id":"https:\/\/www.visit-ulcinj.com\/blog\/#website"},"primaryImageOfPage":{"@id":"https:\/\/www.visit-ulcinj.com\/blog\/2015\/10\/24\/nika-nusho-kallac-e-mbushi-kupen\/#primaryimage"},"datePublished":"2015-10-24T14:22:44+00:00","dateModified":"2015-10-26T16:39:13+00:00","author":{"@id":"https:\/\/www.visit-ulcinj.com\/blog\/#\/schema\/person\/dcab619c614d3038751c63bc2aadc06d"},"description":"Shkruan Muhamet Nika \u00a0 N\u00cb ULQIN KUVENDI I KOMUN\u00cbS DO T\u00cb THIRRET ME P\u00cbRKRAHJEN E QYTETAR\u00cbVE?! Edhe pse si ngjarje e dit\u00ebs pritej t\u00eb ishte ndalimi i","breadcrumb":{"@id":"https:\/\/www.visit-ulcinj.com\/blog\/2015\/10\/24\/nika-nusho-kallac-e-mbushi-kupen\/#breadcrumb"},"inLanguage":"en-US","potentialAction":[{"@type":"ReadAction","target":["https:\/\/www.visit-ulcinj.com\/blog\/2015\/10\/24\/nika-nusho-kallac-e-mbushi-kupen\/"]}]},{"@type":"BreadcrumbList","@id":"https:\/\/www.visit-ulcinj.com\/blog\/2015\/10\/24\/nika-nusho-kallac-e-mbushi-kupen\/#breadcrumb","itemListElement":[{"@type":"ListItem","position":1,"name":"Nika: Nusho Kalla\u00e7 e mbushi kup\u00ebn"}]},{"@type":"Person","@id":"https:\/\/www.visit-ulcinj.com\/blog\/#\/schema\/person\/dcab619c614d3038751c63bc2aadc06d","name":"ulqini","sameAs":["http:\/\/www.visit-ulcinj.com"],"url":"https:\/\/www.visit-ulcinj.com\/blog\/author\/admin\/"}]}},"jetpack_featured_media_url":"","jetpack_sharing_enabled":true,"jetpack_shortlink":"https:\/\/wp.me\/pe6lTn-o9H","_links":{"self":[{"href":"https:\/\/www.visit-ulcinj.com\/blog\/wp-json\/wp\/v2\/posts\/92857"}],"collection":[{"href":"https:\/\/www.visit-ulcinj.com\/blog\/wp-json\/wp\/v2\/posts"}],"about":[{"href":"https:\/\/www.visit-ulcinj.com\/blog\/wp-json\/wp\/v2\/types\/post"}],"author":[{"embeddable":true,"href":"https:\/\/www.visit-ulcinj.com\/blog\/wp-json\/wp\/v2\/users\/1"}],"replies":[{"embeddable":true,"href":"https:\/\/www.visit-ulcinj.com\/blog\/wp-json\/wp\/v2\/comments?post=92857"}],"version-history":[{"count":2,"href":"https:\/\/www.visit-ulcinj.com\/blog\/wp-json\/wp\/v2\/posts\/92857\/revisions"}],"predecessor-version":[{"id":92859,"href":"https:\/\/www.visit-ulcinj.com\/blog\/wp-json\/wp\/v2\/posts\/92857\/revisions\/92859"}],"wp:attachment":[{"href":"https:\/\/www.visit-ulcinj.com\/blog\/wp-json\/wp\/v2\/media?parent=92857"}],"wp:term":[{"taxonomy":"category","embeddable":true,"href":"https:\/\/www.visit-ulcinj.com\/blog\/wp-json\/wp\/v2\/categories?post=92857"},{"taxonomy":"post_tag","embeddable":true,"href":"https:\/\/www.visit-ulcinj.com\/blog\/wp-json\/wp\/v2\/tags?post=92857"}],"curies":[{"name":"wp","href":"https:\/\/api.w.org\/{rel}","templated":true}]}}