{"id":92860,"date":"2015-10-24T16:10:47","date_gmt":"2015-10-24T15:10:47","guid":{"rendered":"http:\/\/www.visit-ulcinj.com\/blog\/?p=92860"},"modified":"2015-10-24T16:10:47","modified_gmt":"2015-10-24T15:10:47","slug":"nimanbegu-politicki-lideri-da-doprinesu-smirivanju-tenzija","status":"publish","type":"post","link":"https:\/\/www.visit-ulcinj.com\/blog\/2015\/10\/24\/nimanbegu-politicki-lideri-da-doprinesu-smirivanju-tenzija\/","title":{"rendered":"Nimanbegu: Politi\u010dki lideri da doprinesu smirivanju tenzija"},"content":{"rendered":"<p><a href=\"http:\/\/www.visit-ulcinj.com\/blog\/wp-content\/uploads\/2015\/10\/Genci-Nimanbegu-Ulcinj.jpg\"><img loading=\"lazy\" class=\"alignleft wp-image-92861\" src=\"http:\/\/www.visit-ulcinj.com\/blog\/wp-content\/uploads\/2015\/10\/Genci-Nimanbegu-Ulcinj.jpg\" alt=\"Genci Nimanbegu-Ulcinj\" width=\"508\" height=\"506\" srcset=\"https:\/\/www.visit-ulcinj.com\/blog\/wp-content\/uploads\/2015\/10\/Genci-Nimanbegu-Ulcinj.jpg 751w, https:\/\/www.visit-ulcinj.com\/blog\/wp-content\/uploads\/2015\/10\/Genci-Nimanbegu-Ulcinj-150x150.jpg 150w, https:\/\/www.visit-ulcinj.com\/blog\/wp-content\/uploads\/2015\/10\/Genci-Nimanbegu-Ulcinj-300x300.jpg 300w\" sizes=\"(max-width: 508px) 100vw, 508px\" \/><\/a>Predsjednik Savjeta Genci Nimanbegu kazao je da su politi\u010dka stabilnost i po\u0161tovanje demokratskih principa u politi\u010dkom djelovanju cilj koji je zajedni\u010dki za sve odgovorne politi\u010dke subjekte, ali i za pojedince.<\/p>\n<p>\u201cKoristimo priliku da apelujemo i na javnost, pojedince, a i na odgovorna lica u svim subjektima i institucijama, da je bezbjednost i sigurnost i pojedinca osnovni karakter demokratije\u201d, navodi se u saop\u0161tenju Nimanbegua dostavljenom agenciji MINA.<\/p>\n<p>Prema njegovim rije\u010dima, demokratski karakter i dru\u0161tva i subjekata odre\u0111en je po\u0161tovanjem i primjenom tih postulata i po\u0161tovanjem zakona u politi\u010dkom djelovanju.<\/p>\n<p>\u201cSvakako da se deklarisni principi albanskih politi\u010dkih subjekata u Crnoj Gori koji su rukovo\u0111eni zeljom da demokratizacijom drustva, ja\u010danjem prava i pojedinaca i ja\u010danjem prava manjinskih naroda u skladu sa standardima EU, a posebno je u\u010dlanjene u NATO osnovni na\u0161 cilj\u201d, kazao je Nimanbegu.<\/p>\n<p>Kako je naveo, iako u protestima dijela opozicije prepoznajuo suprotne ciljeve, posebno u dijelu u\u010dlanjena Crne Gore u NATO, kao primarni cilj protesta, u NSA o\u010dekuju da \u0107e ti protesti biti mirni, kako bi doprinjeli mirnom i na dijalogu zasnovanim raspletu politi\u010dkih nesuglasica.<\/p>\n<p>\u201cVjerujemo da su pojedina retorika i simboli vi\u0111eni na protestinim skupovima izolovani incidenti, koji su retrogradni i koje ne vode multietni\u010dkom skladu u Crnoj Gori\u201d, poru\u010dio je Nimanbegu.<\/p>\n<p>On je upozorio da bi eventualni incidenti predstavljali korak nazad u demokratizaciji Crne Gore.<\/p>\n<p>\u201cStoga pozivamo sve politi\u010dke lidere da su du\u017eni da svojom retorikom i djelovanjem najozbiljnije i najodgovornije reaguju na ja\u010danju demokratskih procesa i smirivanje nepotrebnih tenzija\u201d, zaklju\u010duje se u saop\u0161tenju Nimanbegua.<\/p>\n<p><strong>Izvor: RTCG<\/strong><\/p>\n","protected":false},"excerpt":{"rendered":"<p>Predsjednik Savjeta Genci Nimanbegu kazao je da su politi\u010dka stabilnost i po\u0161tovanje demokratskih principa u politi\u010dkom djelovanju cilj koji je zajedni\u010dki za sve odgovorne politi\u010dke subjekte, ali i za pojedince. \u201cKoristimo priliku da apelujemo i na javnost, pojedince, a i na odgovorna lica u svim subjektima i institucijama, da je bezbjednost i sigurnost i pojedinca [&hellip;]<\/p>\n","protected":false},"author":1,"featured_media":0,"comment_status":"closed","ping_status":"closed","sticky":false,"template":"","format":"standard","meta":{"spay_email":"","jetpack_publicize_message":"","jetpack_is_tweetstorm":false,"jetpack_publicize_feature_enabled":true},"categories":[6950],"tags":[],"jetpack_publicize_connections":[],"yoast_head":"<!-- This site is optimized with the Yoast SEO plugin v19.1 - https:\/\/yoast.com\/wordpress\/plugins\/seo\/ -->\n<title>Nimanbegu: Politi\u010dki lideri da doprinesu smirivanju tenzija - Lajme nga Ulqini<\/title>\n<meta name=\"description\" content=\"Predsjednik Savjeta Genci Nimanbegu kazao je da su politi\u010dka stabilnost i po\u0161tovanje demokratskih principa u politi\u010dkom djelovanju cilj koji je zajedni\u010dki\" \/>\n<meta name=\"robots\" content=\"index, follow, max-snippet:-1, max-image-preview:large, max-video-preview:-1\" \/>\n<link rel=\"canonical\" href=\"https:\/\/www.visit-ulcinj.com\/blog\/2015\/10\/24\/nimanbegu-politicki-lideri-da-doprinesu-smirivanju-tenzija\/\" \/>\n<meta property=\"og:locale\" content=\"en_US\" \/>\n<meta property=\"og:type\" content=\"article\" \/>\n<meta property=\"og:title\" content=\"Nimanbegu: Politi\u010dki lideri da doprinesu smirivanju tenzija - Lajme nga Ulqini\" \/>\n<meta property=\"og:description\" content=\"Predsjednik Savjeta Genci Nimanbegu kazao je da su politi\u010dka stabilnost i po\u0161tovanje demokratskih principa u politi\u010dkom djelovanju cilj koji je zajedni\u010dki\" \/>\n<meta property=\"og:url\" content=\"https:\/\/www.visit-ulcinj.com\/blog\/2015\/10\/24\/nimanbegu-politicki-lideri-da-doprinesu-smirivanju-tenzija\/\" \/>\n<meta property=\"og:site_name\" content=\"Lajme nga Ulqini\" \/>\n<meta property=\"article:published_time\" content=\"2015-10-24T15:10:47+00:00\" \/>\n<meta property=\"og:image\" content=\"http:\/\/www.visit-ulcinj.com\/blog\/wp-content\/uploads\/2015\/10\/Genci-Nimanbegu-Ulcinj.jpg\" \/>\n<meta name=\"twitter:label1\" content=\"Written by\" \/>\n\t<meta name=\"twitter:data1\" content=\"ulqini\" \/>\n\t<meta name=\"twitter:label2\" content=\"Est. reading time\" \/>\n\t<meta name=\"twitter:data2\" content=\"1 minute\" \/>\n<script type=\"application\/ld+json\" class=\"yoast-schema-graph\">{\"@context\":\"https:\/\/schema.org\",\"@graph\":[{\"@type\":\"WebSite\",\"@id\":\"https:\/\/www.visit-ulcinj.com\/blog\/#website\",\"url\":\"https:\/\/www.visit-ulcinj.com\/blog\/\",\"name\":\"Lajme nga Ulqini\",\"description\":\"Lajme,Vijesti,Ulqini,Ulqin,Crna Gora,Mali i Zi\",\"potentialAction\":[{\"@type\":\"SearchAction\",\"target\":{\"@type\":\"EntryPoint\",\"urlTemplate\":\"https:\/\/www.visit-ulcinj.com\/blog\/?s={search_term_string}\"},\"query-input\":\"required name=search_term_string\"}],\"inLanguage\":\"en-US\"},{\"@type\":\"ImageObject\",\"inLanguage\":\"en-US\",\"@id\":\"https:\/\/www.visit-ulcinj.com\/blog\/2015\/10\/24\/nimanbegu-politicki-lideri-da-doprinesu-smirivanju-tenzija\/#primaryimage\",\"url\":\"https:\/\/www.visit-ulcinj.com\/blog\/wp-content\/uploads\/2015\/10\/Genci-Nimanbegu-Ulcinj.jpg\",\"contentUrl\":\"https:\/\/www.visit-ulcinj.com\/blog\/wp-content\/uploads\/2015\/10\/Genci-Nimanbegu-Ulcinj.jpg\",\"width\":751,\"height\":748},{\"@type\":\"WebPage\",\"@id\":\"https:\/\/www.visit-ulcinj.com\/blog\/2015\/10\/24\/nimanbegu-politicki-lideri-da-doprinesu-smirivanju-tenzija\/#webpage\",\"url\":\"https:\/\/www.visit-ulcinj.com\/blog\/2015\/10\/24\/nimanbegu-politicki-lideri-da-doprinesu-smirivanju-tenzija\/\",\"name\":\"Nimanbegu: Politi\u010dki lideri da doprinesu smirivanju tenzija - Lajme nga Ulqini\",\"isPartOf\":{\"@id\":\"https:\/\/www.visit-ulcinj.com\/blog\/#website\"},\"primaryImageOfPage\":{\"@id\":\"https:\/\/www.visit-ulcinj.com\/blog\/2015\/10\/24\/nimanbegu-politicki-lideri-da-doprinesu-smirivanju-tenzija\/#primaryimage\"},\"datePublished\":\"2015-10-24T15:10:47+00:00\",\"dateModified\":\"2015-10-24T15:10:47+00:00\",\"author\":{\"@id\":\"https:\/\/www.visit-ulcinj.com\/blog\/#\/schema\/person\/dcab619c614d3038751c63bc2aadc06d\"},\"description\":\"Predsjednik Savjeta Genci Nimanbegu kazao je da su politi\u010dka stabilnost i po\u0161tovanje demokratskih principa u politi\u010dkom djelovanju cilj koji je zajedni\u010dki\",\"breadcrumb\":{\"@id\":\"https:\/\/www.visit-ulcinj.com\/blog\/2015\/10\/24\/nimanbegu-politicki-lideri-da-doprinesu-smirivanju-tenzija\/#breadcrumb\"},\"inLanguage\":\"en-US\",\"potentialAction\":[{\"@type\":\"ReadAction\",\"target\":[\"https:\/\/www.visit-ulcinj.com\/blog\/2015\/10\/24\/nimanbegu-politicki-lideri-da-doprinesu-smirivanju-tenzija\/\"]}]},{\"@type\":\"BreadcrumbList\",\"@id\":\"https:\/\/www.visit-ulcinj.com\/blog\/2015\/10\/24\/nimanbegu-politicki-lideri-da-doprinesu-smirivanju-tenzija\/#breadcrumb\",\"itemListElement\":[{\"@type\":\"ListItem\",\"position\":1,\"name\":\"Nimanbegu: Politi\u010dki lideri da doprinesu smirivanju tenzija\"}]},{\"@type\":\"Person\",\"@id\":\"https:\/\/www.visit-ulcinj.com\/blog\/#\/schema\/person\/dcab619c614d3038751c63bc2aadc06d\",\"name\":\"ulqini\",\"sameAs\":[\"http:\/\/www.visit-ulcinj.com\"],\"url\":\"https:\/\/www.visit-ulcinj.com\/blog\/author\/admin\/\"}]}<\/script>\n<!-- \/ Yoast SEO plugin. -->","yoast_head_json":{"title":"Nimanbegu: Politi\u010dki lideri da doprinesu smirivanju tenzija - Lajme nga Ulqini","description":"Predsjednik Savjeta Genci Nimanbegu kazao je da su politi\u010dka stabilnost i po\u0161tovanje demokratskih principa u politi\u010dkom djelovanju cilj koji je zajedni\u010dki","robots":{"index":"index","follow":"follow","max-snippet":"max-snippet:-1","max-image-preview":"max-image-preview:large","max-video-preview":"max-video-preview:-1"},"canonical":"https:\/\/www.visit-ulcinj.com\/blog\/2015\/10\/24\/nimanbegu-politicki-lideri-da-doprinesu-smirivanju-tenzija\/","og_locale":"en_US","og_type":"article","og_title":"Nimanbegu: Politi\u010dki lideri da doprinesu smirivanju tenzija - Lajme nga Ulqini","og_description":"Predsjednik Savjeta Genci Nimanbegu kazao je da su politi\u010dka stabilnost i po\u0161tovanje demokratskih principa u politi\u010dkom djelovanju cilj koji je zajedni\u010dki","og_url":"https:\/\/www.visit-ulcinj.com\/blog\/2015\/10\/24\/nimanbegu-politicki-lideri-da-doprinesu-smirivanju-tenzija\/","og_site_name":"Lajme nga Ulqini","article_published_time":"2015-10-24T15:10:47+00:00","og_image":[{"url":"http:\/\/www.visit-ulcinj.com\/blog\/wp-content\/uploads\/2015\/10\/Genci-Nimanbegu-Ulcinj.jpg"}],"twitter_misc":{"Written by":"ulqini","Est. reading time":"1 minute"},"schema":{"@context":"https:\/\/schema.org","@graph":[{"@type":"WebSite","@id":"https:\/\/www.visit-ulcinj.com\/blog\/#website","url":"https:\/\/www.visit-ulcinj.com\/blog\/","name":"Lajme nga Ulqini","description":"Lajme,Vijesti,Ulqini,Ulqin,Crna Gora,Mali i Zi","potentialAction":[{"@type":"SearchAction","target":{"@type":"EntryPoint","urlTemplate":"https:\/\/www.visit-ulcinj.com\/blog\/?s={search_term_string}"},"query-input":"required name=search_term_string"}],"inLanguage":"en-US"},{"@type":"ImageObject","inLanguage":"en-US","@id":"https:\/\/www.visit-ulcinj.com\/blog\/2015\/10\/24\/nimanbegu-politicki-lideri-da-doprinesu-smirivanju-tenzija\/#primaryimage","url":"https:\/\/www.visit-ulcinj.com\/blog\/wp-content\/uploads\/2015\/10\/Genci-Nimanbegu-Ulcinj.jpg","contentUrl":"https:\/\/www.visit-ulcinj.com\/blog\/wp-content\/uploads\/2015\/10\/Genci-Nimanbegu-Ulcinj.jpg","width":751,"height":748},{"@type":"WebPage","@id":"https:\/\/www.visit-ulcinj.com\/blog\/2015\/10\/24\/nimanbegu-politicki-lideri-da-doprinesu-smirivanju-tenzija\/#webpage","url":"https:\/\/www.visit-ulcinj.com\/blog\/2015\/10\/24\/nimanbegu-politicki-lideri-da-doprinesu-smirivanju-tenzija\/","name":"Nimanbegu: Politi\u010dki lideri da doprinesu smirivanju tenzija - Lajme nga Ulqini","isPartOf":{"@id":"https:\/\/www.visit-ulcinj.com\/blog\/#website"},"primaryImageOfPage":{"@id":"https:\/\/www.visit-ulcinj.com\/blog\/2015\/10\/24\/nimanbegu-politicki-lideri-da-doprinesu-smirivanju-tenzija\/#primaryimage"},"datePublished":"2015-10-24T15:10:47+00:00","dateModified":"2015-10-24T15:10:47+00:00","author":{"@id":"https:\/\/www.visit-ulcinj.com\/blog\/#\/schema\/person\/dcab619c614d3038751c63bc2aadc06d"},"description":"Predsjednik Savjeta Genci Nimanbegu kazao je da su politi\u010dka stabilnost i po\u0161tovanje demokratskih principa u politi\u010dkom djelovanju cilj koji je zajedni\u010dki","breadcrumb":{"@id":"https:\/\/www.visit-ulcinj.com\/blog\/2015\/10\/24\/nimanbegu-politicki-lideri-da-doprinesu-smirivanju-tenzija\/#breadcrumb"},"inLanguage":"en-US","potentialAction":[{"@type":"ReadAction","target":["https:\/\/www.visit-ulcinj.com\/blog\/2015\/10\/24\/nimanbegu-politicki-lideri-da-doprinesu-smirivanju-tenzija\/"]}]},{"@type":"BreadcrumbList","@id":"https:\/\/www.visit-ulcinj.com\/blog\/2015\/10\/24\/nimanbegu-politicki-lideri-da-doprinesu-smirivanju-tenzija\/#breadcrumb","itemListElement":[{"@type":"ListItem","position":1,"name":"Nimanbegu: Politi\u010dki lideri da doprinesu smirivanju tenzija"}]},{"@type":"Person","@id":"https:\/\/www.visit-ulcinj.com\/blog\/#\/schema\/person\/dcab619c614d3038751c63bc2aadc06d","name":"ulqini","sameAs":["http:\/\/www.visit-ulcinj.com"],"url":"https:\/\/www.visit-ulcinj.com\/blog\/author\/admin\/"}]}},"jetpack_featured_media_url":"","jetpack_sharing_enabled":true,"jetpack_shortlink":"https:\/\/wp.me\/pe6lTn-o9K","_links":{"self":[{"href":"https:\/\/www.visit-ulcinj.com\/blog\/wp-json\/wp\/v2\/posts\/92860"}],"collection":[{"href":"https:\/\/www.visit-ulcinj.com\/blog\/wp-json\/wp\/v2\/posts"}],"about":[{"href":"https:\/\/www.visit-ulcinj.com\/blog\/wp-json\/wp\/v2\/types\/post"}],"author":[{"embeddable":true,"href":"https:\/\/www.visit-ulcinj.com\/blog\/wp-json\/wp\/v2\/users\/1"}],"replies":[{"embeddable":true,"href":"https:\/\/www.visit-ulcinj.com\/blog\/wp-json\/wp\/v2\/comments?post=92860"}],"version-history":[{"count":1,"href":"https:\/\/www.visit-ulcinj.com\/blog\/wp-json\/wp\/v2\/posts\/92860\/revisions"}],"predecessor-version":[{"id":92862,"href":"https:\/\/www.visit-ulcinj.com\/blog\/wp-json\/wp\/v2\/posts\/92860\/revisions\/92862"}],"wp:attachment":[{"href":"https:\/\/www.visit-ulcinj.com\/blog\/wp-json\/wp\/v2\/media?parent=92860"}],"wp:term":[{"taxonomy":"category","embeddable":true,"href":"https:\/\/www.visit-ulcinj.com\/blog\/wp-json\/wp\/v2\/categories?post=92860"},{"taxonomy":"post_tag","embeddable":true,"href":"https:\/\/www.visit-ulcinj.com\/blog\/wp-json\/wp\/v2\/tags?post=92860"}],"curies":[{"name":"wp","href":"https:\/\/api.w.org\/{rel}","templated":true}]}}