{"id":92863,"date":"2015-10-25T05:59:42","date_gmt":"2015-10-25T04:59:42","guid":{"rendered":"http:\/\/www.visit-ulcinj.com\/blog\/?p=92863"},"modified":"2015-10-25T05:59:42","modified_gmt":"2015-10-25T04:59:42","slug":"sulmohet-gure-ambasada-shqiptare-ne-mal-te-zi","status":"publish","type":"post","link":"https:\/\/www.visit-ulcinj.com\/blog\/2015\/10\/25\/sulmohet-gure-ambasada-shqiptare-ne-mal-te-zi\/","title":{"rendered":"Sulmohet me gur\u00eb Ambasada shqiptare n\u00eb Mal t\u00eb Zi"},"content":{"rendered":"<div class=\"dateblock\">\n<div class=\"author\"><strong><span class=\"\">Ali Salaj<\/span><\/strong><\/div>\n<p class=\"article_date\"><strong>24.10.2015<\/strong><\/p>\n<\/div>\n<div id=\"ctl00_ctl00_cpAB_cp1_cbcContentBreak\">\n<div class=\"zoomMe\">\n<p>T\u00eb shtun\u00ebn n\u00eb mbr\u00ebmje, gjat\u00eb protestave q\u00eb po zhvillohen n\u00eb Podgoric\u00eb \u00ebsht\u00eb goditur me gur\u00eb Ambasada e Shqip\u00ebris\u00eb n\u00eb Mal t\u00eb Zi.<\/p>\n<p>Ministria e Pun\u00ebve t\u00eb Brend\u00ebshme n\u00eb Mali t\u00eb Zi b\u00ebri t\u00eb ditur se nj\u00eb grup protestuesish q\u00eb vinin nga Nikshiqi, qytet af\u00ebr Podgoric\u00ebs, gjuajt\u00ebn me gur\u00eb n\u00eb drejtim t\u00eb Ambasad\u00ebs s\u00eb Shqip\u00ebris\u00eb, duke shkaktuar d\u00ebme t\u00eb vogla n\u00eb godin\u00eb.<\/p>\n<p><a href=\"http:\/\/www.visit-ulcinj.com\/blog\/wp-content\/uploads\/2015\/10\/Ambasada-e-Shqip\u00ebris\u00eb-NE-Mal-te-zi.jpg\"><img loading=\"lazy\" class=\"alignleft wp-image-92864\" src=\"http:\/\/www.visit-ulcinj.com\/blog\/wp-content\/uploads\/2015\/10\/Ambasada-e-Shqip\u00ebris\u00eb-NE-Mal-te-zi.jpg\" alt=\"Ambasada e Shqip\u00ebris\u00eb NE Mal te zi\" width=\"508\" height=\"764\" srcset=\"https:\/\/www.visit-ulcinj.com\/blog\/wp-content\/uploads\/2015\/10\/Ambasada-e-Shqip\u00ebris\u00eb-NE-Mal-te-zi.jpg 620w, https:\/\/www.visit-ulcinj.com\/blog\/wp-content\/uploads\/2015\/10\/Ambasada-e-Shqip\u00ebris\u00eb-NE-Mal-te-zi-199x300.jpg 199w\" sizes=\"(max-width: 508px) 100vw, 508px\" \/><\/a><\/p>\n<p>Ministri i Jasht\u00ebm i Shqip\u00ebris\u00eb Ditmir Bushati, komentoi n\u00eb twitter, duke th\u00ebn\u00eb se &#8220;ky ishte nj\u00eb sulm i papranuesh\u00ebm ndaj ambasad\u00ebs son\u00eb n\u00eb Mal t\u00eb Zi nga demonstruesit. I kam k\u00ebrkuar autoriteteve malazeze q\u00eb t\u00eb marrin masa p\u00ebr sigurin\u00eb e ekipit t\u00eb ambasad\u00ebs son\u00eb&#8221;.<\/p>\n<p>Protesta e opozit\u00ebs malazeze &#8220;Fronti Demokratik&#8221; nisi sonte n\u00eb or\u00ebn 19 dhe do t\u00eb zgjas\u00eb deri n\u00eb or\u00ebn 6 t\u00eb m\u00ebngjesit. Sipas t\u00eb dh\u00ebnave t\u00eb mediave t\u00eb pavarura n\u00eb protesta marrin pjes\u00eb afro 5 mij\u00eb protestues t\u00eb ardhur nga disa qytete t\u00eb Malit t\u00eb Zi.<\/p>\n<p>Protestuesit\u00a0 k\u00ebrkojn\u00eb dor\u00ebheqjen e qeveris\u00eb s\u00eb kryeministrit Gjukanoviq dhe formimin e nj\u00eb qeverie t\u00eb p\u00ebrkoh\u00ebshme, e cila do t\u00eb kishte nj\u00eb p\u00ebrfshirje t\u00eb gjer\u00eb t\u00eb partive politike parlamentare.<\/p>\n<p>Opozita e Bashkuar Malazeze, koh\u00eb m\u00eb par\u00eb, organizoi edhe nj\u00eb protest\u00eb kund\u00ebr an\u00ebtar\u00ebsimit n\u00eb NATO gj\u00eb q\u00eb sipas analist\u00ebve malazez\u00eb, tregon q\u00ebllimin e v\u00ebrtet\u00eb t\u00eb opozit\u00ebs, destabilizimin e Malit t\u00eb Zi dhe rajonit.<\/p>\n<p>P\u00ebrmes nj\u00eb komunikate p\u00ebr opinion, policia malazeze shprehu shqet\u00ebsimin se protestat q\u00eb po zhvillohen n\u00eb Podgoric\u00eb mund t\u00eb b\u00ebhen t\u00eb dhunshme, pasi sipas tyre marrin pjes\u00eb edhe persona t\u00eb dyshuar dhe t\u00eb lidhur me krimin.<\/p>\n<p>Protestat e opozit\u00ebs po shkall\u00ebzohen n\u00eb koh\u00ebn kur Mali i Zi \u00ebsht\u00eb kandidat p\u00ebr an\u00ebtar\u00ebsim n\u00eb BE dhe pritet q\u00eb brenda k\u00ebtij viti t\u00eb marr\u00eb ftes\u00ebn p\u00ebr an\u00ebtar\u00ebsimin n\u00eb NATO.<\/p>\n<p>VAO<\/p>\n<\/div>\n<\/div>\n","protected":false},"excerpt":{"rendered":"<p>Ali Salaj 24.10.2015 T\u00eb shtun\u00ebn n\u00eb mbr\u00ebmje, gjat\u00eb protestave q\u00eb po zhvillohen n\u00eb Podgoric\u00eb \u00ebsht\u00eb goditur me gur\u00eb Ambasada e Shqip\u00ebris\u00eb n\u00eb Mal t\u00eb Zi. Ministria e Pun\u00ebve t\u00eb Brend\u00ebshme n\u00eb Mali t\u00eb Zi b\u00ebri t\u00eb ditur se nj\u00eb grup protestuesish q\u00eb vinin nga Nikshiqi, qytet af\u00ebr Podgoric\u00ebs, gjuajt\u00ebn me gur\u00eb n\u00eb drejtim t\u00eb Ambasad\u00ebs [&hellip;]<\/p>\n","protected":false},"author":1,"featured_media":0,"comment_status":"closed","ping_status":"closed","sticky":false,"template":"","format":"standard","meta":{"spay_email":"","jetpack_publicize_message":"","jetpack_is_tweetstorm":false,"jetpack_publicize_feature_enabled":true},"categories":[6950],"tags":[],"jetpack_publicize_connections":[],"yoast_head":"<!-- This site is optimized with the Yoast SEO plugin v19.1 - https:\/\/yoast.com\/wordpress\/plugins\/seo\/ -->\n<title>Sulmohet me gur\u00eb Ambasada shqiptare n\u00eb Mal t\u00eb Zi - Lajme nga Ulqini<\/title>\n<meta name=\"description\" content=\"Ali Salaj 24.10.2015 T\u00eb shtun\u00ebn n\u00eb mbr\u00ebmje, gjat\u00eb protestave q\u00eb po zhvillohen n\u00eb Podgoric\u00eb \u00ebsht\u00eb goditur me gur\u00eb Ambasada e Shqip\u00ebris\u00eb n\u00eb Mal t\u00eb Zi.\" \/>\n<meta name=\"robots\" content=\"index, follow, max-snippet:-1, max-image-preview:large, max-video-preview:-1\" \/>\n<link rel=\"canonical\" href=\"https:\/\/www.visit-ulcinj.com\/blog\/2015\/10\/25\/sulmohet-gure-ambasada-shqiptare-ne-mal-te-zi\/\" \/>\n<meta property=\"og:locale\" content=\"en_US\" \/>\n<meta property=\"og:type\" content=\"article\" \/>\n<meta property=\"og:title\" content=\"Sulmohet me gur\u00eb Ambasada shqiptare n\u00eb Mal t\u00eb Zi - Lajme nga Ulqini\" \/>\n<meta property=\"og:description\" content=\"Ali Salaj 24.10.2015 T\u00eb shtun\u00ebn n\u00eb mbr\u00ebmje, gjat\u00eb protestave q\u00eb po zhvillohen n\u00eb Podgoric\u00eb \u00ebsht\u00eb goditur me gur\u00eb Ambasada e Shqip\u00ebris\u00eb n\u00eb Mal t\u00eb Zi.\" \/>\n<meta property=\"og:url\" content=\"https:\/\/www.visit-ulcinj.com\/blog\/2015\/10\/25\/sulmohet-gure-ambasada-shqiptare-ne-mal-te-zi\/\" \/>\n<meta property=\"og:site_name\" content=\"Lajme nga Ulqini\" \/>\n<meta property=\"article:published_time\" content=\"2015-10-25T04:59:42+00:00\" \/>\n<meta name=\"twitter:label1\" content=\"Written by\" \/>\n\t<meta name=\"twitter:data1\" content=\"ulqini\" \/>\n\t<meta name=\"twitter:label2\" content=\"Est. reading time\" \/>\n\t<meta name=\"twitter:data2\" content=\"2 minutes\" \/>\n<script type=\"application\/ld+json\" class=\"yoast-schema-graph\">{\"@context\":\"https:\/\/schema.org\",\"@graph\":[{\"@type\":\"WebSite\",\"@id\":\"https:\/\/www.visit-ulcinj.com\/blog\/#website\",\"url\":\"https:\/\/www.visit-ulcinj.com\/blog\/\",\"name\":\"Lajme nga Ulqini\",\"description\":\"Lajme,Vijesti,Ulqini,Ulqin,Crna Gora,Mali i Zi\",\"potentialAction\":[{\"@type\":\"SearchAction\",\"target\":{\"@type\":\"EntryPoint\",\"urlTemplate\":\"https:\/\/www.visit-ulcinj.com\/blog\/?s={search_term_string}\"},\"query-input\":\"required name=search_term_string\"}],\"inLanguage\":\"en-US\"},{\"@type\":\"WebPage\",\"@id\":\"https:\/\/www.visit-ulcinj.com\/blog\/2015\/10\/25\/sulmohet-gure-ambasada-shqiptare-ne-mal-te-zi\/#webpage\",\"url\":\"https:\/\/www.visit-ulcinj.com\/blog\/2015\/10\/25\/sulmohet-gure-ambasada-shqiptare-ne-mal-te-zi\/\",\"name\":\"Sulmohet me gur\u00eb Ambasada shqiptare n\u00eb Mal t\u00eb Zi - Lajme nga Ulqini\",\"isPartOf\":{\"@id\":\"https:\/\/www.visit-ulcinj.com\/blog\/#website\"},\"datePublished\":\"2015-10-25T04:59:42+00:00\",\"dateModified\":\"2015-10-25T04:59:42+00:00\",\"author\":{\"@id\":\"https:\/\/www.visit-ulcinj.com\/blog\/#\/schema\/person\/dcab619c614d3038751c63bc2aadc06d\"},\"description\":\"Ali Salaj 24.10.2015 T\u00eb shtun\u00ebn n\u00eb mbr\u00ebmje, gjat\u00eb protestave q\u00eb po zhvillohen n\u00eb Podgoric\u00eb \u00ebsht\u00eb goditur me gur\u00eb Ambasada e Shqip\u00ebris\u00eb n\u00eb Mal t\u00eb Zi.\",\"breadcrumb\":{\"@id\":\"https:\/\/www.visit-ulcinj.com\/blog\/2015\/10\/25\/sulmohet-gure-ambasada-shqiptare-ne-mal-te-zi\/#breadcrumb\"},\"inLanguage\":\"en-US\",\"potentialAction\":[{\"@type\":\"ReadAction\",\"target\":[\"https:\/\/www.visit-ulcinj.com\/blog\/2015\/10\/25\/sulmohet-gure-ambasada-shqiptare-ne-mal-te-zi\/\"]}]},{\"@type\":\"BreadcrumbList\",\"@id\":\"https:\/\/www.visit-ulcinj.com\/blog\/2015\/10\/25\/sulmohet-gure-ambasada-shqiptare-ne-mal-te-zi\/#breadcrumb\",\"itemListElement\":[{\"@type\":\"ListItem\",\"position\":1,\"name\":\"Sulmohet me gur\u00eb Ambasada shqiptare n\u00eb Mal t\u00eb Zi\"}]},{\"@type\":\"Person\",\"@id\":\"https:\/\/www.visit-ulcinj.com\/blog\/#\/schema\/person\/dcab619c614d3038751c63bc2aadc06d\",\"name\":\"ulqini\",\"sameAs\":[\"http:\/\/www.visit-ulcinj.com\"],\"url\":\"https:\/\/www.visit-ulcinj.com\/blog\/author\/admin\/\"}]}<\/script>\n<!-- \/ Yoast SEO plugin. -->","yoast_head_json":{"title":"Sulmohet me gur\u00eb Ambasada shqiptare n\u00eb Mal t\u00eb Zi - Lajme nga Ulqini","description":"Ali Salaj 24.10.2015 T\u00eb shtun\u00ebn n\u00eb mbr\u00ebmje, gjat\u00eb protestave q\u00eb po zhvillohen n\u00eb Podgoric\u00eb \u00ebsht\u00eb goditur me gur\u00eb Ambasada e Shqip\u00ebris\u00eb n\u00eb Mal t\u00eb Zi.","robots":{"index":"index","follow":"follow","max-snippet":"max-snippet:-1","max-image-preview":"max-image-preview:large","max-video-preview":"max-video-preview:-1"},"canonical":"https:\/\/www.visit-ulcinj.com\/blog\/2015\/10\/25\/sulmohet-gure-ambasada-shqiptare-ne-mal-te-zi\/","og_locale":"en_US","og_type":"article","og_title":"Sulmohet me gur\u00eb Ambasada shqiptare n\u00eb Mal t\u00eb Zi - Lajme nga Ulqini","og_description":"Ali Salaj 24.10.2015 T\u00eb shtun\u00ebn n\u00eb mbr\u00ebmje, gjat\u00eb protestave q\u00eb po zhvillohen n\u00eb Podgoric\u00eb \u00ebsht\u00eb goditur me gur\u00eb Ambasada e Shqip\u00ebris\u00eb n\u00eb Mal t\u00eb Zi.","og_url":"https:\/\/www.visit-ulcinj.com\/blog\/2015\/10\/25\/sulmohet-gure-ambasada-shqiptare-ne-mal-te-zi\/","og_site_name":"Lajme nga Ulqini","article_published_time":"2015-10-25T04:59:42+00:00","twitter_misc":{"Written by":"ulqini","Est. reading time":"2 minutes"},"schema":{"@context":"https:\/\/schema.org","@graph":[{"@type":"WebSite","@id":"https:\/\/www.visit-ulcinj.com\/blog\/#website","url":"https:\/\/www.visit-ulcinj.com\/blog\/","name":"Lajme nga Ulqini","description":"Lajme,Vijesti,Ulqini,Ulqin,Crna Gora,Mali i Zi","potentialAction":[{"@type":"SearchAction","target":{"@type":"EntryPoint","urlTemplate":"https:\/\/www.visit-ulcinj.com\/blog\/?s={search_term_string}"},"query-input":"required name=search_term_string"}],"inLanguage":"en-US"},{"@type":"WebPage","@id":"https:\/\/www.visit-ulcinj.com\/blog\/2015\/10\/25\/sulmohet-gure-ambasada-shqiptare-ne-mal-te-zi\/#webpage","url":"https:\/\/www.visit-ulcinj.com\/blog\/2015\/10\/25\/sulmohet-gure-ambasada-shqiptare-ne-mal-te-zi\/","name":"Sulmohet me gur\u00eb Ambasada shqiptare n\u00eb Mal t\u00eb Zi - Lajme nga Ulqini","isPartOf":{"@id":"https:\/\/www.visit-ulcinj.com\/blog\/#website"},"datePublished":"2015-10-25T04:59:42+00:00","dateModified":"2015-10-25T04:59:42+00:00","author":{"@id":"https:\/\/www.visit-ulcinj.com\/blog\/#\/schema\/person\/dcab619c614d3038751c63bc2aadc06d"},"description":"Ali Salaj 24.10.2015 T\u00eb shtun\u00ebn n\u00eb mbr\u00ebmje, gjat\u00eb protestave q\u00eb po zhvillohen n\u00eb Podgoric\u00eb \u00ebsht\u00eb goditur me gur\u00eb Ambasada e Shqip\u00ebris\u00eb n\u00eb Mal t\u00eb Zi.","breadcrumb":{"@id":"https:\/\/www.visit-ulcinj.com\/blog\/2015\/10\/25\/sulmohet-gure-ambasada-shqiptare-ne-mal-te-zi\/#breadcrumb"},"inLanguage":"en-US","potentialAction":[{"@type":"ReadAction","target":["https:\/\/www.visit-ulcinj.com\/blog\/2015\/10\/25\/sulmohet-gure-ambasada-shqiptare-ne-mal-te-zi\/"]}]},{"@type":"BreadcrumbList","@id":"https:\/\/www.visit-ulcinj.com\/blog\/2015\/10\/25\/sulmohet-gure-ambasada-shqiptare-ne-mal-te-zi\/#breadcrumb","itemListElement":[{"@type":"ListItem","position":1,"name":"Sulmohet me gur\u00eb Ambasada shqiptare n\u00eb Mal t\u00eb Zi"}]},{"@type":"Person","@id":"https:\/\/www.visit-ulcinj.com\/blog\/#\/schema\/person\/dcab619c614d3038751c63bc2aadc06d","name":"ulqini","sameAs":["http:\/\/www.visit-ulcinj.com"],"url":"https:\/\/www.visit-ulcinj.com\/blog\/author\/admin\/"}]}},"jetpack_featured_media_url":"","jetpack_sharing_enabled":true,"jetpack_shortlink":"https:\/\/wp.me\/pe6lTn-o9N","_links":{"self":[{"href":"https:\/\/www.visit-ulcinj.com\/blog\/wp-json\/wp\/v2\/posts\/92863"}],"collection":[{"href":"https:\/\/www.visit-ulcinj.com\/blog\/wp-json\/wp\/v2\/posts"}],"about":[{"href":"https:\/\/www.visit-ulcinj.com\/blog\/wp-json\/wp\/v2\/types\/post"}],"author":[{"embeddable":true,"href":"https:\/\/www.visit-ulcinj.com\/blog\/wp-json\/wp\/v2\/users\/1"}],"replies":[{"embeddable":true,"href":"https:\/\/www.visit-ulcinj.com\/blog\/wp-json\/wp\/v2\/comments?post=92863"}],"version-history":[{"count":1,"href":"https:\/\/www.visit-ulcinj.com\/blog\/wp-json\/wp\/v2\/posts\/92863\/revisions"}],"predecessor-version":[{"id":92865,"href":"https:\/\/www.visit-ulcinj.com\/blog\/wp-json\/wp\/v2\/posts\/92863\/revisions\/92865"}],"wp:attachment":[{"href":"https:\/\/www.visit-ulcinj.com\/blog\/wp-json\/wp\/v2\/media?parent=92863"}],"wp:term":[{"taxonomy":"category","embeddable":true,"href":"https:\/\/www.visit-ulcinj.com\/blog\/wp-json\/wp\/v2\/categories?post=92863"},{"taxonomy":"post_tag","embeddable":true,"href":"https:\/\/www.visit-ulcinj.com\/blog\/wp-json\/wp\/v2\/tags?post=92863"}],"curies":[{"name":"wp","href":"https:\/\/api.w.org\/{rel}","templated":true}]}}