{"id":92867,"date":"2015-10-25T17:54:39","date_gmt":"2015-10-25T16:54:39","guid":{"rendered":"http:\/\/www.visit-ulcinj.com\/blog\/?p=92867"},"modified":"2015-10-25T17:54:39","modified_gmt":"2015-10-25T16:54:39","slug":"dua-reagovanje-na-sinocnje-kamenovanje-albanske-ambasade-u-podgorici","status":"publish","type":"post","link":"https:\/\/www.visit-ulcinj.com\/blog\/2015\/10\/25\/dua-reagovanje-na-sinocnje-kamenovanje-albanske-ambasade-u-podgorici\/","title":{"rendered":"DUA:  Reagovanje na sino\u0107nje kamenovanje Albanske Ambasade u Podgorici"},"content":{"rendered":"<p><strong><a href=\"http:\/\/www.visit-ulcinj.com\/blog\/wp-content\/uploads\/2012\/05\/UNIONI-DEMOKRATIK-I-SHQIPTAR\u00cbVE.jpg\"><img loading=\"lazy\" class=\"alignleft wp-image-60750 size-full\" src=\"http:\/\/www.visit-ulcinj.com\/blog\/wp-content\/uploads\/2012\/05\/UNIONI-DEMOKRATIK-I-SHQIPTAR\u00cbVE.jpg\" alt=\"UNIONI  DEMOKRATIK I SHQIPTAR\u00cbVE\" width=\"355\" height=\"338\" srcset=\"https:\/\/www.visit-ulcinj.com\/blog\/wp-content\/uploads\/2012\/05\/UNIONI-DEMOKRATIK-I-SHQIPTAR\u00cbVE.jpg 355w, https:\/\/www.visit-ulcinj.com\/blog\/wp-content\/uploads\/2012\/05\/UNIONI-DEMOKRATIK-I-SHQIPTAR\u00cbVE-300x285.jpg 300w\" sizes=\"(max-width: 355px) 100vw, 355px\" \/><\/a>DEMOKRATSKA UNIJA ALBANACA\u00a0\u00a0 <\/strong><\/p>\n<p><strong>\u00a0\u00a0\u00a0\u00a0 Ulcinj , 25.10.2015.god.<\/strong><\/p>\n<p>&nbsp;<\/p>\n<p><strong> \u00a0 <\/strong>DUA osu\u0111uje sino\u0107nje kamenovanje Albanske Ambasade u Podgorici. Duboko se ne sla\u017eemo sa takvim na\u010dinom pokazivanja nezadovoljstva. Mi smo svesni \u010dinjenice da nekome mnogo smeta postojanje te Ambasade u Podgorici (nije na odmet napomenuti da Albanija spada medju prve dr\u017eave koje su priznale dr\u017eavu Crnu Goru) i\u00a0tu nema nista sporno ,\u00a0no nas brine to sto neko uporno za sve i sva\u0161ta \u017eeli da okrivi Albance .<\/p>\n<p>Sino\u0107nji dogadjaj uveliko opravdava i daje odgovor na \u010dinjenicu \u017easto me\u0111u protestantima nije bilo Albanaca (osim nekih pojedinaca koji su deklarativno podr\u017eali protest).<\/p>\n<p>DUA nije zadovljna momentalnim statusom Albanaca u C.Gori (izborni zakon,opstina Tuzi-Malesia,Morsko dobro ,privatizacija itd.itd.) ali smo kategori\u010dki protiv povratka u rane devedesete, svjesni zla koje je to vrijemo donijelo narodima u regionu a naro\u010dito manjinskim narodima.<\/p>\n<p>DUA \u0107e i dalje slijediti politiku konstruktivnog djelovanja ,bilo sa pozicije vlasti ili opozicije shodno i u saglasnosti sa politikama evroatlantskih integracija . Kamenovanje odredjenih Ambasada ne vodi ka Evropi a jos manje rje\u0161ava socijo-ekonomske probleme gradjana Crne Gore .<\/p>\n<p><strong>\u00a0<\/strong><\/p>\n<p><strong>\u00a0Predsjednik DUA,<\/strong><\/p>\n<p><strong>Mehmed Zenka,s.r.<\/strong><\/p>\n<p>&nbsp;<\/p>\n","protected":false},"excerpt":{"rendered":"<p>DEMOKRATSKA UNIJA ALBANACA\u00a0\u00a0 \u00a0\u00a0\u00a0\u00a0 Ulcinj , 25.10.2015.god. &nbsp; \u00a0 DUA osu\u0111uje sino\u0107nje kamenovanje Albanske Ambasade u Podgorici. Duboko se ne sla\u017eemo sa takvim na\u010dinom pokazivanja nezadovoljstva. Mi smo svesni \u010dinjenice da nekome mnogo smeta postojanje te Ambasade u Podgorici (nije na odmet napomenuti da Albanija spada medju prve dr\u017eave koje su priznale dr\u017eavu Crnu Goru) [&hellip;]<\/p>\n","protected":false},"author":1,"featured_media":0,"comment_status":"closed","ping_status":"closed","sticky":false,"template":"","format":"standard","meta":{"spay_email":"","jetpack_publicize_message":"","jetpack_is_tweetstorm":false,"jetpack_publicize_feature_enabled":true},"categories":[8337],"tags":[],"jetpack_publicize_connections":[],"yoast_head":"<!-- This site is optimized with the Yoast SEO plugin v19.1 - https:\/\/yoast.com\/wordpress\/plugins\/seo\/ -->\n<title>DUA: Reagovanje na sino\u0107nje kamenovanje Albanske Ambasade u Podgorici - Lajme nga Ulqini<\/title>\n<meta name=\"description\" content=\"DEMOKRATSKA UNIJA ALBANACA\u00a0\u00a0 \u00a0\u00a0\u00a0\u00a0 Ulcinj , 25.10.2015.god. &nbsp; \u00a0 DUA osu\u0111uje sino\u0107nje kamenovanje Albanske Ambasade u Podgorici. Duboko se ne sla\u017eemo\" \/>\n<meta name=\"robots\" content=\"index, follow, max-snippet:-1, max-image-preview:large, max-video-preview:-1\" \/>\n<link rel=\"canonical\" href=\"https:\/\/www.visit-ulcinj.com\/blog\/2015\/10\/25\/dua-reagovanje-na-sinocnje-kamenovanje-albanske-ambasade-u-podgorici\/\" \/>\n<meta property=\"og:locale\" content=\"en_US\" \/>\n<meta property=\"og:type\" content=\"article\" \/>\n<meta property=\"og:title\" content=\"DUA: Reagovanje na sino\u0107nje kamenovanje Albanske Ambasade u Podgorici - Lajme nga Ulqini\" \/>\n<meta property=\"og:description\" content=\"DEMOKRATSKA UNIJA ALBANACA\u00a0\u00a0 \u00a0\u00a0\u00a0\u00a0 Ulcinj , 25.10.2015.god. &nbsp; \u00a0 DUA osu\u0111uje sino\u0107nje kamenovanje Albanske Ambasade u Podgorici. Duboko se ne sla\u017eemo\" \/>\n<meta property=\"og:url\" content=\"https:\/\/www.visit-ulcinj.com\/blog\/2015\/10\/25\/dua-reagovanje-na-sinocnje-kamenovanje-albanske-ambasade-u-podgorici\/\" \/>\n<meta property=\"og:site_name\" content=\"Lajme nga Ulqini\" \/>\n<meta property=\"article:published_time\" content=\"2015-10-25T16:54:39+00:00\" \/>\n<meta name=\"twitter:label1\" content=\"Written by\" \/>\n\t<meta name=\"twitter:data1\" content=\"ulqini\" \/>\n\t<meta name=\"twitter:label2\" content=\"Est. reading time\" \/>\n\t<meta name=\"twitter:data2\" content=\"1 minute\" \/>\n<script type=\"application\/ld+json\" class=\"yoast-schema-graph\">{\"@context\":\"https:\/\/schema.org\",\"@graph\":[{\"@type\":\"WebSite\",\"@id\":\"https:\/\/www.visit-ulcinj.com\/blog\/#website\",\"url\":\"https:\/\/www.visit-ulcinj.com\/blog\/\",\"name\":\"Lajme nga Ulqini\",\"description\":\"Lajme,Vijesti,Ulqini,Ulqin,Crna Gora,Mali i Zi\",\"potentialAction\":[{\"@type\":\"SearchAction\",\"target\":{\"@type\":\"EntryPoint\",\"urlTemplate\":\"https:\/\/www.visit-ulcinj.com\/blog\/?s={search_term_string}\"},\"query-input\":\"required name=search_term_string\"}],\"inLanguage\":\"en-US\"},{\"@type\":\"WebPage\",\"@id\":\"https:\/\/www.visit-ulcinj.com\/blog\/2015\/10\/25\/dua-reagovanje-na-sinocnje-kamenovanje-albanske-ambasade-u-podgorici\/#webpage\",\"url\":\"https:\/\/www.visit-ulcinj.com\/blog\/2015\/10\/25\/dua-reagovanje-na-sinocnje-kamenovanje-albanske-ambasade-u-podgorici\/\",\"name\":\"DUA: Reagovanje na sino\u0107nje kamenovanje Albanske Ambasade u Podgorici - Lajme nga Ulqini\",\"isPartOf\":{\"@id\":\"https:\/\/www.visit-ulcinj.com\/blog\/#website\"},\"datePublished\":\"2015-10-25T16:54:39+00:00\",\"dateModified\":\"2015-10-25T16:54:39+00:00\",\"author\":{\"@id\":\"https:\/\/www.visit-ulcinj.com\/blog\/#\/schema\/person\/dcab619c614d3038751c63bc2aadc06d\"},\"description\":\"DEMOKRATSKA UNIJA ALBANACA\u00a0\u00a0 \u00a0\u00a0\u00a0\u00a0 Ulcinj , 25.10.2015.god. &nbsp; \u00a0 DUA osu\u0111uje sino\u0107nje kamenovanje Albanske Ambasade u Podgorici. Duboko se ne sla\u017eemo\",\"breadcrumb\":{\"@id\":\"https:\/\/www.visit-ulcinj.com\/blog\/2015\/10\/25\/dua-reagovanje-na-sinocnje-kamenovanje-albanske-ambasade-u-podgorici\/#breadcrumb\"},\"inLanguage\":\"en-US\",\"potentialAction\":[{\"@type\":\"ReadAction\",\"target\":[\"https:\/\/www.visit-ulcinj.com\/blog\/2015\/10\/25\/dua-reagovanje-na-sinocnje-kamenovanje-albanske-ambasade-u-podgorici\/\"]}]},{\"@type\":\"BreadcrumbList\",\"@id\":\"https:\/\/www.visit-ulcinj.com\/blog\/2015\/10\/25\/dua-reagovanje-na-sinocnje-kamenovanje-albanske-ambasade-u-podgorici\/#breadcrumb\",\"itemListElement\":[{\"@type\":\"ListItem\",\"position\":1,\"name\":\"DUA: Reagovanje na sino\u0107nje kamenovanje Albanske Ambasade u Podgorici\"}]},{\"@type\":\"Person\",\"@id\":\"https:\/\/www.visit-ulcinj.com\/blog\/#\/schema\/person\/dcab619c614d3038751c63bc2aadc06d\",\"name\":\"ulqini\",\"sameAs\":[\"http:\/\/www.visit-ulcinj.com\"],\"url\":\"https:\/\/www.visit-ulcinj.com\/blog\/author\/admin\/\"}]}<\/script>\n<!-- \/ Yoast SEO plugin. -->","yoast_head_json":{"title":"DUA: Reagovanje na sino\u0107nje kamenovanje Albanske Ambasade u Podgorici - Lajme nga Ulqini","description":"DEMOKRATSKA UNIJA ALBANACA\u00a0\u00a0 \u00a0\u00a0\u00a0\u00a0 Ulcinj , 25.10.2015.god. &nbsp; \u00a0 DUA osu\u0111uje sino\u0107nje kamenovanje Albanske Ambasade u Podgorici. Duboko se ne sla\u017eemo","robots":{"index":"index","follow":"follow","max-snippet":"max-snippet:-1","max-image-preview":"max-image-preview:large","max-video-preview":"max-video-preview:-1"},"canonical":"https:\/\/www.visit-ulcinj.com\/blog\/2015\/10\/25\/dua-reagovanje-na-sinocnje-kamenovanje-albanske-ambasade-u-podgorici\/","og_locale":"en_US","og_type":"article","og_title":"DUA: Reagovanje na sino\u0107nje kamenovanje Albanske Ambasade u Podgorici - Lajme nga Ulqini","og_description":"DEMOKRATSKA UNIJA ALBANACA\u00a0\u00a0 \u00a0\u00a0\u00a0\u00a0 Ulcinj , 25.10.2015.god. &nbsp; \u00a0 DUA osu\u0111uje sino\u0107nje kamenovanje Albanske Ambasade u Podgorici. Duboko se ne sla\u017eemo","og_url":"https:\/\/www.visit-ulcinj.com\/blog\/2015\/10\/25\/dua-reagovanje-na-sinocnje-kamenovanje-albanske-ambasade-u-podgorici\/","og_site_name":"Lajme nga Ulqini","article_published_time":"2015-10-25T16:54:39+00:00","twitter_misc":{"Written by":"ulqini","Est. reading time":"1 minute"},"schema":{"@context":"https:\/\/schema.org","@graph":[{"@type":"WebSite","@id":"https:\/\/www.visit-ulcinj.com\/blog\/#website","url":"https:\/\/www.visit-ulcinj.com\/blog\/","name":"Lajme nga Ulqini","description":"Lajme,Vijesti,Ulqini,Ulqin,Crna Gora,Mali i Zi","potentialAction":[{"@type":"SearchAction","target":{"@type":"EntryPoint","urlTemplate":"https:\/\/www.visit-ulcinj.com\/blog\/?s={search_term_string}"},"query-input":"required name=search_term_string"}],"inLanguage":"en-US"},{"@type":"WebPage","@id":"https:\/\/www.visit-ulcinj.com\/blog\/2015\/10\/25\/dua-reagovanje-na-sinocnje-kamenovanje-albanske-ambasade-u-podgorici\/#webpage","url":"https:\/\/www.visit-ulcinj.com\/blog\/2015\/10\/25\/dua-reagovanje-na-sinocnje-kamenovanje-albanske-ambasade-u-podgorici\/","name":"DUA: Reagovanje na sino\u0107nje kamenovanje Albanske Ambasade u Podgorici - Lajme nga Ulqini","isPartOf":{"@id":"https:\/\/www.visit-ulcinj.com\/blog\/#website"},"datePublished":"2015-10-25T16:54:39+00:00","dateModified":"2015-10-25T16:54:39+00:00","author":{"@id":"https:\/\/www.visit-ulcinj.com\/blog\/#\/schema\/person\/dcab619c614d3038751c63bc2aadc06d"},"description":"DEMOKRATSKA UNIJA ALBANACA\u00a0\u00a0 \u00a0\u00a0\u00a0\u00a0 Ulcinj , 25.10.2015.god. &nbsp; \u00a0 DUA osu\u0111uje sino\u0107nje kamenovanje Albanske Ambasade u Podgorici. Duboko se ne sla\u017eemo","breadcrumb":{"@id":"https:\/\/www.visit-ulcinj.com\/blog\/2015\/10\/25\/dua-reagovanje-na-sinocnje-kamenovanje-albanske-ambasade-u-podgorici\/#breadcrumb"},"inLanguage":"en-US","potentialAction":[{"@type":"ReadAction","target":["https:\/\/www.visit-ulcinj.com\/blog\/2015\/10\/25\/dua-reagovanje-na-sinocnje-kamenovanje-albanske-ambasade-u-podgorici\/"]}]},{"@type":"BreadcrumbList","@id":"https:\/\/www.visit-ulcinj.com\/blog\/2015\/10\/25\/dua-reagovanje-na-sinocnje-kamenovanje-albanske-ambasade-u-podgorici\/#breadcrumb","itemListElement":[{"@type":"ListItem","position":1,"name":"DUA: Reagovanje na sino\u0107nje kamenovanje Albanske Ambasade u Podgorici"}]},{"@type":"Person","@id":"https:\/\/www.visit-ulcinj.com\/blog\/#\/schema\/person\/dcab619c614d3038751c63bc2aadc06d","name":"ulqini","sameAs":["http:\/\/www.visit-ulcinj.com"],"url":"https:\/\/www.visit-ulcinj.com\/blog\/author\/admin\/"}]}},"jetpack_featured_media_url":"","jetpack_sharing_enabled":true,"jetpack_shortlink":"https:\/\/wp.me\/pe6lTn-o9R","_links":{"self":[{"href":"https:\/\/www.visit-ulcinj.com\/blog\/wp-json\/wp\/v2\/posts\/92867"}],"collection":[{"href":"https:\/\/www.visit-ulcinj.com\/blog\/wp-json\/wp\/v2\/posts"}],"about":[{"href":"https:\/\/www.visit-ulcinj.com\/blog\/wp-json\/wp\/v2\/types\/post"}],"author":[{"embeddable":true,"href":"https:\/\/www.visit-ulcinj.com\/blog\/wp-json\/wp\/v2\/users\/1"}],"replies":[{"embeddable":true,"href":"https:\/\/www.visit-ulcinj.com\/blog\/wp-json\/wp\/v2\/comments?post=92867"}],"version-history":[{"count":1,"href":"https:\/\/www.visit-ulcinj.com\/blog\/wp-json\/wp\/v2\/posts\/92867\/revisions"}],"predecessor-version":[{"id":92868,"href":"https:\/\/www.visit-ulcinj.com\/blog\/wp-json\/wp\/v2\/posts\/92867\/revisions\/92868"}],"wp:attachment":[{"href":"https:\/\/www.visit-ulcinj.com\/blog\/wp-json\/wp\/v2\/media?parent=92867"}],"wp:term":[{"taxonomy":"category","embeddable":true,"href":"https:\/\/www.visit-ulcinj.com\/blog\/wp-json\/wp\/v2\/categories?post=92867"},{"taxonomy":"post_tag","embeddable":true,"href":"https:\/\/www.visit-ulcinj.com\/blog\/wp-json\/wp\/v2\/tags?post=92867"}],"curies":[{"name":"wp","href":"https:\/\/api.w.org\/{rel}","templated":true}]}}