{"id":92869,"date":"2015-10-26T16:44:55","date_gmt":"2015-10-26T15:44:55","guid":{"rendered":"http:\/\/www.visit-ulcinj.com\/blog\/?p=92869"},"modified":"2015-10-27T14:14:22","modified_gmt":"2015-10-27T13:14:22","slug":"ulqin-zyrtare-te-komunes-se-ulqinit-u-takuan-anetaret-e-komisionit-per-shendetesi-pune-dhe-mireqenie-sociale-nga-kuvendi-kosoves","status":"publish","type":"post","link":"https:\/\/www.visit-ulcinj.com\/blog\/2015\/10\/26\/ulqin-zyrtare-te-komunes-se-ulqinit-u-takuan-anetaret-e-komisionit-per-shendetesi-pune-dhe-mireqenie-sociale-nga-kuvendi-kosoves\/","title":{"rendered":"Ulqin: Zyrtar\u00eb t\u00eb Komun\u00ebs s\u00eb Ulqinit u takuan me an\u00ebtar\u00ebt e Komisionit p\u00ebr Sh\u00ebndet\u00ebsi, Pun\u00eb dhe Mir\u00ebqenie Sociale nga Kuvendi i Kosov\u00ebs"},"content":{"rendered":"<p><a href=\"http:\/\/www.visit-ulcinj.com\/blog\/wp-content\/uploads\/2015\/10\/Vizita-shendetesis-Kosoves-Komunes-Ulqinit-.jpg\"><img loading=\"lazy\" class=\"alignleft wp-image-92870\" src=\"http:\/\/www.visit-ulcinj.com\/blog\/wp-content\/uploads\/2015\/10\/Vizita-shendetesis-Kosoves-Komunes-Ulqinit-.jpg\" alt=\"Vizita-shendetesis-Kosoves-Komunes-Ulqinit-\" width=\"508\" height=\"345\" srcset=\"https:\/\/www.visit-ulcinj.com\/blog\/wp-content\/uploads\/2015\/10\/Vizita-shendetesis-Kosoves-Komunes-Ulqinit-.jpg 999w, https:\/\/www.visit-ulcinj.com\/blog\/wp-content\/uploads\/2015\/10\/Vizita-shendetesis-Kosoves-Komunes-Ulqinit--300x204.jpg 300w\" sizes=\"(max-width: 508px) 100vw, 508px\" \/><\/a>N\u00eb Mal t\u00eb Zi po q\u00ebndrojn\u00eb\u00a0p\u00ebr vizit\u00eb zyrtare\u00a0an\u00ebtar\u00ebt e Komisionit p\u00ebr Sh\u00ebndet\u00ebsi, Pun\u00eb\u00a0dhe Mir\u00ebqenie sociale\u00a0t\u00eb\u00a0Kuvendit t\u00eb Kosov\u00ebs, kryesuar\u00a0nga kryetarja dr. Flora Brovina.<\/p>\n<p>Delegacioni\u00a0vizit\u00ebn e filloi n\u00eb Komun\u00ebn ton\u00eb\u00a0ku\u00a0u takua\u00a0me Kryetarin\u00a0Z. Fatmir Gjeka dhe\u00a0bashk\u00ebpun\u00ebtor\u00ebt e tij.<\/p>\n<p>&nbsp;<\/p>\n<ol>\n<li>Gjeka duke\u00a0i d\u00ebshiruar\u00a0mir\u00ebseardhje\u00a0n\u00eb Ulqin, foli\u00a0p\u00ebr\u00a0mar\u00ebdh\u00ebniet tradicionale q\u00eb Ulqini dhe shqiptar\u00ebt\u00a0n\u00eb Mal\u00a0t\u00eb Zi\u00a0kan\u00eb\u00a0me Kosov\u00ebn. Ai u ndal\u00a0n\u00eb ndihmes\u00ebn q\u00eb\u00a0ka dh\u00ebn\u00eb dhe po jep\u00a0Kosova n\u00eb\u00a0shkollimin e t\u00eb\u00a0rinjve\u00a0tan\u00eb,\u00a0ve\u00e7oi\u00a0vizitat tradicionale t\u00eb mysafir\u00ebve kosovar\u00eb n\u00eb\u00a0bregdetin e Ulqinit, foli p\u00ebr\u00a0lidhjet\u00a0e bizneseve si dhe\u00a0p\u00ebr\u00a0\u00e7\u00ebshtje t\u00eb\u00a0tjera\u00a0 t\u00eb\u00a0r\u00ebnd\u00ebsishme\u00a0nga\u00a0fusha e sh\u00ebndet\u00ebsis\u00eb\u00a0dhe\u00a0mir\u00ebq\u00ebnies sociale.<\/li>\n<\/ol>\n<p>&nbsp;<\/p>\n<p>Nd\u00ebrkaq\u00a0\u00a0z.nj Brovina\u00a0tha se q\u00ebllimi\u00a0i vizit\u00ebs\u00a0n\u00eb Mal t\u00eb Zi\u00a0\u00ebsht\u00eb shk\u00ebmbimi i p\u00ebrvojave dhe\u00a0sforcimi i mar\u00ebdh\u00ebnieve\u00a0t\u00eb Kosov\u00ebs dhe Malit t\u00eb Zi, n\u00eb fush\u00ebn e sh\u00ebndet\u00ebsis\u00eb, legjislacionit\u00a0dhe\u00a0tema t\u00eb tjera me interes\u00a0t\u00eb\u00a0p\u00ebrbashk\u00ebt.<\/p>\n<p>&nbsp;<\/p>\n<p>Por, ne\u00a0d\u00ebshirojm\u00eb\u00a0t\u00eb njihemi\u00a0m\u00eb p\u00ebr s\u00ebafrmi\u00a0dhe me problemet\u00a0e shqiptar\u00ebve\u00a0n\u00eb Mal t\u00eb Zi\u00a0tha ajo.\u00a0N\u00eb k\u00ebt\u00eb\u00a0kontekst ajo\u00a0u interesua\u00a0p\u00ebr \u00e7\u00ebshtjen e\u00a0maternitetit ton\u00eb, p\u00ebr kuadrot\u00a0nga\u00a0fusha e mjeksis\u00eb,\u00a0p\u00ebr\u00a0pun\u00ebtor\u00ebt q\u00eb kan\u00eb punuar\u00a0me vite n\u00eb Kosov\u00eb\u00a0por q\u00eb ende ata vite sh\u00ebrbimi nuk po i njihen,\u00a0insistoi n\u00eb\u00a0zhvillimin m\u00eb t\u00eb\u00a0hovsh\u00ebm t\u00eb\u00a0turizmit\u00a0mjeksor\u00eb n\u00eb Ulqin, ku si\u00e7 tha\u00a0komisioni yn\u00eb mund t\u00eb\u00a0loboj\u00eb\u00a0n\u00eb\u00a0kuad\u00ebr t\u00eb nismave\u00a0t\u00eb\u00a0bashk\u00ebpunimit regjional etj.<\/p>\n<p>&nbsp;<\/p>\n<p>Pal\u00ebt\u00a0u dakorduan q\u00eb takime t\u00eb k\u00ebtij lloji\u00a0jan\u00eb\u00a0n\u00eb interes t\u00eb p\u00ebrbashk\u00ebt, andaj ata duhet\u00a0shpeshtuar dhe\u00a0\u00e7\u00ebshtjet e ngritura t\u00eb marrin rrug\u00ebn e zgjidhjes. N\u00eb takim mungonin pjestar\u00ebt e\u00a0tri partive\u00a0opozitare\u00a0t\u00eb Kosov\u00ebs, L\u00ebvizjes Vet\u00ebvendosja, Aleanc\u00ebs p\u00ebr Ardhm\u00ebrin\u00eb e Kosov\u00ebs\u00a0dhe nism\u00ebs p\u00ebr Kosov\u00ebn, t\u00eb cilat nj\u00ebherit\u00a0kund\u00ebrshtojn\u00eb\u00a0marr\u00ebveshjen\u00a0e demarkacionit\u00a0me Malin e Zi.<\/p>\n<p>&nbsp;<\/p>\n<p>Z.nj Brovina\u00a0tha se n\u00eb\u00a0momentin\u00a0kur Kosov\u00ebs\u00a0i\u00a0jan\u00eb\u00a0hapur rrug\u00ebt\u00a0p\u00ebr pranim n\u00eb UNESCO, p\u00ebr MSA-n\u00eb p\u00ebr\u00a0liberalizimin e vizave duhet\u00a0dialoguar dhe t\u00eb gjindet gjuha e mir\u00ebkuptimit p\u00ebr\u00a0problemet q\u00eb na preokupojn\u00eb.<\/p>\n<p>&nbsp;<\/p>\n<p>Delegacioni\u00a0nga\u00a0Kosova\u00a0n\u00eb p\u00ebrb\u00ebrje t\u00eb\u00a0t\u00eb\u00a0cilit ishte dhe Ambasadori\u00a0Sentiq, vazhdoi\u00a0takimet me p\u00ebrfaq\u00ebsuesit e K\u00ebshillit Komb\u00ebtar\u00a0t\u00eb Shqiptar\u00ebve\u00a0t\u00eb Malit t\u00eb Zi, si dhe me nj\u00eb vizit\u00eb n\u00eb maternitetin\u00a0e qytetit,\u00a0nd\u00ebrkaq nes\u00ebr ata n\u00eb Podgoric\u00eb do t\u00eb ken\u00eb nj\u00eb s\u00ebr\u00eb takimesh\u00a0me zyrtar\u00eb t\u00eb Komisionit\u00a0p\u00ebr Sh\u00ebndet\u00ebsi dhe\u00a0atij p\u00ebr\u00a0marr\u00ebdh\u00ebnie\u00a0nd\u00ebrkomb\u00ebtare\u00a0si dhe\u00a0nj\u00eb\u00a0takim \u00ebsht\u00eb rezervuar\u00a0edhe\u00a0me deputetet shqiptar\u00eb n\u00eb Parlamentin e Malit t\u00eb Zi.<\/p>\n<p>&nbsp;<\/p>\n<p>Vizita do t\u00eb\u00a0p\u00ebrmbyllet\u00a0me\u00a0nj\u00eb\u00a0vizit\u00ebn n\u00eb\u00a0Komun\u00ebn urbane t\u00eb Tuzit.<\/p>\n<p>Komuna Ulqinit<\/p>\n","protected":false},"excerpt":{"rendered":"<p>N\u00eb Mal t\u00eb Zi po q\u00ebndrojn\u00eb\u00a0p\u00ebr vizit\u00eb zyrtare\u00a0an\u00ebtar\u00ebt e Komisionit p\u00ebr Sh\u00ebndet\u00ebsi, Pun\u00eb\u00a0dhe Mir\u00ebqenie sociale\u00a0t\u00eb\u00a0Kuvendit t\u00eb Kosov\u00ebs, kryesuar\u00a0nga kryetarja dr. Flora Brovina. Delegacioni\u00a0vizit\u00ebn e filloi n\u00eb Komun\u00ebn ton\u00eb\u00a0ku\u00a0u takua\u00a0me Kryetarin\u00a0Z. Fatmir Gjeka dhe\u00a0bashk\u00ebpun\u00ebtor\u00ebt e tij. &nbsp; Gjeka duke\u00a0i d\u00ebshiruar\u00a0mir\u00ebseardhje\u00a0n\u00eb Ulqin, foli\u00a0p\u00ebr\u00a0mar\u00ebdh\u00ebniet tradicionale q\u00eb Ulqini dhe shqiptar\u00ebt\u00a0n\u00eb Mal\u00a0t\u00eb Zi\u00a0kan\u00eb\u00a0me Kosov\u00ebn. Ai u ndal\u00a0n\u00eb ndihmes\u00ebn q\u00eb\u00a0ka dh\u00ebn\u00eb [&hellip;]<\/p>\n","protected":false},"author":1,"featured_media":0,"comment_status":"closed","ping_status":"closed","sticky":false,"template":"","format":"standard","meta":{"spay_email":"","jetpack_publicize_message":"","jetpack_is_tweetstorm":false,"jetpack_publicize_feature_enabled":true},"categories":[1,6],"tags":[],"jetpack_publicize_connections":[],"yoast_head":"<!-- This site is optimized with the Yoast SEO plugin v19.1 - https:\/\/yoast.com\/wordpress\/plugins\/seo\/ -->\n<title>Ulqin: Zyrtar\u00eb t\u00eb Komun\u00ebs s\u00eb Ulqinit u takuan me an\u00ebtar\u00ebt e Komisionit p\u00ebr Sh\u00ebndet\u00ebsi, Pun\u00eb dhe Mir\u00ebqenie Sociale nga Kuvendi i Kosov\u00ebs - Lajme nga Ulqini<\/title>\n<meta name=\"description\" content=\"N\u00eb Mal t\u00eb Zi po q\u00ebndrojn\u00eb\u00a0p\u00ebr vizit\u00eb zyrtare\u00a0an\u00ebtar\u00ebt e Komisionit p\u00ebr Sh\u00ebndet\u00ebsi, Pun\u00eb\u00a0dhe Mir\u00ebqenie sociale\u00a0t\u00eb\u00a0Kuvendit t\u00eb Kosov\u00ebs, kryesuar\u00a0nga\" \/>\n<meta name=\"robots\" content=\"index, follow, max-snippet:-1, max-image-preview:large, max-video-preview:-1\" \/>\n<link rel=\"canonical\" href=\"https:\/\/www.visit-ulcinj.com\/blog\/2015\/10\/26\/ulqin-zyrtare-te-komunes-se-ulqinit-u-takuan-anetaret-e-komisionit-per-shendetesi-pune-dhe-mireqenie-sociale-nga-kuvendi-kosoves\/\" \/>\n<meta property=\"og:locale\" content=\"en_US\" \/>\n<meta property=\"og:type\" content=\"article\" \/>\n<meta property=\"og:title\" content=\"Ulqin: Zyrtar\u00eb t\u00eb Komun\u00ebs s\u00eb Ulqinit u takuan me an\u00ebtar\u00ebt e Komisionit p\u00ebr Sh\u00ebndet\u00ebsi, Pun\u00eb dhe Mir\u00ebqenie Sociale nga Kuvendi i Kosov\u00ebs - Lajme nga Ulqini\" \/>\n<meta property=\"og:description\" content=\"N\u00eb Mal t\u00eb Zi po q\u00ebndrojn\u00eb\u00a0p\u00ebr vizit\u00eb zyrtare\u00a0an\u00ebtar\u00ebt e Komisionit p\u00ebr Sh\u00ebndet\u00ebsi, Pun\u00eb\u00a0dhe Mir\u00ebqenie sociale\u00a0t\u00eb\u00a0Kuvendit t\u00eb Kosov\u00ebs, kryesuar\u00a0nga\" \/>\n<meta property=\"og:url\" content=\"https:\/\/www.visit-ulcinj.com\/blog\/2015\/10\/26\/ulqin-zyrtare-te-komunes-se-ulqinit-u-takuan-anetaret-e-komisionit-per-shendetesi-pune-dhe-mireqenie-sociale-nga-kuvendi-kosoves\/\" \/>\n<meta property=\"og:site_name\" content=\"Lajme nga Ulqini\" \/>\n<meta property=\"article:published_time\" content=\"2015-10-26T15:44:55+00:00\" \/>\n<meta property=\"article:modified_time\" content=\"2015-10-27T13:14:22+00:00\" \/>\n<meta property=\"og:image\" content=\"http:\/\/www.visit-ulcinj.com\/blog\/wp-content\/uploads\/2015\/10\/Vizita-shendetesis-Kosoves-Komunes-Ulqinit-.jpg\" \/>\n<meta name=\"twitter:label1\" content=\"Written by\" \/>\n\t<meta name=\"twitter:data1\" content=\"ulqini\" \/>\n\t<meta name=\"twitter:label2\" content=\"Est. reading time\" \/>\n\t<meta name=\"twitter:data2\" content=\"3 minutes\" \/>\n<script type=\"application\/ld+json\" class=\"yoast-schema-graph\">{\"@context\":\"https:\/\/schema.org\",\"@graph\":[{\"@type\":\"WebSite\",\"@id\":\"https:\/\/www.visit-ulcinj.com\/blog\/#website\",\"url\":\"https:\/\/www.visit-ulcinj.com\/blog\/\",\"name\":\"Lajme nga Ulqini\",\"description\":\"Lajme,Vijesti,Ulqini,Ulqin,Crna Gora,Mali i Zi\",\"potentialAction\":[{\"@type\":\"SearchAction\",\"target\":{\"@type\":\"EntryPoint\",\"urlTemplate\":\"https:\/\/www.visit-ulcinj.com\/blog\/?s={search_term_string}\"},\"query-input\":\"required name=search_term_string\"}],\"inLanguage\":\"en-US\"},{\"@type\":\"ImageObject\",\"inLanguage\":\"en-US\",\"@id\":\"https:\/\/www.visit-ulcinj.com\/blog\/2015\/10\/26\/ulqin-zyrtare-te-komunes-se-ulqinit-u-takuan-anetaret-e-komisionit-per-shendetesi-pune-dhe-mireqenie-sociale-nga-kuvendi-kosoves\/#primaryimage\",\"url\":\"https:\/\/www.visit-ulcinj.com\/blog\/wp-content\/uploads\/2015\/10\/Vizita-shendetesis-Kosoves-Komunes-Ulqinit-.jpg\",\"contentUrl\":\"https:\/\/www.visit-ulcinj.com\/blog\/wp-content\/uploads\/2015\/10\/Vizita-shendetesis-Kosoves-Komunes-Ulqinit-.jpg\",\"width\":999,\"height\":678},{\"@type\":\"WebPage\",\"@id\":\"https:\/\/www.visit-ulcinj.com\/blog\/2015\/10\/26\/ulqin-zyrtare-te-komunes-se-ulqinit-u-takuan-anetaret-e-komisionit-per-shendetesi-pune-dhe-mireqenie-sociale-nga-kuvendi-kosoves\/#webpage\",\"url\":\"https:\/\/www.visit-ulcinj.com\/blog\/2015\/10\/26\/ulqin-zyrtare-te-komunes-se-ulqinit-u-takuan-anetaret-e-komisionit-per-shendetesi-pune-dhe-mireqenie-sociale-nga-kuvendi-kosoves\/\",\"name\":\"Ulqin: Zyrtar\u00eb t\u00eb Komun\u00ebs s\u00eb Ulqinit u takuan me an\u00ebtar\u00ebt e Komisionit p\u00ebr Sh\u00ebndet\u00ebsi, Pun\u00eb dhe Mir\u00ebqenie Sociale nga Kuvendi i Kosov\u00ebs - Lajme nga Ulqini\",\"isPartOf\":{\"@id\":\"https:\/\/www.visit-ulcinj.com\/blog\/#website\"},\"primaryImageOfPage\":{\"@id\":\"https:\/\/www.visit-ulcinj.com\/blog\/2015\/10\/26\/ulqin-zyrtare-te-komunes-se-ulqinit-u-takuan-anetaret-e-komisionit-per-shendetesi-pune-dhe-mireqenie-sociale-nga-kuvendi-kosoves\/#primaryimage\"},\"datePublished\":\"2015-10-26T15:44:55+00:00\",\"dateModified\":\"2015-10-27T13:14:22+00:00\",\"author\":{\"@id\":\"https:\/\/www.visit-ulcinj.com\/blog\/#\/schema\/person\/dcab619c614d3038751c63bc2aadc06d\"},\"description\":\"N\u00eb Mal t\u00eb Zi po q\u00ebndrojn\u00eb\u00a0p\u00ebr vizit\u00eb zyrtare\u00a0an\u00ebtar\u00ebt e Komisionit p\u00ebr Sh\u00ebndet\u00ebsi, Pun\u00eb\u00a0dhe Mir\u00ebqenie sociale\u00a0t\u00eb\u00a0Kuvendit t\u00eb Kosov\u00ebs, kryesuar\u00a0nga\",\"breadcrumb\":{\"@id\":\"https:\/\/www.visit-ulcinj.com\/blog\/2015\/10\/26\/ulqin-zyrtare-te-komunes-se-ulqinit-u-takuan-anetaret-e-komisionit-per-shendetesi-pune-dhe-mireqenie-sociale-nga-kuvendi-kosoves\/#breadcrumb\"},\"inLanguage\":\"en-US\",\"potentialAction\":[{\"@type\":\"ReadAction\",\"target\":[\"https:\/\/www.visit-ulcinj.com\/blog\/2015\/10\/26\/ulqin-zyrtare-te-komunes-se-ulqinit-u-takuan-anetaret-e-komisionit-per-shendetesi-pune-dhe-mireqenie-sociale-nga-kuvendi-kosoves\/\"]}]},{\"@type\":\"BreadcrumbList\",\"@id\":\"https:\/\/www.visit-ulcinj.com\/blog\/2015\/10\/26\/ulqin-zyrtare-te-komunes-se-ulqinit-u-takuan-anetaret-e-komisionit-per-shendetesi-pune-dhe-mireqenie-sociale-nga-kuvendi-kosoves\/#breadcrumb\",\"itemListElement\":[{\"@type\":\"ListItem\",\"position\":1,\"name\":\"Ulqin: Zyrtar\u00eb t\u00eb Komun\u00ebs s\u00eb Ulqinit u takuan me an\u00ebtar\u00ebt e Komisionit p\u00ebr Sh\u00ebndet\u00ebsi, Pun\u00eb dhe Mir\u00ebqenie Sociale nga Kuvendi i Kosov\u00ebs\"}]},{\"@type\":\"Person\",\"@id\":\"https:\/\/www.visit-ulcinj.com\/blog\/#\/schema\/person\/dcab619c614d3038751c63bc2aadc06d\",\"name\":\"ulqini\",\"sameAs\":[\"http:\/\/www.visit-ulcinj.com\"],\"url\":\"https:\/\/www.visit-ulcinj.com\/blog\/author\/admin\/\"}]}<\/script>\n<!-- \/ Yoast SEO plugin. -->","yoast_head_json":{"title":"Ulqin: Zyrtar\u00eb t\u00eb Komun\u00ebs s\u00eb Ulqinit u takuan me an\u00ebtar\u00ebt e Komisionit p\u00ebr Sh\u00ebndet\u00ebsi, Pun\u00eb dhe Mir\u00ebqenie Sociale nga Kuvendi i Kosov\u00ebs - Lajme nga Ulqini","description":"N\u00eb Mal t\u00eb Zi po q\u00ebndrojn\u00eb\u00a0p\u00ebr vizit\u00eb zyrtare\u00a0an\u00ebtar\u00ebt e Komisionit p\u00ebr Sh\u00ebndet\u00ebsi, Pun\u00eb\u00a0dhe Mir\u00ebqenie sociale\u00a0t\u00eb\u00a0Kuvendit t\u00eb Kosov\u00ebs, kryesuar\u00a0nga","robots":{"index":"index","follow":"follow","max-snippet":"max-snippet:-1","max-image-preview":"max-image-preview:large","max-video-preview":"max-video-preview:-1"},"canonical":"https:\/\/www.visit-ulcinj.com\/blog\/2015\/10\/26\/ulqin-zyrtare-te-komunes-se-ulqinit-u-takuan-anetaret-e-komisionit-per-shendetesi-pune-dhe-mireqenie-sociale-nga-kuvendi-kosoves\/","og_locale":"en_US","og_type":"article","og_title":"Ulqin: Zyrtar\u00eb t\u00eb Komun\u00ebs s\u00eb Ulqinit u takuan me an\u00ebtar\u00ebt e Komisionit p\u00ebr Sh\u00ebndet\u00ebsi, Pun\u00eb dhe Mir\u00ebqenie Sociale nga Kuvendi i Kosov\u00ebs - Lajme nga Ulqini","og_description":"N\u00eb Mal t\u00eb Zi po q\u00ebndrojn\u00eb\u00a0p\u00ebr vizit\u00eb zyrtare\u00a0an\u00ebtar\u00ebt e Komisionit p\u00ebr Sh\u00ebndet\u00ebsi, Pun\u00eb\u00a0dhe Mir\u00ebqenie sociale\u00a0t\u00eb\u00a0Kuvendit t\u00eb Kosov\u00ebs, kryesuar\u00a0nga","og_url":"https:\/\/www.visit-ulcinj.com\/blog\/2015\/10\/26\/ulqin-zyrtare-te-komunes-se-ulqinit-u-takuan-anetaret-e-komisionit-per-shendetesi-pune-dhe-mireqenie-sociale-nga-kuvendi-kosoves\/","og_site_name":"Lajme nga Ulqini","article_published_time":"2015-10-26T15:44:55+00:00","article_modified_time":"2015-10-27T13:14:22+00:00","og_image":[{"url":"http:\/\/www.visit-ulcinj.com\/blog\/wp-content\/uploads\/2015\/10\/Vizita-shendetesis-Kosoves-Komunes-Ulqinit-.jpg"}],"twitter_misc":{"Written by":"ulqini","Est. reading time":"3 minutes"},"schema":{"@context":"https:\/\/schema.org","@graph":[{"@type":"WebSite","@id":"https:\/\/www.visit-ulcinj.com\/blog\/#website","url":"https:\/\/www.visit-ulcinj.com\/blog\/","name":"Lajme nga Ulqini","description":"Lajme,Vijesti,Ulqini,Ulqin,Crna Gora,Mali i Zi","potentialAction":[{"@type":"SearchAction","target":{"@type":"EntryPoint","urlTemplate":"https:\/\/www.visit-ulcinj.com\/blog\/?s={search_term_string}"},"query-input":"required name=search_term_string"}],"inLanguage":"en-US"},{"@type":"ImageObject","inLanguage":"en-US","@id":"https:\/\/www.visit-ulcinj.com\/blog\/2015\/10\/26\/ulqin-zyrtare-te-komunes-se-ulqinit-u-takuan-anetaret-e-komisionit-per-shendetesi-pune-dhe-mireqenie-sociale-nga-kuvendi-kosoves\/#primaryimage","url":"https:\/\/www.visit-ulcinj.com\/blog\/wp-content\/uploads\/2015\/10\/Vizita-shendetesis-Kosoves-Komunes-Ulqinit-.jpg","contentUrl":"https:\/\/www.visit-ulcinj.com\/blog\/wp-content\/uploads\/2015\/10\/Vizita-shendetesis-Kosoves-Komunes-Ulqinit-.jpg","width":999,"height":678},{"@type":"WebPage","@id":"https:\/\/www.visit-ulcinj.com\/blog\/2015\/10\/26\/ulqin-zyrtare-te-komunes-se-ulqinit-u-takuan-anetaret-e-komisionit-per-shendetesi-pune-dhe-mireqenie-sociale-nga-kuvendi-kosoves\/#webpage","url":"https:\/\/www.visit-ulcinj.com\/blog\/2015\/10\/26\/ulqin-zyrtare-te-komunes-se-ulqinit-u-takuan-anetaret-e-komisionit-per-shendetesi-pune-dhe-mireqenie-sociale-nga-kuvendi-kosoves\/","name":"Ulqin: Zyrtar\u00eb t\u00eb Komun\u00ebs s\u00eb Ulqinit u takuan me an\u00ebtar\u00ebt e Komisionit p\u00ebr Sh\u00ebndet\u00ebsi, Pun\u00eb dhe Mir\u00ebqenie Sociale nga Kuvendi i Kosov\u00ebs - Lajme nga Ulqini","isPartOf":{"@id":"https:\/\/www.visit-ulcinj.com\/blog\/#website"},"primaryImageOfPage":{"@id":"https:\/\/www.visit-ulcinj.com\/blog\/2015\/10\/26\/ulqin-zyrtare-te-komunes-se-ulqinit-u-takuan-anetaret-e-komisionit-per-shendetesi-pune-dhe-mireqenie-sociale-nga-kuvendi-kosoves\/#primaryimage"},"datePublished":"2015-10-26T15:44:55+00:00","dateModified":"2015-10-27T13:14:22+00:00","author":{"@id":"https:\/\/www.visit-ulcinj.com\/blog\/#\/schema\/person\/dcab619c614d3038751c63bc2aadc06d"},"description":"N\u00eb Mal t\u00eb Zi po q\u00ebndrojn\u00eb\u00a0p\u00ebr vizit\u00eb zyrtare\u00a0an\u00ebtar\u00ebt e Komisionit p\u00ebr Sh\u00ebndet\u00ebsi, Pun\u00eb\u00a0dhe Mir\u00ebqenie sociale\u00a0t\u00eb\u00a0Kuvendit t\u00eb Kosov\u00ebs, kryesuar\u00a0nga","breadcrumb":{"@id":"https:\/\/www.visit-ulcinj.com\/blog\/2015\/10\/26\/ulqin-zyrtare-te-komunes-se-ulqinit-u-takuan-anetaret-e-komisionit-per-shendetesi-pune-dhe-mireqenie-sociale-nga-kuvendi-kosoves\/#breadcrumb"},"inLanguage":"en-US","potentialAction":[{"@type":"ReadAction","target":["https:\/\/www.visit-ulcinj.com\/blog\/2015\/10\/26\/ulqin-zyrtare-te-komunes-se-ulqinit-u-takuan-anetaret-e-komisionit-per-shendetesi-pune-dhe-mireqenie-sociale-nga-kuvendi-kosoves\/"]}]},{"@type":"BreadcrumbList","@id":"https:\/\/www.visit-ulcinj.com\/blog\/2015\/10\/26\/ulqin-zyrtare-te-komunes-se-ulqinit-u-takuan-anetaret-e-komisionit-per-shendetesi-pune-dhe-mireqenie-sociale-nga-kuvendi-kosoves\/#breadcrumb","itemListElement":[{"@type":"ListItem","position":1,"name":"Ulqin: Zyrtar\u00eb t\u00eb Komun\u00ebs s\u00eb Ulqinit u takuan me an\u00ebtar\u00ebt e Komisionit p\u00ebr Sh\u00ebndet\u00ebsi, Pun\u00eb dhe Mir\u00ebqenie Sociale nga Kuvendi i Kosov\u00ebs"}]},{"@type":"Person","@id":"https:\/\/www.visit-ulcinj.com\/blog\/#\/schema\/person\/dcab619c614d3038751c63bc2aadc06d","name":"ulqini","sameAs":["http:\/\/www.visit-ulcinj.com"],"url":"https:\/\/www.visit-ulcinj.com\/blog\/author\/admin\/"}]}},"jetpack_featured_media_url":"","jetpack_sharing_enabled":true,"jetpack_shortlink":"https:\/\/wp.me\/pe6lTn-o9T","_links":{"self":[{"href":"https:\/\/www.visit-ulcinj.com\/blog\/wp-json\/wp\/v2\/posts\/92869"}],"collection":[{"href":"https:\/\/www.visit-ulcinj.com\/blog\/wp-json\/wp\/v2\/posts"}],"about":[{"href":"https:\/\/www.visit-ulcinj.com\/blog\/wp-json\/wp\/v2\/types\/post"}],"author":[{"embeddable":true,"href":"https:\/\/www.visit-ulcinj.com\/blog\/wp-json\/wp\/v2\/users\/1"}],"replies":[{"embeddable":true,"href":"https:\/\/www.visit-ulcinj.com\/blog\/wp-json\/wp\/v2\/comments?post=92869"}],"version-history":[{"count":1,"href":"https:\/\/www.visit-ulcinj.com\/blog\/wp-json\/wp\/v2\/posts\/92869\/revisions"}],"predecessor-version":[{"id":92871,"href":"https:\/\/www.visit-ulcinj.com\/blog\/wp-json\/wp\/v2\/posts\/92869\/revisions\/92871"}],"wp:attachment":[{"href":"https:\/\/www.visit-ulcinj.com\/blog\/wp-json\/wp\/v2\/media?parent=92869"}],"wp:term":[{"taxonomy":"category","embeddable":true,"href":"https:\/\/www.visit-ulcinj.com\/blog\/wp-json\/wp\/v2\/categories?post=92869"},{"taxonomy":"post_tag","embeddable":true,"href":"https:\/\/www.visit-ulcinj.com\/blog\/wp-json\/wp\/v2\/tags?post=92869"}],"curies":[{"name":"wp","href":"https:\/\/api.w.org\/{rel}","templated":true}]}}