{"id":92872,"date":"2015-10-26T17:34:30","date_gmt":"2015-10-26T16:34:30","guid":{"rendered":"http:\/\/www.visit-ulcinj.com\/blog\/?p=92872"},"modified":"2015-10-26T17:36:22","modified_gmt":"2015-10-26T16:36:22","slug":"kksh-ja-denon-gjuajtjen-drejte-ambasades-se-shqiperise","status":"publish","type":"post","link":"https:\/\/www.visit-ulcinj.com\/blog\/2015\/10\/26\/kksh-ja-denon-gjuajtjen-drejte-ambasades-se-shqiperise\/","title":{"rendered":"KKSH-ja denon gjuajtjen drejt\u00eb Ambasad\u00ebs s\u00eb Shqip\u00ebris\u00eb"},"content":{"rendered":"<p><a href=\"http:\/\/www.visit-ulcinj.com\/blog\/wp-content\/uploads\/2015\/09\/Keshilli-Kombetar.png\"><img loading=\"lazy\" class=\"alignleft wp-image-92132\" src=\"http:\/\/www.visit-ulcinj.com\/blog\/wp-content\/uploads\/2015\/09\/Keshilli-Kombetar.png\" alt=\"Keshilli Kombetar\" width=\"508\" height=\"72\" srcset=\"https:\/\/www.visit-ulcinj.com\/blog\/wp-content\/uploads\/2015\/09\/Keshilli-Kombetar.png 996w, https:\/\/www.visit-ulcinj.com\/blog\/wp-content\/uploads\/2015\/09\/Keshilli-Kombetar-300x43.png 300w\" sizes=\"(max-width: 508px) 100vw, 508px\" \/><\/a>Me rastin e protestave t\u00eb organizuara para ca dit\u00ebsh nga nj\u00eb pjes\u00eb e opozit\u00ebs n\u00eb Mal t\u00eb Zi, erdhi deri tek disa incidente, p\u00ebr t\u00eb cil\u00ebt un\u00eb, si deputet shqiptar n\u00eb Kuvendin e Malit t\u00eb Zi dhe si kryetar i K\u00ebshillit Komb\u00ebtar t\u00eb Shqiptar\u00ebve n\u00eb Mal t\u00eb Zi, e ndiej t\u00eb nevojsh\u00ebm\u00a0 reagimin.<br \/>\nFillimisht, shpreh shqet\u00ebsim p\u00ebr gjestin e ul\u00ebt, at\u00eb t\u00eb gjuajtjes n\u00eb drejtim t\u00eb Ambasad\u00ebs s\u00eb Shqip\u00ebris\u00eb n\u00eb Mal t\u00eb Zi, gjest ky fare i panevojsh\u00ebm t\u00eb cilin e denojm\u00eb dhe e vler\u00ebsojm\u00eb, jo vet\u00ebm kund\u00ebr Ambasad\u00ebs s\u00eb Shqip\u00ebris\u00eb, por edhe si q\u00ebndrim ndaj shqiptar\u00ebve n\u00eb t\u00ebr\u00ebsi. Jam dakord q\u00eb populli t\u00eb shpreh\u00eb pak\u00ebnaq\u00ebsit\u00eb me format demokratike, por kurr\u00ebsesi ta shfaq\u00eb shqet\u00ebsimin duke u treguar t\u00eb dhunsh\u00ebm, mbi t\u00eb gjitha, t\u00eb dhunsh\u00ebm ndaj dikujt q\u00eb nuk ka asnj\u00ebfar\u00eb p\u00ebrgjegj\u00ebsie p\u00ebr proceset politike n\u00eb Mal t\u00eb Zi.<\/p>\n<p><a href=\"http:\/\/www.visit-ulcinj.com\/blog\/wp-content\/uploads\/2015\/10\/Ambasada-e-Shqip\u00ebris\u00eb-NE-Mal-te-zi.jpg\"><img loading=\"lazy\" class=\"alignleft wp-image-92864\" src=\"http:\/\/www.visit-ulcinj.com\/blog\/wp-content\/uploads\/2015\/10\/Ambasada-e-Shqip\u00ebris\u00eb-NE-Mal-te-zi.jpg\" alt=\"Ambasada e Shqip\u00ebris\u00eb NE Mal te zi\" width=\"508\" height=\"764\" srcset=\"https:\/\/www.visit-ulcinj.com\/blog\/wp-content\/uploads\/2015\/10\/Ambasada-e-Shqip\u00ebris\u00eb-NE-Mal-te-zi.jpg 620w, https:\/\/www.visit-ulcinj.com\/blog\/wp-content\/uploads\/2015\/10\/Ambasada-e-Shqip\u00ebris\u00eb-NE-Mal-te-zi-199x300.jpg 199w\" sizes=\"(max-width: 508px) 100vw, 508px\" \/><\/a><\/p>\n<p>Edhe dhuna drejtuar organeve t\u00eb siguris\u00eb \u00ebsht\u00eb gjest q\u00eb duhet denuar. T\u00eb diskutohet p\u00ebr problemet dhe t\u00eb k\u00ebrkohet zgjidhja e mir\u00ebfillt\u00eb n\u00eb institucione, duke u bazuar tek dialogu dhe vullneti i mir\u00eb, ky, mendoj, do t\u00eb ishte nj\u00eb sugjerim i mir\u00eb.<br \/>\nKemi apeluar para se t\u00eb ndodhte, po apelojm\u00eb p\u00ebrs\u00ebri, duke theksuar se secili incident \u00ebsht\u00eb nj\u00eb hap prapa n\u00eb demokratizimin e Malit t\u00eb Zi dhe n\u00eb rrug\u00ebn ton\u00eb t\u00eb integrimeve. Si qytetar\u00eb t\u00eb kujdessh\u00ebm, duhet t\u00eb\u00a0 veprojm\u00eb me maturi, t\u00eb shp\u00ebrndajm\u00eb paqe, toleranc\u00eb dhe zgjidhjet e problemeve t\u2019i arrjm\u00eb p\u00ebrmes dialogut, si\u00e7 u shkon p\u00ebrshtat vendeve demokratike.<\/p>\n<p>Andaj i b\u00ebjm\u00eb thirrje t\u00eb gjith\u00eb udh\u00ebheq\u00ebsve politik, q\u00eb me retorik\u00ebn dhe veprimet e veta, t\u00eb reagojn\u00eb dhe n\u00eb m\u00ebnyr\u00ebn m\u00eb serioze dhe m\u00eb t\u00eb p\u00ebrgjegj\u00ebshme t\u00eb qet\u00ebsojn\u00eb tensionet e panevojshme.<\/p>\n<p>Me respekt,<\/p>\n<p>Kryetari<\/p>\n<p>Genci Nimanbegu<\/p>\n<p><strong>Burimi: knsh.me<\/strong><\/p>\n","protected":false},"excerpt":{"rendered":"<p>Me rastin e protestave t\u00eb organizuara para ca dit\u00ebsh nga nj\u00eb pjes\u00eb e opozit\u00ebs n\u00eb Mal t\u00eb Zi, erdhi deri tek disa incidente, p\u00ebr t\u00eb cil\u00ebt un\u00eb, si deputet shqiptar n\u00eb Kuvendin e Malit t\u00eb Zi dhe si kryetar i K\u00ebshillit Komb\u00ebtar t\u00eb Shqiptar\u00ebve n\u00eb Mal t\u00eb Zi, e ndiej t\u00eb nevojsh\u00ebm\u00a0 reagimin. Fillimisht, shpreh [&hellip;]<\/p>\n","protected":false},"author":1,"featured_media":0,"comment_status":"closed","ping_status":"closed","sticky":false,"template":"","format":"standard","meta":{"spay_email":"","jetpack_publicize_message":"","jetpack_is_tweetstorm":false,"jetpack_publicize_feature_enabled":true},"categories":[12],"tags":[],"jetpack_publicize_connections":[],"yoast_head":"<!-- This site is optimized with the Yoast SEO plugin v19.1 - https:\/\/yoast.com\/wordpress\/plugins\/seo\/ -->\n<title>KKSH-ja denon gjuajtjen drejt\u00eb Ambasad\u00ebs s\u00eb Shqip\u00ebris\u00eb - Lajme nga Ulqini<\/title>\n<meta name=\"description\" content=\"Me rastin e protestave t\u00eb organizuara para ca dit\u00ebsh nga nj\u00eb pjes\u00eb e opozit\u00ebs n\u00eb Mal t\u00eb Zi, erdhi deri tek disa incidente, p\u00ebr t\u00eb cil\u00ebt un\u00eb, si deputet\" \/>\n<meta name=\"robots\" content=\"index, follow, max-snippet:-1, max-image-preview:large, max-video-preview:-1\" \/>\n<link rel=\"canonical\" href=\"https:\/\/www.visit-ulcinj.com\/blog\/2015\/10\/26\/kksh-ja-denon-gjuajtjen-drejte-ambasades-se-shqiperise\/\" \/>\n<meta property=\"og:locale\" content=\"en_US\" \/>\n<meta property=\"og:type\" content=\"article\" \/>\n<meta property=\"og:title\" content=\"KKSH-ja denon gjuajtjen drejt\u00eb Ambasad\u00ebs s\u00eb Shqip\u00ebris\u00eb - Lajme nga Ulqini\" \/>\n<meta property=\"og:description\" content=\"Me rastin e protestave t\u00eb organizuara para ca dit\u00ebsh nga nj\u00eb pjes\u00eb e opozit\u00ebs n\u00eb Mal t\u00eb Zi, erdhi deri tek disa incidente, p\u00ebr t\u00eb cil\u00ebt un\u00eb, si deputet\" \/>\n<meta property=\"og:url\" content=\"https:\/\/www.visit-ulcinj.com\/blog\/2015\/10\/26\/kksh-ja-denon-gjuajtjen-drejte-ambasades-se-shqiperise\/\" \/>\n<meta property=\"og:site_name\" content=\"Lajme nga Ulqini\" \/>\n<meta property=\"article:published_time\" content=\"2015-10-26T16:34:30+00:00\" \/>\n<meta property=\"article:modified_time\" content=\"2015-10-26T16:36:22+00:00\" \/>\n<meta property=\"og:image\" content=\"http:\/\/www.visit-ulcinj.com\/blog\/wp-content\/uploads\/2015\/09\/Keshilli-Kombetar.png\" \/>\n<meta name=\"twitter:label1\" content=\"Written by\" \/>\n\t<meta name=\"twitter:data1\" content=\"ulqini\" \/>\n\t<meta name=\"twitter:label2\" content=\"Est. reading time\" \/>\n\t<meta name=\"twitter:data2\" content=\"2 minutes\" \/>\n<script type=\"application\/ld+json\" class=\"yoast-schema-graph\">{\"@context\":\"https:\/\/schema.org\",\"@graph\":[{\"@type\":\"WebSite\",\"@id\":\"https:\/\/www.visit-ulcinj.com\/blog\/#website\",\"url\":\"https:\/\/www.visit-ulcinj.com\/blog\/\",\"name\":\"Lajme nga Ulqini\",\"description\":\"Lajme,Vijesti,Ulqini,Ulqin,Crna Gora,Mali i Zi\",\"potentialAction\":[{\"@type\":\"SearchAction\",\"target\":{\"@type\":\"EntryPoint\",\"urlTemplate\":\"https:\/\/www.visit-ulcinj.com\/blog\/?s={search_term_string}\"},\"query-input\":\"required name=search_term_string\"}],\"inLanguage\":\"en-US\"},{\"@type\":\"ImageObject\",\"inLanguage\":\"en-US\",\"@id\":\"https:\/\/www.visit-ulcinj.com\/blog\/2015\/10\/26\/kksh-ja-denon-gjuajtjen-drejte-ambasades-se-shqiperise\/#primaryimage\",\"url\":\"https:\/\/www.visit-ulcinj.com\/blog\/wp-content\/uploads\/2015\/09\/Keshilli-Kombetar.png\",\"contentUrl\":\"https:\/\/www.visit-ulcinj.com\/blog\/wp-content\/uploads\/2015\/09\/Keshilli-Kombetar.png\",\"width\":996,\"height\":142},{\"@type\":\"WebPage\",\"@id\":\"https:\/\/www.visit-ulcinj.com\/blog\/2015\/10\/26\/kksh-ja-denon-gjuajtjen-drejte-ambasades-se-shqiperise\/#webpage\",\"url\":\"https:\/\/www.visit-ulcinj.com\/blog\/2015\/10\/26\/kksh-ja-denon-gjuajtjen-drejte-ambasades-se-shqiperise\/\",\"name\":\"KKSH-ja denon gjuajtjen drejt\u00eb Ambasad\u00ebs s\u00eb Shqip\u00ebris\u00eb - Lajme nga Ulqini\",\"isPartOf\":{\"@id\":\"https:\/\/www.visit-ulcinj.com\/blog\/#website\"},\"primaryImageOfPage\":{\"@id\":\"https:\/\/www.visit-ulcinj.com\/blog\/2015\/10\/26\/kksh-ja-denon-gjuajtjen-drejte-ambasades-se-shqiperise\/#primaryimage\"},\"datePublished\":\"2015-10-26T16:34:30+00:00\",\"dateModified\":\"2015-10-26T16:36:22+00:00\",\"author\":{\"@id\":\"https:\/\/www.visit-ulcinj.com\/blog\/#\/schema\/person\/dcab619c614d3038751c63bc2aadc06d\"},\"description\":\"Me rastin e protestave t\u00eb organizuara para ca dit\u00ebsh nga nj\u00eb pjes\u00eb e opozit\u00ebs n\u00eb Mal t\u00eb Zi, erdhi deri tek disa incidente, p\u00ebr t\u00eb cil\u00ebt un\u00eb, si deputet\",\"breadcrumb\":{\"@id\":\"https:\/\/www.visit-ulcinj.com\/blog\/2015\/10\/26\/kksh-ja-denon-gjuajtjen-drejte-ambasades-se-shqiperise\/#breadcrumb\"},\"inLanguage\":\"en-US\",\"potentialAction\":[{\"@type\":\"ReadAction\",\"target\":[\"https:\/\/www.visit-ulcinj.com\/blog\/2015\/10\/26\/kksh-ja-denon-gjuajtjen-drejte-ambasades-se-shqiperise\/\"]}]},{\"@type\":\"BreadcrumbList\",\"@id\":\"https:\/\/www.visit-ulcinj.com\/blog\/2015\/10\/26\/kksh-ja-denon-gjuajtjen-drejte-ambasades-se-shqiperise\/#breadcrumb\",\"itemListElement\":[{\"@type\":\"ListItem\",\"position\":1,\"name\":\"KKSH-ja denon gjuajtjen drejt\u00eb Ambasad\u00ebs s\u00eb Shqip\u00ebris\u00eb\"}]},{\"@type\":\"Person\",\"@id\":\"https:\/\/www.visit-ulcinj.com\/blog\/#\/schema\/person\/dcab619c614d3038751c63bc2aadc06d\",\"name\":\"ulqini\",\"sameAs\":[\"http:\/\/www.visit-ulcinj.com\"],\"url\":\"https:\/\/www.visit-ulcinj.com\/blog\/author\/admin\/\"}]}<\/script>\n<!-- \/ Yoast SEO plugin. -->","yoast_head_json":{"title":"KKSH-ja denon gjuajtjen drejt\u00eb Ambasad\u00ebs s\u00eb Shqip\u00ebris\u00eb - Lajme nga Ulqini","description":"Me rastin e protestave t\u00eb organizuara para ca dit\u00ebsh nga nj\u00eb pjes\u00eb e opozit\u00ebs n\u00eb Mal t\u00eb Zi, erdhi deri tek disa incidente, p\u00ebr t\u00eb cil\u00ebt un\u00eb, si deputet","robots":{"index":"index","follow":"follow","max-snippet":"max-snippet:-1","max-image-preview":"max-image-preview:large","max-video-preview":"max-video-preview:-1"},"canonical":"https:\/\/www.visit-ulcinj.com\/blog\/2015\/10\/26\/kksh-ja-denon-gjuajtjen-drejte-ambasades-se-shqiperise\/","og_locale":"en_US","og_type":"article","og_title":"KKSH-ja denon gjuajtjen drejt\u00eb Ambasad\u00ebs s\u00eb Shqip\u00ebris\u00eb - Lajme nga Ulqini","og_description":"Me rastin e protestave t\u00eb organizuara para ca dit\u00ebsh nga nj\u00eb pjes\u00eb e opozit\u00ebs n\u00eb Mal t\u00eb Zi, erdhi deri tek disa incidente, p\u00ebr t\u00eb cil\u00ebt un\u00eb, si deputet","og_url":"https:\/\/www.visit-ulcinj.com\/blog\/2015\/10\/26\/kksh-ja-denon-gjuajtjen-drejte-ambasades-se-shqiperise\/","og_site_name":"Lajme nga Ulqini","article_published_time":"2015-10-26T16:34:30+00:00","article_modified_time":"2015-10-26T16:36:22+00:00","og_image":[{"url":"http:\/\/www.visit-ulcinj.com\/blog\/wp-content\/uploads\/2015\/09\/Keshilli-Kombetar.png"}],"twitter_misc":{"Written by":"ulqini","Est. reading time":"2 minutes"},"schema":{"@context":"https:\/\/schema.org","@graph":[{"@type":"WebSite","@id":"https:\/\/www.visit-ulcinj.com\/blog\/#website","url":"https:\/\/www.visit-ulcinj.com\/blog\/","name":"Lajme nga Ulqini","description":"Lajme,Vijesti,Ulqini,Ulqin,Crna Gora,Mali i Zi","potentialAction":[{"@type":"SearchAction","target":{"@type":"EntryPoint","urlTemplate":"https:\/\/www.visit-ulcinj.com\/blog\/?s={search_term_string}"},"query-input":"required name=search_term_string"}],"inLanguage":"en-US"},{"@type":"ImageObject","inLanguage":"en-US","@id":"https:\/\/www.visit-ulcinj.com\/blog\/2015\/10\/26\/kksh-ja-denon-gjuajtjen-drejte-ambasades-se-shqiperise\/#primaryimage","url":"https:\/\/www.visit-ulcinj.com\/blog\/wp-content\/uploads\/2015\/09\/Keshilli-Kombetar.png","contentUrl":"https:\/\/www.visit-ulcinj.com\/blog\/wp-content\/uploads\/2015\/09\/Keshilli-Kombetar.png","width":996,"height":142},{"@type":"WebPage","@id":"https:\/\/www.visit-ulcinj.com\/blog\/2015\/10\/26\/kksh-ja-denon-gjuajtjen-drejte-ambasades-se-shqiperise\/#webpage","url":"https:\/\/www.visit-ulcinj.com\/blog\/2015\/10\/26\/kksh-ja-denon-gjuajtjen-drejte-ambasades-se-shqiperise\/","name":"KKSH-ja denon gjuajtjen drejt\u00eb Ambasad\u00ebs s\u00eb Shqip\u00ebris\u00eb - Lajme nga Ulqini","isPartOf":{"@id":"https:\/\/www.visit-ulcinj.com\/blog\/#website"},"primaryImageOfPage":{"@id":"https:\/\/www.visit-ulcinj.com\/blog\/2015\/10\/26\/kksh-ja-denon-gjuajtjen-drejte-ambasades-se-shqiperise\/#primaryimage"},"datePublished":"2015-10-26T16:34:30+00:00","dateModified":"2015-10-26T16:36:22+00:00","author":{"@id":"https:\/\/www.visit-ulcinj.com\/blog\/#\/schema\/person\/dcab619c614d3038751c63bc2aadc06d"},"description":"Me rastin e protestave t\u00eb organizuara para ca dit\u00ebsh nga nj\u00eb pjes\u00eb e opozit\u00ebs n\u00eb Mal t\u00eb Zi, erdhi deri tek disa incidente, p\u00ebr t\u00eb cil\u00ebt un\u00eb, si deputet","breadcrumb":{"@id":"https:\/\/www.visit-ulcinj.com\/blog\/2015\/10\/26\/kksh-ja-denon-gjuajtjen-drejte-ambasades-se-shqiperise\/#breadcrumb"},"inLanguage":"en-US","potentialAction":[{"@type":"ReadAction","target":["https:\/\/www.visit-ulcinj.com\/blog\/2015\/10\/26\/kksh-ja-denon-gjuajtjen-drejte-ambasades-se-shqiperise\/"]}]},{"@type":"BreadcrumbList","@id":"https:\/\/www.visit-ulcinj.com\/blog\/2015\/10\/26\/kksh-ja-denon-gjuajtjen-drejte-ambasades-se-shqiperise\/#breadcrumb","itemListElement":[{"@type":"ListItem","position":1,"name":"KKSH-ja denon gjuajtjen drejt\u00eb Ambasad\u00ebs s\u00eb Shqip\u00ebris\u00eb"}]},{"@type":"Person","@id":"https:\/\/www.visit-ulcinj.com\/blog\/#\/schema\/person\/dcab619c614d3038751c63bc2aadc06d","name":"ulqini","sameAs":["http:\/\/www.visit-ulcinj.com"],"url":"https:\/\/www.visit-ulcinj.com\/blog\/author\/admin\/"}]}},"jetpack_featured_media_url":"","jetpack_sharing_enabled":true,"jetpack_shortlink":"https:\/\/wp.me\/pe6lTn-o9W","_links":{"self":[{"href":"https:\/\/www.visit-ulcinj.com\/blog\/wp-json\/wp\/v2\/posts\/92872"}],"collection":[{"href":"https:\/\/www.visit-ulcinj.com\/blog\/wp-json\/wp\/v2\/posts"}],"about":[{"href":"https:\/\/www.visit-ulcinj.com\/blog\/wp-json\/wp\/v2\/types\/post"}],"author":[{"embeddable":true,"href":"https:\/\/www.visit-ulcinj.com\/blog\/wp-json\/wp\/v2\/users\/1"}],"replies":[{"embeddable":true,"href":"https:\/\/www.visit-ulcinj.com\/blog\/wp-json\/wp\/v2\/comments?post=92872"}],"version-history":[{"count":3,"href":"https:\/\/www.visit-ulcinj.com\/blog\/wp-json\/wp\/v2\/posts\/92872\/revisions"}],"predecessor-version":[{"id":92875,"href":"https:\/\/www.visit-ulcinj.com\/blog\/wp-json\/wp\/v2\/posts\/92872\/revisions\/92875"}],"wp:attachment":[{"href":"https:\/\/www.visit-ulcinj.com\/blog\/wp-json\/wp\/v2\/media?parent=92872"}],"wp:term":[{"taxonomy":"category","embeddable":true,"href":"https:\/\/www.visit-ulcinj.com\/blog\/wp-json\/wp\/v2\/categories?post=92872"},{"taxonomy":"post_tag","embeddable":true,"href":"https:\/\/www.visit-ulcinj.com\/blog\/wp-json\/wp\/v2\/tags?post=92872"}],"curies":[{"name":"wp","href":"https:\/\/api.w.org\/{rel}","templated":true}]}}