{"id":92895,"date":"2015-10-27T14:05:47","date_gmt":"2015-10-27T13:05:47","guid":{"rendered":"http:\/\/www.visit-ulcinj.com\/blog\/?p=92895"},"modified":"2015-10-27T19:36:30","modified_gmt":"2015-10-27T18:36:30","slug":"takim-kksh-se-deputete-te-kuvendit-te-republikes-se-kosoves","status":"publish","type":"post","link":"https:\/\/www.visit-ulcinj.com\/blog\/2015\/10\/27\/takim-kksh-se-deputete-te-kuvendit-te-republikes-se-kosoves\/","title":{"rendered":"Takim i KKSH-s\u00eb me deputet\u00eb t\u00eb kuvendit t\u00eb republik\u00ebs s\u00eb Kosov\u00ebs"},"content":{"rendered":"<p style=\"text-align: center;\"><strong><a href=\"http:\/\/www.visit-ulcinj.com\/blog\/wp-content\/uploads\/2015\/10\/Vizita-shendetesis-Kosoves-Komunes-Ulqinit-4.jpg\"><img loading=\"lazy\" class=\"alignleft wp-image-92893\" src=\"http:\/\/www.visit-ulcinj.com\/blog\/wp-content\/uploads\/2015\/10\/Vizita-shendetesis-Kosoves-Komunes-Ulqinit-4.jpg\" alt=\"Vizita-shendetesis-Kosoves-Komunes-Ulqinit-4\" width=\"508\" height=\"406\" srcset=\"https:\/\/www.visit-ulcinj.com\/blog\/wp-content\/uploads\/2015\/10\/Vizita-shendetesis-Kosoves-Komunes-Ulqinit-4.jpg 720w, https:\/\/www.visit-ulcinj.com\/blog\/wp-content\/uploads\/2015\/10\/Vizita-shendetesis-Kosoves-Komunes-Ulqinit-4-300x240.jpg 300w\" sizes=\"(max-width: 508px) 100vw, 508px\" \/><\/a>Deklarat\u00eb p\u00ebr media<\/strong><\/p>\n<p style=\"text-align: center;\"><strong>\u00a0<\/strong><\/p>\n<p>Kryetari i K\u00ebshillit Komb\u00ebtar t\u00eb Shqiptar\u00ebve n\u00eb Mal t\u00eb Zi, z. Genci Nimanbegu, me bashk\u00ebpun\u00ebtor\u00eb, zhvilluan nj\u00eb takim pune me an\u00ebtar\u00eb t\u00eb Komisionit p\u00ebr Sh\u00ebndet\u00ebsi, Pun\u00eb dhe Mir\u00ebqenie Sociale nga Kuvendi i Kosov\u00ebs, t\u00eb udh\u00ebhequr nga znj. Flora Brovina, kryetare e Komisionit.<\/p>\n<p>Kryetari i K\u00ebshillit, z. Nimanbegu, informoi t\u00eb pranishmit p\u00ebr funksionimin e K\u00ebshillit, pun\u00ebt, aktivitetet, kompetencat dhe marr\u00ebdh\u00ebniet e bashk\u00ebpunimit me institucionet e Kosov\u00ebs, Shqip\u00ebris\u00eb dhe Malit t\u00eb Zi, gjithashtu informoi p\u00ebr situat\u00ebn e shqiptar\u00ebve n\u00eb Mal t\u00eb Zi dhe problematikat me t\u00eb cilat ata p\u00ebrballen.<\/p>\n<p>N\u00eb fjal\u00ebn e mbajtur, znj. Brovina, shprehu interesim p\u00ebr nismat e deritanishme t\u00eb K\u00ebshillit n\u00eb lidhje me t\u00eb drejtat e shqiptar\u00ebve n\u00eb Mal t\u00eb Zi, p\u00ebr situat\u00ebn e shqiptar\u00ebve n\u00eb sfer\u00ebn socio-ekonomike, n\u00eb arsim, sh\u00ebndet\u00ebsi, n\u00eb vendimmarrje etj. Nd\u00ebr t\u00eb tjera, hapi edhe disa \u00e7eshtje p\u00ebr diskutim si: propozim ligji p\u00ebr regjionalizimin e sistemit sh\u00ebndetsor n\u00eb Mal t\u00eb Zi, \u00e7\u00ebshtja p\u00ebr Komun\u00ebn e Tuzit, shp\u00ebrngulja dhe asimilimi i shqiptar\u00ebve t\u00eb Plav\u00ebs dhe Gucis\u00eb, nevoja e themelimit t\u00eb fakultetit n\u00eb qendr\u00ebn e shqiptar\u00ebve n\u00eb Mal t\u00eb Zi, n\u00eb Ulqin.<\/p>\n<p>&nbsp;<\/p>\n<p>Znj. Brovina shprehi p\u00ebrkrahjen e Komisionit q\u00eb ajo drejton dhe gatishm\u00ebrin\u00eb e shtetit t\u00eb Kosov\u00ebs p\u00ebr bashk\u00ebpunim.<br \/>\nN\u00eb takim morr\u00ebn pjes\u00eb edhe an\u00ebtar\u00eb t\u00eb K\u00ebshillit, t\u00eb cil\u00ebt n\u00eb fjal\u00ebn e tyre parashtruan disa \u00e7eshtje si: ligji zgjedhor n\u00eb Malin e Zi &#8211; i pa pranuesh\u00ebm p\u00ebr shqiptar\u00ebt, centralizimi i pushtetit, situata e r\u00ebnd\u00eb ekonomike, \u00e7\u00ebshtja e pensioneve p\u00ebr shqiptar\u00ebt e Malit t\u00eb Zi, t\u00eb cil\u00ebt kan\u00eb punuar n\u00eb Kosov\u00eb, pranimi i kufizuar i student\u00ebve shqiptar\u00eb nga Mali i Zi n\u00eb Universitetet e Kosov\u00ebs, mungesa e nj\u00eb qendre poliklinike n\u00eb Ulqin, sh\u00ebrbimi i urgjenc\u00ebs me nj\u00eb personel shum\u00eb t\u00eb kufizuar, sidomos gjat\u00eb sezonit turistik etj.<\/p>\n<p><strong>\u00a0<\/strong><\/p>\n<p><strong>Sh\u00ebrbimi p\u00ebr informim i KKSH-s\u00eb<\/strong><\/p>\n","protected":false},"excerpt":{"rendered":"<p>Deklarat\u00eb p\u00ebr media \u00a0 Kryetari i K\u00ebshillit Komb\u00ebtar t\u00eb Shqiptar\u00ebve n\u00eb Mal t\u00eb Zi, z. Genci Nimanbegu, me bashk\u00ebpun\u00ebtor\u00eb, zhvilluan nj\u00eb takim pune me an\u00ebtar\u00eb t\u00eb Komisionit p\u00ebr Sh\u00ebndet\u00ebsi, Pun\u00eb dhe Mir\u00ebqenie Sociale nga Kuvendi i Kosov\u00ebs, t\u00eb udh\u00ebhequr nga znj. Flora Brovina, kryetare e Komisionit. Kryetari i K\u00ebshillit, z. Nimanbegu, informoi t\u00eb pranishmit p\u00ebr [&hellip;]<\/p>\n","protected":false},"author":1,"featured_media":0,"comment_status":"closed","ping_status":"closed","sticky":false,"template":"","format":"standard","meta":{"spay_email":"","jetpack_publicize_message":"","jetpack_is_tweetstorm":false,"jetpack_publicize_feature_enabled":true},"categories":[1,12],"tags":[],"jetpack_publicize_connections":[],"yoast_head":"<!-- This site is optimized with the Yoast SEO plugin v19.1 - https:\/\/yoast.com\/wordpress\/plugins\/seo\/ -->\n<title>Takim i KKSH-s\u00eb me deputet\u00eb t\u00eb kuvendit t\u00eb republik\u00ebs s\u00eb Kosov\u00ebs - Lajme nga Ulqini<\/title>\n<meta name=\"description\" content=\"Deklarat\u00eb p\u00ebr media \u00a0 Kryetari i K\u00ebshillit Komb\u00ebtar t\u00eb Shqiptar\u00ebve n\u00eb Mal t\u00eb Zi, z. Genci Nimanbegu, me bashk\u00ebpun\u00ebtor\u00eb, zhvilluan nj\u00eb takim pune me\" \/>\n<meta name=\"robots\" content=\"index, follow, max-snippet:-1, max-image-preview:large, max-video-preview:-1\" \/>\n<link rel=\"canonical\" href=\"https:\/\/www.visit-ulcinj.com\/blog\/2015\/10\/27\/takim-kksh-se-deputete-te-kuvendit-te-republikes-se-kosoves\/\" \/>\n<meta property=\"og:locale\" content=\"en_US\" \/>\n<meta property=\"og:type\" content=\"article\" \/>\n<meta property=\"og:title\" content=\"Takim i KKSH-s\u00eb me deputet\u00eb t\u00eb kuvendit t\u00eb republik\u00ebs s\u00eb Kosov\u00ebs - Lajme nga Ulqini\" \/>\n<meta property=\"og:description\" content=\"Deklarat\u00eb p\u00ebr media \u00a0 Kryetari i K\u00ebshillit Komb\u00ebtar t\u00eb Shqiptar\u00ebve n\u00eb Mal t\u00eb Zi, z. Genci Nimanbegu, me bashk\u00ebpun\u00ebtor\u00eb, zhvilluan nj\u00eb takim pune me\" \/>\n<meta property=\"og:url\" content=\"https:\/\/www.visit-ulcinj.com\/blog\/2015\/10\/27\/takim-kksh-se-deputete-te-kuvendit-te-republikes-se-kosoves\/\" \/>\n<meta property=\"og:site_name\" content=\"Lajme nga Ulqini\" \/>\n<meta property=\"article:published_time\" content=\"2015-10-27T13:05:47+00:00\" \/>\n<meta property=\"article:modified_time\" content=\"2015-10-27T18:36:30+00:00\" \/>\n<meta property=\"og:image\" content=\"http:\/\/www.visit-ulcinj.com\/blog\/wp-content\/uploads\/2015\/10\/Vizita-shendetesis-Kosoves-Komunes-Ulqinit-4.jpg\" \/>\n<meta name=\"twitter:label1\" content=\"Written by\" \/>\n\t<meta name=\"twitter:data1\" content=\"ulqini\" \/>\n\t<meta name=\"twitter:label2\" content=\"Est. reading time\" \/>\n\t<meta name=\"twitter:data2\" content=\"2 minutes\" \/>\n<script type=\"application\/ld+json\" class=\"yoast-schema-graph\">{\"@context\":\"https:\/\/schema.org\",\"@graph\":[{\"@type\":\"WebSite\",\"@id\":\"https:\/\/www.visit-ulcinj.com\/blog\/#website\",\"url\":\"https:\/\/www.visit-ulcinj.com\/blog\/\",\"name\":\"Lajme nga Ulqini\",\"description\":\"Lajme,Vijesti,Ulqini,Ulqin,Crna Gora,Mali i Zi\",\"potentialAction\":[{\"@type\":\"SearchAction\",\"target\":{\"@type\":\"EntryPoint\",\"urlTemplate\":\"https:\/\/www.visit-ulcinj.com\/blog\/?s={search_term_string}\"},\"query-input\":\"required name=search_term_string\"}],\"inLanguage\":\"en-US\"},{\"@type\":\"ImageObject\",\"inLanguage\":\"en-US\",\"@id\":\"https:\/\/www.visit-ulcinj.com\/blog\/2015\/10\/27\/takim-kksh-se-deputete-te-kuvendit-te-republikes-se-kosoves\/#primaryimage\",\"url\":\"https:\/\/www.visit-ulcinj.com\/blog\/wp-content\/uploads\/2015\/10\/Vizita-shendetesis-Kosoves-Komunes-Ulqinit-4.jpg\",\"contentUrl\":\"https:\/\/www.visit-ulcinj.com\/blog\/wp-content\/uploads\/2015\/10\/Vizita-shendetesis-Kosoves-Komunes-Ulqinit-4.jpg\",\"width\":720,\"height\":576},{\"@type\":\"WebPage\",\"@id\":\"https:\/\/www.visit-ulcinj.com\/blog\/2015\/10\/27\/takim-kksh-se-deputete-te-kuvendit-te-republikes-se-kosoves\/#webpage\",\"url\":\"https:\/\/www.visit-ulcinj.com\/blog\/2015\/10\/27\/takim-kksh-se-deputete-te-kuvendit-te-republikes-se-kosoves\/\",\"name\":\"Takim i KKSH-s\u00eb me deputet\u00eb t\u00eb kuvendit t\u00eb republik\u00ebs s\u00eb Kosov\u00ebs - Lajme nga Ulqini\",\"isPartOf\":{\"@id\":\"https:\/\/www.visit-ulcinj.com\/blog\/#website\"},\"primaryImageOfPage\":{\"@id\":\"https:\/\/www.visit-ulcinj.com\/blog\/2015\/10\/27\/takim-kksh-se-deputete-te-kuvendit-te-republikes-se-kosoves\/#primaryimage\"},\"datePublished\":\"2015-10-27T13:05:47+00:00\",\"dateModified\":\"2015-10-27T18:36:30+00:00\",\"author\":{\"@id\":\"https:\/\/www.visit-ulcinj.com\/blog\/#\/schema\/person\/dcab619c614d3038751c63bc2aadc06d\"},\"description\":\"Deklarat\u00eb p\u00ebr media \u00a0 Kryetari i K\u00ebshillit Komb\u00ebtar t\u00eb Shqiptar\u00ebve n\u00eb Mal t\u00eb Zi, z. Genci Nimanbegu, me bashk\u00ebpun\u00ebtor\u00eb, zhvilluan nj\u00eb takim pune me\",\"breadcrumb\":{\"@id\":\"https:\/\/www.visit-ulcinj.com\/blog\/2015\/10\/27\/takim-kksh-se-deputete-te-kuvendit-te-republikes-se-kosoves\/#breadcrumb\"},\"inLanguage\":\"en-US\",\"potentialAction\":[{\"@type\":\"ReadAction\",\"target\":[\"https:\/\/www.visit-ulcinj.com\/blog\/2015\/10\/27\/takim-kksh-se-deputete-te-kuvendit-te-republikes-se-kosoves\/\"]}]},{\"@type\":\"BreadcrumbList\",\"@id\":\"https:\/\/www.visit-ulcinj.com\/blog\/2015\/10\/27\/takim-kksh-se-deputete-te-kuvendit-te-republikes-se-kosoves\/#breadcrumb\",\"itemListElement\":[{\"@type\":\"ListItem\",\"position\":1,\"name\":\"Takim i KKSH-s\u00eb me deputet\u00eb t\u00eb kuvendit t\u00eb republik\u00ebs s\u00eb Kosov\u00ebs\"}]},{\"@type\":\"Person\",\"@id\":\"https:\/\/www.visit-ulcinj.com\/blog\/#\/schema\/person\/dcab619c614d3038751c63bc2aadc06d\",\"name\":\"ulqini\",\"sameAs\":[\"http:\/\/www.visit-ulcinj.com\"],\"url\":\"https:\/\/www.visit-ulcinj.com\/blog\/author\/admin\/\"}]}<\/script>\n<!-- \/ Yoast SEO plugin. -->","yoast_head_json":{"title":"Takim i KKSH-s\u00eb me deputet\u00eb t\u00eb kuvendit t\u00eb republik\u00ebs s\u00eb Kosov\u00ebs - Lajme nga Ulqini","description":"Deklarat\u00eb p\u00ebr media \u00a0 Kryetari i K\u00ebshillit Komb\u00ebtar t\u00eb Shqiptar\u00ebve n\u00eb Mal t\u00eb Zi, z. Genci Nimanbegu, me bashk\u00ebpun\u00ebtor\u00eb, zhvilluan nj\u00eb takim pune me","robots":{"index":"index","follow":"follow","max-snippet":"max-snippet:-1","max-image-preview":"max-image-preview:large","max-video-preview":"max-video-preview:-1"},"canonical":"https:\/\/www.visit-ulcinj.com\/blog\/2015\/10\/27\/takim-kksh-se-deputete-te-kuvendit-te-republikes-se-kosoves\/","og_locale":"en_US","og_type":"article","og_title":"Takim i KKSH-s\u00eb me deputet\u00eb t\u00eb kuvendit t\u00eb republik\u00ebs s\u00eb Kosov\u00ebs - Lajme nga Ulqini","og_description":"Deklarat\u00eb p\u00ebr media \u00a0 Kryetari i K\u00ebshillit Komb\u00ebtar t\u00eb Shqiptar\u00ebve n\u00eb Mal t\u00eb Zi, z. Genci Nimanbegu, me bashk\u00ebpun\u00ebtor\u00eb, zhvilluan nj\u00eb takim pune me","og_url":"https:\/\/www.visit-ulcinj.com\/blog\/2015\/10\/27\/takim-kksh-se-deputete-te-kuvendit-te-republikes-se-kosoves\/","og_site_name":"Lajme nga Ulqini","article_published_time":"2015-10-27T13:05:47+00:00","article_modified_time":"2015-10-27T18:36:30+00:00","og_image":[{"url":"http:\/\/www.visit-ulcinj.com\/blog\/wp-content\/uploads\/2015\/10\/Vizita-shendetesis-Kosoves-Komunes-Ulqinit-4.jpg"}],"twitter_misc":{"Written by":"ulqini","Est. reading time":"2 minutes"},"schema":{"@context":"https:\/\/schema.org","@graph":[{"@type":"WebSite","@id":"https:\/\/www.visit-ulcinj.com\/blog\/#website","url":"https:\/\/www.visit-ulcinj.com\/blog\/","name":"Lajme nga Ulqini","description":"Lajme,Vijesti,Ulqini,Ulqin,Crna Gora,Mali i Zi","potentialAction":[{"@type":"SearchAction","target":{"@type":"EntryPoint","urlTemplate":"https:\/\/www.visit-ulcinj.com\/blog\/?s={search_term_string}"},"query-input":"required name=search_term_string"}],"inLanguage":"en-US"},{"@type":"ImageObject","inLanguage":"en-US","@id":"https:\/\/www.visit-ulcinj.com\/blog\/2015\/10\/27\/takim-kksh-se-deputete-te-kuvendit-te-republikes-se-kosoves\/#primaryimage","url":"https:\/\/www.visit-ulcinj.com\/blog\/wp-content\/uploads\/2015\/10\/Vizita-shendetesis-Kosoves-Komunes-Ulqinit-4.jpg","contentUrl":"https:\/\/www.visit-ulcinj.com\/blog\/wp-content\/uploads\/2015\/10\/Vizita-shendetesis-Kosoves-Komunes-Ulqinit-4.jpg","width":720,"height":576},{"@type":"WebPage","@id":"https:\/\/www.visit-ulcinj.com\/blog\/2015\/10\/27\/takim-kksh-se-deputete-te-kuvendit-te-republikes-se-kosoves\/#webpage","url":"https:\/\/www.visit-ulcinj.com\/blog\/2015\/10\/27\/takim-kksh-se-deputete-te-kuvendit-te-republikes-se-kosoves\/","name":"Takim i KKSH-s\u00eb me deputet\u00eb t\u00eb kuvendit t\u00eb republik\u00ebs s\u00eb Kosov\u00ebs - Lajme nga Ulqini","isPartOf":{"@id":"https:\/\/www.visit-ulcinj.com\/blog\/#website"},"primaryImageOfPage":{"@id":"https:\/\/www.visit-ulcinj.com\/blog\/2015\/10\/27\/takim-kksh-se-deputete-te-kuvendit-te-republikes-se-kosoves\/#primaryimage"},"datePublished":"2015-10-27T13:05:47+00:00","dateModified":"2015-10-27T18:36:30+00:00","author":{"@id":"https:\/\/www.visit-ulcinj.com\/blog\/#\/schema\/person\/dcab619c614d3038751c63bc2aadc06d"},"description":"Deklarat\u00eb p\u00ebr media \u00a0 Kryetari i K\u00ebshillit Komb\u00ebtar t\u00eb Shqiptar\u00ebve n\u00eb Mal t\u00eb Zi, z. Genci Nimanbegu, me bashk\u00ebpun\u00ebtor\u00eb, zhvilluan nj\u00eb takim pune me","breadcrumb":{"@id":"https:\/\/www.visit-ulcinj.com\/blog\/2015\/10\/27\/takim-kksh-se-deputete-te-kuvendit-te-republikes-se-kosoves\/#breadcrumb"},"inLanguage":"en-US","potentialAction":[{"@type":"ReadAction","target":["https:\/\/www.visit-ulcinj.com\/blog\/2015\/10\/27\/takim-kksh-se-deputete-te-kuvendit-te-republikes-se-kosoves\/"]}]},{"@type":"BreadcrumbList","@id":"https:\/\/www.visit-ulcinj.com\/blog\/2015\/10\/27\/takim-kksh-se-deputete-te-kuvendit-te-republikes-se-kosoves\/#breadcrumb","itemListElement":[{"@type":"ListItem","position":1,"name":"Takim i KKSH-s\u00eb me deputet\u00eb t\u00eb kuvendit t\u00eb republik\u00ebs s\u00eb Kosov\u00ebs"}]},{"@type":"Person","@id":"https:\/\/www.visit-ulcinj.com\/blog\/#\/schema\/person\/dcab619c614d3038751c63bc2aadc06d","name":"ulqini","sameAs":["http:\/\/www.visit-ulcinj.com"],"url":"https:\/\/www.visit-ulcinj.com\/blog\/author\/admin\/"}]}},"jetpack_featured_media_url":"","jetpack_sharing_enabled":true,"jetpack_shortlink":"https:\/\/wp.me\/pe6lTn-oaj","_links":{"self":[{"href":"https:\/\/www.visit-ulcinj.com\/blog\/wp-json\/wp\/v2\/posts\/92895"}],"collection":[{"href":"https:\/\/www.visit-ulcinj.com\/blog\/wp-json\/wp\/v2\/posts"}],"about":[{"href":"https:\/\/www.visit-ulcinj.com\/blog\/wp-json\/wp\/v2\/types\/post"}],"author":[{"embeddable":true,"href":"https:\/\/www.visit-ulcinj.com\/blog\/wp-json\/wp\/v2\/users\/1"}],"replies":[{"embeddable":true,"href":"https:\/\/www.visit-ulcinj.com\/blog\/wp-json\/wp\/v2\/comments?post=92895"}],"version-history":[{"count":1,"href":"https:\/\/www.visit-ulcinj.com\/blog\/wp-json\/wp\/v2\/posts\/92895\/revisions"}],"predecessor-version":[{"id":92896,"href":"https:\/\/www.visit-ulcinj.com\/blog\/wp-json\/wp\/v2\/posts\/92895\/revisions\/92896"}],"wp:attachment":[{"href":"https:\/\/www.visit-ulcinj.com\/blog\/wp-json\/wp\/v2\/media?parent=92895"}],"wp:term":[{"taxonomy":"category","embeddable":true,"href":"https:\/\/www.visit-ulcinj.com\/blog\/wp-json\/wp\/v2\/categories?post=92895"},{"taxonomy":"post_tag","embeddable":true,"href":"https:\/\/www.visit-ulcinj.com\/blog\/wp-json\/wp\/v2\/tags?post=92895"}],"curies":[{"name":"wp","href":"https:\/\/api.w.org\/{rel}","templated":true}]}}