{"id":929,"date":"2008-03-16T11:15:27","date_gmt":"2008-03-16T16:15:27","guid":{"rendered":"http:\/\/www.visit-ulcinj.com\/blog\/2008\/03\/16\/montenegro-wilde-schonheit-2\/"},"modified":"2008-03-16T11:18:51","modified_gmt":"2008-03-16T16:18:51","slug":"montenegro-wilde-schonheit-2","status":"publish","type":"post","link":"https:\/\/www.visit-ulcinj.com\/blog\/2008\/03\/16\/montenegro-wilde-schonheit-2\/","title":{"rendered":"Montenegro &#8211; Wilde Sch\u00f6nheit"},"content":{"rendered":"<p><a href=\"http:\/\/www.visit-ulcinj.com\/blog\/wp-content\/uploads\/2008\/01\/montenegro-europe-detail-map.jpg\" rel=\"lightbox[pics-1205680601]\" title=\"Maps of Montenegro\"><img loading=\"lazy\" src=\"http:\/\/www.visit-ulcinj.com\/blog\/wp-content\/uploads\/2008\/01\/montenegro-europe-detail-map.thumbnail.jpg\" alt=\"Maps of Montenegro\" align=\"left\" height=\"128\" width=\"122\" \/><\/a><strong>Montenegro, National Tourism Organisation<\/strong><br \/>\nExotische Landschaften m\u00fcssen nicht immer unzug\u00e4nglich sein. Im Herzen des Mittelmeeres, durch das Adriatische Meer von Italien getrennt, erwartet Sie im warmen S\u00fcden Europas eine kleine Republik mit der Frische des Unbekannten. Nur zwei Stunden Flug von Frankfurt oder anderthalb Stunden von Z\u00fcrich &#8211; und Ihre montenegrinische Geschichte kann beginnen.<\/p>\n<p><strong>Warum Montenegro?<\/strong><a href=\"http:\/\/www.visit-ulcinj.com\/blog\/wp-content\/uploads\/2008\/03\/ulcinj_maps.jpg\" rel=\"lightbox[pics-1205680601]\" title=\"Montenegro Rivijera\"><img loading=\"lazy\" src=\"http:\/\/www.visit-ulcinj.com\/blog\/wp-content\/uploads\/2008\/03\/ulcinj_maps.thumbnail.jpg\" alt=\"Montenegro Rivijera\" align=\"right\" height=\"200\" width=\"192\" \/><\/a><br \/>\n&#8230;. um dem unbarmherzigen Tempo des modernen Lebens zuvorzukommen und eine Ursch\u00f6nheit kennenzulernen !<br \/>\nW\u00e4hlen Sie vern\u00fcnftigerweise die h\u00f6chste Dichte an Qualit\u00e4t. Sp\u00fcren Sie Ihren steigenden Adrenalinpegel , wenn Sie auf dem Tara-Fluss durch den tiefsten Canyon Europas fl\u00f6\u00dfen.<br \/>\nSeien Sie wieder eins mit der Natur in der jungfr\u00e4ulichen Sch\u00f6nheit des letzten Urwaldes in Europa, Biogradska Gora.<br \/>\nF\u00fchlen Sie den Puls des archaischen Lebens in der Bucht von Kotor, dem s\u00fcdlichsten Fjord in Europa und lassen Sie etwas Sch\u00f6nes auf Sie zukommen.<br \/>\nEs bleibt Ihnen \u00fcberlassen, sich f\u00fcr die intensive Hymne an das Lebens an einem der 117 adriatischen Sandstr\u00e4nde und f\u00fcr den Renaissancecharme der K\u00fcnstenst\u00e4dtchen oder aber f\u00fcr das stille Bergidyll an den Gletscherseen der montenegrinischen Berge zu entscheiden&#8230;Entdecken Sie die einmalige Verf\u00fchrungskraft Montenegros als Integral einer alchemistisch verzauberten Formel und bezwingen Sie die unwiderstehlichen Gifpel des <a href=\"http:\/\/www.visit-ulcinj.com\/blog\/wp-content\/uploads\/2008\/03\/keitsurfing.jpg\" rel=\"lightbox[pics-1205680601]\" title=\"keitsurf\"><img loading=\"lazy\" src=\"http:\/\/www.visit-ulcinj.com\/blog\/wp-content\/uploads\/2008\/03\/keitsurfing.thumbnail.jpg\" alt=\"keitsurf\" align=\"left\" height=\"150\" width=\"200\" \/><\/a>Durmitormassivs. Kreuzen Sie auf dem gr\u00f6\u00dften See auf dem Balkan und dem reichsten Vogelschutzgebiet Europas, dem Skutari-See. Entdecken Sie die besondere Dimension, die in der spezifischen Synthese montenegrinischer Aesthetik und Ethik wurzelt und die Seele Montenegros widerspiegelt.<br \/>\nMontenegro ist eines der letzten unentdeckten Geheimisse, die neueste Entdeckung des Jetsets der Welt, aber auch ein Land, dessen h\u00f6chste Natur- und Geisteswerte in keine kommerziellen Klischees gef\u00fcgt werden wollen.<\/p>\n<p><strong>Deshalb Montenegro<\/strong><br \/>\nHerausforderung, Abenteuer und Liebe, Unvereinbares vereinen &#8211; unwahrscheinlich, aber das gibt es. Montenegro erwartet Sie.<\/p>\n<p><strong>Erleben, entdecken, geniessen: The Best in Travel 2008<\/strong><a href=\"http:\/\/www.visit-ulcinj.com\/blog\/wp-content\/uploads\/2008\/03\/cobacabana_008.jpg\" rel=\"lightbox[pics-1205680601]\" title=\"Velika pla\u017ea2\"><img loading=\"lazy\" src=\"http:\/\/www.visit-ulcinj.com\/blog\/wp-content\/uploads\/2008\/03\/cobacabana_008.thumbnail.jpg\" alt=\"Velika pla\u017ea2\" align=\"right\" height=\"138\" width=\"200\" \/><\/a><br \/>\nOb Bergwandern, Radfahren, Reiten oder Paragliding \u2013 die abwechslungsreichen Natur- und Kulturlandschaften Montenegros bieten jede Menge M\u00f6glichkeiten, das Land in seiner ganzen Sch\u00f6nheit aktiv zu entdecken. Adrenalinkicks versprechen Extremsportarten wie beispielsweise Rafting im Tara-Fluss oder Kitesurfen.<br \/>\nNicht nur Lonely Planet listet die j\u00fcngste Republik Europas als \u201eBest in Travel\u201c 2008; als Trenddestination weltweit baut Montenegro sehr gezielt ein radtouristisches Gesamtprodukt auf, das Naturgenie\u00dfer aber auch Abenteuerer \u00fcberzeugen wird! Die nat\u00fcrlichen Voraussetzungen k\u00f6nnten nicht besser sein: Auf nur 14.000 Quadratkilometern verbindet sich die ganzj\u00e4hrige Sonne der S\u00fcdadriak\u00fcste mit beeindruckenden Bergpanoramen, Almen, Kultur und Kulinarik zu einem ungeschliffenen Juwel f\u00fcr Entdecker.<br \/>\n<a href=\"http:\/\/www.visit-ulcinj.com\/blog\/wp-content\/uploads\/2008\/01\/boka-kotorska.jpg\" rel=\"lightbox[pics-1205680601]\" title=\"Montenegro Bay\"><img loading=\"lazy\" src=\"http:\/\/www.visit-ulcinj.com\/blog\/wp-content\/uploads\/2008\/01\/boka-kotorska.thumbnail.jpg\" alt=\"Montenegro Bay\" align=\"left\" height=\"85\" width=\"128\" \/><\/a>Die Winde, die an der K\u00fcstenregion wehen, bieten Seglern in der Bucht von Kotor und Surfern auf der Velika Plaza sowie in Ada Bojana ideale Vorraussetzungen, um \u00fcber das Wasser zu gleiten.<br \/>\nVogelliebhaber kommen vor allem am Skadar-See, einem der letzten S\u00fc\u00dfwassers\u00fcmpfe im Mittelmeerraum, auf ihre Rechnung. In dem riesigen Vogelreservat nisten die letzten frei lebenden Pelikane in Europa.<a href=\"http:\/\/www.visit-ulcinj.com\/blog\/wp-content\/uploads\/2008\/01\/pelorusyachtfront1ep6.jpg\" rel=\"lightbox[pics-1205680601]\" title=\"Roman Abramovich\"><img loading=\"lazy\" src=\"http:\/\/www.visit-ulcinj.com\/blog\/wp-content\/uploads\/2008\/01\/pelorusyachtfront1ep6.thumbnail.jpg\" alt=\"Roman Abramovich\" align=\"right\" height=\"55\" width=\"128\" \/><\/a><br \/>\nAuch die Unterwasserwelt Montenegros ist voller \u00dcberraschungen: Versunkene Schiffe, versteckte H\u00f6hlen, Korallenriffe und eine Vielfalt an Fischen. Ein besonderes Highlight f\u00fcr Taucher ist das bei Kap Kabala versunkene Schiff aus dem 15. Jahrhundert. Urlauber, die lieber auf dem Wasser aktiv sind, finden in der Bucht von Kotor ideale M\u00f6glichkeiten, um sich im Wasserski zu probieren. Die Bucht ist zudem Anlegestelle f\u00fcr Yachten und Kreuzfahrtschiffe.<\/p>\n<p><a href=\"http:\/\/www.visit-ulcinj.com\/blog\/wp-content\/uploads\/2008\/01\/sveti_stefan.jpg\" rel=\"lightbox[pics-1205680601]\" title=\"sveti stefan\"><img loading=\"lazy\" src=\"http:\/\/www.visit-ulcinj.com\/blog\/wp-content\/uploads\/2008\/01\/sveti_stefan.thumbnail.jpg\" alt=\"sveti stefan\" align=\"left\" height=\"82\" width=\"128\" \/><\/a><strong>Sonne und Strand<\/strong><br \/>\nW\u00e4rme feinsten Sandes, Kies oder aber das felsiges Urgestein?<br \/>\nMontenegro hat sie in H\u00fclle und F\u00fclle zu bieten.<br \/>\nDreiundsiebzig Kilometer sch\u00f6nster Verbindung von Sonne, Meer und Land bzw. hundertsiebzehn Str\u00e4nde, die die montenegrinische K\u00fcste umranden, bilden ein solides Potenzial, um das Richtige f\u00fcr sich auszuw\u00e4hlen.<br \/>\nMontenegro ist ein an Kontrasten und Natursch\u00f6nheiten reiches Land: saubere und klare Adria, zahlreiche einzigartige Sand-, Kies- oder Steinstr\u00e4nde mit h\u00f6chster Zahl an sonnigen Tagen im Jahr; Str\u00e4nde, mehrere Kilometer oder wenige Meter entfernt von oder mitten in Ihrem Aufenthaltsort oder vor Ihrem Hotel; sie liegen in Buchten, an felsiger K\u00fcste, nah an Olivenhainen, an Feldern oder Kiefernw\u00e4ldern; kennen Wind, Sonne und Wellen.Einige \u00f6ffnen Ihnen den Blick aufs offene Meer, andere sind in den kleinen Buchten versteckt; manche verw\u00f6hnen Sie mit all ihren Anlagen bei einem angenehmen Aufenthalt, andere sind wild, versteckt und nur mit dem Boot erreichbar.<a href=\"http:\/\/www.visit-ulcinj.com\/blog\/wp-content\/uploads\/2008\/02\/61h-1112702248.jpg\" rel=\"lightbox[pics-1205680601]\" title=\"Ulcinjska rivijera\"><img loading=\"lazy\" src=\"http:\/\/www.visit-ulcinj.com\/blog\/wp-content\/uploads\/2008\/02\/61h-1112702248.thumbnail.jpg\" alt=\"Ulcinjska rivijera\" align=\"right\" height=\"134\" width=\"200\" \/><\/a><br \/>\n&#8211; Klima: mediterran<br \/>\n&#8211; Durchschnitts-Lufttemperatur<br \/>\nim Sommer: 27,4 C<br \/>\n&#8211; H\u00f6chste Meerestemperatur: 27,1 C<br \/>\n&#8211; Durchschnittszahl der Sonnentage<br \/>\nim Jahr: 240<br \/>\n&#8211; Badesaison: 180 Tage<br \/>\n&#8211; Meer: tiefblau<br \/>\n&#8211; Sichttiefe: 38 bis 56 m<br \/>\n&#8211; Salzgehalt: 28% in der Bucht von Kotor,<br \/>\n38% bei <a href=\"http:\/\/www.visit-ulcinj.com\/gallery\/main.php\" title=\"Ulcinj-ulqini-ulqin,montenegro\" target=\"_blank\">Ulcinj<\/a><br \/>\n&#8211; Mittlere Fluth\u00f6he: 31 cm<br \/>\n&#8211; Wellenh\u00f6he: etwa 0,5 m.<br \/>\nWellen \u00fcber 2 m sehr selten<br \/>\nIn der S\u00fcdadria leben 116 Arten Fische und eine Vielzahl von Krebsen und Muscheln.<\/p>\n<p><a href=\"http:\/\/www.visit-ulcinj.com\/blog\/wp-content\/uploads\/2008\/02\/solana.jpg\" rel=\"lightbox[pics-1205680601]\" title=\"solana bajo sekulic\"><img loading=\"lazy\" src=\"http:\/\/www.visit-ulcinj.com\/blog\/wp-content\/uploads\/2008\/02\/solana.thumbnail.jpg\" alt=\"solana bajo sekulic\" align=\"left\" height=\"133\" width=\"200\" \/><\/a><strong>Natur<\/strong><br \/>\nGott muss bei der Sch\u00f6pfung Montenegros besonders inspiriert gewesen sein, als er sich einem so kleinen Raum mit einer derartige Kreativit\u00e4t widmete, dass sie uns Menschen vermessen d\u00fcnkt.<br \/>\nAuf nur 13 812 qkm erwarten Sie die erregendsten Naturkontraste. Es ist daher kein Wunder, dass die ber\u00fchmten europ\u00e4ischen Botaniker und Geographen, als sie Montenegro besuchten, ihre Forschungsmissionen verga\u00dfen und zu begeisterten Reiseschriftstellern wurden.<br \/>\nEs gibt wenige Orte in der Welt, in denen der ewige Kampf der Naturgewalten das Gesicht der Erde mit so viel Leidenschaft und Begeisterung gepr\u00e4gt hat. Die phantasiereich gegliederte K\u00fcste der Adria bietet eine endlose Vielfalt von Str\u00e4nden, Buchten, Baien und kleinen Inseln, von denen Sie bisher nur getr\u00e4umt haben und die Sie davon \u00fcberzeugen, dass die Realit\u00e4t viel exotischer sein kann als alle s\u00fc\u00dfen Versprechungen aus touristischen Prospekten. Die mediterane Sch\u00f6nheit des s\u00fcdlichsten und wahrscheinlich meistbesungenen Fjordes der Welt, der Bucht von Kotor sowie des gesamten K\u00fcstengebietes ist vom festen Schild der Karstgebirge: Rumija, Sutorman, Orjen und Lovcen, umschlossen. Durch eine pittoreske Karstlandschaft und die freundlichen T\u00e4ler Zeta und Bjelopavlici erreichen Sie wieder das Wesen der montenegrinischen Identit\u00e4t: das Gebirge, die hohen Berge Durmitor, Bjelasica, Komovi und Visitor mit ihren versteckten Seen, zahlreichen Weiden und W\u00e4ldern, steilen Gipfeln, vielf\u00e4ltiger Flora und Fauna, schnellen Bergfl\u00fcssen.<a href=\"http:\/\/www.visit-ulcinj.com\/blog\/wp-content\/uploads\/2008\/02\/copakabana.jpg\" rel=\"lightbox[pics-1205680601]\" title=\"copakabana beach\"><img loading=\"lazy\" src=\"http:\/\/www.visit-ulcinj.com\/blog\/wp-content\/uploads\/2008\/02\/copakabana.thumbnail.jpg\" alt=\"copakabana beach\" align=\"right\" height=\"150\" width=\"200\" \/><\/a><br \/>\nIm montenegrinischen Kolorit \u00fcberwiegen drei wundersch\u00f6n verbundene, sich verflechtende Farben: tiefblau, smaragdgr\u00fcn und die graue Steinfarbe. Gerade wegen der unver\u00e4nderlichen Natursch\u00f6nheiten wurde Montenegro mit einer besonderen Deklaration als \u00f6kologischer Staat erkl\u00e4rt. Die gr\u00f6\u00dften Reicht\u00fcmer stellen vier Nationalpaks dar: Nationalpark &#8220;Durmitor&#8221;, der unter dem Schutz der Unesco steht, Nationalpark &#8220;Biogradska gora&#8221;, Nationalpark &#8220;Skadarsko jezero&#8221; (Skutari-See) und Nationalpark &#8220;Lovcen&#8221;.<br \/>\nDiese Gegenden sind von zahlreichen endemischen Pflanzen und seltenen Tieren bewohnt. In nur drei Stunden Fahrt gelangen Sie vom warmen Mittelmeer und Klima an die F\u00fc\u00dfe der schneebedeckten Berggipfel und atmen den frischen Berghauch.<\/p>\n<p><a href=\"http:\/\/www.visit-ulcinj.com\/blog\/wp-content\/uploads\/2008\/02\/la-vieille-ville-ulqin.jpg\" rel=\"lightbox[pics-1205680601]\" title=\"La vieille ville Ulqin\"><img loading=\"lazy\" src=\"http:\/\/www.visit-ulcinj.com\/blog\/wp-content\/uploads\/2008\/02\/la-vieille-ville-ulqin.thumbnail.jpg\" alt=\"La vieille ville Ulqin\" align=\"left\" height=\"133\" width=\"200\" \/><\/a><strong>Kunst und Kultur<\/strong><br \/>\nMontenegro, die wilde Sch\u00f6nheit an der S\u00fcdadria, lenkte mit seiner kontrastreichen Natur, seinem herausfordernden historischen Schicksal, seit eh und je die Aufmerksamkeit der Fremden, V\u00f6lker und Staaten auf sich.<br \/>\nWie Winde, die aus verschiedenen Richtungen durch das Land unaufh\u00f6rlich wehen, so drangen V\u00f6lker in diesen Raum, Eroberer wurden zu Einheimischen oder verschwanden spurlos. Diejenigen, die geblieben sind, haben Merkmale ihrer Kultur mitgebracht und und verschmolzen mit denen, die sie vorfanden. Montenegro stellt eine ungew\u00f6hnliche Einheit der Gegens\u00e4tze verschiedener seit \u00e4lteren Zeiten gegenw\u00e4rtigen zivilisatorischen Entwicklungen dar. Die Grenze zwischen zwei Welten &#8211; dem Osten und dem Westen &#8211; , die gerade auf diesem Gebiet verlief, hat dazu gef\u00fchrt, dass sich hier verschiedene Kultur&#8221;schichten&#8221; abgelagert haben, von denen mehr oder weniger Spuren von Byzanz, Islam, Venedig, \u00d6sterreich-Ungarn zu beobachten sind, die die materielle und geistige Kultur dieses Gebietes deutlich gepr\u00e4gt haben.<br \/>\nDie erkennbarsten Spuren und die meisten Denkm\u00e4ler geh\u00f6ren der slawischen &#8220;Schicht&#8221;, besonders derjenigen aus dem Zeitalter der Dynastien Vojisslavljevic, Nemanjic, Balsic, Crnojevic bis zur letzten Dynastie Petrovic (die zum orthodox-byzantinischen Kulturkreis geh\u00f6ren) an. Zur Autonomie der Kultur und des k\u00fcnstlerischen Stils der slawischen V\u00f6lker hat die politische Verselbstst\u00e4ndigung des Staates und der orthodoxen Kirche sowie das Erbauen von Kl\u00f6stern als geistigen Zentren beigetragen. Hohe geistige Ambitionen hat Montenegro besonders im XV. Jahrhundert besessen, als zur Zeit der Entdeckung von Amerika eine Druckerei (die erste staatliche Druckerei in Europa!) erfunden wurde. In der Druckerei wurden mehrere kirchliche B\u00fccher mit Renaissancedekorationen und h\u00f6chster k\u00fcnstlericher Gestaltung gedruckt.<br \/>\nAn der montenegrinischen K\u00fcste, die lange Zeit von der Venezianischen Republik beherrscht wurde, \u00fcberwiegen bis zum XVIII. Jhdt. Gotik und Renaissance. Dann kommen Barockeinfl\u00fcsse sowohl in der Skulptur, als auch der Malerei, die ihren ausgezeichneten Vertreter im einheimischen Meister Tripo Kokolja (1661-1713) bekommt.<br \/>\nDie b\u00fcrgerliche Kunst entsteht in Montenegro zur Zeit der Nationalreife im XIX. Es ist die Zeit der romantischen Vorlieben vieler Kulturschaffenden Europas zur Jahrhunderte andauernden montenegrinischen Befreiungsepoche und zu ihrem international anerkannten Staat. Diesen Erscheinungen entspringen weltweite Verbindungen; und viele<a href=\"http:\/\/www.visit-ulcinj.com\/blog\/wp-content\/uploads\/2008\/03\/mausoleum_on_lovcen-lovcen.jpg\" rel=\"lightbox[pics-1205680601]\" title=\"Mausoleum_on_Lovcen\"><img loading=\"lazy\" src=\"http:\/\/www.visit-ulcinj.com\/blog\/wp-content\/uploads\/2008\/03\/mausoleum_on_lovcen-lovcen.thumbnail.jpg\" alt=\"Mausoleum_on_Lovcen\" align=\"right\" height=\"200\" width=\"165\" \/><\/a> wissensdurstige, begabte junge Menschen str\u00f6men in die europ\u00e4ischen Unversit\u00e4tszentren, um dort zu studieren. Die Kontakte schufen die Basis der modernen montenegrinischen Kultur, in der viele Namen und Werke die Grenzen nationaler Werte \u00fcberschritten haben und Weltkulturgut geworden sind (Petar Lubarda, Dado Djuric, Danilo Kis).<br \/>\nIn Montenegro, dem Land, das den Preis der Freiheit und des opferfreudigen Todes selbstlos zu zahlen wusste, hat die Poesie magische Kraft. F\u00fcr die Montenegriner der Vergangenheit sowie der Gegenwart ist der Dichter sowie Staats- und Glaubenslenker, Petar II Petrovic Njegos (1813 &#8211; 1851) das Ma\u00df der Weisheit und Freiheitsliebe, der moralischen Zuversicht und des Patriotismus geblieben.<\/p>\n<!-- vimeo error: not a vimeo video -->\n","protected":false},"excerpt":{"rendered":"<p><img loading=\"lazy\" src=\"http:\/\/www.visit-ulcinj.com\/blog\/wp-content\/uploads\/2008\/01\/montenegro-europe-detail-map.thumbnail.jpg\" alt=\"Maps of Montenegro\" align=\"left\" height=\"140\" width=\"140\" \/><\/p>\n","protected":false},"author":1,"featured_media":0,"comment_status":"open","ping_status":"closed","sticky":false,"template":"","format":"standard","meta":{"spay_email":"","jetpack_publicize_message":"","jetpack_is_tweetstorm":false,"jetpack_publicize_feature_enabled":true},"categories":[15],"tags":[],"jetpack_publicize_connections":[],"yoast_head":"<!-- This site is optimized with the Yoast SEO plugin v19.1 - https:\/\/yoast.com\/wordpress\/plugins\/seo\/ -->\n<title>Montenegro - Wilde Sch\u00f6nheit - Lajme nga Ulqini<\/title>\n<meta name=\"robots\" content=\"index, follow, max-snippet:-1, max-image-preview:large, max-video-preview:-1\" \/>\n<link rel=\"canonical\" href=\"https:\/\/www.visit-ulcinj.com\/blog\/2008\/03\/16\/montenegro-wilde-schonheit-2\/\" \/>\n<meta property=\"og:locale\" content=\"en_US\" \/>\n<meta property=\"og:type\" content=\"article\" \/>\n<meta property=\"og:title\" content=\"Montenegro - Wilde Sch\u00f6nheit - Lajme nga Ulqini\" \/>\n<meta property=\"og:url\" content=\"https:\/\/www.visit-ulcinj.com\/blog\/2008\/03\/16\/montenegro-wilde-schonheit-2\/\" \/>\n<meta property=\"og:site_name\" content=\"Lajme nga Ulqini\" \/>\n<meta property=\"article:published_time\" content=\"2008-03-16T16:15:27+00:00\" \/>\n<meta property=\"article:modified_time\" content=\"2008-03-16T16:18:51+00:00\" \/>\n<meta property=\"og:image\" content=\"http:\/\/www.visit-ulcinj.com\/blog\/wp-content\/uploads\/2008\/01\/montenegro-europe-detail-map.thumbnail.jpg\" \/>\n<meta name=\"twitter:label1\" content=\"Written by\" \/>\n\t<meta name=\"twitter:data1\" content=\"ulqini\" \/>\n\t<meta name=\"twitter:label2\" content=\"Est. reading time\" \/>\n\t<meta name=\"twitter:data2\" content=\"8 minutes\" \/>\n<script type=\"application\/ld+json\" class=\"yoast-schema-graph\">{\"@context\":\"https:\/\/schema.org\",\"@graph\":[{\"@type\":\"WebSite\",\"@id\":\"https:\/\/www.visit-ulcinj.com\/blog\/#website\",\"url\":\"https:\/\/www.visit-ulcinj.com\/blog\/\",\"name\":\"Lajme nga Ulqini\",\"description\":\"Lajme,Vijesti,Ulqini,Ulqin,Crna Gora,Mali i Zi\",\"potentialAction\":[{\"@type\":\"SearchAction\",\"target\":{\"@type\":\"EntryPoint\",\"urlTemplate\":\"https:\/\/www.visit-ulcinj.com\/blog\/?s={search_term_string}\"},\"query-input\":\"required name=search_term_string\"}],\"inLanguage\":\"en-US\"},{\"@type\":\"ImageObject\",\"inLanguage\":\"en-US\",\"@id\":\"https:\/\/www.visit-ulcinj.com\/blog\/2008\/03\/16\/montenegro-wilde-schonheit-2\/#primaryimage\",\"url\":\"http:\/\/www.visit-ulcinj.com\/blog\/wp-content\/uploads\/2008\/01\/montenegro-europe-detail-map.thumbnail.jpg\",\"contentUrl\":\"http:\/\/www.visit-ulcinj.com\/blog\/wp-content\/uploads\/2008\/01\/montenegro-europe-detail-map.thumbnail.jpg\"},{\"@type\":\"WebPage\",\"@id\":\"https:\/\/www.visit-ulcinj.com\/blog\/2008\/03\/16\/montenegro-wilde-schonheit-2\/#webpage\",\"url\":\"https:\/\/www.visit-ulcinj.com\/blog\/2008\/03\/16\/montenegro-wilde-schonheit-2\/\",\"name\":\"Montenegro - Wilde Sch\u00f6nheit - Lajme nga Ulqini\",\"isPartOf\":{\"@id\":\"https:\/\/www.visit-ulcinj.com\/blog\/#website\"},\"primaryImageOfPage\":{\"@id\":\"https:\/\/www.visit-ulcinj.com\/blog\/2008\/03\/16\/montenegro-wilde-schonheit-2\/#primaryimage\"},\"datePublished\":\"2008-03-16T16:15:27+00:00\",\"dateModified\":\"2008-03-16T16:18:51+00:00\",\"author\":{\"@id\":\"https:\/\/www.visit-ulcinj.com\/blog\/#\/schema\/person\/dcab619c614d3038751c63bc2aadc06d\"},\"breadcrumb\":{\"@id\":\"https:\/\/www.visit-ulcinj.com\/blog\/2008\/03\/16\/montenegro-wilde-schonheit-2\/#breadcrumb\"},\"inLanguage\":\"en-US\",\"potentialAction\":[{\"@type\":\"ReadAction\",\"target\":[\"https:\/\/www.visit-ulcinj.com\/blog\/2008\/03\/16\/montenegro-wilde-schonheit-2\/\"]}]},{\"@type\":\"BreadcrumbList\",\"@id\":\"https:\/\/www.visit-ulcinj.com\/blog\/2008\/03\/16\/montenegro-wilde-schonheit-2\/#breadcrumb\",\"itemListElement\":[{\"@type\":\"ListItem\",\"position\":1,\"name\":\"Montenegro &#8211; Wilde Sch\u00f6nheit\"}]},{\"@type\":\"Person\",\"@id\":\"https:\/\/www.visit-ulcinj.com\/blog\/#\/schema\/person\/dcab619c614d3038751c63bc2aadc06d\",\"name\":\"ulqini\",\"sameAs\":[\"http:\/\/www.visit-ulcinj.com\"],\"url\":\"https:\/\/www.visit-ulcinj.com\/blog\/author\/admin\/\"}]}<\/script>\n<!-- \/ Yoast SEO plugin. -->","yoast_head_json":{"title":"Montenegro - Wilde Sch\u00f6nheit - Lajme nga Ulqini","robots":{"index":"index","follow":"follow","max-snippet":"max-snippet:-1","max-image-preview":"max-image-preview:large","max-video-preview":"max-video-preview:-1"},"canonical":"https:\/\/www.visit-ulcinj.com\/blog\/2008\/03\/16\/montenegro-wilde-schonheit-2\/","og_locale":"en_US","og_type":"article","og_title":"Montenegro - Wilde Sch\u00f6nheit - Lajme nga Ulqini","og_url":"https:\/\/www.visit-ulcinj.com\/blog\/2008\/03\/16\/montenegro-wilde-schonheit-2\/","og_site_name":"Lajme nga Ulqini","article_published_time":"2008-03-16T16:15:27+00:00","article_modified_time":"2008-03-16T16:18:51+00:00","og_image":[{"url":"http:\/\/www.visit-ulcinj.com\/blog\/wp-content\/uploads\/2008\/01\/montenegro-europe-detail-map.thumbnail.jpg"}],"twitter_misc":{"Written by":"ulqini","Est. reading time":"8 minutes"},"schema":{"@context":"https:\/\/schema.org","@graph":[{"@type":"WebSite","@id":"https:\/\/www.visit-ulcinj.com\/blog\/#website","url":"https:\/\/www.visit-ulcinj.com\/blog\/","name":"Lajme nga Ulqini","description":"Lajme,Vijesti,Ulqini,Ulqin,Crna Gora,Mali i Zi","potentialAction":[{"@type":"SearchAction","target":{"@type":"EntryPoint","urlTemplate":"https:\/\/www.visit-ulcinj.com\/blog\/?s={search_term_string}"},"query-input":"required name=search_term_string"}],"inLanguage":"en-US"},{"@type":"ImageObject","inLanguage":"en-US","@id":"https:\/\/www.visit-ulcinj.com\/blog\/2008\/03\/16\/montenegro-wilde-schonheit-2\/#primaryimage","url":"http:\/\/www.visit-ulcinj.com\/blog\/wp-content\/uploads\/2008\/01\/montenegro-europe-detail-map.thumbnail.jpg","contentUrl":"http:\/\/www.visit-ulcinj.com\/blog\/wp-content\/uploads\/2008\/01\/montenegro-europe-detail-map.thumbnail.jpg"},{"@type":"WebPage","@id":"https:\/\/www.visit-ulcinj.com\/blog\/2008\/03\/16\/montenegro-wilde-schonheit-2\/#webpage","url":"https:\/\/www.visit-ulcinj.com\/blog\/2008\/03\/16\/montenegro-wilde-schonheit-2\/","name":"Montenegro - Wilde Sch\u00f6nheit - Lajme nga Ulqini","isPartOf":{"@id":"https:\/\/www.visit-ulcinj.com\/blog\/#website"},"primaryImageOfPage":{"@id":"https:\/\/www.visit-ulcinj.com\/blog\/2008\/03\/16\/montenegro-wilde-schonheit-2\/#primaryimage"},"datePublished":"2008-03-16T16:15:27+00:00","dateModified":"2008-03-16T16:18:51+00:00","author":{"@id":"https:\/\/www.visit-ulcinj.com\/blog\/#\/schema\/person\/dcab619c614d3038751c63bc2aadc06d"},"breadcrumb":{"@id":"https:\/\/www.visit-ulcinj.com\/blog\/2008\/03\/16\/montenegro-wilde-schonheit-2\/#breadcrumb"},"inLanguage":"en-US","potentialAction":[{"@type":"ReadAction","target":["https:\/\/www.visit-ulcinj.com\/blog\/2008\/03\/16\/montenegro-wilde-schonheit-2\/"]}]},{"@type":"BreadcrumbList","@id":"https:\/\/www.visit-ulcinj.com\/blog\/2008\/03\/16\/montenegro-wilde-schonheit-2\/#breadcrumb","itemListElement":[{"@type":"ListItem","position":1,"name":"Montenegro &#8211; Wilde Sch\u00f6nheit"}]},{"@type":"Person","@id":"https:\/\/www.visit-ulcinj.com\/blog\/#\/schema\/person\/dcab619c614d3038751c63bc2aadc06d","name":"ulqini","sameAs":["http:\/\/www.visit-ulcinj.com"],"url":"https:\/\/www.visit-ulcinj.com\/blog\/author\/admin\/"}]}},"jetpack_featured_media_url":"","jetpack_sharing_enabled":true,"jetpack_shortlink":"https:\/\/wp.me\/pe6lTn-eZ","_links":{"self":[{"href":"https:\/\/www.visit-ulcinj.com\/blog\/wp-json\/wp\/v2\/posts\/929"}],"collection":[{"href":"https:\/\/www.visit-ulcinj.com\/blog\/wp-json\/wp\/v2\/posts"}],"about":[{"href":"https:\/\/www.visit-ulcinj.com\/blog\/wp-json\/wp\/v2\/types\/post"}],"author":[{"embeddable":true,"href":"https:\/\/www.visit-ulcinj.com\/blog\/wp-json\/wp\/v2\/users\/1"}],"replies":[{"embeddable":true,"href":"https:\/\/www.visit-ulcinj.com\/blog\/wp-json\/wp\/v2\/comments?post=929"}],"version-history":[{"count":0,"href":"https:\/\/www.visit-ulcinj.com\/blog\/wp-json\/wp\/v2\/posts\/929\/revisions"}],"wp:attachment":[{"href":"https:\/\/www.visit-ulcinj.com\/blog\/wp-json\/wp\/v2\/media?parent=929"}],"wp:term":[{"taxonomy":"category","embeddable":true,"href":"https:\/\/www.visit-ulcinj.com\/blog\/wp-json\/wp\/v2\/categories?post=929"},{"taxonomy":"post_tag","embeddable":true,"href":"https:\/\/www.visit-ulcinj.com\/blog\/wp-json\/wp\/v2\/tags?post=929"}],"curies":[{"name":"wp","href":"https:\/\/api.w.org\/{rel}","templated":true}]}}