{"id":92910,"date":"2015-10-28T20:15:59","date_gmt":"2015-10-28T19:15:59","guid":{"rendered":"http:\/\/www.visit-ulcinj.com\/blog\/?p=92910"},"modified":"2015-10-29T17:13:20","modified_gmt":"2015-10-29T16:13:20","slug":"shkolla-e-peshkimit-projekti-per-ruajtjen-e-ekosistemit-detar-ne-ulqin","status":"publish","type":"post","link":"https:\/\/www.visit-ulcinj.com\/blog\/2015\/10\/28\/shkolla-e-peshkimit-projekti-per-ruajtjen-e-ekosistemit-detar-ne-ulqin\/","title":{"rendered":"Shkolla e peshkimit \u201cProjekti p\u00ebr ruajtjen e ekosistemit detar n\u00eb Ulqin\u201d"},"content":{"rendered":"<p><a href=\"http:\/\/www.visit-ulcinj.com\/blog\/wp-content\/uploads\/2015\/10\/Shkolla-e-peshkimit-ruajtja-e-ekosistemit-Ulqin.jpg\"><img loading=\"lazy\" class=\"alignleft wp-image-92911\" src=\"http:\/\/www.visit-ulcinj.com\/blog\/wp-content\/uploads\/2015\/10\/Shkolla-e-peshkimit-ruajtja-e-ekosistemit-Ulqin.jpg\" alt=\"Shkolla e peshkimit-ruajtja-e-ekosistemit-Ulqin\" width=\"508\" height=\"381\" srcset=\"https:\/\/www.visit-ulcinj.com\/blog\/wp-content\/uploads\/2015\/10\/Shkolla-e-peshkimit-ruajtja-e-ekosistemit-Ulqin.jpg 960w, https:\/\/www.visit-ulcinj.com\/blog\/wp-content\/uploads\/2015\/10\/Shkolla-e-peshkimit-ruajtja-e-ekosistemit-Ulqin-300x225.jpg 300w\" sizes=\"(max-width: 508px) 100vw, 508px\" \/><\/a>Si pjes\u00eb p\u00ebrb\u00ebr\u00ebse e \u201cProjektit p\u00ebr ruajtjen e ekosistemit detar\u201d, fillon me pun\u00eb Shkolla e peshkimit, p\u00ebr t\u00eb cil\u00ebn interesim shpreh\u00ebn rreth 20 nx\u00ebn\u00ebs nga shkollat fillore \u201cBoshko Strugar\u201d si dhe asaj \u201cMarshall Tito\u201d.<\/p>\n<p>Nx\u00ebn\u00ebsit do ken\u00eb mund\u00ebsi t\u00eb marrin dituri teorike si dhe praktike nga lamia e lart\u00ebp\u00ebrmendur, ku planifikohen edhe lundrim me anije ku do ken\u00eb mund\u00ebsi ta njohin m\u00eb n\u00eb holl\u00ebsi bregun e Ulqinit.<\/p>\n<div class=\"text_exposed_show\">\n<p>N\u00eb mes tjerash nx\u00ebn\u00ebsit do vet\u00ebdij\u00ebsohen me r\u00ebnd\u00ebsin\u00eb e ruajtjes s\u00eb ekosistemit detar, si dhe fondit t\u00eb peshkut, dhe rolin madhor q\u00eb kjo ka p\u00ebr t\u00eb gjith\u00eb neve.<\/p>\n<p>Kjo iniciativ\u00eb hasi n\u00eb reaksion pozitiv si tek nx\u00ebx\u00ebsit, ashtu edhe tek m\u00ebsimdh\u00ebn\u00ebsit.<\/p>\n<p><a href=\"http:\/\/www.visit-ulcinj.com\/blog\/wp-content\/uploads\/2015\/10\/Shkolla-e-peshkimit-ruajtja-e-ekosistemit-Ulqin-2.jpg\"><img loading=\"lazy\" class=\"alignleft wp-image-92912\" src=\"http:\/\/www.visit-ulcinj.com\/blog\/wp-content\/uploads\/2015\/10\/Shkolla-e-peshkimit-ruajtja-e-ekosistemit-Ulqin-2.jpg\" alt=\"Shkolla e peshkimit-ruajtja-e-ekosistemit-Ulqin-2\" width=\"508\" height=\"381\" srcset=\"https:\/\/www.visit-ulcinj.com\/blog\/wp-content\/uploads\/2015\/10\/Shkolla-e-peshkimit-ruajtja-e-ekosistemit-Ulqin-2.jpg 960w, https:\/\/www.visit-ulcinj.com\/blog\/wp-content\/uploads\/2015\/10\/Shkolla-e-peshkimit-ruajtja-e-ekosistemit-Ulqin-2-300x225.jpg 300w\" sizes=\"(max-width: 508px) 100vw, 508px\" \/><\/a><\/p>\n<p>T\u00eb gjitha k\u00ebto aktivitete po zhvillohen n\u00eb organizim t\u00eb partnerit n\u00eb projekt \u2013 Klubit t\u00eb peshkimit sportiv \u201cBuna\u201d, n\u00ebn udh\u00ebheqjen e kryesuesit t\u00eb klubit Muzafer Belo \u00c7aushi.<\/p>\n<p><strong><a id=\"js_x\" href=\"https:\/\/www.facebook.com\/Ulcinj-Marine-Fauna-Protection-and-Cultivation-1573152122962758\/?fref=photo\" data-ft=\"{&quot;tn&quot;:&quot;k&quot;}\" data-hovercard=\"\/ajax\/hovercard\/page.php?id=1573152122962758\">Ulcinj Marine Fauna Protection and Cultivation Facebook<\/a><\/strong><\/p>\n\n\t\t<style type=\"text\/css\">\n\t\t\t#gallery-1 {\n\t\t\t\tmargin: auto;\n\t\t\t}\n\t\t\t#gallery-1 .gallery-item {\n\t\t\t\tfloat: left;\n\t\t\t\tmargin-top: 10px;\n\t\t\t\ttext-align: center;\n\t\t\t\twidth: 33%;\n\t\t\t}\n\t\t\t#gallery-1 img {\n\t\t\t\tborder: 2px solid #cfcfcf;\n\t\t\t}\n\t\t\t#gallery-1 .gallery-caption {\n\t\t\t\tmargin-left: 0;\n\t\t\t}\n\t\t\t\/* see gallery_shortcode() in wp-includes\/media.php *\/\n\t\t<\/style>\n\t\t<div id='gallery-1' class='gallery galleryid-92910 gallery-columns-3 gallery-size-thumbnail'><dl class='gallery-item'>\n\t\t\t<dt class='gallery-icon landscape'>\n\t\t\t\t<a href='https:\/\/www.visit-ulcinj.com\/blog\/2015\/10\/28\/shkolla-e-peshkimit-projekti-per-ruajtjen-e-ekosistemit-detar-ne-ulqin\/shkolla-e-peshkimit-ruajtja-e-ekosistemit-ulqin-1\/'><img width=\"150\" height=\"150\" src=\"https:\/\/www.visit-ulcinj.com\/blog\/wp-content\/uploads\/2015\/10\/Shkolla-e-peshkimit-ruajtja-e-ekosistemit-Ulqin-1-150x150.jpg\" class=\"attachment-thumbnail size-thumbnail\" alt=\"\" loading=\"lazy\" \/><\/a>\n\t\t\t<\/dt><\/dl><dl class='gallery-item'>\n\t\t\t<dt class='gallery-icon landscape'>\n\t\t\t\t<a href='https:\/\/www.visit-ulcinj.com\/blog\/2015\/10\/28\/shkolla-e-peshkimit-projekti-per-ruajtjen-e-ekosistemit-detar-ne-ulqin\/shkolla-e-peshkimit-ruajtja-e-ekosistemit-ulqin-3\/'><img width=\"150\" height=\"150\" src=\"https:\/\/www.visit-ulcinj.com\/blog\/wp-content\/uploads\/2015\/10\/Shkolla-e-peshkimit-ruajtja-e-ekosistemit-Ulqin-3-150x150.jpg\" class=\"attachment-thumbnail size-thumbnail\" alt=\"\" loading=\"lazy\" \/><\/a>\n\t\t\t<\/dt><\/dl><dl class='gallery-item'>\n\t\t\t<dt class='gallery-icon landscape'>\n\t\t\t\t<a href='https:\/\/www.visit-ulcinj.com\/blog\/2015\/10\/28\/shkolla-e-peshkimit-projekti-per-ruajtjen-e-ekosistemit-detar-ne-ulqin\/shkolla-e-peshkimit-ruajtja-e-ekosistemit-ulqin-4\/'><img width=\"150\" height=\"150\" src=\"https:\/\/www.visit-ulcinj.com\/blog\/wp-content\/uploads\/2015\/10\/Shkolla-e-peshkimit-ruajtja-e-ekosistemit-Ulqin-4-150x150.jpg\" class=\"attachment-thumbnail size-thumbnail\" alt=\"\" loading=\"lazy\" \/><\/a>\n\t\t\t<\/dt><\/dl><br style=\"clear: both\" \/>\n\t\t<\/div>\n\n<p>&nbsp;<\/p>\n<\/div>\n","protected":false},"excerpt":{"rendered":"<p>Si pjes\u00eb p\u00ebrb\u00ebr\u00ebse e \u201cProjektit p\u00ebr ruajtjen e ekosistemit detar\u201d, fillon me pun\u00eb Shkolla e peshkimit, p\u00ebr t\u00eb cil\u00ebn interesim shpreh\u00ebn rreth 20 nx\u00ebn\u00ebs nga shkollat fillore \u201cBoshko Strugar\u201d si dhe asaj \u201cMarshall Tito\u201d. Nx\u00ebn\u00ebsit do ken\u00eb mund\u00ebsi t\u00eb marrin dituri teorike si dhe praktike nga lamia e lart\u00ebp\u00ebrmendur, ku planifikohen edhe lundrim me anije [&hellip;]<\/p>\n","protected":false},"author":1,"featured_media":0,"comment_status":"closed","ping_status":"closed","sticky":false,"template":"","format":"standard","meta":{"spay_email":"","jetpack_publicize_message":"","jetpack_is_tweetstorm":false,"jetpack_publicize_feature_enabled":true},"categories":[7,1],"tags":[],"jetpack_publicize_connections":[],"yoast_head":"<!-- This site is optimized with the Yoast SEO plugin v19.1 - https:\/\/yoast.com\/wordpress\/plugins\/seo\/ -->\n<title>Shkolla e peshkimit \u201cProjekti p\u00ebr ruajtjen e ekosistemit detar n\u00eb Ulqin\u201d - Lajme nga Ulqini<\/title>\n<meta name=\"description\" content=\"Si pjes\u00eb p\u00ebrb\u00ebr\u00ebse e \u201cProjektit p\u00ebr ruajtjen e ekosistemit detar\u201d, fillon me pun\u00eb Shkolla e peshkimit, p\u00ebr t\u00eb cil\u00ebn interesim shpreh\u00ebn rreth 20 nx\u00ebn\u00ebs nga\" \/>\n<meta name=\"robots\" content=\"index, follow, max-snippet:-1, max-image-preview:large, max-video-preview:-1\" \/>\n<link rel=\"canonical\" href=\"https:\/\/www.visit-ulcinj.com\/blog\/2015\/10\/28\/shkolla-e-peshkimit-projekti-per-ruajtjen-e-ekosistemit-detar-ne-ulqin\/\" \/>\n<meta property=\"og:locale\" content=\"en_US\" \/>\n<meta property=\"og:type\" content=\"article\" \/>\n<meta property=\"og:title\" content=\"Shkolla e peshkimit \u201cProjekti p\u00ebr ruajtjen e ekosistemit detar n\u00eb Ulqin\u201d - Lajme nga Ulqini\" \/>\n<meta property=\"og:description\" content=\"Si pjes\u00eb p\u00ebrb\u00ebr\u00ebse e \u201cProjektit p\u00ebr ruajtjen e ekosistemit detar\u201d, fillon me pun\u00eb Shkolla e peshkimit, p\u00ebr t\u00eb cil\u00ebn interesim shpreh\u00ebn rreth 20 nx\u00ebn\u00ebs nga\" \/>\n<meta property=\"og:url\" content=\"https:\/\/www.visit-ulcinj.com\/blog\/2015\/10\/28\/shkolla-e-peshkimit-projekti-per-ruajtjen-e-ekosistemit-detar-ne-ulqin\/\" \/>\n<meta property=\"og:site_name\" content=\"Lajme nga Ulqini\" \/>\n<meta property=\"article:published_time\" content=\"2015-10-28T19:15:59+00:00\" \/>\n<meta property=\"article:modified_time\" content=\"2015-10-29T16:13:20+00:00\" \/>\n<meta property=\"og:image\" content=\"https:\/\/www.visit-ulcinj.com\/blog\/wp-content\/uploads\/2015\/10\/Shkolla-e-peshkimit-ruajtja-e-ekosistemit-Ulqin-1-150x150.jpg\" \/>\n<meta name=\"twitter:label1\" content=\"Written by\" \/>\n\t<meta name=\"twitter:data1\" content=\"ulqini\" \/>\n\t<meta name=\"twitter:label2\" content=\"Est. reading time\" \/>\n\t<meta name=\"twitter:data2\" content=\"1 minute\" \/>\n<script type=\"application\/ld+json\" class=\"yoast-schema-graph\">{\"@context\":\"https:\/\/schema.org\",\"@graph\":[{\"@type\":\"WebSite\",\"@id\":\"https:\/\/www.visit-ulcinj.com\/blog\/#website\",\"url\":\"https:\/\/www.visit-ulcinj.com\/blog\/\",\"name\":\"Lajme nga Ulqini\",\"description\":\"Lajme,Vijesti,Ulqini,Ulqin,Crna Gora,Mali i Zi\",\"potentialAction\":[{\"@type\":\"SearchAction\",\"target\":{\"@type\":\"EntryPoint\",\"urlTemplate\":\"https:\/\/www.visit-ulcinj.com\/blog\/?s={search_term_string}\"},\"query-input\":\"required name=search_term_string\"}],\"inLanguage\":\"en-US\"},{\"@type\":\"ImageObject\",\"inLanguage\":\"en-US\",\"@id\":\"https:\/\/www.visit-ulcinj.com\/blog\/2015\/10\/28\/shkolla-e-peshkimit-projekti-per-ruajtjen-e-ekosistemit-detar-ne-ulqin\/#primaryimage\",\"url\":\"https:\/\/www.visit-ulcinj.com\/blog\/wp-content\/uploads\/2015\/10\/Shkolla-e-peshkimit-ruajtja-e-ekosistemit-Ulqin.jpg\",\"contentUrl\":\"https:\/\/www.visit-ulcinj.com\/blog\/wp-content\/uploads\/2015\/10\/Shkolla-e-peshkimit-ruajtja-e-ekosistemit-Ulqin.jpg\",\"width\":960,\"height\":720},{\"@type\":\"WebPage\",\"@id\":\"https:\/\/www.visit-ulcinj.com\/blog\/2015\/10\/28\/shkolla-e-peshkimit-projekti-per-ruajtjen-e-ekosistemit-detar-ne-ulqin\/#webpage\",\"url\":\"https:\/\/www.visit-ulcinj.com\/blog\/2015\/10\/28\/shkolla-e-peshkimit-projekti-per-ruajtjen-e-ekosistemit-detar-ne-ulqin\/\",\"name\":\"Shkolla e peshkimit \u201cProjekti p\u00ebr ruajtjen e ekosistemit detar n\u00eb Ulqin\u201d - Lajme nga Ulqini\",\"isPartOf\":{\"@id\":\"https:\/\/www.visit-ulcinj.com\/blog\/#website\"},\"primaryImageOfPage\":{\"@id\":\"https:\/\/www.visit-ulcinj.com\/blog\/2015\/10\/28\/shkolla-e-peshkimit-projekti-per-ruajtjen-e-ekosistemit-detar-ne-ulqin\/#primaryimage\"},\"datePublished\":\"2015-10-28T19:15:59+00:00\",\"dateModified\":\"2015-10-29T16:13:20+00:00\",\"author\":{\"@id\":\"https:\/\/www.visit-ulcinj.com\/blog\/#\/schema\/person\/dcab619c614d3038751c63bc2aadc06d\"},\"description\":\"Si pjes\u00eb p\u00ebrb\u00ebr\u00ebse e \u201cProjektit p\u00ebr ruajtjen e ekosistemit detar\u201d, fillon me pun\u00eb Shkolla e peshkimit, p\u00ebr t\u00eb cil\u00ebn interesim shpreh\u00ebn rreth 20 nx\u00ebn\u00ebs nga\",\"breadcrumb\":{\"@id\":\"https:\/\/www.visit-ulcinj.com\/blog\/2015\/10\/28\/shkolla-e-peshkimit-projekti-per-ruajtjen-e-ekosistemit-detar-ne-ulqin\/#breadcrumb\"},\"inLanguage\":\"en-US\",\"potentialAction\":[{\"@type\":\"ReadAction\",\"target\":[\"https:\/\/www.visit-ulcinj.com\/blog\/2015\/10\/28\/shkolla-e-peshkimit-projekti-per-ruajtjen-e-ekosistemit-detar-ne-ulqin\/\"]}]},{\"@type\":\"BreadcrumbList\",\"@id\":\"https:\/\/www.visit-ulcinj.com\/blog\/2015\/10\/28\/shkolla-e-peshkimit-projekti-per-ruajtjen-e-ekosistemit-detar-ne-ulqin\/#breadcrumb\",\"itemListElement\":[{\"@type\":\"ListItem\",\"position\":1,\"name\":\"Shkolla e peshkimit \u201cProjekti p\u00ebr ruajtjen e ekosistemit detar n\u00eb Ulqin\u201d\"}]},{\"@type\":\"Person\",\"@id\":\"https:\/\/www.visit-ulcinj.com\/blog\/#\/schema\/person\/dcab619c614d3038751c63bc2aadc06d\",\"name\":\"ulqini\",\"sameAs\":[\"http:\/\/www.visit-ulcinj.com\"],\"url\":\"https:\/\/www.visit-ulcinj.com\/blog\/author\/admin\/\"}]}<\/script>\n<!-- \/ Yoast SEO plugin. -->","yoast_head_json":{"title":"Shkolla e peshkimit \u201cProjekti p\u00ebr ruajtjen e ekosistemit detar n\u00eb Ulqin\u201d - Lajme nga Ulqini","description":"Si pjes\u00eb p\u00ebrb\u00ebr\u00ebse e \u201cProjektit p\u00ebr ruajtjen e ekosistemit detar\u201d, fillon me pun\u00eb Shkolla e peshkimit, p\u00ebr t\u00eb cil\u00ebn interesim shpreh\u00ebn rreth 20 nx\u00ebn\u00ebs nga","robots":{"index":"index","follow":"follow","max-snippet":"max-snippet:-1","max-image-preview":"max-image-preview:large","max-video-preview":"max-video-preview:-1"},"canonical":"https:\/\/www.visit-ulcinj.com\/blog\/2015\/10\/28\/shkolla-e-peshkimit-projekti-per-ruajtjen-e-ekosistemit-detar-ne-ulqin\/","og_locale":"en_US","og_type":"article","og_title":"Shkolla e peshkimit \u201cProjekti p\u00ebr ruajtjen e ekosistemit detar n\u00eb Ulqin\u201d - Lajme nga Ulqini","og_description":"Si pjes\u00eb p\u00ebrb\u00ebr\u00ebse e \u201cProjektit p\u00ebr ruajtjen e ekosistemit detar\u201d, fillon me pun\u00eb Shkolla e peshkimit, p\u00ebr t\u00eb cil\u00ebn interesim shpreh\u00ebn rreth 20 nx\u00ebn\u00ebs nga","og_url":"https:\/\/www.visit-ulcinj.com\/blog\/2015\/10\/28\/shkolla-e-peshkimit-projekti-per-ruajtjen-e-ekosistemit-detar-ne-ulqin\/","og_site_name":"Lajme nga Ulqini","article_published_time":"2015-10-28T19:15:59+00:00","article_modified_time":"2015-10-29T16:13:20+00:00","og_image":[{"url":"https:\/\/www.visit-ulcinj.com\/blog\/wp-content\/uploads\/2015\/10\/Shkolla-e-peshkimit-ruajtja-e-ekosistemit-Ulqin-1-150x150.jpg"}],"twitter_misc":{"Written by":"ulqini","Est. reading time":"1 minute"},"schema":{"@context":"https:\/\/schema.org","@graph":[{"@type":"WebSite","@id":"https:\/\/www.visit-ulcinj.com\/blog\/#website","url":"https:\/\/www.visit-ulcinj.com\/blog\/","name":"Lajme nga Ulqini","description":"Lajme,Vijesti,Ulqini,Ulqin,Crna Gora,Mali i Zi","potentialAction":[{"@type":"SearchAction","target":{"@type":"EntryPoint","urlTemplate":"https:\/\/www.visit-ulcinj.com\/blog\/?s={search_term_string}"},"query-input":"required name=search_term_string"}],"inLanguage":"en-US"},{"@type":"ImageObject","inLanguage":"en-US","@id":"https:\/\/www.visit-ulcinj.com\/blog\/2015\/10\/28\/shkolla-e-peshkimit-projekti-per-ruajtjen-e-ekosistemit-detar-ne-ulqin\/#primaryimage","url":"https:\/\/www.visit-ulcinj.com\/blog\/wp-content\/uploads\/2015\/10\/Shkolla-e-peshkimit-ruajtja-e-ekosistemit-Ulqin.jpg","contentUrl":"https:\/\/www.visit-ulcinj.com\/blog\/wp-content\/uploads\/2015\/10\/Shkolla-e-peshkimit-ruajtja-e-ekosistemit-Ulqin.jpg","width":960,"height":720},{"@type":"WebPage","@id":"https:\/\/www.visit-ulcinj.com\/blog\/2015\/10\/28\/shkolla-e-peshkimit-projekti-per-ruajtjen-e-ekosistemit-detar-ne-ulqin\/#webpage","url":"https:\/\/www.visit-ulcinj.com\/blog\/2015\/10\/28\/shkolla-e-peshkimit-projekti-per-ruajtjen-e-ekosistemit-detar-ne-ulqin\/","name":"Shkolla e peshkimit \u201cProjekti p\u00ebr ruajtjen e ekosistemit detar n\u00eb Ulqin\u201d - Lajme nga Ulqini","isPartOf":{"@id":"https:\/\/www.visit-ulcinj.com\/blog\/#website"},"primaryImageOfPage":{"@id":"https:\/\/www.visit-ulcinj.com\/blog\/2015\/10\/28\/shkolla-e-peshkimit-projekti-per-ruajtjen-e-ekosistemit-detar-ne-ulqin\/#primaryimage"},"datePublished":"2015-10-28T19:15:59+00:00","dateModified":"2015-10-29T16:13:20+00:00","author":{"@id":"https:\/\/www.visit-ulcinj.com\/blog\/#\/schema\/person\/dcab619c614d3038751c63bc2aadc06d"},"description":"Si pjes\u00eb p\u00ebrb\u00ebr\u00ebse e \u201cProjektit p\u00ebr ruajtjen e ekosistemit detar\u201d, fillon me pun\u00eb Shkolla e peshkimit, p\u00ebr t\u00eb cil\u00ebn interesim shpreh\u00ebn rreth 20 nx\u00ebn\u00ebs nga","breadcrumb":{"@id":"https:\/\/www.visit-ulcinj.com\/blog\/2015\/10\/28\/shkolla-e-peshkimit-projekti-per-ruajtjen-e-ekosistemit-detar-ne-ulqin\/#breadcrumb"},"inLanguage":"en-US","potentialAction":[{"@type":"ReadAction","target":["https:\/\/www.visit-ulcinj.com\/blog\/2015\/10\/28\/shkolla-e-peshkimit-projekti-per-ruajtjen-e-ekosistemit-detar-ne-ulqin\/"]}]},{"@type":"BreadcrumbList","@id":"https:\/\/www.visit-ulcinj.com\/blog\/2015\/10\/28\/shkolla-e-peshkimit-projekti-per-ruajtjen-e-ekosistemit-detar-ne-ulqin\/#breadcrumb","itemListElement":[{"@type":"ListItem","position":1,"name":"Shkolla e peshkimit \u201cProjekti p\u00ebr ruajtjen e ekosistemit detar n\u00eb Ulqin\u201d"}]},{"@type":"Person","@id":"https:\/\/www.visit-ulcinj.com\/blog\/#\/schema\/person\/dcab619c614d3038751c63bc2aadc06d","name":"ulqini","sameAs":["http:\/\/www.visit-ulcinj.com"],"url":"https:\/\/www.visit-ulcinj.com\/blog\/author\/admin\/"}]}},"jetpack_featured_media_url":"","jetpack_sharing_enabled":true,"jetpack_shortlink":"https:\/\/wp.me\/pe6lTn-oay","_links":{"self":[{"href":"https:\/\/www.visit-ulcinj.com\/blog\/wp-json\/wp\/v2\/posts\/92910"}],"collection":[{"href":"https:\/\/www.visit-ulcinj.com\/blog\/wp-json\/wp\/v2\/posts"}],"about":[{"href":"https:\/\/www.visit-ulcinj.com\/blog\/wp-json\/wp\/v2\/types\/post"}],"author":[{"embeddable":true,"href":"https:\/\/www.visit-ulcinj.com\/blog\/wp-json\/wp\/v2\/users\/1"}],"replies":[{"embeddable":true,"href":"https:\/\/www.visit-ulcinj.com\/blog\/wp-json\/wp\/v2\/comments?post=92910"}],"version-history":[{"count":1,"href":"https:\/\/www.visit-ulcinj.com\/blog\/wp-json\/wp\/v2\/posts\/92910\/revisions"}],"predecessor-version":[{"id":92916,"href":"https:\/\/www.visit-ulcinj.com\/blog\/wp-json\/wp\/v2\/posts\/92910\/revisions\/92916"}],"wp:attachment":[{"href":"https:\/\/www.visit-ulcinj.com\/blog\/wp-json\/wp\/v2\/media?parent=92910"}],"wp:term":[{"taxonomy":"category","embeddable":true,"href":"https:\/\/www.visit-ulcinj.com\/blog\/wp-json\/wp\/v2\/categories?post=92910"},{"taxonomy":"post_tag","embeddable":true,"href":"https:\/\/www.visit-ulcinj.com\/blog\/wp-json\/wp\/v2\/tags?post=92910"}],"curies":[{"name":"wp","href":"https:\/\/api.w.org\/{rel}","templated":true}]}}