{"id":92917,"date":"2015-10-29T17:05:33","date_gmt":"2015-10-29T16:05:33","guid":{"rendered":"http:\/\/www.visit-ulcinj.com\/blog\/?p=92917"},"modified":"2015-10-30T16:04:21","modified_gmt":"2015-10-30T15:04:21","slug":"fondacioni-studenti-tryeze-e-rrumbullaket-teme-varesia","status":"publish","type":"post","link":"https:\/\/www.visit-ulcinj.com\/blog\/2015\/10\/29\/fondacioni-studenti-tryeze-e-rrumbullaket-teme-varesia\/","title":{"rendered":"Fondacioni \u201cStudenti\u201d Tryez\u00eb e rrumbullak\u00ebt me tem\u00eb Var\u00ebsia"},"content":{"rendered":"<p style=\"text-align: center;\"><strong><a href=\"http:\/\/www.visit-ulcinj.com\/blog\/wp-content\/uploads\/2014\/01\/Fondacioni-Studenti-Ulqin.jpg\"><img loading=\"lazy\" class=\"alignleft wp-image-78398\" src=\"http:\/\/www.visit-ulcinj.com\/blog\/wp-content\/uploads\/2014\/01\/Fondacioni-Studenti-Ulqin.jpg\" alt=\"Fondacioni Studenti Ulqin\" width=\"508\" height=\"250\" srcset=\"https:\/\/www.visit-ulcinj.com\/blog\/wp-content\/uploads\/2014\/01\/Fondacioni-Studenti-Ulqin.jpg 960w, https:\/\/www.visit-ulcinj.com\/blog\/wp-content\/uploads\/2014\/01\/Fondacioni-Studenti-Ulqin-300x147.jpg 300w\" sizes=\"(max-width: 508px) 100vw, 508px\" \/><\/a>FONDACIONI \u201cSTUDENTI\u201d <\/strong><\/p>\n<p>&nbsp;<\/p>\n<p>Fondacioni \u201cStudenti\u201d Ju fton t\u00eb merrni pjes\u00eb dhe t\u00eb pasqyroni n\u00eb medien tuaj tryez\u00ebn e rrumbullak\u00ebt me tem\u00eb \u201cVar\u00ebsia, s\u00ebmundje moderne e t\u00eb rinjve\u201d, e cila realizohet n\u00eb kuad\u00ebr t\u00eb projektit \u201cT\u00eb rinjt\u00eb n\u00eb qend\u00ebr t\u00eb v\u00ebmendjes\u201d.<\/p>\n<p>Tryeza do t\u00eb mbahet n\u00eb sall\u00ebn e konferencave t\u00eb hotelit \u201cMediteran\u201d, t\u00eb shtun\u00ebn, m\u00eb 31 tetor 2015, n\u00eb or\u00ebn 11.00.<\/p>\n<p>Jeni t\u00eb mir\u00ebpritur.<\/p>\n","protected":false},"excerpt":{"rendered":"<p>FONDACIONI \u201cSTUDENTI\u201d &nbsp; Fondacioni \u201cStudenti\u201d Ju fton t\u00eb merrni pjes\u00eb dhe t\u00eb pasqyroni n\u00eb medien tuaj tryez\u00ebn e rrumbullak\u00ebt me tem\u00eb \u201cVar\u00ebsia, s\u00ebmundje moderne e t\u00eb rinjve\u201d, e cila realizohet n\u00eb kuad\u00ebr t\u00eb projektit \u201cT\u00eb rinjt\u00eb n\u00eb qend\u00ebr t\u00eb v\u00ebmendjes\u201d. Tryeza do t\u00eb mbahet n\u00eb sall\u00ebn e konferencave t\u00eb hotelit \u201cMediteran\u201d, t\u00eb shtun\u00ebn, m\u00eb 31 [&hellip;]<\/p>\n","protected":false},"author":1,"featured_media":0,"comment_status":"closed","ping_status":"closed","sticky":false,"template":"","format":"standard","meta":{"spay_email":"","jetpack_publicize_message":"","jetpack_is_tweetstorm":false,"jetpack_publicize_feature_enabled":true},"categories":[1,6950],"tags":[],"jetpack_publicize_connections":[],"yoast_head":"<!-- This site is optimized with the Yoast SEO plugin v19.1 - https:\/\/yoast.com\/wordpress\/plugins\/seo\/ -->\n<title>Fondacioni \u201cStudenti\u201d Tryez\u00eb e rrumbullak\u00ebt me tem\u00eb Var\u00ebsia - Lajme nga Ulqini<\/title>\n<meta name=\"description\" content=\"FONDACIONI \u201cSTUDENTI\u201d &nbsp; Fondacioni \u201cStudenti\u201d Ju fton t\u00eb merrni pjes\u00eb dhe t\u00eb pasqyroni n\u00eb medien tuaj tryez\u00ebn e rrumbullak\u00ebt me tem\u00eb \u201cVar\u00ebsia,\" \/>\n<meta name=\"robots\" content=\"index, follow, max-snippet:-1, max-image-preview:large, max-video-preview:-1\" \/>\n<link rel=\"canonical\" href=\"https:\/\/www.visit-ulcinj.com\/blog\/2015\/10\/29\/fondacioni-studenti-tryeze-e-rrumbullaket-teme-varesia\/\" \/>\n<meta property=\"og:locale\" content=\"en_US\" \/>\n<meta property=\"og:type\" content=\"article\" \/>\n<meta property=\"og:title\" content=\"Fondacioni \u201cStudenti\u201d Tryez\u00eb e rrumbullak\u00ebt me tem\u00eb Var\u00ebsia - Lajme nga Ulqini\" \/>\n<meta property=\"og:description\" content=\"FONDACIONI \u201cSTUDENTI\u201d &nbsp; Fondacioni \u201cStudenti\u201d Ju fton t\u00eb merrni pjes\u00eb dhe t\u00eb pasqyroni n\u00eb medien tuaj tryez\u00ebn e rrumbullak\u00ebt me tem\u00eb \u201cVar\u00ebsia,\" \/>\n<meta property=\"og:url\" content=\"https:\/\/www.visit-ulcinj.com\/blog\/2015\/10\/29\/fondacioni-studenti-tryeze-e-rrumbullaket-teme-varesia\/\" \/>\n<meta property=\"og:site_name\" content=\"Lajme nga Ulqini\" \/>\n<meta property=\"article:published_time\" content=\"2015-10-29T16:05:33+00:00\" \/>\n<meta property=\"article:modified_time\" content=\"2015-10-30T15:04:21+00:00\" \/>\n<meta property=\"og:image\" content=\"http:\/\/www.visit-ulcinj.com\/blog\/wp-content\/uploads\/2014\/01\/Fondacioni-Studenti-Ulqin.jpg\" \/>\n<meta name=\"twitter:label1\" content=\"Written by\" \/>\n\t<meta name=\"twitter:data1\" content=\"ulqini\" \/>\n<script type=\"application\/ld+json\" class=\"yoast-schema-graph\">{\"@context\":\"https:\/\/schema.org\",\"@graph\":[{\"@type\":\"WebSite\",\"@id\":\"https:\/\/www.visit-ulcinj.com\/blog\/#website\",\"url\":\"https:\/\/www.visit-ulcinj.com\/blog\/\",\"name\":\"Lajme nga Ulqini\",\"description\":\"Lajme,Vijesti,Ulqini,Ulqin,Crna Gora,Mali i Zi\",\"potentialAction\":[{\"@type\":\"SearchAction\",\"target\":{\"@type\":\"EntryPoint\",\"urlTemplate\":\"https:\/\/www.visit-ulcinj.com\/blog\/?s={search_term_string}\"},\"query-input\":\"required name=search_term_string\"}],\"inLanguage\":\"en-US\"},{\"@type\":\"ImageObject\",\"inLanguage\":\"en-US\",\"@id\":\"https:\/\/www.visit-ulcinj.com\/blog\/2015\/10\/29\/fondacioni-studenti-tryeze-e-rrumbullaket-teme-varesia\/#primaryimage\",\"url\":\"https:\/\/www.visit-ulcinj.com\/blog\/wp-content\/uploads\/2014\/01\/Fondacioni-Studenti-Ulqin.jpg\",\"contentUrl\":\"https:\/\/www.visit-ulcinj.com\/blog\/wp-content\/uploads\/2014\/01\/Fondacioni-Studenti-Ulqin.jpg\",\"width\":960,\"height\":473},{\"@type\":\"WebPage\",\"@id\":\"https:\/\/www.visit-ulcinj.com\/blog\/2015\/10\/29\/fondacioni-studenti-tryeze-e-rrumbullaket-teme-varesia\/#webpage\",\"url\":\"https:\/\/www.visit-ulcinj.com\/blog\/2015\/10\/29\/fondacioni-studenti-tryeze-e-rrumbullaket-teme-varesia\/\",\"name\":\"Fondacioni \u201cStudenti\u201d Tryez\u00eb e rrumbullak\u00ebt me tem\u00eb Var\u00ebsia - Lajme nga Ulqini\",\"isPartOf\":{\"@id\":\"https:\/\/www.visit-ulcinj.com\/blog\/#website\"},\"primaryImageOfPage\":{\"@id\":\"https:\/\/www.visit-ulcinj.com\/blog\/2015\/10\/29\/fondacioni-studenti-tryeze-e-rrumbullaket-teme-varesia\/#primaryimage\"},\"datePublished\":\"2015-10-29T16:05:33+00:00\",\"dateModified\":\"2015-10-30T15:04:21+00:00\",\"author\":{\"@id\":\"https:\/\/www.visit-ulcinj.com\/blog\/#\/schema\/person\/dcab619c614d3038751c63bc2aadc06d\"},\"description\":\"FONDACIONI \u201cSTUDENTI\u201d &nbsp; Fondacioni \u201cStudenti\u201d Ju fton t\u00eb merrni pjes\u00eb dhe t\u00eb pasqyroni n\u00eb medien tuaj tryez\u00ebn e rrumbullak\u00ebt me tem\u00eb \u201cVar\u00ebsia,\",\"breadcrumb\":{\"@id\":\"https:\/\/www.visit-ulcinj.com\/blog\/2015\/10\/29\/fondacioni-studenti-tryeze-e-rrumbullaket-teme-varesia\/#breadcrumb\"},\"inLanguage\":\"en-US\",\"potentialAction\":[{\"@type\":\"ReadAction\",\"target\":[\"https:\/\/www.visit-ulcinj.com\/blog\/2015\/10\/29\/fondacioni-studenti-tryeze-e-rrumbullaket-teme-varesia\/\"]}]},{\"@type\":\"BreadcrumbList\",\"@id\":\"https:\/\/www.visit-ulcinj.com\/blog\/2015\/10\/29\/fondacioni-studenti-tryeze-e-rrumbullaket-teme-varesia\/#breadcrumb\",\"itemListElement\":[{\"@type\":\"ListItem\",\"position\":1,\"name\":\"Fondacioni \u201cStudenti\u201d Tryez\u00eb e rrumbullak\u00ebt me tem\u00eb Var\u00ebsia\"}]},{\"@type\":\"Person\",\"@id\":\"https:\/\/www.visit-ulcinj.com\/blog\/#\/schema\/person\/dcab619c614d3038751c63bc2aadc06d\",\"name\":\"ulqini\",\"sameAs\":[\"http:\/\/www.visit-ulcinj.com\"],\"url\":\"https:\/\/www.visit-ulcinj.com\/blog\/author\/admin\/\"}]}<\/script>\n<!-- \/ Yoast SEO plugin. -->","yoast_head_json":{"title":"Fondacioni \u201cStudenti\u201d Tryez\u00eb e rrumbullak\u00ebt me tem\u00eb Var\u00ebsia - Lajme nga Ulqini","description":"FONDACIONI \u201cSTUDENTI\u201d &nbsp; Fondacioni \u201cStudenti\u201d Ju fton t\u00eb merrni pjes\u00eb dhe t\u00eb pasqyroni n\u00eb medien tuaj tryez\u00ebn e rrumbullak\u00ebt me tem\u00eb \u201cVar\u00ebsia,","robots":{"index":"index","follow":"follow","max-snippet":"max-snippet:-1","max-image-preview":"max-image-preview:large","max-video-preview":"max-video-preview:-1"},"canonical":"https:\/\/www.visit-ulcinj.com\/blog\/2015\/10\/29\/fondacioni-studenti-tryeze-e-rrumbullaket-teme-varesia\/","og_locale":"en_US","og_type":"article","og_title":"Fondacioni \u201cStudenti\u201d Tryez\u00eb e rrumbullak\u00ebt me tem\u00eb Var\u00ebsia - Lajme nga Ulqini","og_description":"FONDACIONI \u201cSTUDENTI\u201d &nbsp; Fondacioni \u201cStudenti\u201d Ju fton t\u00eb merrni pjes\u00eb dhe t\u00eb pasqyroni n\u00eb medien tuaj tryez\u00ebn e rrumbullak\u00ebt me tem\u00eb \u201cVar\u00ebsia,","og_url":"https:\/\/www.visit-ulcinj.com\/blog\/2015\/10\/29\/fondacioni-studenti-tryeze-e-rrumbullaket-teme-varesia\/","og_site_name":"Lajme nga Ulqini","article_published_time":"2015-10-29T16:05:33+00:00","article_modified_time":"2015-10-30T15:04:21+00:00","og_image":[{"url":"http:\/\/www.visit-ulcinj.com\/blog\/wp-content\/uploads\/2014\/01\/Fondacioni-Studenti-Ulqin.jpg"}],"twitter_misc":{"Written by":"ulqini"},"schema":{"@context":"https:\/\/schema.org","@graph":[{"@type":"WebSite","@id":"https:\/\/www.visit-ulcinj.com\/blog\/#website","url":"https:\/\/www.visit-ulcinj.com\/blog\/","name":"Lajme nga Ulqini","description":"Lajme,Vijesti,Ulqini,Ulqin,Crna Gora,Mali i Zi","potentialAction":[{"@type":"SearchAction","target":{"@type":"EntryPoint","urlTemplate":"https:\/\/www.visit-ulcinj.com\/blog\/?s={search_term_string}"},"query-input":"required name=search_term_string"}],"inLanguage":"en-US"},{"@type":"ImageObject","inLanguage":"en-US","@id":"https:\/\/www.visit-ulcinj.com\/blog\/2015\/10\/29\/fondacioni-studenti-tryeze-e-rrumbullaket-teme-varesia\/#primaryimage","url":"https:\/\/www.visit-ulcinj.com\/blog\/wp-content\/uploads\/2014\/01\/Fondacioni-Studenti-Ulqin.jpg","contentUrl":"https:\/\/www.visit-ulcinj.com\/blog\/wp-content\/uploads\/2014\/01\/Fondacioni-Studenti-Ulqin.jpg","width":960,"height":473},{"@type":"WebPage","@id":"https:\/\/www.visit-ulcinj.com\/blog\/2015\/10\/29\/fondacioni-studenti-tryeze-e-rrumbullaket-teme-varesia\/#webpage","url":"https:\/\/www.visit-ulcinj.com\/blog\/2015\/10\/29\/fondacioni-studenti-tryeze-e-rrumbullaket-teme-varesia\/","name":"Fondacioni \u201cStudenti\u201d Tryez\u00eb e rrumbullak\u00ebt me tem\u00eb Var\u00ebsia - Lajme nga Ulqini","isPartOf":{"@id":"https:\/\/www.visit-ulcinj.com\/blog\/#website"},"primaryImageOfPage":{"@id":"https:\/\/www.visit-ulcinj.com\/blog\/2015\/10\/29\/fondacioni-studenti-tryeze-e-rrumbullaket-teme-varesia\/#primaryimage"},"datePublished":"2015-10-29T16:05:33+00:00","dateModified":"2015-10-30T15:04:21+00:00","author":{"@id":"https:\/\/www.visit-ulcinj.com\/blog\/#\/schema\/person\/dcab619c614d3038751c63bc2aadc06d"},"description":"FONDACIONI \u201cSTUDENTI\u201d &nbsp; Fondacioni \u201cStudenti\u201d Ju fton t\u00eb merrni pjes\u00eb dhe t\u00eb pasqyroni n\u00eb medien tuaj tryez\u00ebn e rrumbullak\u00ebt me tem\u00eb \u201cVar\u00ebsia,","breadcrumb":{"@id":"https:\/\/www.visit-ulcinj.com\/blog\/2015\/10\/29\/fondacioni-studenti-tryeze-e-rrumbullaket-teme-varesia\/#breadcrumb"},"inLanguage":"en-US","potentialAction":[{"@type":"ReadAction","target":["https:\/\/www.visit-ulcinj.com\/blog\/2015\/10\/29\/fondacioni-studenti-tryeze-e-rrumbullaket-teme-varesia\/"]}]},{"@type":"BreadcrumbList","@id":"https:\/\/www.visit-ulcinj.com\/blog\/2015\/10\/29\/fondacioni-studenti-tryeze-e-rrumbullaket-teme-varesia\/#breadcrumb","itemListElement":[{"@type":"ListItem","position":1,"name":"Fondacioni \u201cStudenti\u201d Tryez\u00eb e rrumbullak\u00ebt me tem\u00eb Var\u00ebsia"}]},{"@type":"Person","@id":"https:\/\/www.visit-ulcinj.com\/blog\/#\/schema\/person\/dcab619c614d3038751c63bc2aadc06d","name":"ulqini","sameAs":["http:\/\/www.visit-ulcinj.com"],"url":"https:\/\/www.visit-ulcinj.com\/blog\/author\/admin\/"}]}},"jetpack_featured_media_url":"","jetpack_sharing_enabled":true,"jetpack_shortlink":"https:\/\/wp.me\/pe6lTn-oaF","_links":{"self":[{"href":"https:\/\/www.visit-ulcinj.com\/blog\/wp-json\/wp\/v2\/posts\/92917"}],"collection":[{"href":"https:\/\/www.visit-ulcinj.com\/blog\/wp-json\/wp\/v2\/posts"}],"about":[{"href":"https:\/\/www.visit-ulcinj.com\/blog\/wp-json\/wp\/v2\/types\/post"}],"author":[{"embeddable":true,"href":"https:\/\/www.visit-ulcinj.com\/blog\/wp-json\/wp\/v2\/users\/1"}],"replies":[{"embeddable":true,"href":"https:\/\/www.visit-ulcinj.com\/blog\/wp-json\/wp\/v2\/comments?post=92917"}],"version-history":[{"count":1,"href":"https:\/\/www.visit-ulcinj.com\/blog\/wp-json\/wp\/v2\/posts\/92917\/revisions"}],"predecessor-version":[{"id":92918,"href":"https:\/\/www.visit-ulcinj.com\/blog\/wp-json\/wp\/v2\/posts\/92917\/revisions\/92918"}],"wp:attachment":[{"href":"https:\/\/www.visit-ulcinj.com\/blog\/wp-json\/wp\/v2\/media?parent=92917"}],"wp:term":[{"taxonomy":"category","embeddable":true,"href":"https:\/\/www.visit-ulcinj.com\/blog\/wp-json\/wp\/v2\/categories?post=92917"},{"taxonomy":"post_tag","embeddable":true,"href":"https:\/\/www.visit-ulcinj.com\/blog\/wp-json\/wp\/v2\/tags?post=92917"}],"curies":[{"name":"wp","href":"https:\/\/api.w.org\/{rel}","templated":true}]}}