{"id":9292,"date":"2009-01-17T22:09:45","date_gmt":"2009-01-17T21:09:45","guid":{"rendered":"http:\/\/www.visit-ulcinj.com\/blog\/?p=9292"},"modified":"2009-01-17T22:09:48","modified_gmt":"2009-01-17T21:09:48","slug":"armina-melvani-tani-ne-ekran-me-shihni-mua","status":"publish","type":"post","link":"https:\/\/www.visit-ulcinj.com\/blog\/2009\/01\/17\/armina-melvani-tani-ne-ekran-me-shihni-mua\/","title":{"rendered":"Armina Melvani: Tani n\u00eb ekran m\u00eb shihni mua"},"content":{"rendered":"<p><a rel=\"attachment wp-att-9293\" href=\"http:\/\/www.visit-ulcinj.com\/blog\/2009\/01\/17\/armina-melvani-tani-ne-ekran-me-shihni-mua\/armina-melvani1\/\"><img loading=\"lazy\" class=\"alignleft size-full wp-image-9293\" title=\"armina-melvani1\" src=\"http:\/\/www.visit-ulcinj.com\/blog\/wp-content\/uploads\/2009\/01\/armina-melvani1.jpg\" alt=\"armina-melvani1\" width=\"570\" height=\"900\" \/><\/a>Mund t\u00eb jet\u00eb nd\u00ebr t\u00eb vetmet 17 vje\u00e7are, q\u00eb ulet me qejf p\u00ebr t\u00eb ndjekur edicionin e lajmeve n\u00eb &#8220;Top Channel&#8221;. Arsyeja, se spikeri \u00ebsht\u00eb babai i saj, por edhe sepse politika \u00ebsht\u00eb pasioni i v\u00ebrtet\u00eb, t\u00eb cilit do t&#8217;i kushtoj\u00eb studimet e larta. Njihet se n\u00eb nga vajzat m\u00eb t\u00eb bukura t\u00eb shkoll\u00ebs &#8220;Petro Nini Luarasi&#8221; n\u00eb Tiran\u00eb, e quhet Armina Mevlani. Esht\u00eb 1.68 m e gjat\u00eb, dhe ka tipare t\u00eb brazilianes tipike. Nj\u00eb plus ky, p\u00ebr t&#8217;i hyr\u00eb e sigurt bot\u00ebs s\u00eb televizionit, n\u00eb k\u00ebt\u00eb moment kur bukurit\u00eb e nxehta fem\u00ebrore kan\u00eb pushtuar ekranet, me telenovelat dhe k\u00ebng\u00ebtaret latine-amerikane. Por Armina \u00ebsht\u00eb shqiptare. Nuk \u00ebsht\u00eb e njohur, por q\u00eb do t\u00eb hyj\u00eb pik\u00ebrisht me k\u00ebt\u00eb ambicie n\u00eb tregun e vajzave 17 vje\u00e7are t\u00eb ekranit. E pikas\u00ebn n\u00eb mesin e Dhjetorit nd\u00ebrsa ajo prezantoi mbr\u00ebmjen gala t\u00eb dancit &#8220;Gjimnastrata&#8221; 2008, ku me nj\u00eb k\u00ebmish\u00eb t\u00eb bardh\u00eb dhe linjat e rrumbullakosura u ra n\u00eb sy t\u00eb gjith\u00ebve.<\/p>\n<p>Iu b\u00eb ftesa p\u00ebr nj\u00eb emision televiziv dhe e pranoi, sepse q\u00ebllimi i saj \u00ebsht\u00eb, t\u00eb jet\u00eb e para. Po si? Do t\u00eb drejtoj\u00eb nj\u00eb format p\u00ebr t\u00eb rinj, n\u00eb nj\u00eb nga ekranet e njohura, si\u00e7 \u00ebsht\u00eb Vizion Plus. Deri k\u00ebtu nuk t\u00eb habit! Por ajo p\u00ebr vete \u00ebsht\u00eb gati t\u00eb na gozhdoj\u00eb para ekranit disa dit\u00ebm von\u00eb, me stilin e prezantueses spontane. Pas shtys\u00ebs, q\u00eb ka marr\u00eb nga i ati, Arben Mevlani dhe mami Mimoza, nj\u00ebri gazetar dhe tjetra koreografe, ka nisur t\u00eb b\u00ebj\u00eb hapat e para, nj\u00eb set t\u00eb nxeht\u00eb fotografish. E kush nuk do donte t\u00eb kishte p\u00ebr prind\u00ebr \u00e7ift modern, si prind\u00ebrit e Armin\u00ebs, t\u00eb cil\u00ebt kan\u00eb menduar se jan\u00eb pik\u00ebrisht n\u00eb koh\u00eb, q\u00eb vajza e tyre t&#8217;i hyj\u00eb bot\u00ebs s\u00eb televizionit,edhe pse e din\u00eb se \u00ebsht\u00eb nd\u00ebr profesionet m\u00eb t\u00eb v\u00ebshtira. Por si do t&#8217;ia dal\u00eb Armina p\u00ebr t\u00eb qen\u00eb ndryshe, p\u00ebr t&#8217;u ve\u00e7uar nga prezantueset e tjera, ajo e tregon vet\u00eb p\u00ebr &#8220;Panorama Plus&#8221;, s\u00eb bashku me nj\u00eb set t\u00eb nxeht\u00eb fotografish:<\/p>\n<p><span style=\"font-weight: bold;\">Dukeni se keni shum\u00eb pasion fotografin\u00eb?<\/span><\/p>\n<p><span style=\"font-style: italic;\">Po sepse kur pozoj nuk e marr me emocion. Jam e lirshme, spontane para objektivit.<\/span><\/p>\n<p><span style=\"font-weight: bold;\">Keni tiparet e nj\u00eb brazilianeje, ju p\u00eblqen t&#8217;ua v\u00ebn\u00eb n\u00eb dukje k\u00ebt\u00eb ngjashm\u00ebri?<\/span><\/p>\n<p><span style=\"font-style: italic;\">M\u00eb p\u00eblqen bukuria e femrave mesdhetare, sepse kan\u00eb t\u00eb bashkuar tiparet e egra me \u00e7ilt\u00ebrsin\u00eb e portretit. Por n\u00ebse do m\u00eb pyesnit ta konkretizoja, do t\u00eb p\u00ebrmendja Monica Bellucin. P\u00ebrsa u p\u00ebrket tipareve t\u00eb mia them se jam nj\u00eb nd\u00ebrthurje e tipareve t\u00eb prind\u00ebrve.<\/span><\/p>\n<p><span style=\"font-weight: bold;\">\u00c7far\u00eb \u00ebsht\u00eb emisioni q\u00eb ju do prezantoni?<\/span><a rel=\"attachment wp-att-9294\" href=\"http:\/\/www.visit-ulcinj.com\/blog\/2009\/01\/17\/armina-melvani-tani-ne-ekran-me-shihni-mua\/armina-melvani\/\"><img loading=\"lazy\" class=\"alignleft size-full wp-image-9294\" title=\"armina-melvani\" src=\"http:\/\/www.visit-ulcinj.com\/blog\/wp-content\/uploads\/2009\/01\/armina-melvani.jpg\" alt=\"armina-melvani\" width=\"570\" height=\"650\" \/><\/a><\/p>\n<p><span style=\"font-style: italic;\">\u00cbsht\u00eb nj\u00eb emision p\u00ebr t\u00eb rinj, ku do t\u00eb trajtohen tematikat m\u00eb t\u00eb p\u00ebrfolura t\u00eb momentit, me adoleshent\u00eb t\u00eb ftuar, dhe thashetheme nga VIPash.<\/span><\/p>\n<p><span style=\"font-weight: bold;\">Cilat kan\u00eb qen\u00eb eksperiencat tuaja t\u00eb m\u00ebparshme n\u00eb bot\u00ebn e artit?<\/span><\/p>\n<p><span style=\"font-style: italic;\">Dikur kam qen\u00eb k\u00ebng\u00ebtare e Festivalit t\u00eb F\u00ebmij\u00ebve. Kam fituar kuror\u00ebn e vendit t\u00eb dyt\u00eb t\u00eb &#8220;Miss Mjelma 2006&#8221; n\u00eb Maqedoni,kam pozuar p\u00ebr revista, dhe kam qen\u00eb imazh i disa firmave.<\/span><\/p>\n<p><span style=\"font-weight: bold;\">Po i hyni televizionit me kok\u00ebn tuaj, apo ju kan\u00eb shtyr\u00eb prind\u00ebrit?<\/span><\/p>\n<p><span style=\"font-style: italic;\">Jo \u00ebsht\u00eb shtys\u00eb e prind\u00ebrve, sidomos e babit, i cili \u00ebsht\u00eb gazetar, por mund t\u00eb them se dhe un\u00eb e gjej veten tek gazetaria.<\/span><\/p>\n<p><span style=\"font-weight: bold;\">Spikeret e lajmeve jan\u00eb nd\u00ebr t\u00eb vetmit, q\u00eb nuk konsumohen nga dalja p\u00ebrdit\u00eb n\u00eb ekran. Mund t\u00eb b\u00ebheni nj\u00eb spikere lajmesh?<\/span><\/p>\n<p><span style=\"font-style: italic;\">Po, n\u00eb t\u00eb ardhmen.<\/span><\/p>\n<p><span style=\"font-weight: bold;\">P\u00ebr \u00e7far\u00eb ju k\u00ebshillon babai?<\/span><br \/>\n<br style=\"font-style: italic;\" \/><span style=\"font-style: italic;\">T\u00eb jem vetvetja. T\u00eb ndjek at\u00eb q\u00eb kam pasion, e t\u00eb mos humbas n\u00eb deg\u00eb t\u00eb tjera. T\u00eb nj\u00ebjt\u00ebt gj\u00eb m\u00eb ka k\u00ebshilluar dhe mami, q\u00eb \u00ebsht\u00eb koreografe, pjes\u00eb e bot\u00ebs s\u00eb televizionit dhe ajo.<\/span><\/p>\n<p><span style=\"font-weight: bold; font-style: italic;\">Nj\u00eb prezantuese si Armina\u2026<\/span><\/p>\n<p><span style=\"font-weight: bold;\">Ekspresive apo e qet\u00eb?<\/span><\/p>\n<p><span style=\"font-style: italic;\">Do ruaj qet\u00ebsin\u00eb dhe do jem shum\u00eb spontane<\/span><\/p>\n<p><span style=\"font-weight: bold;\">Ngjyra e flok\u00ebve si do jet\u00eb?<\/span><\/p>\n<p><span style=\"font-style: italic;\">Ngjyra natyrale g\u00ebshtenj\u00eb, s&#8217;i kam lyer asnj\u00ebher\u00eb dhe nuk do t&#8217;i lyej flok\u00ebt as kur t\u00eb dal n\u00eb ekran.<\/span><\/p>\n<p><span style=\"font-weight: bold;\">Prind\u00ebrit e njohur, nj\u00eb privilegj apo siklet?<\/span><\/p>\n<p><span style=\"font-style: italic;\">P\u00ebr mua privilegj, pasi m\u00eb kan\u00eb leht\u00ebsuar rrug\u00ebn drejt televizionit.<\/span><\/p>\n<p><span style=\"font-weight: bold;\">Do provoni t\u00eb k\u00ebndoni, apo t\u00eb k\u00ebrceni?<\/span><\/p>\n<p><span style=\"font-style: italic;\">Kam k\u00ebnduar n\u00eb festivalin e f\u00ebmij\u00ebve kur isha 10 vje\u00e7, por tani mendoj se stonoj shum\u00eb. P\u00ebrsa i p\u00ebrket k\u00ebrcimit, m\u00eb p\u00eblqen.<\/span><\/p>\n<p><span style=\"font-weight: bold;\">Kush \u00ebsht\u00eb babai Arben Mevlani n\u00eb komunikim me ju?<\/span><br style=\"font-weight: bold;\" \/><br \/>\n<span style=\"font-style: italic;\">\u00cbsht\u00eb njeriu, q\u00eb m\u00eb b\u00ebn gjithmon\u00eb p\u00ebr t\u00eb qeshur. Por kur b\u00ebhet me nerva, (rrall\u00eb b\u00ebhet), por i tmerrsh\u00ebm. Nd\u00ebrsa mami \u00ebsht\u00eb ajo q\u00eb m\u00eb shtyn p\u00ebr l\u00ebnd\u00ebt ekzakte, matematika p\u00ebr shembull, t\u00eb cil\u00ebn nuk e kam prirje, pasi p\u00eblqej shum\u00eb let\u00ebrsin\u00eb.<\/span><\/p>\n<p><span style=\"font-weight: bold;\">Mund t\u00eb m\u00eb p\u00ebrmend\u00ebsh disa emra autor\u00ebsh, q\u00eb i ke t\u00eb preferuar?<\/span><\/p>\n<p><span style=\"font-style: italic;\">Poezit\u00eb e Bodlerit dhe Nerud\u00ebs, romanet e Remarkut, dhe Frojdin si psikoanalist.<\/span><\/p>\n<p><span style=\"font-weight: bold;\">Kush ka qen\u00eb idhulli juaj kur ishit e vog\u00ebl?<\/span><\/p>\n<p><span style=\"font-style: italic;\">Dikur kisha d\u00ebshir\u00eb t\u00eb isha si Britney Spears. Tani p\u00ebrsa i p\u00ebrket muzik\u00ebs prirjet jan\u00eb drejt rrock-ut dhe bluz-it.<\/span><\/p>\n<p><span style=\"font-weight: bold;\">\u00c7far\u00eb jan\u00eb 17 vje\u00e7ar\u00ebt e sot\u00ebm, po ju?<\/span><\/p>\n<p><span style=\"font-style: italic;\">Kan\u00eb shum\u00eb d\u00ebshir\u00eb t\u00eb thyejn\u00eb rregullat gjithandej, dhe i t\u00ebrheq e ndaluara. Dhe un\u00eb s&#8217;b\u00ebj dallim.<\/span><\/p>\n<p><span style=\"font-weight: bold;\">Jeni dhe ju nj\u00eb nga nx\u00ebn\u00ebsit pleng prish\u00ebs t\u00eb shkoll\u00ebs &#8216;Petro Nini Luarasi&#8221;?<\/span><\/p>\n<p><span style=\"font-style: italic;\">(qesh) B\u00ebmat jan\u00eb pafund, por gjithsesi n\u00ebse je nx\u00ebn\u00ebs i mir\u00eb n\u00eb at\u00eb shkoll\u00eb, natyrisht q\u00eb do kesh sukses n\u00eb t\u00eb ardhmen. Un\u00eb e cil\u00ebsoj veten si nx\u00ebn\u00ebse t\u00eb mir\u00eb.<\/span><\/p>\n<p><span style=\"font-weight: bold;\">Ju ka shkuar ndonj\u00ebher\u00eb n\u00eb mendje t\u00eb jetoni vet\u00ebm?<\/span><\/p>\n<p><span style=\"font-style: italic;\">Jo s&#8217;mundem, pasi t\u00eb qenit vajz\u00eb e vetme m\u00eb pengon. Gjithsesi ky fakt m\u00eb ka krijuar mund\u00ebsin\u00eb, q\u00eb \u00e7far\u00eb dua ta kem.<\/span><\/p>\n<p><span style=\"font-weight: bold; font-style: italic;\">PanoramaPlus<\/span><\/p>\n","protected":false},"excerpt":{"rendered":"<p>Mund t\u00eb jet\u00eb nd\u00ebr t\u00eb vetmet 17 vje\u00e7are, q\u00eb ulet me qejf p\u00ebr t\u00eb ndjekur edicionin e lajmeve n\u00eb &#8220;Top Channel&#8221;. Arsyeja, se spikeri \u00ebsht\u00eb babai i saj, por edhe sepse politika \u00ebsht\u00eb pasioni i v\u00ebrtet\u00eb, t\u00eb cilit do t&#8217;i kushtoj\u00eb studimet e larta. Njihet se n\u00eb nga vajzat m\u00eb t\u00eb bukura t\u00eb shkoll\u00ebs &#8220;Petro [&hellip;]<\/p>\n","protected":false},"author":1,"featured_media":0,"comment_status":"open","ping_status":"closed","sticky":false,"template":"","format":"standard","meta":{"spay_email":"","jetpack_publicize_message":"","jetpack_is_tweetstorm":false,"jetpack_publicize_feature_enabled":true},"categories":[1],"tags":[5893],"jetpack_publicize_connections":[],"yoast_head":"<!-- This site is optimized with the Yoast SEO plugin v19.1 - https:\/\/yoast.com\/wordpress\/plugins\/seo\/ -->\n<title>Armina Melvani: Tani n\u00eb ekran m\u00eb shihni mua - Lajme nga Ulqini<\/title>\n<meta name=\"description\" content=\"Mund t\u00eb jet\u00eb nd\u00ebr t\u00eb vetmet 17 vje\u00e7are, q\u00eb ulet me qejf p\u00ebr t\u00eb ndjekur edicionin e lajmeve n\u00eb &quot;Top Channel&quot;. Arsyeja, se spikeri \u00ebsht\u00eb babai i saj, por\" \/>\n<meta name=\"robots\" content=\"index, follow, max-snippet:-1, max-image-preview:large, max-video-preview:-1\" \/>\n<link rel=\"canonical\" href=\"https:\/\/www.visit-ulcinj.com\/blog\/2009\/01\/17\/armina-melvani-tani-ne-ekran-me-shihni-mua\/\" \/>\n<meta property=\"og:locale\" content=\"en_US\" \/>\n<meta property=\"og:type\" content=\"article\" \/>\n<meta property=\"og:title\" content=\"Armina Melvani: Tani n\u00eb ekran m\u00eb shihni mua - Lajme nga Ulqini\" \/>\n<meta property=\"og:description\" content=\"Mund t\u00eb jet\u00eb nd\u00ebr t\u00eb vetmet 17 vje\u00e7are, q\u00eb ulet me qejf p\u00ebr t\u00eb ndjekur edicionin e lajmeve n\u00eb &quot;Top Channel&quot;. Arsyeja, se spikeri \u00ebsht\u00eb babai i saj, por\" \/>\n<meta property=\"og:url\" content=\"https:\/\/www.visit-ulcinj.com\/blog\/2009\/01\/17\/armina-melvani-tani-ne-ekran-me-shihni-mua\/\" \/>\n<meta property=\"og:site_name\" content=\"Lajme nga Ulqini\" \/>\n<meta property=\"article:published_time\" content=\"2009-01-17T21:09:45+00:00\" \/>\n<meta property=\"article:modified_time\" content=\"2009-01-17T21:09:48+00:00\" \/>\n<meta property=\"og:image\" content=\"http:\/\/www.visit-ulcinj.com\/blog\/wp-content\/uploads\/2009\/01\/armina-melvani1.jpg\" \/>\n<meta name=\"twitter:label1\" content=\"Written by\" \/>\n\t<meta name=\"twitter:data1\" content=\"ulqini\" \/>\n\t<meta name=\"twitter:label2\" content=\"Est. reading time\" \/>\n\t<meta name=\"twitter:data2\" content=\"5 minutes\" \/>\n<script type=\"application\/ld+json\" class=\"yoast-schema-graph\">{\"@context\":\"https:\/\/schema.org\",\"@graph\":[{\"@type\":\"WebSite\",\"@id\":\"https:\/\/www.visit-ulcinj.com\/blog\/#website\",\"url\":\"https:\/\/www.visit-ulcinj.com\/blog\/\",\"name\":\"Lajme nga Ulqini\",\"description\":\"Lajme,Vijesti,Ulqini,Ulqin,Crna Gora,Mali i Zi\",\"potentialAction\":[{\"@type\":\"SearchAction\",\"target\":{\"@type\":\"EntryPoint\",\"urlTemplate\":\"https:\/\/www.visit-ulcinj.com\/blog\/?s={search_term_string}\"},\"query-input\":\"required name=search_term_string\"}],\"inLanguage\":\"en-US\"},{\"@type\":\"ImageObject\",\"inLanguage\":\"en-US\",\"@id\":\"https:\/\/www.visit-ulcinj.com\/blog\/2009\/01\/17\/armina-melvani-tani-ne-ekran-me-shihni-mua\/#primaryimage\",\"url\":\"http:\/\/www.visit-ulcinj.com\/blog\/wp-content\/uploads\/2009\/01\/armina-melvani1.jpg\",\"contentUrl\":\"http:\/\/www.visit-ulcinj.com\/blog\/wp-content\/uploads\/2009\/01\/armina-melvani1.jpg\"},{\"@type\":\"WebPage\",\"@id\":\"https:\/\/www.visit-ulcinj.com\/blog\/2009\/01\/17\/armina-melvani-tani-ne-ekran-me-shihni-mua\/#webpage\",\"url\":\"https:\/\/www.visit-ulcinj.com\/blog\/2009\/01\/17\/armina-melvani-tani-ne-ekran-me-shihni-mua\/\",\"name\":\"Armina Melvani: Tani n\u00eb ekran m\u00eb shihni mua - Lajme nga Ulqini\",\"isPartOf\":{\"@id\":\"https:\/\/www.visit-ulcinj.com\/blog\/#website\"},\"primaryImageOfPage\":{\"@id\":\"https:\/\/www.visit-ulcinj.com\/blog\/2009\/01\/17\/armina-melvani-tani-ne-ekran-me-shihni-mua\/#primaryimage\"},\"datePublished\":\"2009-01-17T21:09:45+00:00\",\"dateModified\":\"2009-01-17T21:09:48+00:00\",\"author\":{\"@id\":\"https:\/\/www.visit-ulcinj.com\/blog\/#\/schema\/person\/dcab619c614d3038751c63bc2aadc06d\"},\"description\":\"Mund t\u00eb jet\u00eb nd\u00ebr t\u00eb vetmet 17 vje\u00e7are, q\u00eb ulet me qejf p\u00ebr t\u00eb ndjekur edicionin e lajmeve n\u00eb \\\"Top Channel\\\". Arsyeja, se spikeri \u00ebsht\u00eb babai i saj, por\",\"breadcrumb\":{\"@id\":\"https:\/\/www.visit-ulcinj.com\/blog\/2009\/01\/17\/armina-melvani-tani-ne-ekran-me-shihni-mua\/#breadcrumb\"},\"inLanguage\":\"en-US\",\"potentialAction\":[{\"@type\":\"ReadAction\",\"target\":[\"https:\/\/www.visit-ulcinj.com\/blog\/2009\/01\/17\/armina-melvani-tani-ne-ekran-me-shihni-mua\/\"]}]},{\"@type\":\"BreadcrumbList\",\"@id\":\"https:\/\/www.visit-ulcinj.com\/blog\/2009\/01\/17\/armina-melvani-tani-ne-ekran-me-shihni-mua\/#breadcrumb\",\"itemListElement\":[{\"@type\":\"ListItem\",\"position\":1,\"name\":\"Armina Melvani: Tani n\u00eb ekran m\u00eb shihni mua\"}]},{\"@type\":\"Person\",\"@id\":\"https:\/\/www.visit-ulcinj.com\/blog\/#\/schema\/person\/dcab619c614d3038751c63bc2aadc06d\",\"name\":\"ulqini\",\"sameAs\":[\"http:\/\/www.visit-ulcinj.com\"],\"url\":\"https:\/\/www.visit-ulcinj.com\/blog\/author\/admin\/\"}]}<\/script>\n<!-- \/ Yoast SEO plugin. -->","yoast_head_json":{"title":"Armina Melvani: Tani n\u00eb ekran m\u00eb shihni mua - Lajme nga Ulqini","description":"Mund t\u00eb jet\u00eb nd\u00ebr t\u00eb vetmet 17 vje\u00e7are, q\u00eb ulet me qejf p\u00ebr t\u00eb ndjekur edicionin e lajmeve n\u00eb \"Top Channel\". Arsyeja, se spikeri \u00ebsht\u00eb babai i saj, por","robots":{"index":"index","follow":"follow","max-snippet":"max-snippet:-1","max-image-preview":"max-image-preview:large","max-video-preview":"max-video-preview:-1"},"canonical":"https:\/\/www.visit-ulcinj.com\/blog\/2009\/01\/17\/armina-melvani-tani-ne-ekran-me-shihni-mua\/","og_locale":"en_US","og_type":"article","og_title":"Armina Melvani: Tani n\u00eb ekran m\u00eb shihni mua - Lajme nga Ulqini","og_description":"Mund t\u00eb jet\u00eb nd\u00ebr t\u00eb vetmet 17 vje\u00e7are, q\u00eb ulet me qejf p\u00ebr t\u00eb ndjekur edicionin e lajmeve n\u00eb \"Top Channel\". Arsyeja, se spikeri \u00ebsht\u00eb babai i saj, por","og_url":"https:\/\/www.visit-ulcinj.com\/blog\/2009\/01\/17\/armina-melvani-tani-ne-ekran-me-shihni-mua\/","og_site_name":"Lajme nga Ulqini","article_published_time":"2009-01-17T21:09:45+00:00","article_modified_time":"2009-01-17T21:09:48+00:00","og_image":[{"url":"http:\/\/www.visit-ulcinj.com\/blog\/wp-content\/uploads\/2009\/01\/armina-melvani1.jpg"}],"twitter_misc":{"Written by":"ulqini","Est. reading time":"5 minutes"},"schema":{"@context":"https:\/\/schema.org","@graph":[{"@type":"WebSite","@id":"https:\/\/www.visit-ulcinj.com\/blog\/#website","url":"https:\/\/www.visit-ulcinj.com\/blog\/","name":"Lajme nga Ulqini","description":"Lajme,Vijesti,Ulqini,Ulqin,Crna Gora,Mali i Zi","potentialAction":[{"@type":"SearchAction","target":{"@type":"EntryPoint","urlTemplate":"https:\/\/www.visit-ulcinj.com\/blog\/?s={search_term_string}"},"query-input":"required name=search_term_string"}],"inLanguage":"en-US"},{"@type":"ImageObject","inLanguage":"en-US","@id":"https:\/\/www.visit-ulcinj.com\/blog\/2009\/01\/17\/armina-melvani-tani-ne-ekran-me-shihni-mua\/#primaryimage","url":"http:\/\/www.visit-ulcinj.com\/blog\/wp-content\/uploads\/2009\/01\/armina-melvani1.jpg","contentUrl":"http:\/\/www.visit-ulcinj.com\/blog\/wp-content\/uploads\/2009\/01\/armina-melvani1.jpg"},{"@type":"WebPage","@id":"https:\/\/www.visit-ulcinj.com\/blog\/2009\/01\/17\/armina-melvani-tani-ne-ekran-me-shihni-mua\/#webpage","url":"https:\/\/www.visit-ulcinj.com\/blog\/2009\/01\/17\/armina-melvani-tani-ne-ekran-me-shihni-mua\/","name":"Armina Melvani: Tani n\u00eb ekran m\u00eb shihni mua - Lajme nga Ulqini","isPartOf":{"@id":"https:\/\/www.visit-ulcinj.com\/blog\/#website"},"primaryImageOfPage":{"@id":"https:\/\/www.visit-ulcinj.com\/blog\/2009\/01\/17\/armina-melvani-tani-ne-ekran-me-shihni-mua\/#primaryimage"},"datePublished":"2009-01-17T21:09:45+00:00","dateModified":"2009-01-17T21:09:48+00:00","author":{"@id":"https:\/\/www.visit-ulcinj.com\/blog\/#\/schema\/person\/dcab619c614d3038751c63bc2aadc06d"},"description":"Mund t\u00eb jet\u00eb nd\u00ebr t\u00eb vetmet 17 vje\u00e7are, q\u00eb ulet me qejf p\u00ebr t\u00eb ndjekur edicionin e lajmeve n\u00eb \"Top Channel\". Arsyeja, se spikeri \u00ebsht\u00eb babai i saj, por","breadcrumb":{"@id":"https:\/\/www.visit-ulcinj.com\/blog\/2009\/01\/17\/armina-melvani-tani-ne-ekran-me-shihni-mua\/#breadcrumb"},"inLanguage":"en-US","potentialAction":[{"@type":"ReadAction","target":["https:\/\/www.visit-ulcinj.com\/blog\/2009\/01\/17\/armina-melvani-tani-ne-ekran-me-shihni-mua\/"]}]},{"@type":"BreadcrumbList","@id":"https:\/\/www.visit-ulcinj.com\/blog\/2009\/01\/17\/armina-melvani-tani-ne-ekran-me-shihni-mua\/#breadcrumb","itemListElement":[{"@type":"ListItem","position":1,"name":"Armina Melvani: Tani n\u00eb ekran m\u00eb shihni mua"}]},{"@type":"Person","@id":"https:\/\/www.visit-ulcinj.com\/blog\/#\/schema\/person\/dcab619c614d3038751c63bc2aadc06d","name":"ulqini","sameAs":["http:\/\/www.visit-ulcinj.com"],"url":"https:\/\/www.visit-ulcinj.com\/blog\/author\/admin\/"}]}},"jetpack_featured_media_url":"","jetpack_sharing_enabled":true,"jetpack_shortlink":"https:\/\/wp.me\/pe6lTn-2pS","_links":{"self":[{"href":"https:\/\/www.visit-ulcinj.com\/blog\/wp-json\/wp\/v2\/posts\/9292"}],"collection":[{"href":"https:\/\/www.visit-ulcinj.com\/blog\/wp-json\/wp\/v2\/posts"}],"about":[{"href":"https:\/\/www.visit-ulcinj.com\/blog\/wp-json\/wp\/v2\/types\/post"}],"author":[{"embeddable":true,"href":"https:\/\/www.visit-ulcinj.com\/blog\/wp-json\/wp\/v2\/users\/1"}],"replies":[{"embeddable":true,"href":"https:\/\/www.visit-ulcinj.com\/blog\/wp-json\/wp\/v2\/comments?post=9292"}],"version-history":[{"count":0,"href":"https:\/\/www.visit-ulcinj.com\/blog\/wp-json\/wp\/v2\/posts\/9292\/revisions"}],"wp:attachment":[{"href":"https:\/\/www.visit-ulcinj.com\/blog\/wp-json\/wp\/v2\/media?parent=9292"}],"wp:term":[{"taxonomy":"category","embeddable":true,"href":"https:\/\/www.visit-ulcinj.com\/blog\/wp-json\/wp\/v2\/categories?post=9292"},{"taxonomy":"post_tag","embeddable":true,"href":"https:\/\/www.visit-ulcinj.com\/blog\/wp-json\/wp\/v2\/tags?post=9292"}],"curies":[{"name":"wp","href":"https:\/\/api.w.org\/{rel}","templated":true}]}}