{"id":92939,"date":"2015-11-02T13:51:57","date_gmt":"2015-11-02T12:51:57","guid":{"rendered":"http:\/\/www.visit-ulcinj.com\/blog\/?p=92939"},"modified":"2015-11-02T13:51:57","modified_gmt":"2015-11-02T12:51:57","slug":"nuo-selcanin-stradao-u-saobracajnoj-nesreci-na-putu-ulcinj-ada-bojana","status":"publish","type":"post","link":"https:\/\/www.visit-ulcinj.com\/blog\/2015\/11\/02\/nuo-selcanin-stradao-u-saobracajnoj-nesreci-na-putu-ulcinj-ada-bojana\/","title":{"rendered":"Nuo Sel\u010danin stradao u saobra\u0107ajnoj nesre\u0107i na putu Ulcinj-Ada Bojana"},"content":{"rendered":"<p><strong><span class=\"credits__author\"> <a href=\"http:\/\/www.visit-ulcinj.com\/blog\/wp-content\/uploads\/2015\/11\/Aksident-.jpeg\"><img loading=\"lazy\" class=\"alignleft wp-image-92940 size-full\" src=\"http:\/\/www.visit-ulcinj.com\/blog\/wp-content\/uploads\/2015\/11\/Aksident-.jpeg\" alt=\"Aksident-\" width=\"272\" height=\"300\" \/><\/a>Foto:Ul.info<\/span><\/strong><\/p>\n<p><strong><span class=\"credits__author\">Autor: Samir Adrovi\u0107 <\/span><\/strong><\/p>\n<p>Ulcinjanin Nuo Sel\u010danin (53) poginuo je ju\u010de oko 18:00h na putu Ulcinj-Ada Bojana.<\/p>\n<p>On je upravljaju\u0107i vozilom &#8220;folksvagen golf&#8221; ulcinjskih tablica\u00a0udario u krave koje su bile na putu u mjestu \u0160toj.<\/p>\n<p>U Hitnoj pomo\u0107i, &#8220;Vijestima&#8221;\u00a0je saop\u0161teno da je Sel\u010danin poginuo na licu mjesta.<\/p>\n<p>Iz policije &#8220;Vijesti&#8221; nijesu mogle saznati detaljnije informacije o tragediji.<\/p>\n<p><strong>Izvor: Vijesti Online<\/strong><\/p>\n","protected":false},"excerpt":{"rendered":"<p>Foto:Ul.info Autor: Samir Adrovi\u0107 Ulcinjanin Nuo Sel\u010danin (53) poginuo je ju\u010de oko 18:00h na putu Ulcinj-Ada Bojana. On je upravljaju\u0107i vozilom &#8220;folksvagen golf&#8221; ulcinjskih tablica\u00a0udario u krave koje su bile na putu u mjestu \u0160toj. U Hitnoj pomo\u0107i, &#8220;Vijestima&#8221;\u00a0je saop\u0161teno da je Sel\u010danin poginuo na licu mjesta. Iz policije &#8220;Vijesti&#8221; nijesu mogle saznati detaljnije informacije [&hellip;]<\/p>\n","protected":false},"author":1,"featured_media":0,"comment_status":"closed","ping_status":"closed","sticky":false,"template":"","format":"standard","meta":{"spay_email":"","jetpack_publicize_message":"","jetpack_is_tweetstorm":false,"jetpack_publicize_feature_enabled":true},"categories":[8337],"tags":[],"jetpack_publicize_connections":[],"yoast_head":"<!-- This site is optimized with the Yoast SEO plugin v19.1 - https:\/\/yoast.com\/wordpress\/plugins\/seo\/ -->\n<title>Nuo Sel\u010danin stradao u saobra\u0107ajnoj nesre\u0107i na putu Ulcinj-Ada Bojana - Lajme nga Ulqini<\/title>\n<meta name=\"description\" content=\"Foto:Ul.info Autor: Samir Adrovi\u0107 Ulcinjanin Nuo Sel\u010danin (53) poginuo je ju\u010de oko 18:00h na putu Ulcinj-Ada Bojana. On je upravljaju\u0107i vozilom\" \/>\n<meta name=\"robots\" content=\"index, follow, max-snippet:-1, max-image-preview:large, max-video-preview:-1\" \/>\n<link rel=\"canonical\" href=\"https:\/\/www.visit-ulcinj.com\/blog\/2015\/11\/02\/nuo-selcanin-stradao-u-saobracajnoj-nesreci-na-putu-ulcinj-ada-bojana\/\" \/>\n<meta property=\"og:locale\" content=\"en_US\" \/>\n<meta property=\"og:type\" content=\"article\" \/>\n<meta property=\"og:title\" content=\"Nuo Sel\u010danin stradao u saobra\u0107ajnoj nesre\u0107i na putu Ulcinj-Ada Bojana - Lajme nga Ulqini\" \/>\n<meta property=\"og:description\" content=\"Foto:Ul.info Autor: Samir Adrovi\u0107 Ulcinjanin Nuo Sel\u010danin (53) poginuo je ju\u010de oko 18:00h na putu Ulcinj-Ada Bojana. On je upravljaju\u0107i vozilom\" \/>\n<meta property=\"og:url\" content=\"https:\/\/www.visit-ulcinj.com\/blog\/2015\/11\/02\/nuo-selcanin-stradao-u-saobracajnoj-nesreci-na-putu-ulcinj-ada-bojana\/\" \/>\n<meta property=\"og:site_name\" content=\"Lajme nga Ulqini\" \/>\n<meta property=\"article:published_time\" content=\"2015-11-02T12:51:57+00:00\" \/>\n<meta property=\"og:image\" content=\"http:\/\/www.visit-ulcinj.com\/blog\/wp-content\/uploads\/2015\/11\/Aksident-.jpeg\" \/>\n<meta name=\"twitter:label1\" content=\"Written by\" \/>\n\t<meta name=\"twitter:data1\" content=\"ulqini\" \/>\n<script type=\"application\/ld+json\" class=\"yoast-schema-graph\">{\"@context\":\"https:\/\/schema.org\",\"@graph\":[{\"@type\":\"WebSite\",\"@id\":\"https:\/\/www.visit-ulcinj.com\/blog\/#website\",\"url\":\"https:\/\/www.visit-ulcinj.com\/blog\/\",\"name\":\"Lajme nga Ulqini\",\"description\":\"Lajme,Vijesti,Ulqini,Ulqin,Crna Gora,Mali i Zi\",\"potentialAction\":[{\"@type\":\"SearchAction\",\"target\":{\"@type\":\"EntryPoint\",\"urlTemplate\":\"https:\/\/www.visit-ulcinj.com\/blog\/?s={search_term_string}\"},\"query-input\":\"required name=search_term_string\"}],\"inLanguage\":\"en-US\"},{\"@type\":\"ImageObject\",\"inLanguage\":\"en-US\",\"@id\":\"https:\/\/www.visit-ulcinj.com\/blog\/2015\/11\/02\/nuo-selcanin-stradao-u-saobracajnoj-nesreci-na-putu-ulcinj-ada-bojana\/#primaryimage\",\"url\":\"https:\/\/www.visit-ulcinj.com\/blog\/wp-content\/uploads\/2015\/11\/Aksident-.jpeg\",\"contentUrl\":\"https:\/\/www.visit-ulcinj.com\/blog\/wp-content\/uploads\/2015\/11\/Aksident-.jpeg\",\"width\":272,\"height\":300},{\"@type\":\"WebPage\",\"@id\":\"https:\/\/www.visit-ulcinj.com\/blog\/2015\/11\/02\/nuo-selcanin-stradao-u-saobracajnoj-nesreci-na-putu-ulcinj-ada-bojana\/#webpage\",\"url\":\"https:\/\/www.visit-ulcinj.com\/blog\/2015\/11\/02\/nuo-selcanin-stradao-u-saobracajnoj-nesreci-na-putu-ulcinj-ada-bojana\/\",\"name\":\"Nuo Sel\u010danin stradao u saobra\u0107ajnoj nesre\u0107i na putu Ulcinj-Ada Bojana - Lajme nga Ulqini\",\"isPartOf\":{\"@id\":\"https:\/\/www.visit-ulcinj.com\/blog\/#website\"},\"primaryImageOfPage\":{\"@id\":\"https:\/\/www.visit-ulcinj.com\/blog\/2015\/11\/02\/nuo-selcanin-stradao-u-saobracajnoj-nesreci-na-putu-ulcinj-ada-bojana\/#primaryimage\"},\"datePublished\":\"2015-11-02T12:51:57+00:00\",\"dateModified\":\"2015-11-02T12:51:57+00:00\",\"author\":{\"@id\":\"https:\/\/www.visit-ulcinj.com\/blog\/#\/schema\/person\/dcab619c614d3038751c63bc2aadc06d\"},\"description\":\"Foto:Ul.info Autor: Samir Adrovi\u0107 Ulcinjanin Nuo Sel\u010danin (53) poginuo je ju\u010de oko 18:00h na putu Ulcinj-Ada Bojana. On je upravljaju\u0107i vozilom\",\"breadcrumb\":{\"@id\":\"https:\/\/www.visit-ulcinj.com\/blog\/2015\/11\/02\/nuo-selcanin-stradao-u-saobracajnoj-nesreci-na-putu-ulcinj-ada-bojana\/#breadcrumb\"},\"inLanguage\":\"en-US\",\"potentialAction\":[{\"@type\":\"ReadAction\",\"target\":[\"https:\/\/www.visit-ulcinj.com\/blog\/2015\/11\/02\/nuo-selcanin-stradao-u-saobracajnoj-nesreci-na-putu-ulcinj-ada-bojana\/\"]}]},{\"@type\":\"BreadcrumbList\",\"@id\":\"https:\/\/www.visit-ulcinj.com\/blog\/2015\/11\/02\/nuo-selcanin-stradao-u-saobracajnoj-nesreci-na-putu-ulcinj-ada-bojana\/#breadcrumb\",\"itemListElement\":[{\"@type\":\"ListItem\",\"position\":1,\"name\":\"Nuo Sel\u010danin stradao u saobra\u0107ajnoj nesre\u0107i na putu Ulcinj-Ada Bojana\"}]},{\"@type\":\"Person\",\"@id\":\"https:\/\/www.visit-ulcinj.com\/blog\/#\/schema\/person\/dcab619c614d3038751c63bc2aadc06d\",\"name\":\"ulqini\",\"sameAs\":[\"http:\/\/www.visit-ulcinj.com\"],\"url\":\"https:\/\/www.visit-ulcinj.com\/blog\/author\/admin\/\"}]}<\/script>\n<!-- \/ Yoast SEO plugin. -->","yoast_head_json":{"title":"Nuo Sel\u010danin stradao u saobra\u0107ajnoj nesre\u0107i na putu Ulcinj-Ada Bojana - Lajme nga Ulqini","description":"Foto:Ul.info Autor: Samir Adrovi\u0107 Ulcinjanin Nuo Sel\u010danin (53) poginuo je ju\u010de oko 18:00h na putu Ulcinj-Ada Bojana. On je upravljaju\u0107i vozilom","robots":{"index":"index","follow":"follow","max-snippet":"max-snippet:-1","max-image-preview":"max-image-preview:large","max-video-preview":"max-video-preview:-1"},"canonical":"https:\/\/www.visit-ulcinj.com\/blog\/2015\/11\/02\/nuo-selcanin-stradao-u-saobracajnoj-nesreci-na-putu-ulcinj-ada-bojana\/","og_locale":"en_US","og_type":"article","og_title":"Nuo Sel\u010danin stradao u saobra\u0107ajnoj nesre\u0107i na putu Ulcinj-Ada Bojana - Lajme nga Ulqini","og_description":"Foto:Ul.info Autor: Samir Adrovi\u0107 Ulcinjanin Nuo Sel\u010danin (53) poginuo je ju\u010de oko 18:00h na putu Ulcinj-Ada Bojana. On je upravljaju\u0107i vozilom","og_url":"https:\/\/www.visit-ulcinj.com\/blog\/2015\/11\/02\/nuo-selcanin-stradao-u-saobracajnoj-nesreci-na-putu-ulcinj-ada-bojana\/","og_site_name":"Lajme nga Ulqini","article_published_time":"2015-11-02T12:51:57+00:00","og_image":[{"url":"http:\/\/www.visit-ulcinj.com\/blog\/wp-content\/uploads\/2015\/11\/Aksident-.jpeg"}],"twitter_misc":{"Written by":"ulqini"},"schema":{"@context":"https:\/\/schema.org","@graph":[{"@type":"WebSite","@id":"https:\/\/www.visit-ulcinj.com\/blog\/#website","url":"https:\/\/www.visit-ulcinj.com\/blog\/","name":"Lajme nga Ulqini","description":"Lajme,Vijesti,Ulqini,Ulqin,Crna Gora,Mali i Zi","potentialAction":[{"@type":"SearchAction","target":{"@type":"EntryPoint","urlTemplate":"https:\/\/www.visit-ulcinj.com\/blog\/?s={search_term_string}"},"query-input":"required name=search_term_string"}],"inLanguage":"en-US"},{"@type":"ImageObject","inLanguage":"en-US","@id":"https:\/\/www.visit-ulcinj.com\/blog\/2015\/11\/02\/nuo-selcanin-stradao-u-saobracajnoj-nesreci-na-putu-ulcinj-ada-bojana\/#primaryimage","url":"https:\/\/www.visit-ulcinj.com\/blog\/wp-content\/uploads\/2015\/11\/Aksident-.jpeg","contentUrl":"https:\/\/www.visit-ulcinj.com\/blog\/wp-content\/uploads\/2015\/11\/Aksident-.jpeg","width":272,"height":300},{"@type":"WebPage","@id":"https:\/\/www.visit-ulcinj.com\/blog\/2015\/11\/02\/nuo-selcanin-stradao-u-saobracajnoj-nesreci-na-putu-ulcinj-ada-bojana\/#webpage","url":"https:\/\/www.visit-ulcinj.com\/blog\/2015\/11\/02\/nuo-selcanin-stradao-u-saobracajnoj-nesreci-na-putu-ulcinj-ada-bojana\/","name":"Nuo Sel\u010danin stradao u saobra\u0107ajnoj nesre\u0107i na putu Ulcinj-Ada Bojana - Lajme nga Ulqini","isPartOf":{"@id":"https:\/\/www.visit-ulcinj.com\/blog\/#website"},"primaryImageOfPage":{"@id":"https:\/\/www.visit-ulcinj.com\/blog\/2015\/11\/02\/nuo-selcanin-stradao-u-saobracajnoj-nesreci-na-putu-ulcinj-ada-bojana\/#primaryimage"},"datePublished":"2015-11-02T12:51:57+00:00","dateModified":"2015-11-02T12:51:57+00:00","author":{"@id":"https:\/\/www.visit-ulcinj.com\/blog\/#\/schema\/person\/dcab619c614d3038751c63bc2aadc06d"},"description":"Foto:Ul.info Autor: Samir Adrovi\u0107 Ulcinjanin Nuo Sel\u010danin (53) poginuo je ju\u010de oko 18:00h na putu Ulcinj-Ada Bojana. On je upravljaju\u0107i vozilom","breadcrumb":{"@id":"https:\/\/www.visit-ulcinj.com\/blog\/2015\/11\/02\/nuo-selcanin-stradao-u-saobracajnoj-nesreci-na-putu-ulcinj-ada-bojana\/#breadcrumb"},"inLanguage":"en-US","potentialAction":[{"@type":"ReadAction","target":["https:\/\/www.visit-ulcinj.com\/blog\/2015\/11\/02\/nuo-selcanin-stradao-u-saobracajnoj-nesreci-na-putu-ulcinj-ada-bojana\/"]}]},{"@type":"BreadcrumbList","@id":"https:\/\/www.visit-ulcinj.com\/blog\/2015\/11\/02\/nuo-selcanin-stradao-u-saobracajnoj-nesreci-na-putu-ulcinj-ada-bojana\/#breadcrumb","itemListElement":[{"@type":"ListItem","position":1,"name":"Nuo Sel\u010danin stradao u saobra\u0107ajnoj nesre\u0107i na putu Ulcinj-Ada Bojana"}]},{"@type":"Person","@id":"https:\/\/www.visit-ulcinj.com\/blog\/#\/schema\/person\/dcab619c614d3038751c63bc2aadc06d","name":"ulqini","sameAs":["http:\/\/www.visit-ulcinj.com"],"url":"https:\/\/www.visit-ulcinj.com\/blog\/author\/admin\/"}]}},"jetpack_featured_media_url":"","jetpack_sharing_enabled":true,"jetpack_shortlink":"https:\/\/wp.me\/pe6lTn-ob1","_links":{"self":[{"href":"https:\/\/www.visit-ulcinj.com\/blog\/wp-json\/wp\/v2\/posts\/92939"}],"collection":[{"href":"https:\/\/www.visit-ulcinj.com\/blog\/wp-json\/wp\/v2\/posts"}],"about":[{"href":"https:\/\/www.visit-ulcinj.com\/blog\/wp-json\/wp\/v2\/types\/post"}],"author":[{"embeddable":true,"href":"https:\/\/www.visit-ulcinj.com\/blog\/wp-json\/wp\/v2\/users\/1"}],"replies":[{"embeddable":true,"href":"https:\/\/www.visit-ulcinj.com\/blog\/wp-json\/wp\/v2\/comments?post=92939"}],"version-history":[{"count":1,"href":"https:\/\/www.visit-ulcinj.com\/blog\/wp-json\/wp\/v2\/posts\/92939\/revisions"}],"predecessor-version":[{"id":92941,"href":"https:\/\/www.visit-ulcinj.com\/blog\/wp-json\/wp\/v2\/posts\/92939\/revisions\/92941"}],"wp:attachment":[{"href":"https:\/\/www.visit-ulcinj.com\/blog\/wp-json\/wp\/v2\/media?parent=92939"}],"wp:term":[{"taxonomy":"category","embeddable":true,"href":"https:\/\/www.visit-ulcinj.com\/blog\/wp-json\/wp\/v2\/categories?post=92939"},{"taxonomy":"post_tag","embeddable":true,"href":"https:\/\/www.visit-ulcinj.com\/blog\/wp-json\/wp\/v2\/tags?post=92939"}],"curies":[{"name":"wp","href":"https:\/\/api.w.org\/{rel}","templated":true}]}}