{"id":92955,"date":"2015-11-02T15:37:50","date_gmt":"2015-11-02T14:37:50","guid":{"rendered":"http:\/\/www.visit-ulcinj.com\/blog\/?p=92955"},"modified":"2015-11-03T09:25:14","modified_gmt":"2015-11-03T08:25:14","slug":"pastrohet-ambienti-publik-dhe-mbillen-lule-para-organizates-turistike-ne-ulqin","status":"publish","type":"post","link":"https:\/\/www.visit-ulcinj.com\/blog\/2015\/11\/02\/pastrohet-ambienti-publik-dhe-mbillen-lule-para-organizates-turistike-ne-ulqin\/","title":{"rendered":"Pastrohet ambienti publik dhe mbillen lule para Organizat\u00ebs Turistike n\u00eb Ulqin"},"content":{"rendered":"<p><strong>K\u00ebto dit\u00eb para T-Com-it dhe Organizat\u00ebs turistike t\u00eb Ulqinit, ka filluar pastrimi i zonave publike, mbjellja e luleve t\u00eb llojeve t\u00eb ndryshme dhe mbjellja e drunjve dekorativ.<\/strong><\/p>\n<p><a href=\"http:\/\/www.visit-ulcinj.com\/blog\/wp-content\/uploads\/2015\/11\/Mbillen-lule-para-Organizat\u00ebs-Turistike-n\u00eb-Ulqin-2.jpg\"><img loading=\"lazy\" class=\"alignleft wp-image-92956\" src=\"http:\/\/www.visit-ulcinj.com\/blog\/wp-content\/uploads\/2015\/11\/Mbillen-lule-para-Organizat\u00ebs-Turistike-n\u00eb-Ulqin-2.jpg\" alt=\"Mbillen lule para Organizat\u00ebs Turistike n\u00eb Ulqin-2\" width=\"508\" height=\"381\" srcset=\"https:\/\/www.visit-ulcinj.com\/blog\/wp-content\/uploads\/2015\/11\/Mbillen-lule-para-Organizat\u00ebs-Turistike-n\u00eb-Ulqin-2.jpg 960w, https:\/\/www.visit-ulcinj.com\/blog\/wp-content\/uploads\/2015\/11\/Mbillen-lule-para-Organizat\u00ebs-Turistike-n\u00eb-Ulqin-2-300x225.jpg 300w\" sizes=\"(max-width: 508px) 100vw, 508px\" \/><\/a><\/p>\n<p>Ulqini \u00ebsht\u00eb nj\u00eb nd\u00ebr qytetet m\u00eb t\u00eb bukur n\u00eb bregun e detit e Malit t\u00eb Zi. Mir\u00ebpo, Ulqinit i mungojn\u00eb m\u00eb shum\u00eb hapsira t\u00eb gjelb\u00ebrta publike. Edhe ato t\u00eb cilat gjenden n\u00eb pron\u00ebn shoq\u00ebrore, nuk mir\u00ebmbahen n\u00eb nivelin e duhur, pasi q\u00eb gjat\u00eb sezonit turistik shpesh her\u00eb &#8220;keq\u00ebp\u00ebrdoren&#8221;. Hapsirat publike na takojn\u00eb t\u00eb gjith\u00ebve, prandaj, duhet ti ruajm dhe ti kultivojm\u00eb .<br \/>\nNj\u00eb shembull i mir\u00eb, p\u00ebr t\u00eb lavdruar gjendet pran\u00eb nd\u00ebrtes\u00ebs ku gjendet OT e Ulqinit. Duke falenderuar drejtoresh\u00ebs Zan\u00ebs Sarvan, kjo pjes\u00eb ka fitur sot nj\u00eb pamje m\u00eb humane, nj\u00eb pamje m\u00eb t\u00eb bukur p\u00ebr sy dhe p\u00ebr shpirt..<\/p>\n<p id=\"js_82\" class=\"_5pbw\" data-ft=\"{&quot;tn&quot;:&quot;C&quot;}\"><strong><span class=\"fwn fcg\"><span class=\"fcg\"><span class=\"fwb\"><a id=\"js_8i\" class=\"profileLink\" href=\"https:\/\/www.facebook.com\/ismet.karamanaga\" data-ft=\"{&quot;tn&quot;:&quot;l&quot;}\" data-hovercard=\"\/ajax\/hovercard\/user.php?id=1359492972\">Ismet Karamanaga <\/a><\/span><\/span><\/span>Facebook<\/strong><\/p>\n<p class=\"_5pbw\" data-ft=\"{&quot;tn&quot;:&quot;C&quot;}\"><a href=\"http:\/\/www.visit-ulcinj.com\/blog\/wp-content\/uploads\/2015\/11\/Mbillen-lule-para-Organizat\u00ebs-Turistike-n\u00eb-Ulqin-1.jpg\"><img loading=\"lazy\" class=\"alignleft wp-image-92957\" src=\"http:\/\/www.visit-ulcinj.com\/blog\/wp-content\/uploads\/2015\/11\/Mbillen-lule-para-Organizat\u00ebs-Turistike-n\u00eb-Ulqin-1.jpg\" alt=\"Mbillen lule para Organizat\u00ebs Turistike n\u00eb Ulqin-1\" width=\"508\" height=\"381\" srcset=\"https:\/\/www.visit-ulcinj.com\/blog\/wp-content\/uploads\/2015\/11\/Mbillen-lule-para-Organizat\u00ebs-Turistike-n\u00eb-Ulqin-1.jpg 960w, https:\/\/www.visit-ulcinj.com\/blog\/wp-content\/uploads\/2015\/11\/Mbillen-lule-para-Organizat\u00ebs-Turistike-n\u00eb-Ulqin-1-300x225.jpg 300w\" sizes=\"(max-width: 508px) 100vw, 508px\" \/><\/a><\/p>\n<p><a href=\"http:\/\/www.visit-ulcinj.com\/blog\/wp-content\/uploads\/2015\/11\/Mbillen-lule-para-Organizat\u00ebs-Turistike-n\u00eb-Ulqin-3.jpg\"><img loading=\"lazy\" class=\"alignleft size-full wp-image-92958\" src=\"http:\/\/www.visit-ulcinj.com\/blog\/wp-content\/uploads\/2015\/11\/Mbillen-lule-para-Organizat\u00ebs-Turistike-n\u00eb-Ulqin-3.jpg\" alt=\"Mbillen lule para Organizat\u00ebs Turistike n\u00eb Ulqin-3\" width=\"508\" height=\"380\" srcset=\"https:\/\/www.visit-ulcinj.com\/blog\/wp-content\/uploads\/2015\/11\/Mbillen-lule-para-Organizat\u00ebs-Turistike-n\u00eb-Ulqin-3.jpg 960w, https:\/\/www.visit-ulcinj.com\/blog\/wp-content\/uploads\/2015\/11\/Mbillen-lule-para-Organizat\u00ebs-Turistike-n\u00eb-Ulqin-3-300x225.jpg 300w\" sizes=\"(max-width: 508px) 100vw, 508px\" \/><\/a><\/p>\n","protected":false},"excerpt":{"rendered":"<p>K\u00ebto dit\u00eb para T-Com-it dhe Organizat\u00ebs turistike t\u00eb Ulqinit, ka filluar pastrimi i zonave publike, mbjellja e luleve t\u00eb llojeve t\u00eb ndryshme dhe mbjellja e drunjve dekorativ. Ulqini \u00ebsht\u00eb nj\u00eb nd\u00ebr qytetet m\u00eb t\u00eb bukur n\u00eb bregun e detit e Malit t\u00eb Zi. Mir\u00ebpo, Ulqinit i mungojn\u00eb m\u00eb shum\u00eb hapsira t\u00eb gjelb\u00ebrta publike. Edhe ato [&hellip;]<\/p>\n","protected":false},"author":1,"featured_media":0,"comment_status":"closed","ping_status":"closed","sticky":false,"template":"","format":"standard","meta":{"spay_email":"","jetpack_publicize_message":"","jetpack_is_tweetstorm":false,"jetpack_publicize_feature_enabled":true},"categories":[1,15],"tags":[],"jetpack_publicize_connections":[],"yoast_head":"<!-- This site is optimized with the Yoast SEO plugin v19.1 - https:\/\/yoast.com\/wordpress\/plugins\/seo\/ -->\n<title>Pastrohet ambienti publik dhe mbillen lule para Organizat\u00ebs Turistike n\u00eb Ulqin - Lajme nga Ulqini<\/title>\n<meta name=\"description\" content=\"K\u00ebto dit\u00eb para T-Com-it dhe Organizat\u00ebs turistike t\u00eb Ulqinit, ka filluar pastrimi i zonave publike, mbjellja e luleve t\u00eb llojeve t\u00eb ndryshme dhe mbjellja\" \/>\n<meta name=\"robots\" content=\"index, follow, max-snippet:-1, max-image-preview:large, max-video-preview:-1\" \/>\n<link rel=\"canonical\" href=\"https:\/\/www.visit-ulcinj.com\/blog\/2015\/11\/02\/pastrohet-ambienti-publik-dhe-mbillen-lule-para-organizates-turistike-ne-ulqin\/\" \/>\n<meta property=\"og:locale\" content=\"en_US\" \/>\n<meta property=\"og:type\" content=\"article\" \/>\n<meta property=\"og:title\" content=\"Pastrohet ambienti publik dhe mbillen lule para Organizat\u00ebs Turistike n\u00eb Ulqin - Lajme nga Ulqini\" \/>\n<meta property=\"og:description\" content=\"K\u00ebto dit\u00eb para T-Com-it dhe Organizat\u00ebs turistike t\u00eb Ulqinit, ka filluar pastrimi i zonave publike, mbjellja e luleve t\u00eb llojeve t\u00eb ndryshme dhe mbjellja\" \/>\n<meta property=\"og:url\" content=\"https:\/\/www.visit-ulcinj.com\/blog\/2015\/11\/02\/pastrohet-ambienti-publik-dhe-mbillen-lule-para-organizates-turistike-ne-ulqin\/\" \/>\n<meta property=\"og:site_name\" content=\"Lajme nga Ulqini\" \/>\n<meta property=\"article:published_time\" content=\"2015-11-02T14:37:50+00:00\" \/>\n<meta property=\"article:modified_time\" content=\"2015-11-03T08:25:14+00:00\" \/>\n<meta name=\"twitter:label1\" content=\"Written by\" \/>\n\t<meta name=\"twitter:data1\" content=\"ulqini\" \/>\n\t<meta name=\"twitter:label2\" content=\"Est. reading time\" \/>\n\t<meta name=\"twitter:data2\" content=\"1 minute\" \/>\n<script type=\"application\/ld+json\" class=\"yoast-schema-graph\">{\"@context\":\"https:\/\/schema.org\",\"@graph\":[{\"@type\":\"WebSite\",\"@id\":\"https:\/\/www.visit-ulcinj.com\/blog\/#website\",\"url\":\"https:\/\/www.visit-ulcinj.com\/blog\/\",\"name\":\"Lajme nga Ulqini\",\"description\":\"Lajme,Vijesti,Ulqini,Ulqin,Crna Gora,Mali i Zi\",\"potentialAction\":[{\"@type\":\"SearchAction\",\"target\":{\"@type\":\"EntryPoint\",\"urlTemplate\":\"https:\/\/www.visit-ulcinj.com\/blog\/?s={search_term_string}\"},\"query-input\":\"required name=search_term_string\"}],\"inLanguage\":\"en-US\"},{\"@type\":\"WebPage\",\"@id\":\"https:\/\/www.visit-ulcinj.com\/blog\/2015\/11\/02\/pastrohet-ambienti-publik-dhe-mbillen-lule-para-organizates-turistike-ne-ulqin\/#webpage\",\"url\":\"https:\/\/www.visit-ulcinj.com\/blog\/2015\/11\/02\/pastrohet-ambienti-publik-dhe-mbillen-lule-para-organizates-turistike-ne-ulqin\/\",\"name\":\"Pastrohet ambienti publik dhe mbillen lule para Organizat\u00ebs Turistike n\u00eb Ulqin - Lajme nga Ulqini\",\"isPartOf\":{\"@id\":\"https:\/\/www.visit-ulcinj.com\/blog\/#website\"},\"datePublished\":\"2015-11-02T14:37:50+00:00\",\"dateModified\":\"2015-11-03T08:25:14+00:00\",\"author\":{\"@id\":\"https:\/\/www.visit-ulcinj.com\/blog\/#\/schema\/person\/dcab619c614d3038751c63bc2aadc06d\"},\"description\":\"K\u00ebto dit\u00eb para T-Com-it dhe Organizat\u00ebs turistike t\u00eb Ulqinit, ka filluar pastrimi i zonave publike, mbjellja e luleve t\u00eb llojeve t\u00eb ndryshme dhe mbjellja\",\"breadcrumb\":{\"@id\":\"https:\/\/www.visit-ulcinj.com\/blog\/2015\/11\/02\/pastrohet-ambienti-publik-dhe-mbillen-lule-para-organizates-turistike-ne-ulqin\/#breadcrumb\"},\"inLanguage\":\"en-US\",\"potentialAction\":[{\"@type\":\"ReadAction\",\"target\":[\"https:\/\/www.visit-ulcinj.com\/blog\/2015\/11\/02\/pastrohet-ambienti-publik-dhe-mbillen-lule-para-organizates-turistike-ne-ulqin\/\"]}]},{\"@type\":\"BreadcrumbList\",\"@id\":\"https:\/\/www.visit-ulcinj.com\/blog\/2015\/11\/02\/pastrohet-ambienti-publik-dhe-mbillen-lule-para-organizates-turistike-ne-ulqin\/#breadcrumb\",\"itemListElement\":[{\"@type\":\"ListItem\",\"position\":1,\"name\":\"Pastrohet ambienti publik dhe mbillen lule para Organizat\u00ebs Turistike n\u00eb Ulqin\"}]},{\"@type\":\"Person\",\"@id\":\"https:\/\/www.visit-ulcinj.com\/blog\/#\/schema\/person\/dcab619c614d3038751c63bc2aadc06d\",\"name\":\"ulqini\",\"sameAs\":[\"http:\/\/www.visit-ulcinj.com\"],\"url\":\"https:\/\/www.visit-ulcinj.com\/blog\/author\/admin\/\"}]}<\/script>\n<!-- \/ Yoast SEO plugin. -->","yoast_head_json":{"title":"Pastrohet ambienti publik dhe mbillen lule para Organizat\u00ebs Turistike n\u00eb Ulqin - Lajme nga Ulqini","description":"K\u00ebto dit\u00eb para T-Com-it dhe Organizat\u00ebs turistike t\u00eb Ulqinit, ka filluar pastrimi i zonave publike, mbjellja e luleve t\u00eb llojeve t\u00eb ndryshme dhe mbjellja","robots":{"index":"index","follow":"follow","max-snippet":"max-snippet:-1","max-image-preview":"max-image-preview:large","max-video-preview":"max-video-preview:-1"},"canonical":"https:\/\/www.visit-ulcinj.com\/blog\/2015\/11\/02\/pastrohet-ambienti-publik-dhe-mbillen-lule-para-organizates-turistike-ne-ulqin\/","og_locale":"en_US","og_type":"article","og_title":"Pastrohet ambienti publik dhe mbillen lule para Organizat\u00ebs Turistike n\u00eb Ulqin - Lajme nga Ulqini","og_description":"K\u00ebto dit\u00eb para T-Com-it dhe Organizat\u00ebs turistike t\u00eb Ulqinit, ka filluar pastrimi i zonave publike, mbjellja e luleve t\u00eb llojeve t\u00eb ndryshme dhe mbjellja","og_url":"https:\/\/www.visit-ulcinj.com\/blog\/2015\/11\/02\/pastrohet-ambienti-publik-dhe-mbillen-lule-para-organizates-turistike-ne-ulqin\/","og_site_name":"Lajme nga Ulqini","article_published_time":"2015-11-02T14:37:50+00:00","article_modified_time":"2015-11-03T08:25:14+00:00","twitter_misc":{"Written by":"ulqini","Est. reading time":"1 minute"},"schema":{"@context":"https:\/\/schema.org","@graph":[{"@type":"WebSite","@id":"https:\/\/www.visit-ulcinj.com\/blog\/#website","url":"https:\/\/www.visit-ulcinj.com\/blog\/","name":"Lajme nga Ulqini","description":"Lajme,Vijesti,Ulqini,Ulqin,Crna Gora,Mali i Zi","potentialAction":[{"@type":"SearchAction","target":{"@type":"EntryPoint","urlTemplate":"https:\/\/www.visit-ulcinj.com\/blog\/?s={search_term_string}"},"query-input":"required name=search_term_string"}],"inLanguage":"en-US"},{"@type":"WebPage","@id":"https:\/\/www.visit-ulcinj.com\/blog\/2015\/11\/02\/pastrohet-ambienti-publik-dhe-mbillen-lule-para-organizates-turistike-ne-ulqin\/#webpage","url":"https:\/\/www.visit-ulcinj.com\/blog\/2015\/11\/02\/pastrohet-ambienti-publik-dhe-mbillen-lule-para-organizates-turistike-ne-ulqin\/","name":"Pastrohet ambienti publik dhe mbillen lule para Organizat\u00ebs Turistike n\u00eb Ulqin - Lajme nga Ulqini","isPartOf":{"@id":"https:\/\/www.visit-ulcinj.com\/blog\/#website"},"datePublished":"2015-11-02T14:37:50+00:00","dateModified":"2015-11-03T08:25:14+00:00","author":{"@id":"https:\/\/www.visit-ulcinj.com\/blog\/#\/schema\/person\/dcab619c614d3038751c63bc2aadc06d"},"description":"K\u00ebto dit\u00eb para T-Com-it dhe Organizat\u00ebs turistike t\u00eb Ulqinit, ka filluar pastrimi i zonave publike, mbjellja e luleve t\u00eb llojeve t\u00eb ndryshme dhe mbjellja","breadcrumb":{"@id":"https:\/\/www.visit-ulcinj.com\/blog\/2015\/11\/02\/pastrohet-ambienti-publik-dhe-mbillen-lule-para-organizates-turistike-ne-ulqin\/#breadcrumb"},"inLanguage":"en-US","potentialAction":[{"@type":"ReadAction","target":["https:\/\/www.visit-ulcinj.com\/blog\/2015\/11\/02\/pastrohet-ambienti-publik-dhe-mbillen-lule-para-organizates-turistike-ne-ulqin\/"]}]},{"@type":"BreadcrumbList","@id":"https:\/\/www.visit-ulcinj.com\/blog\/2015\/11\/02\/pastrohet-ambienti-publik-dhe-mbillen-lule-para-organizates-turistike-ne-ulqin\/#breadcrumb","itemListElement":[{"@type":"ListItem","position":1,"name":"Pastrohet ambienti publik dhe mbillen lule para Organizat\u00ebs Turistike n\u00eb Ulqin"}]},{"@type":"Person","@id":"https:\/\/www.visit-ulcinj.com\/blog\/#\/schema\/person\/dcab619c614d3038751c63bc2aadc06d","name":"ulqini","sameAs":["http:\/\/www.visit-ulcinj.com"],"url":"https:\/\/www.visit-ulcinj.com\/blog\/author\/admin\/"}]}},"jetpack_featured_media_url":"","jetpack_sharing_enabled":true,"jetpack_shortlink":"https:\/\/wp.me\/pe6lTn-obh","_links":{"self":[{"href":"https:\/\/www.visit-ulcinj.com\/blog\/wp-json\/wp\/v2\/posts\/92955"}],"collection":[{"href":"https:\/\/www.visit-ulcinj.com\/blog\/wp-json\/wp\/v2\/posts"}],"about":[{"href":"https:\/\/www.visit-ulcinj.com\/blog\/wp-json\/wp\/v2\/types\/post"}],"author":[{"embeddable":true,"href":"https:\/\/www.visit-ulcinj.com\/blog\/wp-json\/wp\/v2\/users\/1"}],"replies":[{"embeddable":true,"href":"https:\/\/www.visit-ulcinj.com\/blog\/wp-json\/wp\/v2\/comments?post=92955"}],"version-history":[{"count":2,"href":"https:\/\/www.visit-ulcinj.com\/blog\/wp-json\/wp\/v2\/posts\/92955\/revisions"}],"predecessor-version":[{"id":92979,"href":"https:\/\/www.visit-ulcinj.com\/blog\/wp-json\/wp\/v2\/posts\/92955\/revisions\/92979"}],"wp:attachment":[{"href":"https:\/\/www.visit-ulcinj.com\/blog\/wp-json\/wp\/v2\/media?parent=92955"}],"wp:term":[{"taxonomy":"category","embeddable":true,"href":"https:\/\/www.visit-ulcinj.com\/blog\/wp-json\/wp\/v2\/categories?post=92955"},{"taxonomy":"post_tag","embeddable":true,"href":"https:\/\/www.visit-ulcinj.com\/blog\/wp-json\/wp\/v2\/tags?post=92955"}],"curies":[{"name":"wp","href":"https:\/\/api.w.org\/{rel}","templated":true}]}}