{"id":92988,"date":"2015-11-03T17:53:41","date_gmt":"2015-11-03T16:53:41","guid":{"rendered":"http:\/\/www.visit-ulcinj.com\/blog\/?p=92988"},"modified":"2015-11-03T17:53:41","modified_gmt":"2015-11-03T16:53:41","slug":"deka-ulcinj-gradi-azil-za-napustene-krave-postavlja-rasvjetu-ade","status":"publish","type":"post","link":"https:\/\/www.visit-ulcinj.com\/blog\/2015\/11\/03\/deka-ulcinj-gradi-azil-za-napustene-krave-postavlja-rasvjetu-ade\/","title":{"rendered":"\u0110eka: Ulcinj gradi azil za napu\u0161tene krave i postavlja rasvjetu do Ade"},"content":{"rendered":"<p><strong><span class=\"credits__author\"> <a href=\"http:\/\/www.visit-ulcinj.com\/blog\/wp-content\/uploads\/2015\/11\/Fatmir-Gjeka-Ulqin.jpg\"><img loading=\"lazy\" class=\"alignleft wp-image-92989\" src=\"http:\/\/www.visit-ulcinj.com\/blog\/wp-content\/uploads\/2015\/11\/Fatmir-Gjeka-Ulqin.jpg\" alt=\"Fatmir-Gjeka-Ulqin\" width=\"508\" height=\"391\" srcset=\"https:\/\/www.visit-ulcinj.com\/blog\/wp-content\/uploads\/2015\/11\/Fatmir-Gjeka-Ulqin.jpg 516w, https:\/\/www.visit-ulcinj.com\/blog\/wp-content\/uploads\/2015\/11\/Fatmir-Gjeka-Ulqin-300x231.jpg 300w\" sizes=\"(max-width: 508px) 100vw, 508px\" \/><\/a>Autor: Samir Adrovi\u0107 <\/span><\/strong><\/p>\n<p>Predsjednik Op\u0161tine Ulcinj Fatmir \u0110eka najavio je izgradnju hana, svojevrsnog azila za napu\u0161tena krda goveda na putu \u0160toj-Ada, koja su ve\u0107 godinama uzroci te\u0161kih nesre\u0107a sa ljudskim \u017ertvama.<\/p>\n<p>Posljednja se desila prije dvije no\u0107i, kada je \u0160tojanin Nuo Sel\u010danin (53), upravljaju\u0107i \u201egolfom IV\u201c ulcinjskih oznaka, naletio na kravu iz krda Bernarda Du\u0161evi\u0107a i smrtno stradao na licu mjesta.<\/p>\n<p>Po\u010detkom septembra na gotovo istovjetan na\u010din stradao je i Baranin Milan Todorovi\u0107 koji je upravljaju\u0107i motorom udario u bika iz krda \u0160tojanina Anta \u010catali\u0107a.<\/p>\n<p>I Du\u0161evi\u0107 i \u010catali\u0107 bili su uhap\u0161eni i privedeni tu\u017eiocu zbog sumnje da su indirektno krivi za udese sa smrtnim posljedicama.<\/p>\n<p>Prije dvadeset dana, bliski susret sa krdom nepoznatog vlasnika, imao je i \u0161ef lokalnog DPS-a Ljoro Nreki\u0107 ali je on nakon ispitivanja u barskoj bolnici, sa lak\u0161im povredama, pu\u0161ten na ku\u0107no lije\u010denje.<\/p>\n<p>\u0110eka je najavio i postavljanje rasvjete du\u017e cijelog puta.<\/p>\n<p>\u201eTo je problem koji nas godinama mori. Proba\u0107emo da ga rije\u0161imo na na\u010din \u0161to \u0107emo izgraditi objekat u kome \u0107emo smjestiti sve doma\u0107e \u017eivotinje koje se na\u0111u na putu bez vlasnika,\u201c kazao je \u0110eka \u201eVijestima\u201c.<\/p>\n<p>On je naglasio da je najve\u0107a odgovornost ipak na samim mje\u0161tanima \u0160toja.<\/p>\n<p>\u201eUskoro \u0107emo javnu rasvjetu postaviti sve do Ade, ali ni to ni han ne\u0107e vrijediti ni\u0161ta ako doma\u0107ini sami ne preduzmu ve\u0107 davno potrebne mjere opreza,\u201c kazao je \u0110eka.<\/p>\n<p>Pitanje o bezbjednosti na putu od grada ka Adi ju\u010de u Skup\u0161tini postavio je i poslanik DPS Ljui\u0111 \u0160krelja.<\/p>\n<p><strong>Izvor: Vijesti Online<\/strong><\/p>\n","protected":false},"excerpt":{"rendered":"<p>Autor: Samir Adrovi\u0107 Predsjednik Op\u0161tine Ulcinj Fatmir \u0110eka najavio je izgradnju hana, svojevrsnog azila za napu\u0161tena krda goveda na putu \u0160toj-Ada, koja su ve\u0107 godinama uzroci te\u0161kih nesre\u0107a sa ljudskim \u017ertvama. Posljednja se desila prije dvije no\u0107i, kada je \u0160tojanin Nuo Sel\u010danin (53), upravljaju\u0107i \u201egolfom IV\u201c ulcinjskih oznaka, naletio na kravu iz krda Bernarda Du\u0161evi\u0107a [&hellip;]<\/p>\n","protected":false},"author":1,"featured_media":0,"comment_status":"closed","ping_status":"closed","sticky":false,"template":"","format":"standard","meta":{"spay_email":"","jetpack_publicize_message":"","jetpack_is_tweetstorm":false,"jetpack_publicize_feature_enabled":true},"categories":[8337],"tags":[],"jetpack_publicize_connections":[],"yoast_head":"<!-- This site is optimized with the Yoast SEO plugin v19.1 - https:\/\/yoast.com\/wordpress\/plugins\/seo\/ -->\n<title>\u0110eka: Ulcinj gradi azil za napu\u0161tene krave i postavlja rasvjetu do Ade - Lajme nga Ulqini<\/title>\n<meta name=\"description\" content=\"Autor: Samir Adrovi\u0107 Predsjednik Op\u0161tine Ulcinj Fatmir \u0110eka najavio je izgradnju hana, svojevrsnog azila za napu\u0161tena krda goveda na putu \u0160toj-Ada, koja\" \/>\n<meta name=\"robots\" content=\"index, follow, max-snippet:-1, max-image-preview:large, max-video-preview:-1\" \/>\n<link rel=\"canonical\" href=\"https:\/\/www.visit-ulcinj.com\/blog\/2015\/11\/03\/deka-ulcinj-gradi-azil-za-napustene-krave-postavlja-rasvjetu-ade\/\" \/>\n<meta property=\"og:locale\" content=\"en_US\" \/>\n<meta property=\"og:type\" content=\"article\" \/>\n<meta property=\"og:title\" content=\"\u0110eka: Ulcinj gradi azil za napu\u0161tene krave i postavlja rasvjetu do Ade - Lajme nga Ulqini\" \/>\n<meta property=\"og:description\" content=\"Autor: Samir Adrovi\u0107 Predsjednik Op\u0161tine Ulcinj Fatmir \u0110eka najavio je izgradnju hana, svojevrsnog azila za napu\u0161tena krda goveda na putu \u0160toj-Ada, koja\" \/>\n<meta property=\"og:url\" content=\"https:\/\/www.visit-ulcinj.com\/blog\/2015\/11\/03\/deka-ulcinj-gradi-azil-za-napustene-krave-postavlja-rasvjetu-ade\/\" \/>\n<meta property=\"og:site_name\" content=\"Lajme nga Ulqini\" \/>\n<meta property=\"article:published_time\" content=\"2015-11-03T16:53:41+00:00\" \/>\n<meta property=\"og:image\" content=\"http:\/\/www.visit-ulcinj.com\/blog\/wp-content\/uploads\/2015\/11\/Fatmir-Gjeka-Ulqin.jpg\" \/>\n<meta name=\"twitter:label1\" content=\"Written by\" \/>\n\t<meta name=\"twitter:data1\" content=\"ulqini\" \/>\n\t<meta name=\"twitter:label2\" content=\"Est. reading time\" \/>\n\t<meta name=\"twitter:data2\" content=\"1 minute\" \/>\n<script type=\"application\/ld+json\" class=\"yoast-schema-graph\">{\"@context\":\"https:\/\/schema.org\",\"@graph\":[{\"@type\":\"WebSite\",\"@id\":\"https:\/\/www.visit-ulcinj.com\/blog\/#website\",\"url\":\"https:\/\/www.visit-ulcinj.com\/blog\/\",\"name\":\"Lajme nga Ulqini\",\"description\":\"Lajme,Vijesti,Ulqini,Ulqin,Crna Gora,Mali i Zi\",\"potentialAction\":[{\"@type\":\"SearchAction\",\"target\":{\"@type\":\"EntryPoint\",\"urlTemplate\":\"https:\/\/www.visit-ulcinj.com\/blog\/?s={search_term_string}\"},\"query-input\":\"required name=search_term_string\"}],\"inLanguage\":\"en-US\"},{\"@type\":\"ImageObject\",\"inLanguage\":\"en-US\",\"@id\":\"https:\/\/www.visit-ulcinj.com\/blog\/2015\/11\/03\/deka-ulcinj-gradi-azil-za-napustene-krave-postavlja-rasvjetu-ade\/#primaryimage\",\"url\":\"https:\/\/www.visit-ulcinj.com\/blog\/wp-content\/uploads\/2015\/11\/Fatmir-Gjeka-Ulqin.jpg\",\"contentUrl\":\"https:\/\/www.visit-ulcinj.com\/blog\/wp-content\/uploads\/2015\/11\/Fatmir-Gjeka-Ulqin.jpg\",\"width\":516,\"height\":397},{\"@type\":\"WebPage\",\"@id\":\"https:\/\/www.visit-ulcinj.com\/blog\/2015\/11\/03\/deka-ulcinj-gradi-azil-za-napustene-krave-postavlja-rasvjetu-ade\/#webpage\",\"url\":\"https:\/\/www.visit-ulcinj.com\/blog\/2015\/11\/03\/deka-ulcinj-gradi-azil-za-napustene-krave-postavlja-rasvjetu-ade\/\",\"name\":\"\u0110eka: Ulcinj gradi azil za napu\u0161tene krave i postavlja rasvjetu do Ade - Lajme nga Ulqini\",\"isPartOf\":{\"@id\":\"https:\/\/www.visit-ulcinj.com\/blog\/#website\"},\"primaryImageOfPage\":{\"@id\":\"https:\/\/www.visit-ulcinj.com\/blog\/2015\/11\/03\/deka-ulcinj-gradi-azil-za-napustene-krave-postavlja-rasvjetu-ade\/#primaryimage\"},\"datePublished\":\"2015-11-03T16:53:41+00:00\",\"dateModified\":\"2015-11-03T16:53:41+00:00\",\"author\":{\"@id\":\"https:\/\/www.visit-ulcinj.com\/blog\/#\/schema\/person\/dcab619c614d3038751c63bc2aadc06d\"},\"description\":\"Autor: Samir Adrovi\u0107 Predsjednik Op\u0161tine Ulcinj Fatmir \u0110eka najavio je izgradnju hana, svojevrsnog azila za napu\u0161tena krda goveda na putu \u0160toj-Ada, koja\",\"breadcrumb\":{\"@id\":\"https:\/\/www.visit-ulcinj.com\/blog\/2015\/11\/03\/deka-ulcinj-gradi-azil-za-napustene-krave-postavlja-rasvjetu-ade\/#breadcrumb\"},\"inLanguage\":\"en-US\",\"potentialAction\":[{\"@type\":\"ReadAction\",\"target\":[\"https:\/\/www.visit-ulcinj.com\/blog\/2015\/11\/03\/deka-ulcinj-gradi-azil-za-napustene-krave-postavlja-rasvjetu-ade\/\"]}]},{\"@type\":\"BreadcrumbList\",\"@id\":\"https:\/\/www.visit-ulcinj.com\/blog\/2015\/11\/03\/deka-ulcinj-gradi-azil-za-napustene-krave-postavlja-rasvjetu-ade\/#breadcrumb\",\"itemListElement\":[{\"@type\":\"ListItem\",\"position\":1,\"name\":\"\u0110eka: Ulcinj gradi azil za napu\u0161tene krave i postavlja rasvjetu do Ade\"}]},{\"@type\":\"Person\",\"@id\":\"https:\/\/www.visit-ulcinj.com\/blog\/#\/schema\/person\/dcab619c614d3038751c63bc2aadc06d\",\"name\":\"ulqini\",\"sameAs\":[\"http:\/\/www.visit-ulcinj.com\"],\"url\":\"https:\/\/www.visit-ulcinj.com\/blog\/author\/admin\/\"}]}<\/script>\n<!-- \/ Yoast SEO plugin. -->","yoast_head_json":{"title":"\u0110eka: Ulcinj gradi azil za napu\u0161tene krave i postavlja rasvjetu do Ade - Lajme nga Ulqini","description":"Autor: Samir Adrovi\u0107 Predsjednik Op\u0161tine Ulcinj Fatmir \u0110eka najavio je izgradnju hana, svojevrsnog azila za napu\u0161tena krda goveda na putu \u0160toj-Ada, koja","robots":{"index":"index","follow":"follow","max-snippet":"max-snippet:-1","max-image-preview":"max-image-preview:large","max-video-preview":"max-video-preview:-1"},"canonical":"https:\/\/www.visit-ulcinj.com\/blog\/2015\/11\/03\/deka-ulcinj-gradi-azil-za-napustene-krave-postavlja-rasvjetu-ade\/","og_locale":"en_US","og_type":"article","og_title":"\u0110eka: Ulcinj gradi azil za napu\u0161tene krave i postavlja rasvjetu do Ade - Lajme nga Ulqini","og_description":"Autor: Samir Adrovi\u0107 Predsjednik Op\u0161tine Ulcinj Fatmir \u0110eka najavio je izgradnju hana, svojevrsnog azila za napu\u0161tena krda goveda na putu \u0160toj-Ada, koja","og_url":"https:\/\/www.visit-ulcinj.com\/blog\/2015\/11\/03\/deka-ulcinj-gradi-azil-za-napustene-krave-postavlja-rasvjetu-ade\/","og_site_name":"Lajme nga Ulqini","article_published_time":"2015-11-03T16:53:41+00:00","og_image":[{"url":"http:\/\/www.visit-ulcinj.com\/blog\/wp-content\/uploads\/2015\/11\/Fatmir-Gjeka-Ulqin.jpg"}],"twitter_misc":{"Written by":"ulqini","Est. reading time":"1 minute"},"schema":{"@context":"https:\/\/schema.org","@graph":[{"@type":"WebSite","@id":"https:\/\/www.visit-ulcinj.com\/blog\/#website","url":"https:\/\/www.visit-ulcinj.com\/blog\/","name":"Lajme nga Ulqini","description":"Lajme,Vijesti,Ulqini,Ulqin,Crna Gora,Mali i Zi","potentialAction":[{"@type":"SearchAction","target":{"@type":"EntryPoint","urlTemplate":"https:\/\/www.visit-ulcinj.com\/blog\/?s={search_term_string}"},"query-input":"required name=search_term_string"}],"inLanguage":"en-US"},{"@type":"ImageObject","inLanguage":"en-US","@id":"https:\/\/www.visit-ulcinj.com\/blog\/2015\/11\/03\/deka-ulcinj-gradi-azil-za-napustene-krave-postavlja-rasvjetu-ade\/#primaryimage","url":"https:\/\/www.visit-ulcinj.com\/blog\/wp-content\/uploads\/2015\/11\/Fatmir-Gjeka-Ulqin.jpg","contentUrl":"https:\/\/www.visit-ulcinj.com\/blog\/wp-content\/uploads\/2015\/11\/Fatmir-Gjeka-Ulqin.jpg","width":516,"height":397},{"@type":"WebPage","@id":"https:\/\/www.visit-ulcinj.com\/blog\/2015\/11\/03\/deka-ulcinj-gradi-azil-za-napustene-krave-postavlja-rasvjetu-ade\/#webpage","url":"https:\/\/www.visit-ulcinj.com\/blog\/2015\/11\/03\/deka-ulcinj-gradi-azil-za-napustene-krave-postavlja-rasvjetu-ade\/","name":"\u0110eka: Ulcinj gradi azil za napu\u0161tene krave i postavlja rasvjetu do Ade - Lajme nga Ulqini","isPartOf":{"@id":"https:\/\/www.visit-ulcinj.com\/blog\/#website"},"primaryImageOfPage":{"@id":"https:\/\/www.visit-ulcinj.com\/blog\/2015\/11\/03\/deka-ulcinj-gradi-azil-za-napustene-krave-postavlja-rasvjetu-ade\/#primaryimage"},"datePublished":"2015-11-03T16:53:41+00:00","dateModified":"2015-11-03T16:53:41+00:00","author":{"@id":"https:\/\/www.visit-ulcinj.com\/blog\/#\/schema\/person\/dcab619c614d3038751c63bc2aadc06d"},"description":"Autor: Samir Adrovi\u0107 Predsjednik Op\u0161tine Ulcinj Fatmir \u0110eka najavio je izgradnju hana, svojevrsnog azila za napu\u0161tena krda goveda na putu \u0160toj-Ada, koja","breadcrumb":{"@id":"https:\/\/www.visit-ulcinj.com\/blog\/2015\/11\/03\/deka-ulcinj-gradi-azil-za-napustene-krave-postavlja-rasvjetu-ade\/#breadcrumb"},"inLanguage":"en-US","potentialAction":[{"@type":"ReadAction","target":["https:\/\/www.visit-ulcinj.com\/blog\/2015\/11\/03\/deka-ulcinj-gradi-azil-za-napustene-krave-postavlja-rasvjetu-ade\/"]}]},{"@type":"BreadcrumbList","@id":"https:\/\/www.visit-ulcinj.com\/blog\/2015\/11\/03\/deka-ulcinj-gradi-azil-za-napustene-krave-postavlja-rasvjetu-ade\/#breadcrumb","itemListElement":[{"@type":"ListItem","position":1,"name":"\u0110eka: Ulcinj gradi azil za napu\u0161tene krave i postavlja rasvjetu do Ade"}]},{"@type":"Person","@id":"https:\/\/www.visit-ulcinj.com\/blog\/#\/schema\/person\/dcab619c614d3038751c63bc2aadc06d","name":"ulqini","sameAs":["http:\/\/www.visit-ulcinj.com"],"url":"https:\/\/www.visit-ulcinj.com\/blog\/author\/admin\/"}]}},"jetpack_featured_media_url":"","jetpack_sharing_enabled":true,"jetpack_shortlink":"https:\/\/wp.me\/pe6lTn-obO","_links":{"self":[{"href":"https:\/\/www.visit-ulcinj.com\/blog\/wp-json\/wp\/v2\/posts\/92988"}],"collection":[{"href":"https:\/\/www.visit-ulcinj.com\/blog\/wp-json\/wp\/v2\/posts"}],"about":[{"href":"https:\/\/www.visit-ulcinj.com\/blog\/wp-json\/wp\/v2\/types\/post"}],"author":[{"embeddable":true,"href":"https:\/\/www.visit-ulcinj.com\/blog\/wp-json\/wp\/v2\/users\/1"}],"replies":[{"embeddable":true,"href":"https:\/\/www.visit-ulcinj.com\/blog\/wp-json\/wp\/v2\/comments?post=92988"}],"version-history":[{"count":1,"href":"https:\/\/www.visit-ulcinj.com\/blog\/wp-json\/wp\/v2\/posts\/92988\/revisions"}],"predecessor-version":[{"id":92990,"href":"https:\/\/www.visit-ulcinj.com\/blog\/wp-json\/wp\/v2\/posts\/92988\/revisions\/92990"}],"wp:attachment":[{"href":"https:\/\/www.visit-ulcinj.com\/blog\/wp-json\/wp\/v2\/media?parent=92988"}],"wp:term":[{"taxonomy":"category","embeddable":true,"href":"https:\/\/www.visit-ulcinj.com\/blog\/wp-json\/wp\/v2\/categories?post=92988"},{"taxonomy":"post_tag","embeddable":true,"href":"https:\/\/www.visit-ulcinj.com\/blog\/wp-json\/wp\/v2\/tags?post=92988"}],"curies":[{"name":"wp","href":"https:\/\/api.w.org\/{rel}","templated":true}]}}