{"id":92991,"date":"2015-11-03T18:05:28","date_gmt":"2015-11-03T17:05:28","guid":{"rendered":"http:\/\/www.visit-ulcinj.com\/blog\/?p=92991"},"modified":"2015-11-03T18:05:28","modified_gmt":"2015-11-03T17:05:28","slug":"njemac-pronaden-na-autobuskoj-stanici-u-ulcinju","status":"publish","type":"post","link":"https:\/\/www.visit-ulcinj.com\/blog\/2015\/11\/03\/njemac-pronaden-na-autobuskoj-stanici-u-ulcinju\/","title":{"rendered":"Njemac prona\u0111en na Autobuskoj stanici u Ulcinju"},"content":{"rendered":"<p><a href=\"http:\/\/www.visit-ulcinj.com\/blog\/wp-content\/uploads\/2015\/11\/Stacioni-i-Autobusave-Ulqin.jpg\"><img loading=\"lazy\" class=\"alignleft wp-image-92992\" src=\"http:\/\/www.visit-ulcinj.com\/blog\/wp-content\/uploads\/2015\/11\/Stacioni-i-Autobusave-Ulqin.jpg\" alt=\"Stacioni-i-Autobusave-Ulqin\" width=\"508\" height=\"358\" srcset=\"https:\/\/www.visit-ulcinj.com\/blog\/wp-content\/uploads\/2015\/11\/Stacioni-i-Autobusave-Ulqin.jpg 630w, https:\/\/www.visit-ulcinj.com\/blog\/wp-content\/uploads\/2015\/11\/Stacioni-i-Autobusave-Ulqin-300x211.jpg 300w\" sizes=\"(max-width: 508px) 100vw, 508px\" \/><\/a>Be\u017eivotno tijelo njema\u010dkog dr\u017eavljanina Volkera Mike (56) prona\u0111eno je ju\u010de oko 14 \u010dasova na velikom parkingu Autobuske stanice u Ulcinju, u automobilu \u201creno kangaro\u201d (UL AR 705).<\/p>\n<p>Nekoliko svjedoka kazalo je \u201cVijestima\u201d da je Mika u automobilu spavao nekoliko dana, \u010dekaju\u0107i navodno autobus za Njema\u010dku. Jedan od njih ispri\u010dao je da je morao da ide na operaciju srca, \u0161to je prema nezvani\u010dnim informacijama \u201cVijesti\u201d i vjerovatni uzrok smrti.<\/p>\n<p>\u201cAuto je tu bilo parkirano zadnjih nekoliko dana. Po no\u0107i zatvoreno, ujutro su vrata voza\u010da uglavnom bila otvorena\u201d, ispri\u010dali su svjedoci, me\u0111u kojima i taksisti koji rade na Autobuskoj. Oni su rekli da je taj Njemac jedno vrijeme bio i zakupac poznatog hotela na Velikoj pla\u017ei.<\/p>\n<p>Na licu mjesta, ju\u010de je bila policija i ekipa Hitne pomo\u0107i. Iza otvorenih vrata voza\u010da, mogle su se vidjeti noge preminulog, a nalo\u017eena obdukcija otkri\u0107e da li je smrt bila prirodna.<\/p>\n<p><strong>Izvor: Vijesti<\/strong><\/p>\n","protected":false},"excerpt":{"rendered":"<p>Be\u017eivotno tijelo njema\u010dkog dr\u017eavljanina Volkera Mike (56) prona\u0111eno je ju\u010de oko 14 \u010dasova na velikom parkingu Autobuske stanice u Ulcinju, u automobilu \u201creno kangaro\u201d (UL AR 705). Nekoliko svjedoka kazalo je \u201cVijestima\u201d da je Mika u automobilu spavao nekoliko dana, \u010dekaju\u0107i navodno autobus za Njema\u010dku. Jedan od njih ispri\u010dao je da je morao da ide [&hellip;]<\/p>\n","protected":false},"author":1,"featured_media":0,"comment_status":"closed","ping_status":"closed","sticky":false,"template":"","format":"standard","meta":{"spay_email":"","jetpack_publicize_message":"","jetpack_is_tweetstorm":false,"jetpack_publicize_feature_enabled":true},"categories":[6950],"tags":[],"jetpack_publicize_connections":[],"yoast_head":"<!-- This site is optimized with the Yoast SEO plugin v19.1 - https:\/\/yoast.com\/wordpress\/plugins\/seo\/ -->\n<title>Njemac prona\u0111en na Autobuskoj stanici u Ulcinju - Lajme nga Ulqini<\/title>\n<meta name=\"description\" content=\"Be\u017eivotno tijelo njema\u010dkog dr\u017eavljanina Volkera Mike (56) prona\u0111eno je ju\u010de oko 14 \u010dasova na velikom parkingu Autobuske stanice u Ulcinju, u automobilu\" \/>\n<meta name=\"robots\" content=\"index, follow, max-snippet:-1, max-image-preview:large, max-video-preview:-1\" \/>\n<link rel=\"canonical\" href=\"https:\/\/www.visit-ulcinj.com\/blog\/2015\/11\/03\/njemac-pronaden-na-autobuskoj-stanici-u-ulcinju\/\" \/>\n<meta property=\"og:locale\" content=\"en_US\" \/>\n<meta property=\"og:type\" content=\"article\" \/>\n<meta property=\"og:title\" content=\"Njemac prona\u0111en na Autobuskoj stanici u Ulcinju - Lajme nga Ulqini\" \/>\n<meta property=\"og:description\" content=\"Be\u017eivotno tijelo njema\u010dkog dr\u017eavljanina Volkera Mike (56) prona\u0111eno je ju\u010de oko 14 \u010dasova na velikom parkingu Autobuske stanice u Ulcinju, u automobilu\" \/>\n<meta property=\"og:url\" content=\"https:\/\/www.visit-ulcinj.com\/blog\/2015\/11\/03\/njemac-pronaden-na-autobuskoj-stanici-u-ulcinju\/\" \/>\n<meta property=\"og:site_name\" content=\"Lajme nga Ulqini\" \/>\n<meta property=\"article:published_time\" content=\"2015-11-03T17:05:28+00:00\" \/>\n<meta property=\"og:image\" content=\"http:\/\/www.visit-ulcinj.com\/blog\/wp-content\/uploads\/2015\/11\/Stacioni-i-Autobusave-Ulqin.jpg\" \/>\n<meta name=\"twitter:label1\" content=\"Written by\" \/>\n\t<meta name=\"twitter:data1\" content=\"ulqini\" \/>\n\t<meta name=\"twitter:label2\" content=\"Est. reading time\" \/>\n\t<meta name=\"twitter:data2\" content=\"1 minute\" \/>\n<script type=\"application\/ld+json\" class=\"yoast-schema-graph\">{\"@context\":\"https:\/\/schema.org\",\"@graph\":[{\"@type\":\"WebSite\",\"@id\":\"https:\/\/www.visit-ulcinj.com\/blog\/#website\",\"url\":\"https:\/\/www.visit-ulcinj.com\/blog\/\",\"name\":\"Lajme nga Ulqini\",\"description\":\"Lajme,Vijesti,Ulqini,Ulqin,Crna Gora,Mali i Zi\",\"potentialAction\":[{\"@type\":\"SearchAction\",\"target\":{\"@type\":\"EntryPoint\",\"urlTemplate\":\"https:\/\/www.visit-ulcinj.com\/blog\/?s={search_term_string}\"},\"query-input\":\"required name=search_term_string\"}],\"inLanguage\":\"en-US\"},{\"@type\":\"ImageObject\",\"inLanguage\":\"en-US\",\"@id\":\"https:\/\/www.visit-ulcinj.com\/blog\/2015\/11\/03\/njemac-pronaden-na-autobuskoj-stanici-u-ulcinju\/#primaryimage\",\"url\":\"https:\/\/www.visit-ulcinj.com\/blog\/wp-content\/uploads\/2015\/11\/Stacioni-i-Autobusave-Ulqin.jpg\",\"contentUrl\":\"https:\/\/www.visit-ulcinj.com\/blog\/wp-content\/uploads\/2015\/11\/Stacioni-i-Autobusave-Ulqin.jpg\",\"width\":630,\"height\":444},{\"@type\":\"WebPage\",\"@id\":\"https:\/\/www.visit-ulcinj.com\/blog\/2015\/11\/03\/njemac-pronaden-na-autobuskoj-stanici-u-ulcinju\/#webpage\",\"url\":\"https:\/\/www.visit-ulcinj.com\/blog\/2015\/11\/03\/njemac-pronaden-na-autobuskoj-stanici-u-ulcinju\/\",\"name\":\"Njemac prona\u0111en na Autobuskoj stanici u Ulcinju - Lajme nga Ulqini\",\"isPartOf\":{\"@id\":\"https:\/\/www.visit-ulcinj.com\/blog\/#website\"},\"primaryImageOfPage\":{\"@id\":\"https:\/\/www.visit-ulcinj.com\/blog\/2015\/11\/03\/njemac-pronaden-na-autobuskoj-stanici-u-ulcinju\/#primaryimage\"},\"datePublished\":\"2015-11-03T17:05:28+00:00\",\"dateModified\":\"2015-11-03T17:05:28+00:00\",\"author\":{\"@id\":\"https:\/\/www.visit-ulcinj.com\/blog\/#\/schema\/person\/dcab619c614d3038751c63bc2aadc06d\"},\"description\":\"Be\u017eivotno tijelo njema\u010dkog dr\u017eavljanina Volkera Mike (56) prona\u0111eno je ju\u010de oko 14 \u010dasova na velikom parkingu Autobuske stanice u Ulcinju, u automobilu\",\"breadcrumb\":{\"@id\":\"https:\/\/www.visit-ulcinj.com\/blog\/2015\/11\/03\/njemac-pronaden-na-autobuskoj-stanici-u-ulcinju\/#breadcrumb\"},\"inLanguage\":\"en-US\",\"potentialAction\":[{\"@type\":\"ReadAction\",\"target\":[\"https:\/\/www.visit-ulcinj.com\/blog\/2015\/11\/03\/njemac-pronaden-na-autobuskoj-stanici-u-ulcinju\/\"]}]},{\"@type\":\"BreadcrumbList\",\"@id\":\"https:\/\/www.visit-ulcinj.com\/blog\/2015\/11\/03\/njemac-pronaden-na-autobuskoj-stanici-u-ulcinju\/#breadcrumb\",\"itemListElement\":[{\"@type\":\"ListItem\",\"position\":1,\"name\":\"Njemac prona\u0111en na Autobuskoj stanici u Ulcinju\"}]},{\"@type\":\"Person\",\"@id\":\"https:\/\/www.visit-ulcinj.com\/blog\/#\/schema\/person\/dcab619c614d3038751c63bc2aadc06d\",\"name\":\"ulqini\",\"sameAs\":[\"http:\/\/www.visit-ulcinj.com\"],\"url\":\"https:\/\/www.visit-ulcinj.com\/blog\/author\/admin\/\"}]}<\/script>\n<!-- \/ Yoast SEO plugin. -->","yoast_head_json":{"title":"Njemac prona\u0111en na Autobuskoj stanici u Ulcinju - Lajme nga Ulqini","description":"Be\u017eivotno tijelo njema\u010dkog dr\u017eavljanina Volkera Mike (56) prona\u0111eno je ju\u010de oko 14 \u010dasova na velikom parkingu Autobuske stanice u Ulcinju, u automobilu","robots":{"index":"index","follow":"follow","max-snippet":"max-snippet:-1","max-image-preview":"max-image-preview:large","max-video-preview":"max-video-preview:-1"},"canonical":"https:\/\/www.visit-ulcinj.com\/blog\/2015\/11\/03\/njemac-pronaden-na-autobuskoj-stanici-u-ulcinju\/","og_locale":"en_US","og_type":"article","og_title":"Njemac prona\u0111en na Autobuskoj stanici u Ulcinju - Lajme nga Ulqini","og_description":"Be\u017eivotno tijelo njema\u010dkog dr\u017eavljanina Volkera Mike (56) prona\u0111eno je ju\u010de oko 14 \u010dasova na velikom parkingu Autobuske stanice u Ulcinju, u automobilu","og_url":"https:\/\/www.visit-ulcinj.com\/blog\/2015\/11\/03\/njemac-pronaden-na-autobuskoj-stanici-u-ulcinju\/","og_site_name":"Lajme nga Ulqini","article_published_time":"2015-11-03T17:05:28+00:00","og_image":[{"url":"http:\/\/www.visit-ulcinj.com\/blog\/wp-content\/uploads\/2015\/11\/Stacioni-i-Autobusave-Ulqin.jpg"}],"twitter_misc":{"Written by":"ulqini","Est. reading time":"1 minute"},"schema":{"@context":"https:\/\/schema.org","@graph":[{"@type":"WebSite","@id":"https:\/\/www.visit-ulcinj.com\/blog\/#website","url":"https:\/\/www.visit-ulcinj.com\/blog\/","name":"Lajme nga Ulqini","description":"Lajme,Vijesti,Ulqini,Ulqin,Crna Gora,Mali i Zi","potentialAction":[{"@type":"SearchAction","target":{"@type":"EntryPoint","urlTemplate":"https:\/\/www.visit-ulcinj.com\/blog\/?s={search_term_string}"},"query-input":"required name=search_term_string"}],"inLanguage":"en-US"},{"@type":"ImageObject","inLanguage":"en-US","@id":"https:\/\/www.visit-ulcinj.com\/blog\/2015\/11\/03\/njemac-pronaden-na-autobuskoj-stanici-u-ulcinju\/#primaryimage","url":"https:\/\/www.visit-ulcinj.com\/blog\/wp-content\/uploads\/2015\/11\/Stacioni-i-Autobusave-Ulqin.jpg","contentUrl":"https:\/\/www.visit-ulcinj.com\/blog\/wp-content\/uploads\/2015\/11\/Stacioni-i-Autobusave-Ulqin.jpg","width":630,"height":444},{"@type":"WebPage","@id":"https:\/\/www.visit-ulcinj.com\/blog\/2015\/11\/03\/njemac-pronaden-na-autobuskoj-stanici-u-ulcinju\/#webpage","url":"https:\/\/www.visit-ulcinj.com\/blog\/2015\/11\/03\/njemac-pronaden-na-autobuskoj-stanici-u-ulcinju\/","name":"Njemac prona\u0111en na Autobuskoj stanici u Ulcinju - Lajme nga Ulqini","isPartOf":{"@id":"https:\/\/www.visit-ulcinj.com\/blog\/#website"},"primaryImageOfPage":{"@id":"https:\/\/www.visit-ulcinj.com\/blog\/2015\/11\/03\/njemac-pronaden-na-autobuskoj-stanici-u-ulcinju\/#primaryimage"},"datePublished":"2015-11-03T17:05:28+00:00","dateModified":"2015-11-03T17:05:28+00:00","author":{"@id":"https:\/\/www.visit-ulcinj.com\/blog\/#\/schema\/person\/dcab619c614d3038751c63bc2aadc06d"},"description":"Be\u017eivotno tijelo njema\u010dkog dr\u017eavljanina Volkera Mike (56) prona\u0111eno je ju\u010de oko 14 \u010dasova na velikom parkingu Autobuske stanice u Ulcinju, u automobilu","breadcrumb":{"@id":"https:\/\/www.visit-ulcinj.com\/blog\/2015\/11\/03\/njemac-pronaden-na-autobuskoj-stanici-u-ulcinju\/#breadcrumb"},"inLanguage":"en-US","potentialAction":[{"@type":"ReadAction","target":["https:\/\/www.visit-ulcinj.com\/blog\/2015\/11\/03\/njemac-pronaden-na-autobuskoj-stanici-u-ulcinju\/"]}]},{"@type":"BreadcrumbList","@id":"https:\/\/www.visit-ulcinj.com\/blog\/2015\/11\/03\/njemac-pronaden-na-autobuskoj-stanici-u-ulcinju\/#breadcrumb","itemListElement":[{"@type":"ListItem","position":1,"name":"Njemac prona\u0111en na Autobuskoj stanici u Ulcinju"}]},{"@type":"Person","@id":"https:\/\/www.visit-ulcinj.com\/blog\/#\/schema\/person\/dcab619c614d3038751c63bc2aadc06d","name":"ulqini","sameAs":["http:\/\/www.visit-ulcinj.com"],"url":"https:\/\/www.visit-ulcinj.com\/blog\/author\/admin\/"}]}},"jetpack_featured_media_url":"","jetpack_sharing_enabled":true,"jetpack_shortlink":"https:\/\/wp.me\/pe6lTn-obR","_links":{"self":[{"href":"https:\/\/www.visit-ulcinj.com\/blog\/wp-json\/wp\/v2\/posts\/92991"}],"collection":[{"href":"https:\/\/www.visit-ulcinj.com\/blog\/wp-json\/wp\/v2\/posts"}],"about":[{"href":"https:\/\/www.visit-ulcinj.com\/blog\/wp-json\/wp\/v2\/types\/post"}],"author":[{"embeddable":true,"href":"https:\/\/www.visit-ulcinj.com\/blog\/wp-json\/wp\/v2\/users\/1"}],"replies":[{"embeddable":true,"href":"https:\/\/www.visit-ulcinj.com\/blog\/wp-json\/wp\/v2\/comments?post=92991"}],"version-history":[{"count":1,"href":"https:\/\/www.visit-ulcinj.com\/blog\/wp-json\/wp\/v2\/posts\/92991\/revisions"}],"predecessor-version":[{"id":92993,"href":"https:\/\/www.visit-ulcinj.com\/blog\/wp-json\/wp\/v2\/posts\/92991\/revisions\/92993"}],"wp:attachment":[{"href":"https:\/\/www.visit-ulcinj.com\/blog\/wp-json\/wp\/v2\/media?parent=92991"}],"wp:term":[{"taxonomy":"category","embeddable":true,"href":"https:\/\/www.visit-ulcinj.com\/blog\/wp-json\/wp\/v2\/categories?post=92991"},{"taxonomy":"post_tag","embeddable":true,"href":"https:\/\/www.visit-ulcinj.com\/blog\/wp-json\/wp\/v2\/tags?post=92991"}],"curies":[{"name":"wp","href":"https:\/\/api.w.org\/{rel}","templated":true}]}}