{"id":93008,"date":"2015-11-04T17:48:24","date_gmt":"2015-11-04T16:48:24","guid":{"rendered":"http:\/\/www.visit-ulcinj.com\/blog\/?p=93008"},"modified":"2015-11-04T17:48:24","modified_gmt":"2015-11-04T16:48:24","slug":"inatet-e-pdk-se-e-shpallin-albin-kurtin-te-vdekur","status":"publish","type":"post","link":"https:\/\/www.visit-ulcinj.com\/blog\/2015\/11\/04\/inatet-e-pdk-se-e-shpallin-albin-kurtin-te-vdekur\/","title":{"rendered":"Inatet e PDK-s\u00eb e shpallin Albin Kurtin t\u00eb vdekur"},"content":{"rendered":"<p><strong><a href=\"http:\/\/www.visit-ulcinj.com\/blog\/wp-content\/uploads\/2015\/11\/Albin-Kurti-shpallet-i-vdekur.jpg\"><img loading=\"lazy\" class=\"alignleft wp-image-93009\" src=\"http:\/\/www.visit-ulcinj.com\/blog\/wp-content\/uploads\/2015\/11\/Albin-Kurti-shpallet-i-vdekur.jpg\" alt=\"Albin-Kurti-shpallet-i-vdekur\" width=\"508\" height=\"343\" srcset=\"https:\/\/www.visit-ulcinj.com\/blog\/wp-content\/uploads\/2015\/11\/Albin-Kurti-shpallet-i-vdekur.jpg 564w, https:\/\/www.visit-ulcinj.com\/blog\/wp-content\/uploads\/2015\/11\/Albin-Kurti-shpallet-i-vdekur-300x203.jpg 300w\" sizes=\"(max-width: 508px) 100vw, 508px\" \/><\/a>N\u00eb rrjetet sociale po qarkullon nj\u00eb fotomontazh, ku shihet nj\u00eb afishe, q\u00eb p\u00ebrdoret p\u00ebr t\u00eb njoftuar p\u00ebr nj\u00eb t\u00eb vdekur.<\/strong><\/p>\n<p>N\u00eb t\u00eb shkruan se ka vdekur \u201cDeputeti Albin KURTOVI\u00c7\u201d.<\/p>\n<p>N\u00eb afishen ku \u00ebsht\u00eb v\u00ebn\u00eb fotografia e Kurtit, shkruan se \u201cvarrimi do t\u00eb b\u00ebhet n\u00eb fshatin Vladimir n\u00eb Mal t\u00eb Zi\u201d.<\/p>\n<p>P\u00ebrpos k\u00ebsaj, \u00ebsht\u00eb edhe nj\u00eb afishe tjet\u00ebr, q\u00eb tregon se ka vdekur \u201cL\u00ebvizja Vet\u00ebvendosje\u201d.<\/p>\n<p>\u201cVdiq nga nj\u00eb s\u00ebmundje e r\u00ebnd\u00eb q\u00eb nuk ka sh\u00ebrim, s\u00ebmundja quhet Pushtet, Karrik\u201d p\u00ebrshkruhet kinse vdekja e k\u00ebsaj l\u00ebvizjeje.<\/p>\n<p>Nuk dihet se kush i ka punuar dhe shp\u00ebrndar\u00eb k\u00ebto fotografi.<\/p>\n<p>Por, jo zyrtarisht m\u00ebsohet se jan\u00eb publikuar nga zyrtar\u00eb t\u00eb PDK-s\u00eb n\u00eb Malishev\u00eb.<\/p>\n<p><strong>Telegrafi<\/strong><\/p>\n<p><a href=\"http:\/\/www.visit-ulcinj.com\/blog\/wp-content\/uploads\/2015\/11\/vetvendosja-shpallet-e-vdekur.jpg\"><img loading=\"lazy\" class=\"alignleft wp-image-93010\" src=\"http:\/\/www.visit-ulcinj.com\/blog\/wp-content\/uploads\/2015\/11\/vetvendosja-shpallet-e-vdekur.jpg\" alt=\"vetvendosja-shpallet-e-vdekur\" width=\"508\" height=\"364\" srcset=\"https:\/\/www.visit-ulcinj.com\/blog\/wp-content\/uploads\/2015\/11\/vetvendosja-shpallet-e-vdekur.jpg 720w, https:\/\/www.visit-ulcinj.com\/blog\/wp-content\/uploads\/2015\/11\/vetvendosja-shpallet-e-vdekur-300x215.jpg 300w\" sizes=\"(max-width: 508px) 100vw, 508px\" \/><\/a><\/p>\n","protected":false},"excerpt":{"rendered":"<p>N\u00eb rrjetet sociale po qarkullon nj\u00eb fotomontazh, ku shihet nj\u00eb afishe, q\u00eb p\u00ebrdoret p\u00ebr t\u00eb njoftuar p\u00ebr nj\u00eb t\u00eb vdekur. N\u00eb t\u00eb shkruan se ka vdekur \u201cDeputeti Albin KURTOVI\u00c7\u201d. N\u00eb afishen ku \u00ebsht\u00eb v\u00ebn\u00eb fotografia e Kurtit, shkruan se \u201cvarrimi do t\u00eb b\u00ebhet n\u00eb fshatin Vladimir n\u00eb Mal t\u00eb Zi\u201d. P\u00ebrpos k\u00ebsaj, \u00ebsht\u00eb edhe nj\u00eb [&hellip;]<\/p>\n","protected":false},"author":1,"featured_media":0,"comment_status":"closed","ping_status":"closed","sticky":false,"template":"","format":"standard","meta":{"spay_email":"","jetpack_publicize_message":"","jetpack_is_tweetstorm":false,"jetpack_publicize_feature_enabled":true},"categories":[14],"tags":[],"jetpack_publicize_connections":[],"yoast_head":"<!-- This site is optimized with the Yoast SEO plugin v19.1 - https:\/\/yoast.com\/wordpress\/plugins\/seo\/ -->\n<title>Inatet e PDK-s\u00eb e shpallin Albin Kurtin t\u00eb vdekur - Lajme nga Ulqini<\/title>\n<meta name=\"description\" content=\"N\u00eb rrjetet sociale po qarkullon nj\u00eb fotomontazh, ku shihet nj\u00eb afishe, q\u00eb p\u00ebrdoret p\u00ebr t\u00eb njoftuar p\u00ebr nj\u00eb t\u00eb vdekur. N\u00eb t\u00eb shkruan se ka vdekur \u201cDeputeti\" \/>\n<meta name=\"robots\" content=\"index, follow, max-snippet:-1, max-image-preview:large, max-video-preview:-1\" \/>\n<link rel=\"canonical\" href=\"https:\/\/www.visit-ulcinj.com\/blog\/2015\/11\/04\/inatet-e-pdk-se-e-shpallin-albin-kurtin-te-vdekur\/\" \/>\n<meta property=\"og:locale\" content=\"en_US\" \/>\n<meta property=\"og:type\" content=\"article\" \/>\n<meta property=\"og:title\" content=\"Inatet e PDK-s\u00eb e shpallin Albin Kurtin t\u00eb vdekur - Lajme nga Ulqini\" \/>\n<meta property=\"og:description\" content=\"N\u00eb rrjetet sociale po qarkullon nj\u00eb fotomontazh, ku shihet nj\u00eb afishe, q\u00eb p\u00ebrdoret p\u00ebr t\u00eb njoftuar p\u00ebr nj\u00eb t\u00eb vdekur. N\u00eb t\u00eb shkruan se ka vdekur \u201cDeputeti\" \/>\n<meta property=\"og:url\" content=\"https:\/\/www.visit-ulcinj.com\/blog\/2015\/11\/04\/inatet-e-pdk-se-e-shpallin-albin-kurtin-te-vdekur\/\" \/>\n<meta property=\"og:site_name\" content=\"Lajme nga Ulqini\" \/>\n<meta property=\"article:published_time\" content=\"2015-11-04T16:48:24+00:00\" \/>\n<meta property=\"og:image\" content=\"http:\/\/www.visit-ulcinj.com\/blog\/wp-content\/uploads\/2015\/11\/Albin-Kurti-shpallet-i-vdekur.jpg\" \/>\n<meta name=\"twitter:label1\" content=\"Written by\" \/>\n\t<meta name=\"twitter:data1\" content=\"ulqini\" \/>\n\t<meta name=\"twitter:label2\" content=\"Est. reading time\" \/>\n\t<meta name=\"twitter:data2\" content=\"1 minute\" \/>\n<script type=\"application\/ld+json\" class=\"yoast-schema-graph\">{\"@context\":\"https:\/\/schema.org\",\"@graph\":[{\"@type\":\"WebSite\",\"@id\":\"https:\/\/www.visit-ulcinj.com\/blog\/#website\",\"url\":\"https:\/\/www.visit-ulcinj.com\/blog\/\",\"name\":\"Lajme nga Ulqini\",\"description\":\"Lajme,Vijesti,Ulqini,Ulqin,Crna Gora,Mali i Zi\",\"potentialAction\":[{\"@type\":\"SearchAction\",\"target\":{\"@type\":\"EntryPoint\",\"urlTemplate\":\"https:\/\/www.visit-ulcinj.com\/blog\/?s={search_term_string}\"},\"query-input\":\"required name=search_term_string\"}],\"inLanguage\":\"en-US\"},{\"@type\":\"ImageObject\",\"inLanguage\":\"en-US\",\"@id\":\"https:\/\/www.visit-ulcinj.com\/blog\/2015\/11\/04\/inatet-e-pdk-se-e-shpallin-albin-kurtin-te-vdekur\/#primaryimage\",\"url\":\"https:\/\/www.visit-ulcinj.com\/blog\/wp-content\/uploads\/2015\/11\/Albin-Kurti-shpallet-i-vdekur.jpg\",\"contentUrl\":\"https:\/\/www.visit-ulcinj.com\/blog\/wp-content\/uploads\/2015\/11\/Albin-Kurti-shpallet-i-vdekur.jpg\",\"width\":564,\"height\":381},{\"@type\":\"WebPage\",\"@id\":\"https:\/\/www.visit-ulcinj.com\/blog\/2015\/11\/04\/inatet-e-pdk-se-e-shpallin-albin-kurtin-te-vdekur\/#webpage\",\"url\":\"https:\/\/www.visit-ulcinj.com\/blog\/2015\/11\/04\/inatet-e-pdk-se-e-shpallin-albin-kurtin-te-vdekur\/\",\"name\":\"Inatet e PDK-s\u00eb e shpallin Albin Kurtin t\u00eb vdekur - Lajme nga Ulqini\",\"isPartOf\":{\"@id\":\"https:\/\/www.visit-ulcinj.com\/blog\/#website\"},\"primaryImageOfPage\":{\"@id\":\"https:\/\/www.visit-ulcinj.com\/blog\/2015\/11\/04\/inatet-e-pdk-se-e-shpallin-albin-kurtin-te-vdekur\/#primaryimage\"},\"datePublished\":\"2015-11-04T16:48:24+00:00\",\"dateModified\":\"2015-11-04T16:48:24+00:00\",\"author\":{\"@id\":\"https:\/\/www.visit-ulcinj.com\/blog\/#\/schema\/person\/dcab619c614d3038751c63bc2aadc06d\"},\"description\":\"N\u00eb rrjetet sociale po qarkullon nj\u00eb fotomontazh, ku shihet nj\u00eb afishe, q\u00eb p\u00ebrdoret p\u00ebr t\u00eb njoftuar p\u00ebr nj\u00eb t\u00eb vdekur. N\u00eb t\u00eb shkruan se ka vdekur \u201cDeputeti\",\"breadcrumb\":{\"@id\":\"https:\/\/www.visit-ulcinj.com\/blog\/2015\/11\/04\/inatet-e-pdk-se-e-shpallin-albin-kurtin-te-vdekur\/#breadcrumb\"},\"inLanguage\":\"en-US\",\"potentialAction\":[{\"@type\":\"ReadAction\",\"target\":[\"https:\/\/www.visit-ulcinj.com\/blog\/2015\/11\/04\/inatet-e-pdk-se-e-shpallin-albin-kurtin-te-vdekur\/\"]}]},{\"@type\":\"BreadcrumbList\",\"@id\":\"https:\/\/www.visit-ulcinj.com\/blog\/2015\/11\/04\/inatet-e-pdk-se-e-shpallin-albin-kurtin-te-vdekur\/#breadcrumb\",\"itemListElement\":[{\"@type\":\"ListItem\",\"position\":1,\"name\":\"Inatet e PDK-s\u00eb e shpallin Albin Kurtin t\u00eb vdekur\"}]},{\"@type\":\"Person\",\"@id\":\"https:\/\/www.visit-ulcinj.com\/blog\/#\/schema\/person\/dcab619c614d3038751c63bc2aadc06d\",\"name\":\"ulqini\",\"sameAs\":[\"http:\/\/www.visit-ulcinj.com\"],\"url\":\"https:\/\/www.visit-ulcinj.com\/blog\/author\/admin\/\"}]}<\/script>\n<!-- \/ Yoast SEO plugin. -->","yoast_head_json":{"title":"Inatet e PDK-s\u00eb e shpallin Albin Kurtin t\u00eb vdekur - Lajme nga Ulqini","description":"N\u00eb rrjetet sociale po qarkullon nj\u00eb fotomontazh, ku shihet nj\u00eb afishe, q\u00eb p\u00ebrdoret p\u00ebr t\u00eb njoftuar p\u00ebr nj\u00eb t\u00eb vdekur. N\u00eb t\u00eb shkruan se ka vdekur \u201cDeputeti","robots":{"index":"index","follow":"follow","max-snippet":"max-snippet:-1","max-image-preview":"max-image-preview:large","max-video-preview":"max-video-preview:-1"},"canonical":"https:\/\/www.visit-ulcinj.com\/blog\/2015\/11\/04\/inatet-e-pdk-se-e-shpallin-albin-kurtin-te-vdekur\/","og_locale":"en_US","og_type":"article","og_title":"Inatet e PDK-s\u00eb e shpallin Albin Kurtin t\u00eb vdekur - Lajme nga Ulqini","og_description":"N\u00eb rrjetet sociale po qarkullon nj\u00eb fotomontazh, ku shihet nj\u00eb afishe, q\u00eb p\u00ebrdoret p\u00ebr t\u00eb njoftuar p\u00ebr nj\u00eb t\u00eb vdekur. N\u00eb t\u00eb shkruan se ka vdekur \u201cDeputeti","og_url":"https:\/\/www.visit-ulcinj.com\/blog\/2015\/11\/04\/inatet-e-pdk-se-e-shpallin-albin-kurtin-te-vdekur\/","og_site_name":"Lajme nga Ulqini","article_published_time":"2015-11-04T16:48:24+00:00","og_image":[{"url":"http:\/\/www.visit-ulcinj.com\/blog\/wp-content\/uploads\/2015\/11\/Albin-Kurti-shpallet-i-vdekur.jpg"}],"twitter_misc":{"Written by":"ulqini","Est. reading time":"1 minute"},"schema":{"@context":"https:\/\/schema.org","@graph":[{"@type":"WebSite","@id":"https:\/\/www.visit-ulcinj.com\/blog\/#website","url":"https:\/\/www.visit-ulcinj.com\/blog\/","name":"Lajme nga Ulqini","description":"Lajme,Vijesti,Ulqini,Ulqin,Crna Gora,Mali i Zi","potentialAction":[{"@type":"SearchAction","target":{"@type":"EntryPoint","urlTemplate":"https:\/\/www.visit-ulcinj.com\/blog\/?s={search_term_string}"},"query-input":"required name=search_term_string"}],"inLanguage":"en-US"},{"@type":"ImageObject","inLanguage":"en-US","@id":"https:\/\/www.visit-ulcinj.com\/blog\/2015\/11\/04\/inatet-e-pdk-se-e-shpallin-albin-kurtin-te-vdekur\/#primaryimage","url":"https:\/\/www.visit-ulcinj.com\/blog\/wp-content\/uploads\/2015\/11\/Albin-Kurti-shpallet-i-vdekur.jpg","contentUrl":"https:\/\/www.visit-ulcinj.com\/blog\/wp-content\/uploads\/2015\/11\/Albin-Kurti-shpallet-i-vdekur.jpg","width":564,"height":381},{"@type":"WebPage","@id":"https:\/\/www.visit-ulcinj.com\/blog\/2015\/11\/04\/inatet-e-pdk-se-e-shpallin-albin-kurtin-te-vdekur\/#webpage","url":"https:\/\/www.visit-ulcinj.com\/blog\/2015\/11\/04\/inatet-e-pdk-se-e-shpallin-albin-kurtin-te-vdekur\/","name":"Inatet e PDK-s\u00eb e shpallin Albin Kurtin t\u00eb vdekur - Lajme nga Ulqini","isPartOf":{"@id":"https:\/\/www.visit-ulcinj.com\/blog\/#website"},"primaryImageOfPage":{"@id":"https:\/\/www.visit-ulcinj.com\/blog\/2015\/11\/04\/inatet-e-pdk-se-e-shpallin-albin-kurtin-te-vdekur\/#primaryimage"},"datePublished":"2015-11-04T16:48:24+00:00","dateModified":"2015-11-04T16:48:24+00:00","author":{"@id":"https:\/\/www.visit-ulcinj.com\/blog\/#\/schema\/person\/dcab619c614d3038751c63bc2aadc06d"},"description":"N\u00eb rrjetet sociale po qarkullon nj\u00eb fotomontazh, ku shihet nj\u00eb afishe, q\u00eb p\u00ebrdoret p\u00ebr t\u00eb njoftuar p\u00ebr nj\u00eb t\u00eb vdekur. N\u00eb t\u00eb shkruan se ka vdekur \u201cDeputeti","breadcrumb":{"@id":"https:\/\/www.visit-ulcinj.com\/blog\/2015\/11\/04\/inatet-e-pdk-se-e-shpallin-albin-kurtin-te-vdekur\/#breadcrumb"},"inLanguage":"en-US","potentialAction":[{"@type":"ReadAction","target":["https:\/\/www.visit-ulcinj.com\/blog\/2015\/11\/04\/inatet-e-pdk-se-e-shpallin-albin-kurtin-te-vdekur\/"]}]},{"@type":"BreadcrumbList","@id":"https:\/\/www.visit-ulcinj.com\/blog\/2015\/11\/04\/inatet-e-pdk-se-e-shpallin-albin-kurtin-te-vdekur\/#breadcrumb","itemListElement":[{"@type":"ListItem","position":1,"name":"Inatet e PDK-s\u00eb e shpallin Albin Kurtin t\u00eb vdekur"}]},{"@type":"Person","@id":"https:\/\/www.visit-ulcinj.com\/blog\/#\/schema\/person\/dcab619c614d3038751c63bc2aadc06d","name":"ulqini","sameAs":["http:\/\/www.visit-ulcinj.com"],"url":"https:\/\/www.visit-ulcinj.com\/blog\/author\/admin\/"}]}},"jetpack_featured_media_url":"","jetpack_sharing_enabled":true,"jetpack_shortlink":"https:\/\/wp.me\/pe6lTn-oc8","_links":{"self":[{"href":"https:\/\/www.visit-ulcinj.com\/blog\/wp-json\/wp\/v2\/posts\/93008"}],"collection":[{"href":"https:\/\/www.visit-ulcinj.com\/blog\/wp-json\/wp\/v2\/posts"}],"about":[{"href":"https:\/\/www.visit-ulcinj.com\/blog\/wp-json\/wp\/v2\/types\/post"}],"author":[{"embeddable":true,"href":"https:\/\/www.visit-ulcinj.com\/blog\/wp-json\/wp\/v2\/users\/1"}],"replies":[{"embeddable":true,"href":"https:\/\/www.visit-ulcinj.com\/blog\/wp-json\/wp\/v2\/comments?post=93008"}],"version-history":[{"count":1,"href":"https:\/\/www.visit-ulcinj.com\/blog\/wp-json\/wp\/v2\/posts\/93008\/revisions"}],"predecessor-version":[{"id":93011,"href":"https:\/\/www.visit-ulcinj.com\/blog\/wp-json\/wp\/v2\/posts\/93008\/revisions\/93011"}],"wp:attachment":[{"href":"https:\/\/www.visit-ulcinj.com\/blog\/wp-json\/wp\/v2\/media?parent=93008"}],"wp:term":[{"taxonomy":"category","embeddable":true,"href":"https:\/\/www.visit-ulcinj.com\/blog\/wp-json\/wp\/v2\/categories?post=93008"},{"taxonomy":"post_tag","embeddable":true,"href":"https:\/\/www.visit-ulcinj.com\/blog\/wp-json\/wp\/v2\/tags?post=93008"}],"curies":[{"name":"wp","href":"https:\/\/api.w.org\/{rel}","templated":true}]}}