{"id":93017,"date":"2015-11-05T14:29:08","date_gmt":"2015-11-05T13:29:08","guid":{"rendered":"http:\/\/www.visit-ulcinj.com\/blog\/?p=93017"},"modified":"2015-11-06T07:49:04","modified_gmt":"2015-11-06T06:49:04","slug":"gjonaj-rruga-e-pergjakur-e-shtojit-foto","status":"publish","type":"post","link":"https:\/\/www.visit-ulcinj.com\/blog\/2015\/11\/05\/gjonaj-rruga-e-pergjakur-e-shtojit-foto\/","title":{"rendered":"Gjonaj: Rruga e  p\u00ebrgjakur e Shtojit + Foto"},"content":{"rendered":"<p><strong><a href=\"http:\/\/www.visit-ulcinj.com\/blog\/wp-content\/uploads\/2015\/11\/Lopet-ne-rruge-t\u00eb-Shtojit-Ulqin.jpg\"><img loading=\"lazy\" class=\"alignleft wp-image-93018\" src=\"http:\/\/www.visit-ulcinj.com\/blog\/wp-content\/uploads\/2015\/11\/Lopet-ne-rruge-t\u00eb-Shtojit-Ulqin.jpg\" alt=\"Lopet-ne rruge-t\u00eb-Shtojit-Ulqin\" width=\"508\" height=\"359\" srcset=\"https:\/\/www.visit-ulcinj.com\/blog\/wp-content\/uploads\/2015\/11\/Lopet-ne-rruge-t\u00eb-Shtojit-Ulqin.jpg 511w, https:\/\/www.visit-ulcinj.com\/blog\/wp-content\/uploads\/2015\/11\/Lopet-ne-rruge-t\u00eb-Shtojit-Ulqin-300x212.jpg 300w\" sizes=\"(max-width: 508px) 100vw, 508px\" \/><\/a>Gjek\u00eb Gjonaj<\/strong><\/p>\n<p>Vdekja tragjike e Nua (Toni) Sel\u00e7aninit n\u00eb fshatin Shtoj t\u00eb Ulqinit , \u00ebsht\u00eb e fundit nd\u00ebr humbjet e papritura, t\u00eb befasishme e trondit\u00ebse n\u00eb komunikacionin rrugor, gjegj\u00ebsisht n\u00eb rrug\u00ebn e cila t\u00eb \u00e7on nga Ulqini p\u00ebr n\u00eb ishullin Ad\u00eb, pran\u00eb lumit Buna.\u00a0\u00a0 Jeta e k\u00ebtij 52 vje\u00e7ari, bashk\u00ebshort dhe baba i dy f\u00ebmij\u00ebve, u shua\u00a0\u00a0 aksidentalisht mbr\u00ebmjen e s\u00eb diel\u00ebs, rreth or\u00ebs 17,45 mbasi me makin\u00ebn e tij Golf IV \u00ebsht\u00eb p\u00ebrplasur me\u00a0\u00a0 lop\u00eb.<\/p>\n<p><a href=\"http:\/\/www.visit-ulcinj.com\/blog\/wp-content\/uploads\/2015\/11\/Lopet-ne-rruge-t\u00eb-Shtojit-Ulqin-1.jpg\"><img loading=\"lazy\" class=\"alignleft wp-image-93019\" src=\"http:\/\/www.visit-ulcinj.com\/blog\/wp-content\/uploads\/2015\/11\/Lopet-ne-rruge-t\u00eb-Shtojit-Ulqin-1.jpg\" alt=\"Lopet-ne rruge-t\u00eb-Shtojit-Ulqin-1\" width=\"508\" height=\"368\" srcset=\"https:\/\/www.visit-ulcinj.com\/blog\/wp-content\/uploads\/2015\/11\/Lopet-ne-rruge-t\u00eb-Shtojit-Ulqin-1.jpg 575w, https:\/\/www.visit-ulcinj.com\/blog\/wp-content\/uploads\/2015\/11\/Lopet-ne-rruge-t\u00eb-Shtojit-Ulqin-1-300x217.jpg 300w\" sizes=\"(max-width: 508px) 100vw, 508px\" \/><\/a><\/p>\n<p>Qysh nga l\u00ebshimi n\u00eb qarkullim kjo rrug\u00eb \u201c pushtohet\u201d nga kafsh\u00ebt sht\u00ebpiake, dele e lop\u00eb t\u00eb shumta t\u00eb cilat jan\u00eb kthyer n\u00eb rrezik p\u00ebr pjes\u00ebmarr\u00ebsit n\u00eb komunikacion. Kjo gj\u00eb sidomos muajve t\u00eb fundit po shqet\u00ebson\u00a0\u00a0 qytetar\u00ebt, n\u00eb ve\u00e7anti vozit\u00ebsit e automjeteve, t\u00eb cil\u00ebt thon\u00eb se p\u00ebrdit\u00eb rrezikohet jeta e tyre. Shofer\u00ebt p\u00ebr k\u00ebt\u00eb dukuri negative me pasoja tragjike faj\u00ebsojn\u00eb pronar\u00ebt e bag\u00ebtive t\u00eb cil\u00ebt nuk kujdesen p\u00ebr to , por i l\u00ebshojn\u00eb dit\u00eb e nat\u00eb pa kurrfar\u00eb kontrolli. Por s\u2019duhet harruar edhe (mos)respektimin e shenjave n\u00eb k\u00ebt\u00eb rrug\u00eb t\u00eb disa shofer\u00ebve. Sikur shpejt\u00ebsia t\u00eb ishte e vog\u00ebl , pasojat nga pl\u00ebrplasja me kafsh\u00ebt sht\u00ebpiake n\u00eb rrug\u00eb me siguri do ishte me m\u00eb pak pasoja.<\/p>\n<p><a href=\"http:\/\/www.visit-ulcinj.com\/blog\/wp-content\/uploads\/2015\/11\/Lopet-ne-rruge-t\u00eb-Shtojit-Ulqin-2.jpg\"><img loading=\"lazy\" class=\"alignleft wp-image-93020\" src=\"http:\/\/www.visit-ulcinj.com\/blog\/wp-content\/uploads\/2015\/11\/Lopet-ne-rruge-t\u00eb-Shtojit-Ulqin-2.jpg\" alt=\"Lopet-shikojn-kitsurf-ne-plazhe-te-ulqinit\" width=\"508\" height=\"330\" srcset=\"https:\/\/www.visit-ulcinj.com\/blog\/wp-content\/uploads\/2015\/11\/Lopet-ne-rruge-t\u00eb-Shtojit-Ulqin-2.jpg 900w, https:\/\/www.visit-ulcinj.com\/blog\/wp-content\/uploads\/2015\/11\/Lopet-ne-rruge-t\u00eb-Shtojit-Ulqin-2-300x195.jpg 300w\" sizes=\"(max-width: 508px) 100vw, 508px\" \/><\/a><\/p>\n<p>M\u00eb shqet\u00ebsuese mbetet prania n\u00eb mbr\u00ebmje e bag\u00ebtive pa p\u00ebrkujdesje n\u00ebp\u00ebr rrug\u00ebn e Shtojit, kur edhe rreziku shtohet p\u00ebr shkak t\u00eb err\u00ebsir\u00ebs. Me q\u00ebllim t\u00eb parandalimit t\u00eb aksidenteve t\u00eb mundshme si shkak i pranis\u00eb s\u00eb bag\u00ebtive n\u00eb k\u00ebt\u00eb rrug\u00eb t\u00eb p\u00ebrgjakur , policia rrugore disa her\u00eb iu ka b\u00ebr\u00eb thirrje t\u00eb gjith\u00eb banor\u00ebve dhe pronar\u00ebve e k\u00ebsaj zone q\u00eb t\u00eb kujdesen q\u00eb bag\u00ebtit\u00eb e tyre n\u00eb asnj\u00eb m\u00ebnyr\u00eb mos t\u00eb jen\u00eb pjes\u00eb e rrug\u00ebs pa p\u00ebrkujdesjen e pronar\u00ebve. Megjithat\u00eb dukuria e till\u00eb vazhdon t\u00eb jet\u00eb evidente, fatkeq\u00ebsisht me pasoja tragike, humbje jete njer\u00ebzish. Prandaj\u00a0\u00a0 \u00ebsht\u00eb koha e fundit q\u00eb policia n\u00eb bashk\u00ebrendim me t\u00eb gjith\u00eb kompetent\u00ebt e tjer\u00eb t\u00eb parandalojn\u00eb l\u00ebvizjen e pakontrolluar e bag\u00ebtis\u00eb, gj\u00eb q\u00eb \u00ebsht\u00eb shkak i aksidenteve jo t\u00eb pakta me pasoja fatale dhe i d\u00ebmeve t\u00eb m\u00ebdha materiale , duke p\u00ebrfsihirt\u00eb k\u00ebtu edhe inicimin e procedur\u00ebs p\u00ebr secilin nga pronar\u00ebt q\u00eb do t\u00eb identifikohen.<\/p>\n<p><a href=\"http:\/\/www.visit-ulcinj.com\/blog\/wp-content\/uploads\/2015\/11\/Lopet-ne-rruge-t\u00eb-Shtojit-Ulqin-3.jpg\"><img loading=\"lazy\" class=\"alignleft wp-image-93021\" src=\"http:\/\/www.visit-ulcinj.com\/blog\/wp-content\/uploads\/2015\/11\/Lopet-ne-rruge-t\u00eb-Shtojit-Ulqin-3.jpg\" alt=\"Lopet-ne rruge-t\u00eb-Shtojit-Ulqin-3\" width=\"508\" height=\"381\" srcset=\"https:\/\/www.visit-ulcinj.com\/blog\/wp-content\/uploads\/2015\/11\/Lopet-ne-rruge-t\u00eb-Shtojit-Ulqin-3.jpg 750w, https:\/\/www.visit-ulcinj.com\/blog\/wp-content\/uploads\/2015\/11\/Lopet-ne-rruge-t\u00eb-Shtojit-Ulqin-3-300x225.jpg 300w\" sizes=\"(max-width: 508px) 100vw, 508px\" \/><\/a><\/p>\n<p>Ve\u00e7 k\u00ebsaj kompetent\u00ebt do t\u00eb ishte mir\u00eb t\u00eb zhvillojn\u00eb\u00a0\u00a0 edhe nj\u00eb fushat\u00eb vet\u00ebdij\u00ebsimi me moton \u201c Kafsh\u00ebt n\u00eb rrug\u00eb &#8211; rrezik n\u00eb komunikacion\u201d, ku do t\u00eb t\u00eb p\u00ebrfshihen qytetar\u00eb p\u00ebrgjat\u00eb rrug\u00ebs s\u00eb Shtojit dhe rrug\u00ebve t\u00eb tjera lokale, pronar\u00eb t\u00eb kafsh\u00ebve sht\u00ebpiake t\u00eb cil\u00ebt i kullosin kafsh\u00ebt sht\u00ebpiake af\u00ebr rrug\u00ebve, apo edhe i kalojn\u00eb n\u00ebp\u00ebr to. Vet\u00ebdij\u00ebsimi do t\u00eb duhej t\u00eb p\u00ebrfshihej me prezentimin e statistikave t\u00eb aksidenteve t\u00eb s\u00eb kaluar\u00ebs, njoftim dhe sqarim t\u00eb tyre me baz\u00ebn ligjore p\u00ebr l\u00ebvizjen e bag\u00ebtive, me sanksionet q\u00eb pasojn\u00eb, fotografi dhe aksidente n\u00eb vendgjarje, artikuj nga gazeta etj, n\u00eb m\u00ebnyr\u00eb q\u00eb ata t\u00eb din\u00eb pasojat dhe rreziqet kur kafsh\u00ebt t\u00eb dalin n\u00eb rrug\u00eb pa kontroll apo mbikqyrjen e tyre.<\/p>\n<p>Nuk duhet t\u00eb presim m\u00eb q\u00eb viktimat e shkaktuara nga aksidentet n\u00eb rrug\u00ebn e Shtojit p\u00ebr shkak t\u00eb l\u00ebvizjes s\u00eb\u00a0\u00a0 pakontrolluar t\u00eb bag\u00ebtive t\u00eb shtohen\u00a0\u00a0 gjithnj\u00eb e m\u00eb shum\u00eb dhe t\u00eb shohim se si disa nga viktimat, miqt\u00eb tan\u00eb, fqinj, an\u00ebtar\u00eb t\u00eb familjeve tona, ose t\u00eb tjer\u00eb, fillojn\u00eb nj\u00eb udh\u00ebtim q\u00eb ata kurr\u00eb nuk e p\u00ebrfundojn\u00eb.<\/p>\n<p><a href=\"http:\/\/www.visit-ulcinj.com\/blog\/wp-content\/uploads\/2015\/11\/Lopet-ne-rruge-t\u00eb-Shtojit-Ulqin-4.jpg\"><img loading=\"lazy\" class=\"alignleft wp-image-93022\" src=\"http:\/\/www.visit-ulcinj.com\/blog\/wp-content\/uploads\/2015\/11\/Lopet-ne-rruge-t\u00eb-Shtojit-Ulqin-4.jpg\" alt=\"Lopet-ne rruge-t\u00eb-Shtojit-Ulqin-4\" width=\"508\" height=\"265\" srcset=\"https:\/\/www.visit-ulcinj.com\/blog\/wp-content\/uploads\/2015\/11\/Lopet-ne-rruge-t\u00eb-Shtojit-Ulqin-4.jpg 884w, https:\/\/www.visit-ulcinj.com\/blog\/wp-content\/uploads\/2015\/11\/Lopet-ne-rruge-t\u00eb-Shtojit-Ulqin-4-300x156.jpg 300w\" sizes=\"(max-width: 508px) 100vw, 508px\" \/><\/a><\/p>\n<p><a href=\"http:\/\/www.visit-ulcinj.com\/blog\/wp-content\/uploads\/2015\/11\/Lopet-ne-rruge-t\u00eb-Shtojit-Ulqin-5.jpg\"><img loading=\"lazy\" class=\"alignleft size-full wp-image-93023\" src=\"http:\/\/www.visit-ulcinj.com\/blog\/wp-content\/uploads\/2015\/11\/Lopet-ne-rruge-t\u00eb-Shtojit-Ulqin-5.jpg\" alt=\"Lopet-ne rruge-t\u00eb-Shtojit-Ulqin-5\" width=\"508\" height=\"350\" \/><\/a><\/p>\n","protected":false},"excerpt":{"rendered":"<p>Gjek\u00eb Gjonaj Vdekja tragjike e Nua (Toni) Sel\u00e7aninit n\u00eb fshatin Shtoj t\u00eb Ulqinit , \u00ebsht\u00eb e fundit nd\u00ebr humbjet e papritura, t\u00eb befasishme e trondit\u00ebse n\u00eb komunikacionin rrugor, gjegj\u00ebsisht n\u00eb rrug\u00ebn e cila t\u00eb \u00e7on nga Ulqini p\u00ebr n\u00eb ishullin Ad\u00eb, pran\u00eb lumit Buna.\u00a0\u00a0 Jeta e k\u00ebtij 52 vje\u00e7ari, bashk\u00ebshort dhe baba i dy f\u00ebmij\u00ebve, [&hellip;]<\/p>\n","protected":false},"author":1,"featured_media":0,"comment_status":"closed","ping_status":"closed","sticky":false,"template":"","format":"standard","meta":{"spay_email":"","jetpack_publicize_message":"","jetpack_is_tweetstorm":false,"jetpack_publicize_feature_enabled":true},"categories":[1,13],"tags":[],"jetpack_publicize_connections":[],"yoast_head":"<!-- This site is optimized with the Yoast SEO plugin v19.1 - https:\/\/yoast.com\/wordpress\/plugins\/seo\/ -->\n<title>Gjonaj: Rruga e p\u00ebrgjakur e Shtojit + Foto - Lajme nga Ulqini<\/title>\n<meta name=\"description\" content=\"Gjek\u00eb Gjonaj Vdekja tragjike e Nua (Toni) Sel\u00e7aninit n\u00eb fshatin Shtoj t\u00eb Ulqinit , \u00ebsht\u00eb e fundit nd\u00ebr humbjet e papritura, t\u00eb befasishme e trondit\u00ebse n\u00eb\" \/>\n<meta name=\"robots\" content=\"index, follow, max-snippet:-1, max-image-preview:large, max-video-preview:-1\" \/>\n<link rel=\"canonical\" href=\"https:\/\/www.visit-ulcinj.com\/blog\/2015\/11\/05\/gjonaj-rruga-e-pergjakur-e-shtojit-foto\/\" \/>\n<meta property=\"og:locale\" content=\"en_US\" \/>\n<meta property=\"og:type\" content=\"article\" \/>\n<meta property=\"og:title\" content=\"Gjonaj: Rruga e p\u00ebrgjakur e Shtojit + Foto - Lajme nga Ulqini\" \/>\n<meta property=\"og:description\" content=\"Gjek\u00eb Gjonaj Vdekja tragjike e Nua (Toni) Sel\u00e7aninit n\u00eb fshatin Shtoj t\u00eb Ulqinit , \u00ebsht\u00eb e fundit nd\u00ebr humbjet e papritura, t\u00eb befasishme e trondit\u00ebse n\u00eb\" \/>\n<meta property=\"og:url\" content=\"https:\/\/www.visit-ulcinj.com\/blog\/2015\/11\/05\/gjonaj-rruga-e-pergjakur-e-shtojit-foto\/\" \/>\n<meta property=\"og:site_name\" content=\"Lajme nga Ulqini\" \/>\n<meta property=\"article:published_time\" content=\"2015-11-05T13:29:08+00:00\" \/>\n<meta property=\"article:modified_time\" content=\"2015-11-06T06:49:04+00:00\" \/>\n<meta name=\"twitter:label1\" content=\"Written by\" \/>\n\t<meta name=\"twitter:data1\" content=\"ulqini\" \/>\n\t<meta name=\"twitter:label2\" content=\"Est. reading time\" \/>\n\t<meta name=\"twitter:data2\" content=\"3 minutes\" \/>\n<script type=\"application\/ld+json\" class=\"yoast-schema-graph\">{\"@context\":\"https:\/\/schema.org\",\"@graph\":[{\"@type\":\"WebSite\",\"@id\":\"https:\/\/www.visit-ulcinj.com\/blog\/#website\",\"url\":\"https:\/\/www.visit-ulcinj.com\/blog\/\",\"name\":\"Lajme nga Ulqini\",\"description\":\"Lajme,Vijesti,Ulqini,Ulqin,Crna Gora,Mali i Zi\",\"potentialAction\":[{\"@type\":\"SearchAction\",\"target\":{\"@type\":\"EntryPoint\",\"urlTemplate\":\"https:\/\/www.visit-ulcinj.com\/blog\/?s={search_term_string}\"},\"query-input\":\"required name=search_term_string\"}],\"inLanguage\":\"en-US\"},{\"@type\":\"WebPage\",\"@id\":\"https:\/\/www.visit-ulcinj.com\/blog\/2015\/11\/05\/gjonaj-rruga-e-pergjakur-e-shtojit-foto\/#webpage\",\"url\":\"https:\/\/www.visit-ulcinj.com\/blog\/2015\/11\/05\/gjonaj-rruga-e-pergjakur-e-shtojit-foto\/\",\"name\":\"Gjonaj: Rruga e p\u00ebrgjakur e Shtojit + Foto - Lajme nga Ulqini\",\"isPartOf\":{\"@id\":\"https:\/\/www.visit-ulcinj.com\/blog\/#website\"},\"datePublished\":\"2015-11-05T13:29:08+00:00\",\"dateModified\":\"2015-11-06T06:49:04+00:00\",\"author\":{\"@id\":\"https:\/\/www.visit-ulcinj.com\/blog\/#\/schema\/person\/dcab619c614d3038751c63bc2aadc06d\"},\"description\":\"Gjek\u00eb Gjonaj Vdekja tragjike e Nua (Toni) Sel\u00e7aninit n\u00eb fshatin Shtoj t\u00eb Ulqinit , \u00ebsht\u00eb e fundit nd\u00ebr humbjet e papritura, t\u00eb befasishme e trondit\u00ebse n\u00eb\",\"breadcrumb\":{\"@id\":\"https:\/\/www.visit-ulcinj.com\/blog\/2015\/11\/05\/gjonaj-rruga-e-pergjakur-e-shtojit-foto\/#breadcrumb\"},\"inLanguage\":\"en-US\",\"potentialAction\":[{\"@type\":\"ReadAction\",\"target\":[\"https:\/\/www.visit-ulcinj.com\/blog\/2015\/11\/05\/gjonaj-rruga-e-pergjakur-e-shtojit-foto\/\"]}]},{\"@type\":\"BreadcrumbList\",\"@id\":\"https:\/\/www.visit-ulcinj.com\/blog\/2015\/11\/05\/gjonaj-rruga-e-pergjakur-e-shtojit-foto\/#breadcrumb\",\"itemListElement\":[{\"@type\":\"ListItem\",\"position\":1,\"name\":\"Gjonaj: Rruga e p\u00ebrgjakur e Shtojit + Foto\"}]},{\"@type\":\"Person\",\"@id\":\"https:\/\/www.visit-ulcinj.com\/blog\/#\/schema\/person\/dcab619c614d3038751c63bc2aadc06d\",\"name\":\"ulqini\",\"sameAs\":[\"http:\/\/www.visit-ulcinj.com\"],\"url\":\"https:\/\/www.visit-ulcinj.com\/blog\/author\/admin\/\"}]}<\/script>\n<!-- \/ Yoast SEO plugin. -->","yoast_head_json":{"title":"Gjonaj: Rruga e p\u00ebrgjakur e Shtojit + Foto - Lajme nga Ulqini","description":"Gjek\u00eb Gjonaj Vdekja tragjike e Nua (Toni) Sel\u00e7aninit n\u00eb fshatin Shtoj t\u00eb Ulqinit , \u00ebsht\u00eb e fundit nd\u00ebr humbjet e papritura, t\u00eb befasishme e trondit\u00ebse n\u00eb","robots":{"index":"index","follow":"follow","max-snippet":"max-snippet:-1","max-image-preview":"max-image-preview:large","max-video-preview":"max-video-preview:-1"},"canonical":"https:\/\/www.visit-ulcinj.com\/blog\/2015\/11\/05\/gjonaj-rruga-e-pergjakur-e-shtojit-foto\/","og_locale":"en_US","og_type":"article","og_title":"Gjonaj: Rruga e p\u00ebrgjakur e Shtojit + Foto - Lajme nga Ulqini","og_description":"Gjek\u00eb Gjonaj Vdekja tragjike e Nua (Toni) Sel\u00e7aninit n\u00eb fshatin Shtoj t\u00eb Ulqinit , \u00ebsht\u00eb e fundit nd\u00ebr humbjet e papritura, t\u00eb befasishme e trondit\u00ebse n\u00eb","og_url":"https:\/\/www.visit-ulcinj.com\/blog\/2015\/11\/05\/gjonaj-rruga-e-pergjakur-e-shtojit-foto\/","og_site_name":"Lajme nga Ulqini","article_published_time":"2015-11-05T13:29:08+00:00","article_modified_time":"2015-11-06T06:49:04+00:00","twitter_misc":{"Written by":"ulqini","Est. reading time":"3 minutes"},"schema":{"@context":"https:\/\/schema.org","@graph":[{"@type":"WebSite","@id":"https:\/\/www.visit-ulcinj.com\/blog\/#website","url":"https:\/\/www.visit-ulcinj.com\/blog\/","name":"Lajme nga Ulqini","description":"Lajme,Vijesti,Ulqini,Ulqin,Crna Gora,Mali i Zi","potentialAction":[{"@type":"SearchAction","target":{"@type":"EntryPoint","urlTemplate":"https:\/\/www.visit-ulcinj.com\/blog\/?s={search_term_string}"},"query-input":"required name=search_term_string"}],"inLanguage":"en-US"},{"@type":"WebPage","@id":"https:\/\/www.visit-ulcinj.com\/blog\/2015\/11\/05\/gjonaj-rruga-e-pergjakur-e-shtojit-foto\/#webpage","url":"https:\/\/www.visit-ulcinj.com\/blog\/2015\/11\/05\/gjonaj-rruga-e-pergjakur-e-shtojit-foto\/","name":"Gjonaj: Rruga e p\u00ebrgjakur e Shtojit + Foto - Lajme nga Ulqini","isPartOf":{"@id":"https:\/\/www.visit-ulcinj.com\/blog\/#website"},"datePublished":"2015-11-05T13:29:08+00:00","dateModified":"2015-11-06T06:49:04+00:00","author":{"@id":"https:\/\/www.visit-ulcinj.com\/blog\/#\/schema\/person\/dcab619c614d3038751c63bc2aadc06d"},"description":"Gjek\u00eb Gjonaj Vdekja tragjike e Nua (Toni) Sel\u00e7aninit n\u00eb fshatin Shtoj t\u00eb Ulqinit , \u00ebsht\u00eb e fundit nd\u00ebr humbjet e papritura, t\u00eb befasishme e trondit\u00ebse n\u00eb","breadcrumb":{"@id":"https:\/\/www.visit-ulcinj.com\/blog\/2015\/11\/05\/gjonaj-rruga-e-pergjakur-e-shtojit-foto\/#breadcrumb"},"inLanguage":"en-US","potentialAction":[{"@type":"ReadAction","target":["https:\/\/www.visit-ulcinj.com\/blog\/2015\/11\/05\/gjonaj-rruga-e-pergjakur-e-shtojit-foto\/"]}]},{"@type":"BreadcrumbList","@id":"https:\/\/www.visit-ulcinj.com\/blog\/2015\/11\/05\/gjonaj-rruga-e-pergjakur-e-shtojit-foto\/#breadcrumb","itemListElement":[{"@type":"ListItem","position":1,"name":"Gjonaj: Rruga e p\u00ebrgjakur e Shtojit + Foto"}]},{"@type":"Person","@id":"https:\/\/www.visit-ulcinj.com\/blog\/#\/schema\/person\/dcab619c614d3038751c63bc2aadc06d","name":"ulqini","sameAs":["http:\/\/www.visit-ulcinj.com"],"url":"https:\/\/www.visit-ulcinj.com\/blog\/author\/admin\/"}]}},"jetpack_featured_media_url":"","jetpack_sharing_enabled":true,"jetpack_shortlink":"https:\/\/wp.me\/pe6lTn-och","_links":{"self":[{"href":"https:\/\/www.visit-ulcinj.com\/blog\/wp-json\/wp\/v2\/posts\/93017"}],"collection":[{"href":"https:\/\/www.visit-ulcinj.com\/blog\/wp-json\/wp\/v2\/posts"}],"about":[{"href":"https:\/\/www.visit-ulcinj.com\/blog\/wp-json\/wp\/v2\/types\/post"}],"author":[{"embeddable":true,"href":"https:\/\/www.visit-ulcinj.com\/blog\/wp-json\/wp\/v2\/users\/1"}],"replies":[{"embeddable":true,"href":"https:\/\/www.visit-ulcinj.com\/blog\/wp-json\/wp\/v2\/comments?post=93017"}],"version-history":[{"count":2,"href":"https:\/\/www.visit-ulcinj.com\/blog\/wp-json\/wp\/v2\/posts\/93017\/revisions"}],"predecessor-version":[{"id":93046,"href":"https:\/\/www.visit-ulcinj.com\/blog\/wp-json\/wp\/v2\/posts\/93017\/revisions\/93046"}],"wp:attachment":[{"href":"https:\/\/www.visit-ulcinj.com\/blog\/wp-json\/wp\/v2\/media?parent=93017"}],"wp:term":[{"taxonomy":"category","embeddable":true,"href":"https:\/\/www.visit-ulcinj.com\/blog\/wp-json\/wp\/v2\/categories?post=93017"},{"taxonomy":"post_tag","embeddable":true,"href":"https:\/\/www.visit-ulcinj.com\/blog\/wp-json\/wp\/v2\/tags?post=93017"}],"curies":[{"name":"wp","href":"https:\/\/api.w.org\/{rel}","templated":true}]}}