{"id":93040,"date":"2015-11-05T20:23:06","date_gmt":"2015-11-05T19:23:06","guid":{"rendered":"http:\/\/www.visit-ulcinj.com\/blog\/?p=93040"},"modified":"2015-11-05T20:23:06","modified_gmt":"2015-11-05T19:23:06","slug":"regionalni-vodovod-reagovanje-prema-g-avdiu","status":"publish","type":"post","link":"https:\/\/www.visit-ulcinj.com\/blog\/2015\/11\/05\/regionalni-vodovod-reagovanje-prema-g-avdiu\/","title":{"rendered":"Regionalni vodovod: Reagovanje prema g.AVDIU"},"content":{"rendered":"<div id=\"articleContent\">\n<p><strong><a href=\"http:\/\/www.visit-ulcinj.com\/blog\/wp-content\/uploads\/2015\/11\/regionalnivodovod.me_.jpg\"><img loading=\"lazy\" class=\"alignleft wp-image-93041\" src=\"http:\/\/www.visit-ulcinj.com\/blog\/wp-content\/uploads\/2015\/11\/regionalnivodovod.me_.jpg\" alt=\"regionalnivodovod.me\" width=\"508\" height=\"317\" srcset=\"https:\/\/www.visit-ulcinj.com\/blog\/wp-content\/uploads\/2015\/11\/regionalnivodovod.me_.jpg 573w, https:\/\/www.visit-ulcinj.com\/blog\/wp-content\/uploads\/2015\/11\/regionalnivodovod.me_-300x187.jpg 300w\" sizes=\"(max-width: 508px) 100vw, 508px\" \/><\/a>Reagovanje prenosimo integralno:<\/strong><\/p>\n<p>&#8220;Prosto je nevjerovatno saop\u0161titi toliko neistina i zamjenom teza se predstaviti \u017ertvom, po rije\u010dima direktora JP \u201eVodovod i kanalizacija\u201c Ulcinj (u daljem tekstu VIK Ulcinj), \u201ediskriminatorskog odnosa JP \u201eRegionalni vodovod Crnogorsko primorje\u201c prema VIK Ulcinj koji pla\u0107a vodu po cijeni od 0,42 \u20ac\/m3, dok druga vodovodna preduze\u0107a pla\u0107aju preuzetu vodu iz RVS po cijeni od 0,29 \u20ac\/m3\u201c.<\/p>\n<p>Direktor VIK Ulcinj isti\u010de da je voda u Ulcinju oboga\u0107ena metalima ve\u0107 30 godina i da se \u010dudi \u0161to jedina ovla\u0161\u0107ena institucija u Crnoj Gori \u2013 Institut za javno zdravlje, ve\u0107 mjesec dana tvrdi da voda za pi\u0107e u Ulcinju nije ispravna.<\/p>\n<p>Gospodine Avdiu, u cijelom reagovanju, pona\u0161ate se kao da ovo nije Crna Gora i kao da \u017eivite u 80-tim godinama pro\u0161log vijeka. Jedino ste istinito saop\u0161tili cijenu po kojoj pla\u0107ate preuzetu vodu iz RVS, i to iz razloga \u0161to ste tek 30.04.2015. godine potpisali ugovor da preuzimate vodu tokom 8 mjeseci 2015. godine, i da je rije\u010d o zvani\u010dnoj cijeni vode za period kra\u0107i od 12 mjeseci, a ne o nekom hiru ili diskriminatorskoj namjeri JP \u201eRegionalni vodovod Crnogorsko primorje\u201c prema VIK Ulcinj, ali to, naravno, nijeste saop\u0161tili. I, u tome nema nimalo prostora za tako nekorektne optu\u017ebe koje ste iznijeli. Izgovorili ste mnogo te\u0161kih rije\u010di, ali ste, naravno, izbjegli da saop\u0161tite da ste upravo Vi odgovorni zbog toga.<\/p>\n<p>Umjesto polemisanja sa Vama, \u017eelimo da Vas podsjetimo na sljede\u0107e \u010dinjenice: Vi ste samoinicijativno i bez ikakvog razloga 30.12.2014. godine jednostrano prekinuli va\u017ee\u0107i ugovor o preuzimanju vode iz RVS i novi ugovor smo potpisali tek 30.04.2015. godine, a sastavni dio svakog poslovnog ugovora je i cijena. Tako\u0111e, Vi dobro znate da je rije\u010d o zvani\u010dnim cijenama vode JP \u201eRegionalni vodovod Crnogorsko primorje\u201c na koje je, shodno Zakonu o regionalnom vodosnabdijevanju Crnogorskog primorja, saglasnost dala Vlada Crne Gore. Dakle, odgovornost za \u010dinjenicu \u0161to VIK Ulcinj tokom 8 mjeseci 2015. godine pla\u0107a ve\u0107u cijenu vode od drugih VIK-ova, imate isklju\u010divo Vi jer ste jednostrano i bez razloga raskinuli ugovor sa na\u0161im JP.<\/p>\n<p>Vi nemate problem sa JP \u201eRegionalni vodovod Crnogorsko primorje\u201c, ve\u0107 sa neispravnom vodom koju distribuirate gra\u0111anima Ulcinja i Vi nemate pravo da zamjerite bilo kome, pa ni na\u0161em JP, zato \u0161to mi ukazujemo na \u010dinjenicu da zbog distribucije neispravne vode za pi\u0107e, negativno uti\u010dete na zdravlje gra\u0111ana Ulcinja.<\/p>\n<p>Vi imate problem i sa po\u0161tovanjem zakona, pravilnika i jasnih procedura, ali i sa \u010ditanjem i tuma\u010denjem ugovora. Svako pravno lice koje se bavi vodosnabdijevanjem, u obavezi je da potro\u0161a\u010dima u kontinuitetu isporu\u010duje ispravnu vodu za pi\u0107e. Umjesto da to bude Va\u0161a poslovna briga, Vi se \u010dudite \u0161to Vam Institut za javno zdravlje ve\u0107 vi\u0161e od mjesec dana ukazuje na parametre zbog kojih voda iz Lisna Bori nije za ljudsku upotrebu.<\/p>\n<p>Pa, da li se mi uop\u0161te razumijemo? Zbog \u010dega je dr\u017eava Crna Gora gradila regionalni sistem vodonsnabdijevanja? Da li zbog rje\u0161avanja vi\u0161edecenijskog problema drasti\u010dnih nedostataka vode za pi\u0107e, posebno tokom ljetnje turisti\u010dke sezone, ili da bi se i nakon 5 godina funkcionisanja ovog drugog po vrijednosti i zna\u010daju do sada izgra\u0111enog infrastrukturnog objekta u Crnoj Gori, i dalje vodile polemike da li je nama regionalni vodovodni sistem potreban ili ne? Da li je mogu\u0107e da tvrdite da je skuplja voda iz RVS od 0,29 \u20ac\/m3 ili 0,42 \u20ac\/m3 od vode VIK Ulcinj po cijeni od 0,77 \u20ac\/m3, zafizi\u010dka lica, odnosno 2,52 \u20ac\/m3, za pravna lica, \u0161to je, uzgred re\u010deno, i najskuplja voda na Crnogorskom primorju? Postavlja se pitanje koji je u stvari Va\u0161 cilj koji \u017eelite posti\u0107i ovim nevje\u0161tim zamjenama teza i saop\u0161tavanjem neistina.<\/p>\n<p>Od 2010. godine kada je zavr\u0161en dio prve faze RVS za Crnogorsko primorje, poslije vi\u0161e decenija, nema problema sa nedostatkom vode za pi\u0107e i svim vodovodnim preduze\u0107ima, ali i institucijama koje se bave monitoringom nad vodovodnim sektorom, fokus sa problema kvantiteta (koji je, dakle, rije\u0161en 2010. godine) treba da bude pomjeren na pitanje kvaliteta vode koja se isporu\u010duje potro\u0161a\u010dima.<\/p>\n<p>Zanimljivo bi bilo da odgovorite na pitanja, da li ste saop\u0161tili gra\u0111anima Ulcinja da voda nije za upotrebu ve\u0107 du\u017ee od mjesec dana, te da li ste im mo\u017eda zbog toga umanjili ra\u010dune budu\u0107i da im umjesto ispravne, isporu\u010dujete tehni\u010dku vodu.<\/p>\n<p>Nadamo se da nijeste zaboravili sopstvene rije\u010di izgovorene u kabinetu predsjednika Op\u0161tine Ulcinj, Fatmira \u0110eke, kako nemate rije\u010di kojima mo\u017eete opisati zahvalnost zbog razumijevanja i korektnosti\u00a0 JP \u201eRegionalni vodovod Crnogorsko primorje\u201c, kao i da ste tada saop\u0161tili da nijeste najbolje razumjeli ugovor, te da ste zbog toga isti raskinuli 30.12.2014. godine.<\/p>\n<p>To je jedina istina, i nema nikakve \u201emisti\u010dne politike koju ste Vi doku\u010dili\u201c, a ponajmanje \u201ediskriminatorske politike\u201c prema VIK Ulcinj ili Vama li\u010dno. Saop\u0161tili ste jako te\u0161ke rije\u010di.<\/p>\n<p>Ne postoji nijedno vodovodno preduze\u0107e koje je imalo tako privilegovan odnos od strane JP \u201eRegionalni vodovod Crnogorsko primorje\u201c kao \u0161to je bio slu\u010daj sa VIK Ulcinj. To mo\u017eete provjeriti kod na\u0161ih kolega u drugim op\u0161tinama. Zar ste diskriminisani ako ste tokom 2012. godine preuzeli vodu u iznosu od 102.543,33 \u20ac, a nijeste platili ni cent, odnosno 2013. godine u vrijednosti od 139.429,34 \u20ac i da ste do kraja 2013. godine, od ukupnog duga u iznosu od 241.927,67 \u20ac, platili svega 8.958,00 \u20ac.<\/p>\n<p>Nadamo se da nijeste zaboravili rije\u010di zahvalnosti koje ste izgovorili u prisustvu Va\u0161ih kolega i predsjednika Op\u0161tine Ulcinj, \u0161to nijesmo blokirali ra\u010dune VIK Ulcinj, jer smo uva\u017eili va\u0161u te\u0161ku poslovnu situaciju zbog koje zaposlenima dugujete li\u010dna primanja za du\u017ei vremenski period. Nadam se da ste sa zaposlenima podijelili taj poslovni odnos od strane JP \u201eRegionalni vodovod Crnogorsko primorje\u201c.<\/p>\n<p>Zbog javnosti moramo pojasniti \u010dinjenicu da je cijena vode iz RVS skoro 2 puta ni\u017ea od one koju pla\u0107aju gra\u0111ani Ulcinja, ili skoro 6 puta ni\u017ea od one koju pla\u0107aju pravna lica u Ulcinju. Tako\u0111e, treba pomenuti da se voda iz RVS do krajnjih potro\u0161a\u010da na gradskom podru\u010dju distribuira gravitacionim putem, te zbog te \u010dinjenice, VIK Ulcinj nema duplih tro\u0161kova elektri\u010dne energije, a za preuzetu vodu iz RVS ne pla\u0107a ni koncesiju. Stoga, ne stoje navodi da je voda iz RVS skuplja od vode VIK Ulcinj i, osim neoborive prednosti kada govorimo o kvalitetu vode iz izvori\u0161ta Bolje sestre, odgovorno tvrdim da VIK Ulcinj ima mnogo ve\u0107i ekonomski interes da preuzima vodu iz RVS nego da crpi vodu sa lokalnih izvora, za koju, kao \u0161to jedirektor Avdiu istakao, mora da pla\u0107a tro\u0161kove elektri\u010dne energije, koncesije, hlora, kontrole kvaliteta, itd.<\/p>\n<p>Tako\u0111e, isti\u010dete da prisustvo te\u0161kih metala u vodi za pi\u0107e nije \u0161tetno po ljudsko zdravlje, te zamjerate nama \u0161to reagujemo i \u0161to se vi\u0161e bavimo zdravljem gra\u0111ana Ulcinja nego Vi. Vi ste po zakonu odgovorni i du\u017eni da potro\u0161a\u010dima u kontinuitetu isporu\u010dujete ispravnu vodu za pi\u0107e. Veoma odgovorno ponavljamo da na Crnogorskom primorju od 2010. godine ne postoji ni jedan razlog da se bilo kojem potro\u0161a\u010du isporu\u010duje voda koja nije ispravna.<\/p>\n<p>Gospodine Avdiu, ako doka\u017eete Va\u0161e stavove, vjerovatno \u0107ete okrenuti nove stranice u nauci, posebno u hemiji, ali i medicini, a ni \u0161ansa za osvajanje Nobelove nagradenije Vam daleko. Samo treba da doka\u017eete stavove koje javno saop\u0161tavate.<\/p>\n<p>Uva\u017eavaju\u0107i \u010dinjenicu da smo ipak imali kvalitetnu poslovnu saradnju, \u0161to vjerujem da \u0107ete i potvrditi, \u017eelimo da Vam pomognemo i da usmjerimo Va\u0161u pa\u017enju na nekoliko obaveza koje ste vjerovatno realizovali:<\/p>\n<ol>\n<li>Da li ste obezbijedili ure\u0111aje za stalno i sistematsko registrovanje koli\u010dina vode na izvori\u0161tima Sal\u010d, Braj\u0161a, Mida 1 i 2, Kaliman 1 i 2 i bunarima Lisna Bori, shodno \u010dlanu 51, stav 1 i 2 Zakona o vodama?<\/li>\n<li>Da li ste utvrdili zone sanitarne za\u0161tite za izvori\u0161ta, shodno \u010dlanu 56, stav 2 Zakona o vodama?<\/li>\n<li>Da li ste obezbijedili sanitarnu saglasnost za upotrebu izvori\u0161ta, shodno \u010dlanu 5, stav 2 Zakona o sanitarnoj inspekciji?<\/li>\n<li>Da li ste obezbijedili vodne dozvole za izvori\u0161ta koje izdaje Uprava za vode shodno \u010dlanu 120, stav 1 Zakona o vodama?<\/li>\n<\/ol>\n<p>Da li je potrebno dodati da bez vodnih akata koja izdaje Uprava za vode, a koja su zakonska obaveza, nijedno izvori\u0161te u Crnoj Gori, pa ni u Ulcinju, ne mo\u017ee da se koristi za javno vodosnabdijevanje? I, dok razmi\u0161ljate o daljim potezima, zamolili bismo Vas da ne zamjerate JP \u201eRegionalni vodovod Crnogorsko primorje\u201c \u0161to se mije\u0161a u posao vodosnabdijevanja na Crnogorskom primorju.<\/p>\n<p>Predla\u017eem da se narednih dana sastanemo i razgovaramo o modelima rje\u0161avanja situacije u kojoj se svi zajedno nalazimo, kako bismo na odr\u017eiv na\u010din omogu\u0107ili gra\u0111anima Ulcinja ispravnu vodu za pi\u0107e tokom cijele godine, \u0161to direktno uti\u010de na kvalitet \u017eivota i zdravlje stanovnika Ulcinja, ali i da razgovaramo o dinamici pla\u0107anja va\u0161eg duga koji na dana\u0161nji dan iznosi 323.600,32 \u20ac.<\/p>\n<p>U slu\u010daju da tako odlu\u010dite, mi smo tako\u0111e spremni i za dalju javnu polemiku&#8221;, isti\u010de se u reagovanju.<\/p>\n<p><strong>Izvor: <span class=\"disclamerMsg\">Portal Analitika<\/span><\/strong><\/p>\n<\/div>\n","protected":false},"excerpt":{"rendered":"<p>Reagovanje prenosimo integralno: &#8220;Prosto je nevjerovatno saop\u0161titi toliko neistina i zamjenom teza se predstaviti \u017ertvom, po rije\u010dima direktora JP \u201eVodovod i kanalizacija\u201c Ulcinj (u daljem tekstu VIK Ulcinj), \u201ediskriminatorskog odnosa JP \u201eRegionalni vodovod Crnogorsko primorje\u201c prema VIK Ulcinj koji pla\u0107a vodu po cijeni od 0,42 \u20ac\/m3, dok druga vodovodna preduze\u0107a pla\u0107aju preuzetu vodu iz RVS [&hellip;]<\/p>\n","protected":false},"author":1,"featured_media":0,"comment_status":"closed","ping_status":"closed","sticky":false,"template":"","format":"standard","meta":{"spay_email":"","jetpack_publicize_message":"","jetpack_is_tweetstorm":false,"jetpack_publicize_feature_enabled":true},"categories":[8337],"tags":[],"jetpack_publicize_connections":[],"yoast_head":"<!-- This site is optimized with the Yoast SEO plugin v19.1 - https:\/\/yoast.com\/wordpress\/plugins\/seo\/ -->\n<title>Regionalni vodovod: Reagovanje prema g.AVDIU - Lajme nga Ulqini<\/title>\n<meta name=\"description\" content=\"Reagovanje prenosimo integralno: &quot;Prosto je nevjerovatno saop\u0161titi toliko neistina i zamjenom teza se predstaviti \u017ertvom, po rije\u010dima direktora JP\" \/>\n<meta name=\"robots\" content=\"index, follow, max-snippet:-1, max-image-preview:large, max-video-preview:-1\" \/>\n<link rel=\"canonical\" href=\"https:\/\/www.visit-ulcinj.com\/blog\/2015\/11\/05\/regionalni-vodovod-reagovanje-prema-g-avdiu\/\" \/>\n<meta property=\"og:locale\" content=\"en_US\" \/>\n<meta property=\"og:type\" content=\"article\" \/>\n<meta property=\"og:title\" content=\"Regionalni vodovod: Reagovanje prema g.AVDIU - Lajme nga Ulqini\" \/>\n<meta property=\"og:description\" content=\"Reagovanje prenosimo integralno: &quot;Prosto je nevjerovatno saop\u0161titi toliko neistina i zamjenom teza se predstaviti \u017ertvom, po rije\u010dima direktora JP\" \/>\n<meta property=\"og:url\" content=\"https:\/\/www.visit-ulcinj.com\/blog\/2015\/11\/05\/regionalni-vodovod-reagovanje-prema-g-avdiu\/\" \/>\n<meta property=\"og:site_name\" content=\"Lajme nga Ulqini\" \/>\n<meta property=\"article:published_time\" content=\"2015-11-05T19:23:06+00:00\" \/>\n<meta property=\"og:image\" content=\"http:\/\/www.visit-ulcinj.com\/blog\/wp-content\/uploads\/2015\/11\/regionalnivodovod.me_.jpg\" \/>\n<meta name=\"twitter:label1\" content=\"Written by\" \/>\n\t<meta name=\"twitter:data1\" content=\"ulqini\" \/>\n\t<meta name=\"twitter:label2\" content=\"Est. reading time\" \/>\n\t<meta name=\"twitter:data2\" content=\"8 minutes\" \/>\n<script type=\"application\/ld+json\" class=\"yoast-schema-graph\">{\"@context\":\"https:\/\/schema.org\",\"@graph\":[{\"@type\":\"WebSite\",\"@id\":\"https:\/\/www.visit-ulcinj.com\/blog\/#website\",\"url\":\"https:\/\/www.visit-ulcinj.com\/blog\/\",\"name\":\"Lajme nga Ulqini\",\"description\":\"Lajme,Vijesti,Ulqini,Ulqin,Crna Gora,Mali i Zi\",\"potentialAction\":[{\"@type\":\"SearchAction\",\"target\":{\"@type\":\"EntryPoint\",\"urlTemplate\":\"https:\/\/www.visit-ulcinj.com\/blog\/?s={search_term_string}\"},\"query-input\":\"required name=search_term_string\"}],\"inLanguage\":\"en-US\"},{\"@type\":\"ImageObject\",\"inLanguage\":\"en-US\",\"@id\":\"https:\/\/www.visit-ulcinj.com\/blog\/2015\/11\/05\/regionalni-vodovod-reagovanje-prema-g-avdiu\/#primaryimage\",\"url\":\"https:\/\/www.visit-ulcinj.com\/blog\/wp-content\/uploads\/2015\/11\/regionalnivodovod.me_.jpg\",\"contentUrl\":\"https:\/\/www.visit-ulcinj.com\/blog\/wp-content\/uploads\/2015\/11\/regionalnivodovod.me_.jpg\",\"width\":573,\"height\":358},{\"@type\":\"WebPage\",\"@id\":\"https:\/\/www.visit-ulcinj.com\/blog\/2015\/11\/05\/regionalni-vodovod-reagovanje-prema-g-avdiu\/#webpage\",\"url\":\"https:\/\/www.visit-ulcinj.com\/blog\/2015\/11\/05\/regionalni-vodovod-reagovanje-prema-g-avdiu\/\",\"name\":\"Regionalni vodovod: Reagovanje prema g.AVDIU - Lajme nga Ulqini\",\"isPartOf\":{\"@id\":\"https:\/\/www.visit-ulcinj.com\/blog\/#website\"},\"primaryImageOfPage\":{\"@id\":\"https:\/\/www.visit-ulcinj.com\/blog\/2015\/11\/05\/regionalni-vodovod-reagovanje-prema-g-avdiu\/#primaryimage\"},\"datePublished\":\"2015-11-05T19:23:06+00:00\",\"dateModified\":\"2015-11-05T19:23:06+00:00\",\"author\":{\"@id\":\"https:\/\/www.visit-ulcinj.com\/blog\/#\/schema\/person\/dcab619c614d3038751c63bc2aadc06d\"},\"description\":\"Reagovanje prenosimo integralno: \\\"Prosto je nevjerovatno saop\u0161titi toliko neistina i zamjenom teza se predstaviti \u017ertvom, po rije\u010dima direktora JP\",\"breadcrumb\":{\"@id\":\"https:\/\/www.visit-ulcinj.com\/blog\/2015\/11\/05\/regionalni-vodovod-reagovanje-prema-g-avdiu\/#breadcrumb\"},\"inLanguage\":\"en-US\",\"potentialAction\":[{\"@type\":\"ReadAction\",\"target\":[\"https:\/\/www.visit-ulcinj.com\/blog\/2015\/11\/05\/regionalni-vodovod-reagovanje-prema-g-avdiu\/\"]}]},{\"@type\":\"BreadcrumbList\",\"@id\":\"https:\/\/www.visit-ulcinj.com\/blog\/2015\/11\/05\/regionalni-vodovod-reagovanje-prema-g-avdiu\/#breadcrumb\",\"itemListElement\":[{\"@type\":\"ListItem\",\"position\":1,\"name\":\"Regionalni vodovod: Reagovanje prema g.AVDIU\"}]},{\"@type\":\"Person\",\"@id\":\"https:\/\/www.visit-ulcinj.com\/blog\/#\/schema\/person\/dcab619c614d3038751c63bc2aadc06d\",\"name\":\"ulqini\",\"sameAs\":[\"http:\/\/www.visit-ulcinj.com\"],\"url\":\"https:\/\/www.visit-ulcinj.com\/blog\/author\/admin\/\"}]}<\/script>\n<!-- \/ Yoast SEO plugin. -->","yoast_head_json":{"title":"Regionalni vodovod: Reagovanje prema g.AVDIU - Lajme nga Ulqini","description":"Reagovanje prenosimo integralno: \"Prosto je nevjerovatno saop\u0161titi toliko neistina i zamjenom teza se predstaviti \u017ertvom, po rije\u010dima direktora JP","robots":{"index":"index","follow":"follow","max-snippet":"max-snippet:-1","max-image-preview":"max-image-preview:large","max-video-preview":"max-video-preview:-1"},"canonical":"https:\/\/www.visit-ulcinj.com\/blog\/2015\/11\/05\/regionalni-vodovod-reagovanje-prema-g-avdiu\/","og_locale":"en_US","og_type":"article","og_title":"Regionalni vodovod: Reagovanje prema g.AVDIU - Lajme nga Ulqini","og_description":"Reagovanje prenosimo integralno: \"Prosto je nevjerovatno saop\u0161titi toliko neistina i zamjenom teza se predstaviti \u017ertvom, po rije\u010dima direktora JP","og_url":"https:\/\/www.visit-ulcinj.com\/blog\/2015\/11\/05\/regionalni-vodovod-reagovanje-prema-g-avdiu\/","og_site_name":"Lajme nga Ulqini","article_published_time":"2015-11-05T19:23:06+00:00","og_image":[{"url":"http:\/\/www.visit-ulcinj.com\/blog\/wp-content\/uploads\/2015\/11\/regionalnivodovod.me_.jpg"}],"twitter_misc":{"Written by":"ulqini","Est. reading time":"8 minutes"},"schema":{"@context":"https:\/\/schema.org","@graph":[{"@type":"WebSite","@id":"https:\/\/www.visit-ulcinj.com\/blog\/#website","url":"https:\/\/www.visit-ulcinj.com\/blog\/","name":"Lajme nga Ulqini","description":"Lajme,Vijesti,Ulqini,Ulqin,Crna Gora,Mali i Zi","potentialAction":[{"@type":"SearchAction","target":{"@type":"EntryPoint","urlTemplate":"https:\/\/www.visit-ulcinj.com\/blog\/?s={search_term_string}"},"query-input":"required name=search_term_string"}],"inLanguage":"en-US"},{"@type":"ImageObject","inLanguage":"en-US","@id":"https:\/\/www.visit-ulcinj.com\/blog\/2015\/11\/05\/regionalni-vodovod-reagovanje-prema-g-avdiu\/#primaryimage","url":"https:\/\/www.visit-ulcinj.com\/blog\/wp-content\/uploads\/2015\/11\/regionalnivodovod.me_.jpg","contentUrl":"https:\/\/www.visit-ulcinj.com\/blog\/wp-content\/uploads\/2015\/11\/regionalnivodovod.me_.jpg","width":573,"height":358},{"@type":"WebPage","@id":"https:\/\/www.visit-ulcinj.com\/blog\/2015\/11\/05\/regionalni-vodovod-reagovanje-prema-g-avdiu\/#webpage","url":"https:\/\/www.visit-ulcinj.com\/blog\/2015\/11\/05\/regionalni-vodovod-reagovanje-prema-g-avdiu\/","name":"Regionalni vodovod: Reagovanje prema g.AVDIU - Lajme nga Ulqini","isPartOf":{"@id":"https:\/\/www.visit-ulcinj.com\/blog\/#website"},"primaryImageOfPage":{"@id":"https:\/\/www.visit-ulcinj.com\/blog\/2015\/11\/05\/regionalni-vodovod-reagovanje-prema-g-avdiu\/#primaryimage"},"datePublished":"2015-11-05T19:23:06+00:00","dateModified":"2015-11-05T19:23:06+00:00","author":{"@id":"https:\/\/www.visit-ulcinj.com\/blog\/#\/schema\/person\/dcab619c614d3038751c63bc2aadc06d"},"description":"Reagovanje prenosimo integralno: \"Prosto je nevjerovatno saop\u0161titi toliko neistina i zamjenom teza se predstaviti \u017ertvom, po rije\u010dima direktora JP","breadcrumb":{"@id":"https:\/\/www.visit-ulcinj.com\/blog\/2015\/11\/05\/regionalni-vodovod-reagovanje-prema-g-avdiu\/#breadcrumb"},"inLanguage":"en-US","potentialAction":[{"@type":"ReadAction","target":["https:\/\/www.visit-ulcinj.com\/blog\/2015\/11\/05\/regionalni-vodovod-reagovanje-prema-g-avdiu\/"]}]},{"@type":"BreadcrumbList","@id":"https:\/\/www.visit-ulcinj.com\/blog\/2015\/11\/05\/regionalni-vodovod-reagovanje-prema-g-avdiu\/#breadcrumb","itemListElement":[{"@type":"ListItem","position":1,"name":"Regionalni vodovod: Reagovanje prema g.AVDIU"}]},{"@type":"Person","@id":"https:\/\/www.visit-ulcinj.com\/blog\/#\/schema\/person\/dcab619c614d3038751c63bc2aadc06d","name":"ulqini","sameAs":["http:\/\/www.visit-ulcinj.com"],"url":"https:\/\/www.visit-ulcinj.com\/blog\/author\/admin\/"}]}},"jetpack_featured_media_url":"","jetpack_sharing_enabled":true,"jetpack_shortlink":"https:\/\/wp.me\/pe6lTn-ocE","_links":{"self":[{"href":"https:\/\/www.visit-ulcinj.com\/blog\/wp-json\/wp\/v2\/posts\/93040"}],"collection":[{"href":"https:\/\/www.visit-ulcinj.com\/blog\/wp-json\/wp\/v2\/posts"}],"about":[{"href":"https:\/\/www.visit-ulcinj.com\/blog\/wp-json\/wp\/v2\/types\/post"}],"author":[{"embeddable":true,"href":"https:\/\/www.visit-ulcinj.com\/blog\/wp-json\/wp\/v2\/users\/1"}],"replies":[{"embeddable":true,"href":"https:\/\/www.visit-ulcinj.com\/blog\/wp-json\/wp\/v2\/comments?post=93040"}],"version-history":[{"count":1,"href":"https:\/\/www.visit-ulcinj.com\/blog\/wp-json\/wp\/v2\/posts\/93040\/revisions"}],"predecessor-version":[{"id":93042,"href":"https:\/\/www.visit-ulcinj.com\/blog\/wp-json\/wp\/v2\/posts\/93040\/revisions\/93042"}],"wp:attachment":[{"href":"https:\/\/www.visit-ulcinj.com\/blog\/wp-json\/wp\/v2\/media?parent=93040"}],"wp:term":[{"taxonomy":"category","embeddable":true,"href":"https:\/\/www.visit-ulcinj.com\/blog\/wp-json\/wp\/v2\/categories?post=93040"},{"taxonomy":"post_tag","embeddable":true,"href":"https:\/\/www.visit-ulcinj.com\/blog\/wp-json\/wp\/v2\/tags?post=93040"}],"curies":[{"name":"wp","href":"https:\/\/api.w.org\/{rel}","templated":true}]}}