{"id":93047,"date":"2015-11-06T14:10:42","date_gmt":"2015-11-06T13:10:42","guid":{"rendered":"http:\/\/www.visit-ulcinj.com\/blog\/?p=93047"},"modified":"2015-11-08T06:36:40","modified_gmt":"2015-11-08T05:36:40","slug":"katastrofe-ekologjike-ne-gjirin-e-valdanosit-mister-dhe-shkaqet-nga-peshqit-e-ngordhur-video","status":"publish","type":"post","link":"https:\/\/www.visit-ulcinj.com\/blog\/2015\/11\/06\/katastrofe-ekologjike-ne-gjirin-e-valdanosit-mister-dhe-shkaqet-nga-peshqit-e-ngordhur-video\/","title":{"rendered":"Katastrof\u00eb ekologjike n\u00eb gjirin e Valdanosit, mister dhe shkaqet nga peshqit e ngordhur &#8211; Video"},"content":{"rendered":"<p><a href=\"http:\/\/www.visit-ulcinj.com\/blog\/wp-content\/uploads\/2015\/11\/Katastrof\u00eb-ekologjike-n\u00eb-gjirin-e-Valdanosit-Ulqin.jpg\"><img loading=\"lazy\" class=\"alignleft wp-image-93048\" src=\"http:\/\/www.visit-ulcinj.com\/blog\/wp-content\/uploads\/2015\/11\/Katastrof\u00eb-ekologjike-n\u00eb-gjirin-e-Valdanosit-Ulqin.jpg\" alt=\"Katastrof\u00eb ekologjike n\u00eb gjirin e Valdanosit-Ulqin\" width=\"508\" height=\"381\" srcset=\"https:\/\/www.visit-ulcinj.com\/blog\/wp-content\/uploads\/2015\/11\/Katastrof\u00eb-ekologjike-n\u00eb-gjirin-e-Valdanosit-Ulqin.jpg 900w, https:\/\/www.visit-ulcinj.com\/blog\/wp-content\/uploads\/2015\/11\/Katastrof\u00eb-ekologjike-n\u00eb-gjirin-e-Valdanosit-Ulqin-300x225.jpg 300w\" sizes=\"(max-width: 508px) 100vw, 508px\" \/><\/a><strong>Foto ilustrim: bokanews.me<\/strong><\/p>\n<p>N\u00eb video ndoshta qindra apo mij\u00ebra peshq t\u00eb ngordhur pahen n\u00eb fund t\u00eb detit n\u00eb gjirin e Valdanosit, por shkaqet mbeten t\u00eb paqarta.<\/p>\n<p>Duke shikuar videon nga <strong><span class=\"_1nb_ _11dd fwn fcg\" data-ft=\"{&quot;tn&quot;:&quot;C&quot;}\"><span class=\"fwb\" data-ft=\"{&quot;tn&quot;:&quot;k&quot;}\"><a href=\"https:\/\/www.facebook.com\/1573152122962758\/videos\/1657130554564914\/?fref=nf\">Ulcinj Marine Fauna Protection and Cultivation <\/a><\/span><\/span><\/strong>, ende fondacioni p\u00ebr mbrojtjen e tyre nuk asht\u00eb shpreh dhe nuk dihet n\u00ebse ka ndodhur ndonj\u00eb s\u00ebmundje, apo peshqit kan\u00eb ngordhur si pasoj\u00eb e ndonj\u00eb peshkimi me dinamit apo me l\u00ebnd\u00eb helmuese apo pesticide bujq\u00ebsore.<\/p>\n<p>Varianti i helmimit mund t\u00eb rezultoj\u00eb i v\u00ebrtet\u00eb, pasi autor\u00ebt jan\u00eb kujdesur t\u00eb marrin peshqit e m\u00ebdhenj dhe t\u00eb vegjlit i kan\u00eb l\u00ebn\u00eb n\u00eb fund t\u00eb detit.<\/p>\n<p>Rrymat dhe dallg\u00ebt di ti nxjerr\u00eb k\u00ebta peshq n\u00eb breg, ku m\u00eb von do ti t\u00ebrheq v\u00ebmendjen e pushuesve dhe turist\u00ebve n\u00eb plazhet e Ulqinit. Mir\u00ebpo asnj\u00eb p\u00ebrfaq\u00ebsues nga autoritet lokale, t\u00eb mjedisit apo peshkimit nuk e b\u00ebren alarmante ngordhjen e peshqve.<\/p>\n<p><strong>Video &#8211; <span class=\"_1nb_ _11dd fwn fcg\" data-ft=\"{&quot;tn&quot;:&quot;C&quot;}\"><span class=\"fwb\" data-ft=\"{&quot;tn&quot;:&quot;k&quot;}\"><a href=\"https:\/\/www.facebook.com\/1573152122962758\/videos\/1657130554564914\/?fref=nf\">Ulcinj Marine Fauna Protection and Cultivation <\/a><\/span><\/span>Facebook<\/strong><\/p>\n<p><iframe loading=\"lazy\" src=\"\/\/www.dailymotion.com\/embed\/video\/x3coxfm?autoPlay=1\" width=\"508\" height=\"330\" frameborder=\"0\" allowfullscreen=\"allowfullscreen\"><\/iframe><\/p>\n","protected":false},"excerpt":{"rendered":"<p>Foto ilustrim: bokanews.me N\u00eb video ndoshta qindra apo mij\u00ebra peshq t\u00eb ngordhur pahen n\u00eb fund t\u00eb detit n\u00eb gjirin e Valdanosit, por shkaqet mbeten t\u00eb paqarta. Duke shikuar videon nga Ulcinj Marine Fauna Protection and Cultivation , ende fondacioni p\u00ebr mbrojtjen e tyre nuk asht\u00eb shpreh dhe nuk dihet n\u00ebse ka ndodhur ndonj\u00eb s\u00ebmundje, apo [&hellip;]<\/p>\n","protected":false},"author":1,"featured_media":0,"comment_status":"closed","ping_status":"closed","sticky":false,"template":"","format":"standard","meta":{"spay_email":"","jetpack_publicize_message":"","jetpack_is_tweetstorm":false,"jetpack_publicize_feature_enabled":true},"categories":[1,11],"tags":[],"jetpack_publicize_connections":[],"yoast_head":"<!-- This site is optimized with the Yoast SEO plugin v19.1 - https:\/\/yoast.com\/wordpress\/plugins\/seo\/ -->\n<title>Katastrof\u00eb ekologjike n\u00eb gjirin e Valdanosit, mister dhe shkaqet nga peshqit e ngordhur - Video - Lajme nga Ulqini<\/title>\n<meta name=\"description\" content=\"Foto ilustrim: bokanews.me N\u00eb video ndoshta qindra apo mij\u00ebra peshq t\u00eb ngordhur pahen n\u00eb fund t\u00eb detit n\u00eb gjirin e Valdanosit, por shkaqet mbeten t\u00eb\" \/>\n<meta name=\"robots\" content=\"index, follow, max-snippet:-1, max-image-preview:large, max-video-preview:-1\" \/>\n<link rel=\"canonical\" href=\"https:\/\/www.visit-ulcinj.com\/blog\/2015\/11\/06\/katastrofe-ekologjike-ne-gjirin-e-valdanosit-mister-dhe-shkaqet-nga-peshqit-e-ngordhur-video\/\" \/>\n<meta property=\"og:locale\" content=\"en_US\" \/>\n<meta property=\"og:type\" content=\"article\" \/>\n<meta property=\"og:title\" content=\"Katastrof\u00eb ekologjike n\u00eb gjirin e Valdanosit, mister dhe shkaqet nga peshqit e ngordhur - Video - Lajme nga Ulqini\" \/>\n<meta property=\"og:description\" content=\"Foto ilustrim: bokanews.me N\u00eb video ndoshta qindra apo mij\u00ebra peshq t\u00eb ngordhur pahen n\u00eb fund t\u00eb detit n\u00eb gjirin e Valdanosit, por shkaqet mbeten t\u00eb\" \/>\n<meta property=\"og:url\" content=\"https:\/\/www.visit-ulcinj.com\/blog\/2015\/11\/06\/katastrofe-ekologjike-ne-gjirin-e-valdanosit-mister-dhe-shkaqet-nga-peshqit-e-ngordhur-video\/\" \/>\n<meta property=\"og:site_name\" content=\"Lajme nga Ulqini\" \/>\n<meta property=\"article:published_time\" content=\"2015-11-06T13:10:42+00:00\" \/>\n<meta property=\"article:modified_time\" content=\"2015-11-08T05:36:40+00:00\" \/>\n<meta name=\"twitter:label1\" content=\"Written by\" \/>\n\t<meta name=\"twitter:data1\" content=\"ulqini\" \/>\n\t<meta name=\"twitter:label2\" content=\"Est. reading time\" \/>\n\t<meta name=\"twitter:data2\" content=\"1 minute\" \/>\n<script type=\"application\/ld+json\" class=\"yoast-schema-graph\">{\"@context\":\"https:\/\/schema.org\",\"@graph\":[{\"@type\":\"WebSite\",\"@id\":\"https:\/\/www.visit-ulcinj.com\/blog\/#website\",\"url\":\"https:\/\/www.visit-ulcinj.com\/blog\/\",\"name\":\"Lajme nga Ulqini\",\"description\":\"Lajme,Vijesti,Ulqini,Ulqin,Crna Gora,Mali i Zi\",\"potentialAction\":[{\"@type\":\"SearchAction\",\"target\":{\"@type\":\"EntryPoint\",\"urlTemplate\":\"https:\/\/www.visit-ulcinj.com\/blog\/?s={search_term_string}\"},\"query-input\":\"required name=search_term_string\"}],\"inLanguage\":\"en-US\"},{\"@type\":\"WebPage\",\"@id\":\"https:\/\/www.visit-ulcinj.com\/blog\/2015\/11\/06\/katastrofe-ekologjike-ne-gjirin-e-valdanosit-mister-dhe-shkaqet-nga-peshqit-e-ngordhur-video\/#webpage\",\"url\":\"https:\/\/www.visit-ulcinj.com\/blog\/2015\/11\/06\/katastrofe-ekologjike-ne-gjirin-e-valdanosit-mister-dhe-shkaqet-nga-peshqit-e-ngordhur-video\/\",\"name\":\"Katastrof\u00eb ekologjike n\u00eb gjirin e Valdanosit, mister dhe shkaqet nga peshqit e ngordhur - Video - Lajme nga Ulqini\",\"isPartOf\":{\"@id\":\"https:\/\/www.visit-ulcinj.com\/blog\/#website\"},\"datePublished\":\"2015-11-06T13:10:42+00:00\",\"dateModified\":\"2015-11-08T05:36:40+00:00\",\"author\":{\"@id\":\"https:\/\/www.visit-ulcinj.com\/blog\/#\/schema\/person\/dcab619c614d3038751c63bc2aadc06d\"},\"description\":\"Foto ilustrim: bokanews.me N\u00eb video ndoshta qindra apo mij\u00ebra peshq t\u00eb ngordhur pahen n\u00eb fund t\u00eb detit n\u00eb gjirin e Valdanosit, por shkaqet mbeten t\u00eb\",\"breadcrumb\":{\"@id\":\"https:\/\/www.visit-ulcinj.com\/blog\/2015\/11\/06\/katastrofe-ekologjike-ne-gjirin-e-valdanosit-mister-dhe-shkaqet-nga-peshqit-e-ngordhur-video\/#breadcrumb\"},\"inLanguage\":\"en-US\",\"potentialAction\":[{\"@type\":\"ReadAction\",\"target\":[\"https:\/\/www.visit-ulcinj.com\/blog\/2015\/11\/06\/katastrofe-ekologjike-ne-gjirin-e-valdanosit-mister-dhe-shkaqet-nga-peshqit-e-ngordhur-video\/\"]}]},{\"@type\":\"BreadcrumbList\",\"@id\":\"https:\/\/www.visit-ulcinj.com\/blog\/2015\/11\/06\/katastrofe-ekologjike-ne-gjirin-e-valdanosit-mister-dhe-shkaqet-nga-peshqit-e-ngordhur-video\/#breadcrumb\",\"itemListElement\":[{\"@type\":\"ListItem\",\"position\":1,\"name\":\"Katastrof\u00eb ekologjike n\u00eb gjirin e Valdanosit, mister dhe shkaqet nga peshqit e ngordhur &#8211; Video\"}]},{\"@type\":\"Person\",\"@id\":\"https:\/\/www.visit-ulcinj.com\/blog\/#\/schema\/person\/dcab619c614d3038751c63bc2aadc06d\",\"name\":\"ulqini\",\"sameAs\":[\"http:\/\/www.visit-ulcinj.com\"],\"url\":\"https:\/\/www.visit-ulcinj.com\/blog\/author\/admin\/\"}]}<\/script>\n<!-- \/ Yoast SEO plugin. -->","yoast_head_json":{"title":"Katastrof\u00eb ekologjike n\u00eb gjirin e Valdanosit, mister dhe shkaqet nga peshqit e ngordhur - Video - Lajme nga Ulqini","description":"Foto ilustrim: bokanews.me N\u00eb video ndoshta qindra apo mij\u00ebra peshq t\u00eb ngordhur pahen n\u00eb fund t\u00eb detit n\u00eb gjirin e Valdanosit, por shkaqet mbeten t\u00eb","robots":{"index":"index","follow":"follow","max-snippet":"max-snippet:-1","max-image-preview":"max-image-preview:large","max-video-preview":"max-video-preview:-1"},"canonical":"https:\/\/www.visit-ulcinj.com\/blog\/2015\/11\/06\/katastrofe-ekologjike-ne-gjirin-e-valdanosit-mister-dhe-shkaqet-nga-peshqit-e-ngordhur-video\/","og_locale":"en_US","og_type":"article","og_title":"Katastrof\u00eb ekologjike n\u00eb gjirin e Valdanosit, mister dhe shkaqet nga peshqit e ngordhur - Video - Lajme nga Ulqini","og_description":"Foto ilustrim: bokanews.me N\u00eb video ndoshta qindra apo mij\u00ebra peshq t\u00eb ngordhur pahen n\u00eb fund t\u00eb detit n\u00eb gjirin e Valdanosit, por shkaqet mbeten t\u00eb","og_url":"https:\/\/www.visit-ulcinj.com\/blog\/2015\/11\/06\/katastrofe-ekologjike-ne-gjirin-e-valdanosit-mister-dhe-shkaqet-nga-peshqit-e-ngordhur-video\/","og_site_name":"Lajme nga Ulqini","article_published_time":"2015-11-06T13:10:42+00:00","article_modified_time":"2015-11-08T05:36:40+00:00","twitter_misc":{"Written by":"ulqini","Est. reading time":"1 minute"},"schema":{"@context":"https:\/\/schema.org","@graph":[{"@type":"WebSite","@id":"https:\/\/www.visit-ulcinj.com\/blog\/#website","url":"https:\/\/www.visit-ulcinj.com\/blog\/","name":"Lajme nga Ulqini","description":"Lajme,Vijesti,Ulqini,Ulqin,Crna Gora,Mali i Zi","potentialAction":[{"@type":"SearchAction","target":{"@type":"EntryPoint","urlTemplate":"https:\/\/www.visit-ulcinj.com\/blog\/?s={search_term_string}"},"query-input":"required name=search_term_string"}],"inLanguage":"en-US"},{"@type":"WebPage","@id":"https:\/\/www.visit-ulcinj.com\/blog\/2015\/11\/06\/katastrofe-ekologjike-ne-gjirin-e-valdanosit-mister-dhe-shkaqet-nga-peshqit-e-ngordhur-video\/#webpage","url":"https:\/\/www.visit-ulcinj.com\/blog\/2015\/11\/06\/katastrofe-ekologjike-ne-gjirin-e-valdanosit-mister-dhe-shkaqet-nga-peshqit-e-ngordhur-video\/","name":"Katastrof\u00eb ekologjike n\u00eb gjirin e Valdanosit, mister dhe shkaqet nga peshqit e ngordhur - Video - Lajme nga Ulqini","isPartOf":{"@id":"https:\/\/www.visit-ulcinj.com\/blog\/#website"},"datePublished":"2015-11-06T13:10:42+00:00","dateModified":"2015-11-08T05:36:40+00:00","author":{"@id":"https:\/\/www.visit-ulcinj.com\/blog\/#\/schema\/person\/dcab619c614d3038751c63bc2aadc06d"},"description":"Foto ilustrim: bokanews.me N\u00eb video ndoshta qindra apo mij\u00ebra peshq t\u00eb ngordhur pahen n\u00eb fund t\u00eb detit n\u00eb gjirin e Valdanosit, por shkaqet mbeten t\u00eb","breadcrumb":{"@id":"https:\/\/www.visit-ulcinj.com\/blog\/2015\/11\/06\/katastrofe-ekologjike-ne-gjirin-e-valdanosit-mister-dhe-shkaqet-nga-peshqit-e-ngordhur-video\/#breadcrumb"},"inLanguage":"en-US","potentialAction":[{"@type":"ReadAction","target":["https:\/\/www.visit-ulcinj.com\/blog\/2015\/11\/06\/katastrofe-ekologjike-ne-gjirin-e-valdanosit-mister-dhe-shkaqet-nga-peshqit-e-ngordhur-video\/"]}]},{"@type":"BreadcrumbList","@id":"https:\/\/www.visit-ulcinj.com\/blog\/2015\/11\/06\/katastrofe-ekologjike-ne-gjirin-e-valdanosit-mister-dhe-shkaqet-nga-peshqit-e-ngordhur-video\/#breadcrumb","itemListElement":[{"@type":"ListItem","position":1,"name":"Katastrof\u00eb ekologjike n\u00eb gjirin e Valdanosit, mister dhe shkaqet nga peshqit e ngordhur &#8211; Video"}]},{"@type":"Person","@id":"https:\/\/www.visit-ulcinj.com\/blog\/#\/schema\/person\/dcab619c614d3038751c63bc2aadc06d","name":"ulqini","sameAs":["http:\/\/www.visit-ulcinj.com"],"url":"https:\/\/www.visit-ulcinj.com\/blog\/author\/admin\/"}]}},"jetpack_featured_media_url":"","jetpack_sharing_enabled":true,"jetpack_shortlink":"https:\/\/wp.me\/pe6lTn-ocL","_links":{"self":[{"href":"https:\/\/www.visit-ulcinj.com\/blog\/wp-json\/wp\/v2\/posts\/93047"}],"collection":[{"href":"https:\/\/www.visit-ulcinj.com\/blog\/wp-json\/wp\/v2\/posts"}],"about":[{"href":"https:\/\/www.visit-ulcinj.com\/blog\/wp-json\/wp\/v2\/types\/post"}],"author":[{"embeddable":true,"href":"https:\/\/www.visit-ulcinj.com\/blog\/wp-json\/wp\/v2\/users\/1"}],"replies":[{"embeddable":true,"href":"https:\/\/www.visit-ulcinj.com\/blog\/wp-json\/wp\/v2\/comments?post=93047"}],"version-history":[{"count":6,"href":"https:\/\/www.visit-ulcinj.com\/blog\/wp-json\/wp\/v2\/posts\/93047\/revisions"}],"predecessor-version":[{"id":93054,"href":"https:\/\/www.visit-ulcinj.com\/blog\/wp-json\/wp\/v2\/posts\/93047\/revisions\/93054"}],"wp:attachment":[{"href":"https:\/\/www.visit-ulcinj.com\/blog\/wp-json\/wp\/v2\/media?parent=93047"}],"wp:term":[{"taxonomy":"category","embeddable":true,"href":"https:\/\/www.visit-ulcinj.com\/blog\/wp-json\/wp\/v2\/categories?post=93047"},{"taxonomy":"post_tag","embeddable":true,"href":"https:\/\/www.visit-ulcinj.com\/blog\/wp-json\/wp\/v2\/tags?post=93047"}],"curies":[{"name":"wp","href":"https:\/\/api.w.org\/{rel}","templated":true}]}}