{"id":93055,"date":"2015-11-06T16:26:34","date_gmt":"2015-11-06T15:26:34","guid":{"rendered":"http:\/\/www.visit-ulcinj.com\/blog\/?p=93055"},"modified":"2015-11-06T16:26:34","modified_gmt":"2015-11-06T15:26:34","slug":"komuna-e-ulqinit-eshte-e-interesuar-per-realizimin-e-banesave-sindikale","status":"publish","type":"post","link":"https:\/\/www.visit-ulcinj.com\/blog\/2015\/11\/06\/komuna-e-ulqinit-eshte-e-interesuar-per-realizimin-e-banesave-sindikale\/","title":{"rendered":"Komuna e Ulqinit \u00ebsht\u00eb e interesuar p\u00ebr realizimin e banesave sindikale"},"content":{"rendered":"<p><a href=\"http:\/\/www.visit-ulcinj.com\/blog\/wp-content\/uploads\/2015\/11\/Fatmir-Gjeka-Danillo-Popovic-Ulcinj-Ulqin.jpg\"><img loading=\"lazy\" class=\"alignleft wp-image-93056\" src=\"http:\/\/www.visit-ulcinj.com\/blog\/wp-content\/uploads\/2015\/11\/Fatmir-Gjeka-Danillo-Popovic-Ulcinj-Ulqin.jpg\" alt=\"Fatmir-Gjeka-Danillo-Popovic-Ulcinj-Ulqin\" width=\"508\" height=\"284\" srcset=\"https:\/\/www.visit-ulcinj.com\/blog\/wp-content\/uploads\/2015\/11\/Fatmir-Gjeka-Danillo-Popovic-Ulcinj-Ulqin.jpg 999w, https:\/\/www.visit-ulcinj.com\/blog\/wp-content\/uploads\/2015\/11\/Fatmir-Gjeka-Danillo-Popovic-Ulcinj-Ulqin-300x168.jpg 300w\" sizes=\"(max-width: 508px) 100vw, 508px\" \/><\/a>Kryetari i Komun\u00ebs s\u00eb Ulqinit Fatmir Gjeka priti sot drejtorin e Fondit p\u00ebr nd\u00ebrtimin e banesave solidare Z. Danillo Popoviq dhe bashk\u00ebpun\u00ebtor\u00ebt e tij. N\u00eb takim edhe nj\u00ebher\u00eb u fol p\u00ebr nd\u00ebrtimin e banesave solidare n\u00eb komun\u00ebn ton\u00eb. U tha se tek strukturat udh\u00ebh\u00ebq\u00ebse t\u00eb Ulqinit, mund t\u00eb\u00a0\u00a0 llogarisni n\u00eb nj\u00eb partner serioz dhe t\u00eb gatsh\u00ebm n\u00eb realizimin e k\u00ebtij projekti. P\u00ebrfaq\u00ebsuesi i\u00a0 Sindikatave t\u00eb Ulqinit tha se numri i k\u00ebrkesave p\u00ebr strehim nga dita n\u00eb dit\u00eb \u00ebsht\u00eb gjithnj\u00eb e m\u00eb i madh e p\u00ebr momentin jan\u00eb rreth 500 k\u00ebrkesa.<\/p>\n<p>P\u00ebrvoja nga komunat e tjera n\u00eb Mal t\u00eb Zi, ka d\u00ebshmuar q\u00eb nd\u00ebrtesat n\u00eb fjal\u00eb q\u00eb realizohen n\u00eb nj\u00eb bashk\u00ebpunim trilateral, kan\u00eb dh\u00ebn\u00eb rezultate dhe cmimi i tyre \u00ebsht\u00eb mjaft i ar\u00ebsyeshem.P\u00ebr nd\u00ebrtimin e banesave u perm\u00ebnd\u00ebn dy lokalitete, nj\u00ebri n\u00eb fush\u00ebn e Ulqinit e tjetri tek barakat n\u00eb M\u00ebhall\u00eb t\u00eb Re. P\u00ebr k\u00ebt\u00eb t\u00eb fundit Fondi n\u00eb fjal\u00eb\u00a0 \u00ebsht\u00eb i gatsh\u00ebm q\u00eb deri n\u00eb fund t\u00eb\u00a0 vitit t\u00eb b\u00ebj\u00eb p\u00ebrgatitjet e duhura, duke p\u00ebrfshir\u00eb dhe projektin e menj\u00ebher\u00eb t\u00eb fillohet nga puna. Ata po ashtu ve\u00e7uan q\u00eb jen\u00eb t\u00eb gatsh\u00ebm q\u00eb t\u00eb angazhojn\u00eb dhe firma nga qyteti yn\u00eb p\u00ebr ky\u00e7jen n\u00eb punime. U la q\u00eb kryetari i Sindikatave t\u00eb Ulqinit Keko Lamoviq t\u00eb jet\u00eb personi kontaktues\u00a0 deri n\u00eb fillimin e punimeve.<\/p>\n","protected":false},"excerpt":{"rendered":"<p>Kryetari i Komun\u00ebs s\u00eb Ulqinit Fatmir Gjeka priti sot drejtorin e Fondit p\u00ebr nd\u00ebrtimin e banesave solidare Z. Danillo Popoviq dhe bashk\u00ebpun\u00ebtor\u00ebt e tij. N\u00eb takim edhe nj\u00ebher\u00eb u fol p\u00ebr nd\u00ebrtimin e banesave solidare n\u00eb komun\u00ebn ton\u00eb. U tha se tek strukturat udh\u00ebh\u00ebq\u00ebse t\u00eb Ulqinit, mund t\u00eb\u00a0\u00a0 llogarisni n\u00eb nj\u00eb partner serioz dhe t\u00eb [&hellip;]<\/p>\n","protected":false},"author":1,"featured_media":0,"comment_status":"closed","ping_status":"closed","sticky":false,"template":"","format":"standard","meta":{"spay_email":"","jetpack_publicize_message":"","jetpack_is_tweetstorm":false,"jetpack_publicize_feature_enabled":true},"categories":[2451],"tags":[],"jetpack_publicize_connections":[],"yoast_head":"<!-- This site is optimized with the Yoast SEO plugin v19.1 - https:\/\/yoast.com\/wordpress\/plugins\/seo\/ -->\n<title>Komuna e Ulqinit \u00ebsht\u00eb e interesuar p\u00ebr realizimin e banesave sindikale - Lajme nga Ulqini<\/title>\n<meta name=\"description\" content=\"Kryetari i Komun\u00ebs s\u00eb Ulqinit Fatmir Gjeka priti sot drejtorin e Fondit p\u00ebr nd\u00ebrtimin e banesave solidare Z. Danillo Popoviq dhe bashk\u00ebpun\u00ebtor\u00ebt e tij. N\u00eb\" \/>\n<meta name=\"robots\" content=\"index, follow, max-snippet:-1, max-image-preview:large, max-video-preview:-1\" \/>\n<link rel=\"canonical\" href=\"https:\/\/www.visit-ulcinj.com\/blog\/2015\/11\/06\/komuna-e-ulqinit-eshte-e-interesuar-per-realizimin-e-banesave-sindikale\/\" \/>\n<meta property=\"og:locale\" content=\"en_US\" \/>\n<meta property=\"og:type\" content=\"article\" \/>\n<meta property=\"og:title\" content=\"Komuna e Ulqinit \u00ebsht\u00eb e interesuar p\u00ebr realizimin e banesave sindikale - Lajme nga Ulqini\" \/>\n<meta property=\"og:description\" content=\"Kryetari i Komun\u00ebs s\u00eb Ulqinit Fatmir Gjeka priti sot drejtorin e Fondit p\u00ebr nd\u00ebrtimin e banesave solidare Z. Danillo Popoviq dhe bashk\u00ebpun\u00ebtor\u00ebt e tij. N\u00eb\" \/>\n<meta property=\"og:url\" content=\"https:\/\/www.visit-ulcinj.com\/blog\/2015\/11\/06\/komuna-e-ulqinit-eshte-e-interesuar-per-realizimin-e-banesave-sindikale\/\" \/>\n<meta property=\"og:site_name\" content=\"Lajme nga Ulqini\" \/>\n<meta property=\"article:published_time\" content=\"2015-11-06T15:26:34+00:00\" \/>\n<meta property=\"og:image\" content=\"http:\/\/www.visit-ulcinj.com\/blog\/wp-content\/uploads\/2015\/11\/Fatmir-Gjeka-Danillo-Popovic-Ulcinj-Ulqin.jpg\" \/>\n<meta name=\"twitter:label1\" content=\"Written by\" \/>\n\t<meta name=\"twitter:data1\" content=\"ulqini\" \/>\n\t<meta name=\"twitter:label2\" content=\"Est. reading time\" \/>\n\t<meta name=\"twitter:data2\" content=\"1 minute\" \/>\n<script type=\"application\/ld+json\" class=\"yoast-schema-graph\">{\"@context\":\"https:\/\/schema.org\",\"@graph\":[{\"@type\":\"WebSite\",\"@id\":\"https:\/\/www.visit-ulcinj.com\/blog\/#website\",\"url\":\"https:\/\/www.visit-ulcinj.com\/blog\/\",\"name\":\"Lajme nga Ulqini\",\"description\":\"Lajme,Vijesti,Ulqini,Ulqin,Crna Gora,Mali i Zi\",\"potentialAction\":[{\"@type\":\"SearchAction\",\"target\":{\"@type\":\"EntryPoint\",\"urlTemplate\":\"https:\/\/www.visit-ulcinj.com\/blog\/?s={search_term_string}\"},\"query-input\":\"required name=search_term_string\"}],\"inLanguage\":\"en-US\"},{\"@type\":\"ImageObject\",\"inLanguage\":\"en-US\",\"@id\":\"https:\/\/www.visit-ulcinj.com\/blog\/2015\/11\/06\/komuna-e-ulqinit-eshte-e-interesuar-per-realizimin-e-banesave-sindikale\/#primaryimage\",\"url\":\"https:\/\/www.visit-ulcinj.com\/blog\/wp-content\/uploads\/2015\/11\/Fatmir-Gjeka-Danillo-Popovic-Ulcinj-Ulqin.jpg\",\"contentUrl\":\"https:\/\/www.visit-ulcinj.com\/blog\/wp-content\/uploads\/2015\/11\/Fatmir-Gjeka-Danillo-Popovic-Ulcinj-Ulqin.jpg\",\"width\":999,\"height\":558},{\"@type\":\"WebPage\",\"@id\":\"https:\/\/www.visit-ulcinj.com\/blog\/2015\/11\/06\/komuna-e-ulqinit-eshte-e-interesuar-per-realizimin-e-banesave-sindikale\/#webpage\",\"url\":\"https:\/\/www.visit-ulcinj.com\/blog\/2015\/11\/06\/komuna-e-ulqinit-eshte-e-interesuar-per-realizimin-e-banesave-sindikale\/\",\"name\":\"Komuna e Ulqinit \u00ebsht\u00eb e interesuar p\u00ebr realizimin e banesave sindikale - Lajme nga Ulqini\",\"isPartOf\":{\"@id\":\"https:\/\/www.visit-ulcinj.com\/blog\/#website\"},\"primaryImageOfPage\":{\"@id\":\"https:\/\/www.visit-ulcinj.com\/blog\/2015\/11\/06\/komuna-e-ulqinit-eshte-e-interesuar-per-realizimin-e-banesave-sindikale\/#primaryimage\"},\"datePublished\":\"2015-11-06T15:26:34+00:00\",\"dateModified\":\"2015-11-06T15:26:34+00:00\",\"author\":{\"@id\":\"https:\/\/www.visit-ulcinj.com\/blog\/#\/schema\/person\/dcab619c614d3038751c63bc2aadc06d\"},\"description\":\"Kryetari i Komun\u00ebs s\u00eb Ulqinit Fatmir Gjeka priti sot drejtorin e Fondit p\u00ebr nd\u00ebrtimin e banesave solidare Z. Danillo Popoviq dhe bashk\u00ebpun\u00ebtor\u00ebt e tij. N\u00eb\",\"breadcrumb\":{\"@id\":\"https:\/\/www.visit-ulcinj.com\/blog\/2015\/11\/06\/komuna-e-ulqinit-eshte-e-interesuar-per-realizimin-e-banesave-sindikale\/#breadcrumb\"},\"inLanguage\":\"en-US\",\"potentialAction\":[{\"@type\":\"ReadAction\",\"target\":[\"https:\/\/www.visit-ulcinj.com\/blog\/2015\/11\/06\/komuna-e-ulqinit-eshte-e-interesuar-per-realizimin-e-banesave-sindikale\/\"]}]},{\"@type\":\"BreadcrumbList\",\"@id\":\"https:\/\/www.visit-ulcinj.com\/blog\/2015\/11\/06\/komuna-e-ulqinit-eshte-e-interesuar-per-realizimin-e-banesave-sindikale\/#breadcrumb\",\"itemListElement\":[{\"@type\":\"ListItem\",\"position\":1,\"name\":\"Komuna e Ulqinit \u00ebsht\u00eb e interesuar p\u00ebr realizimin e banesave sindikale\"}]},{\"@type\":\"Person\",\"@id\":\"https:\/\/www.visit-ulcinj.com\/blog\/#\/schema\/person\/dcab619c614d3038751c63bc2aadc06d\",\"name\":\"ulqini\",\"sameAs\":[\"http:\/\/www.visit-ulcinj.com\"],\"url\":\"https:\/\/www.visit-ulcinj.com\/blog\/author\/admin\/\"}]}<\/script>\n<!-- \/ Yoast SEO plugin. -->","yoast_head_json":{"title":"Komuna e Ulqinit \u00ebsht\u00eb e interesuar p\u00ebr realizimin e banesave sindikale - Lajme nga Ulqini","description":"Kryetari i Komun\u00ebs s\u00eb Ulqinit Fatmir Gjeka priti sot drejtorin e Fondit p\u00ebr nd\u00ebrtimin e banesave solidare Z. Danillo Popoviq dhe bashk\u00ebpun\u00ebtor\u00ebt e tij. N\u00eb","robots":{"index":"index","follow":"follow","max-snippet":"max-snippet:-1","max-image-preview":"max-image-preview:large","max-video-preview":"max-video-preview:-1"},"canonical":"https:\/\/www.visit-ulcinj.com\/blog\/2015\/11\/06\/komuna-e-ulqinit-eshte-e-interesuar-per-realizimin-e-banesave-sindikale\/","og_locale":"en_US","og_type":"article","og_title":"Komuna e Ulqinit \u00ebsht\u00eb e interesuar p\u00ebr realizimin e banesave sindikale - Lajme nga Ulqini","og_description":"Kryetari i Komun\u00ebs s\u00eb Ulqinit Fatmir Gjeka priti sot drejtorin e Fondit p\u00ebr nd\u00ebrtimin e banesave solidare Z. Danillo Popoviq dhe bashk\u00ebpun\u00ebtor\u00ebt e tij. N\u00eb","og_url":"https:\/\/www.visit-ulcinj.com\/blog\/2015\/11\/06\/komuna-e-ulqinit-eshte-e-interesuar-per-realizimin-e-banesave-sindikale\/","og_site_name":"Lajme nga Ulqini","article_published_time":"2015-11-06T15:26:34+00:00","og_image":[{"url":"http:\/\/www.visit-ulcinj.com\/blog\/wp-content\/uploads\/2015\/11\/Fatmir-Gjeka-Danillo-Popovic-Ulcinj-Ulqin.jpg"}],"twitter_misc":{"Written by":"ulqini","Est. reading time":"1 minute"},"schema":{"@context":"https:\/\/schema.org","@graph":[{"@type":"WebSite","@id":"https:\/\/www.visit-ulcinj.com\/blog\/#website","url":"https:\/\/www.visit-ulcinj.com\/blog\/","name":"Lajme nga Ulqini","description":"Lajme,Vijesti,Ulqini,Ulqin,Crna Gora,Mali i Zi","potentialAction":[{"@type":"SearchAction","target":{"@type":"EntryPoint","urlTemplate":"https:\/\/www.visit-ulcinj.com\/blog\/?s={search_term_string}"},"query-input":"required name=search_term_string"}],"inLanguage":"en-US"},{"@type":"ImageObject","inLanguage":"en-US","@id":"https:\/\/www.visit-ulcinj.com\/blog\/2015\/11\/06\/komuna-e-ulqinit-eshte-e-interesuar-per-realizimin-e-banesave-sindikale\/#primaryimage","url":"https:\/\/www.visit-ulcinj.com\/blog\/wp-content\/uploads\/2015\/11\/Fatmir-Gjeka-Danillo-Popovic-Ulcinj-Ulqin.jpg","contentUrl":"https:\/\/www.visit-ulcinj.com\/blog\/wp-content\/uploads\/2015\/11\/Fatmir-Gjeka-Danillo-Popovic-Ulcinj-Ulqin.jpg","width":999,"height":558},{"@type":"WebPage","@id":"https:\/\/www.visit-ulcinj.com\/blog\/2015\/11\/06\/komuna-e-ulqinit-eshte-e-interesuar-per-realizimin-e-banesave-sindikale\/#webpage","url":"https:\/\/www.visit-ulcinj.com\/blog\/2015\/11\/06\/komuna-e-ulqinit-eshte-e-interesuar-per-realizimin-e-banesave-sindikale\/","name":"Komuna e Ulqinit \u00ebsht\u00eb e interesuar p\u00ebr realizimin e banesave sindikale - Lajme nga Ulqini","isPartOf":{"@id":"https:\/\/www.visit-ulcinj.com\/blog\/#website"},"primaryImageOfPage":{"@id":"https:\/\/www.visit-ulcinj.com\/blog\/2015\/11\/06\/komuna-e-ulqinit-eshte-e-interesuar-per-realizimin-e-banesave-sindikale\/#primaryimage"},"datePublished":"2015-11-06T15:26:34+00:00","dateModified":"2015-11-06T15:26:34+00:00","author":{"@id":"https:\/\/www.visit-ulcinj.com\/blog\/#\/schema\/person\/dcab619c614d3038751c63bc2aadc06d"},"description":"Kryetari i Komun\u00ebs s\u00eb Ulqinit Fatmir Gjeka priti sot drejtorin e Fondit p\u00ebr nd\u00ebrtimin e banesave solidare Z. Danillo Popoviq dhe bashk\u00ebpun\u00ebtor\u00ebt e tij. N\u00eb","breadcrumb":{"@id":"https:\/\/www.visit-ulcinj.com\/blog\/2015\/11\/06\/komuna-e-ulqinit-eshte-e-interesuar-per-realizimin-e-banesave-sindikale\/#breadcrumb"},"inLanguage":"en-US","potentialAction":[{"@type":"ReadAction","target":["https:\/\/www.visit-ulcinj.com\/blog\/2015\/11\/06\/komuna-e-ulqinit-eshte-e-interesuar-per-realizimin-e-banesave-sindikale\/"]}]},{"@type":"BreadcrumbList","@id":"https:\/\/www.visit-ulcinj.com\/blog\/2015\/11\/06\/komuna-e-ulqinit-eshte-e-interesuar-per-realizimin-e-banesave-sindikale\/#breadcrumb","itemListElement":[{"@type":"ListItem","position":1,"name":"Komuna e Ulqinit \u00ebsht\u00eb e interesuar p\u00ebr realizimin e banesave sindikale"}]},{"@type":"Person","@id":"https:\/\/www.visit-ulcinj.com\/blog\/#\/schema\/person\/dcab619c614d3038751c63bc2aadc06d","name":"ulqini","sameAs":["http:\/\/www.visit-ulcinj.com"],"url":"https:\/\/www.visit-ulcinj.com\/blog\/author\/admin\/"}]}},"jetpack_featured_media_url":"","jetpack_sharing_enabled":true,"jetpack_shortlink":"https:\/\/wp.me\/pe6lTn-ocT","_links":{"self":[{"href":"https:\/\/www.visit-ulcinj.com\/blog\/wp-json\/wp\/v2\/posts\/93055"}],"collection":[{"href":"https:\/\/www.visit-ulcinj.com\/blog\/wp-json\/wp\/v2\/posts"}],"about":[{"href":"https:\/\/www.visit-ulcinj.com\/blog\/wp-json\/wp\/v2\/types\/post"}],"author":[{"embeddable":true,"href":"https:\/\/www.visit-ulcinj.com\/blog\/wp-json\/wp\/v2\/users\/1"}],"replies":[{"embeddable":true,"href":"https:\/\/www.visit-ulcinj.com\/blog\/wp-json\/wp\/v2\/comments?post=93055"}],"version-history":[{"count":1,"href":"https:\/\/www.visit-ulcinj.com\/blog\/wp-json\/wp\/v2\/posts\/93055\/revisions"}],"predecessor-version":[{"id":93057,"href":"https:\/\/www.visit-ulcinj.com\/blog\/wp-json\/wp\/v2\/posts\/93055\/revisions\/93057"}],"wp:attachment":[{"href":"https:\/\/www.visit-ulcinj.com\/blog\/wp-json\/wp\/v2\/media?parent=93055"}],"wp:term":[{"taxonomy":"category","embeddable":true,"href":"https:\/\/www.visit-ulcinj.com\/blog\/wp-json\/wp\/v2\/categories?post=93055"},{"taxonomy":"post_tag","embeddable":true,"href":"https:\/\/www.visit-ulcinj.com\/blog\/wp-json\/wp\/v2\/tags?post=93055"}],"curies":[{"name":"wp","href":"https:\/\/api.w.org\/{rel}","templated":true}]}}