{"id":93067,"date":"2015-11-07T12:24:24","date_gmt":"2015-11-07T11:24:24","guid":{"rendered":"http:\/\/www.visit-ulcinj.com\/blog\/?p=93067"},"modified":"2015-11-07T12:24:24","modified_gmt":"2015-11-07T11:24:24","slug":"lajm-shpenzimet-e-tepruara-te-gjekes-abuzim-pushtetin","status":"publish","type":"post","link":"https:\/\/www.visit-ulcinj.com\/blog\/2015\/11\/07\/lajm-shpenzimet-e-tepruara-te-gjekes-abuzim-pushtetin\/","title":{"rendered":"Lajm.me: Shpenzimet e tepruara t\u00eb Gjek\u00ebs abuzim me pushtetin"},"content":{"rendered":"<p>Kryetari i Komun\u00ebs Fatmir Gjeka n\u00eb intervist\u00ebn e djeshme p\u00ebr televizionin Teuta deklaroi se akuzat p\u00ebr shpenzimet e tepruara t\u00eb tija jan\u00eb dashakeqe, dhe la t\u00eb kuptohej se ato shpenzime jan\u00eb t\u00eb vogla n\u00eb krahasim me problemet e tjera t\u00eb komun\u00ebs, ku theksoi sidomos bllokimin e xhiro logaris\u00eb, raporton portali Lajm.me.<\/p>\n<p>Gjeka tha se partner\u00ebt e koalicionit nuk duhet t\u00eb merren me shpenzimet, sic i quan ai \u201ct\u00eb vogla\u201d t\u00eb tija dhe bashk\u00ebpuntor\u00ebve t\u00eb tij por t\u00eb zgjidhin problemet madhore t\u00eb Komun\u00ebs. Ai la t\u00eb kuptohej se k\u00ebto shifra jan\u00eb t\u00eb par\u00ebnd\u00ebsishme, edhe pse b\u00ebhet fjal\u00eb p\u00ebr mjetet e taksapaguesve dhe jo t\u00eb tijat personale.<\/p>\n<p>Ai akuzoi partner\u00ebt e koalicionit se nuk e ngrisin z\u00ebrin kundr\u00eb bllokimeve t\u00eb xhiro llogaris\u00eb, cka \u00ebsht\u00eb thjesht paradoksale, pasi t\u00eb gjith\u00eb pushtetet n\u00eb Ulqin kan\u00eb pasur probleme t\u00eb tilla dhe gjithmon\u00eb e jan\u00eb ankuar p\u00ebr diskriminim ndaj tyre. Aq m\u00eb tep\u00ebr q\u00eb as Gjeka, as partner\u00ebt e tij t\u00eb koalicionit nuk kan\u00eb kurrfar\u00eb mekanizmi \u00a0p\u00ebrvec atij juridik, q\u00eb t\u00eb luftojn\u00eb vendimet e gjykatave, dhe deklarata e tij \u00ebsht\u00eb thjesht tentativ\u00eb p\u00ebr t\u00eb krijuar mjegull dhe konfuzion n\u00eb opinionin publik.<\/p>\n<p>Bile ai shkoi aq larg sa u sugjeroi partner\u00ebve t\u00eb merren \u00a0me zhbllokimin e xhiro llogaris\u00eb dhe problemet madhore t\u00eb Komun\u00ebs, kurse p\u00ebr planet e veta si kryetar n\u00eb k\u00ebt\u00eb drejtim nuk shpenzoi shum\u00eb koh\u00eb.<\/p>\n<p>P\u00ebrfundimi n\u00eb t\u00eb cil\u00ebn mund t\u00eb vijn\u00eb populli nga kjo intervist\u00eb \u00ebsht\u00eb fatkeqsisht i zymt\u00eb. Kryetarit fajin dhe p\u00ebrgjegjs\u00ebsin\u00eb p\u00ebr bllokim\/zhbllokimin e llogaris\u00eb ja kan\u00eb partner\u00ebt e koalicionit, kurse shpenzimet e tija t\u00eb tepruara jan\u00eb thjesht dicka me t\u00eb cil\u00ebt askush nuk duhet t\u00eb merret.<\/p>\n","protected":false},"excerpt":{"rendered":"<p>Kryetari i Komun\u00ebs Fatmir Gjeka n\u00eb intervist\u00ebn e djeshme p\u00ebr televizionin Teuta deklaroi se akuzat p\u00ebr shpenzimet e tepruara t\u00eb tija jan\u00eb dashakeqe, dhe la t\u00eb kuptohej se ato shpenzime jan\u00eb t\u00eb vogla n\u00eb krahasim me problemet e tjera t\u00eb komun\u00ebs, ku theksoi sidomos bllokimin e xhiro logaris\u00eb, raporton portali Lajm.me. Gjeka tha se partner\u00ebt [&hellip;]<\/p>\n","protected":false},"author":1,"featured_media":0,"comment_status":"closed","ping_status":"closed","sticky":false,"template":"","format":"standard","meta":{"spay_email":"","jetpack_publicize_message":"","jetpack_is_tweetstorm":false,"jetpack_publicize_feature_enabled":true},"categories":[8],"tags":[],"jetpack_publicize_connections":[],"yoast_head":"<!-- This site is optimized with the Yoast SEO plugin v19.1 - https:\/\/yoast.com\/wordpress\/plugins\/seo\/ -->\n<title>Lajm.me: Shpenzimet e tepruara t\u00eb Gjek\u00ebs abuzim me pushtetin - Lajme nga Ulqini<\/title>\n<meta name=\"description\" content=\"Kryetari i Komun\u00ebs Fatmir Gjeka n\u00eb intervist\u00ebn e djeshme p\u00ebr televizionin Teuta deklaroi se akuzat p\u00ebr shpenzimet e tepruara t\u00eb tija jan\u00eb dashakeqe, dhe\" \/>\n<meta name=\"robots\" content=\"index, follow, max-snippet:-1, max-image-preview:large, max-video-preview:-1\" \/>\n<link rel=\"canonical\" href=\"https:\/\/www.visit-ulcinj.com\/blog\/2015\/11\/07\/lajm-shpenzimet-e-tepruara-te-gjekes-abuzim-pushtetin\/\" \/>\n<meta property=\"og:locale\" content=\"en_US\" \/>\n<meta property=\"og:type\" content=\"article\" \/>\n<meta property=\"og:title\" content=\"Lajm.me: Shpenzimet e tepruara t\u00eb Gjek\u00ebs abuzim me pushtetin - Lajme nga Ulqini\" \/>\n<meta property=\"og:description\" content=\"Kryetari i Komun\u00ebs Fatmir Gjeka n\u00eb intervist\u00ebn e djeshme p\u00ebr televizionin Teuta deklaroi se akuzat p\u00ebr shpenzimet e tepruara t\u00eb tija jan\u00eb dashakeqe, dhe\" \/>\n<meta property=\"og:url\" content=\"https:\/\/www.visit-ulcinj.com\/blog\/2015\/11\/07\/lajm-shpenzimet-e-tepruara-te-gjekes-abuzim-pushtetin\/\" \/>\n<meta property=\"og:site_name\" content=\"Lajme nga Ulqini\" \/>\n<meta property=\"article:published_time\" content=\"2015-11-07T11:24:24+00:00\" \/>\n<meta name=\"twitter:label1\" content=\"Written by\" \/>\n\t<meta name=\"twitter:data1\" content=\"ulqini\" \/>\n\t<meta name=\"twitter:label2\" content=\"Est. reading time\" \/>\n\t<meta name=\"twitter:data2\" content=\"1 minute\" \/>\n<script type=\"application\/ld+json\" class=\"yoast-schema-graph\">{\"@context\":\"https:\/\/schema.org\",\"@graph\":[{\"@type\":\"WebSite\",\"@id\":\"https:\/\/www.visit-ulcinj.com\/blog\/#website\",\"url\":\"https:\/\/www.visit-ulcinj.com\/blog\/\",\"name\":\"Lajme nga Ulqini\",\"description\":\"Lajme,Vijesti,Ulqini,Ulqin,Crna Gora,Mali i Zi\",\"potentialAction\":[{\"@type\":\"SearchAction\",\"target\":{\"@type\":\"EntryPoint\",\"urlTemplate\":\"https:\/\/www.visit-ulcinj.com\/blog\/?s={search_term_string}\"},\"query-input\":\"required name=search_term_string\"}],\"inLanguage\":\"en-US\"},{\"@type\":\"WebPage\",\"@id\":\"https:\/\/www.visit-ulcinj.com\/blog\/2015\/11\/07\/lajm-shpenzimet-e-tepruara-te-gjekes-abuzim-pushtetin\/#webpage\",\"url\":\"https:\/\/www.visit-ulcinj.com\/blog\/2015\/11\/07\/lajm-shpenzimet-e-tepruara-te-gjekes-abuzim-pushtetin\/\",\"name\":\"Lajm.me: Shpenzimet e tepruara t\u00eb Gjek\u00ebs abuzim me pushtetin - Lajme nga Ulqini\",\"isPartOf\":{\"@id\":\"https:\/\/www.visit-ulcinj.com\/blog\/#website\"},\"datePublished\":\"2015-11-07T11:24:24+00:00\",\"dateModified\":\"2015-11-07T11:24:24+00:00\",\"author\":{\"@id\":\"https:\/\/www.visit-ulcinj.com\/blog\/#\/schema\/person\/dcab619c614d3038751c63bc2aadc06d\"},\"description\":\"Kryetari i Komun\u00ebs Fatmir Gjeka n\u00eb intervist\u00ebn e djeshme p\u00ebr televizionin Teuta deklaroi se akuzat p\u00ebr shpenzimet e tepruara t\u00eb tija jan\u00eb dashakeqe, dhe\",\"breadcrumb\":{\"@id\":\"https:\/\/www.visit-ulcinj.com\/blog\/2015\/11\/07\/lajm-shpenzimet-e-tepruara-te-gjekes-abuzim-pushtetin\/#breadcrumb\"},\"inLanguage\":\"en-US\",\"potentialAction\":[{\"@type\":\"ReadAction\",\"target\":[\"https:\/\/www.visit-ulcinj.com\/blog\/2015\/11\/07\/lajm-shpenzimet-e-tepruara-te-gjekes-abuzim-pushtetin\/\"]}]},{\"@type\":\"BreadcrumbList\",\"@id\":\"https:\/\/www.visit-ulcinj.com\/blog\/2015\/11\/07\/lajm-shpenzimet-e-tepruara-te-gjekes-abuzim-pushtetin\/#breadcrumb\",\"itemListElement\":[{\"@type\":\"ListItem\",\"position\":1,\"name\":\"Lajm.me: Shpenzimet e tepruara t\u00eb Gjek\u00ebs abuzim me pushtetin\"}]},{\"@type\":\"Person\",\"@id\":\"https:\/\/www.visit-ulcinj.com\/blog\/#\/schema\/person\/dcab619c614d3038751c63bc2aadc06d\",\"name\":\"ulqini\",\"sameAs\":[\"http:\/\/www.visit-ulcinj.com\"],\"url\":\"https:\/\/www.visit-ulcinj.com\/blog\/author\/admin\/\"}]}<\/script>\n<!-- \/ Yoast SEO plugin. -->","yoast_head_json":{"title":"Lajm.me: Shpenzimet e tepruara t\u00eb Gjek\u00ebs abuzim me pushtetin - Lajme nga Ulqini","description":"Kryetari i Komun\u00ebs Fatmir Gjeka n\u00eb intervist\u00ebn e djeshme p\u00ebr televizionin Teuta deklaroi se akuzat p\u00ebr shpenzimet e tepruara t\u00eb tija jan\u00eb dashakeqe, dhe","robots":{"index":"index","follow":"follow","max-snippet":"max-snippet:-1","max-image-preview":"max-image-preview:large","max-video-preview":"max-video-preview:-1"},"canonical":"https:\/\/www.visit-ulcinj.com\/blog\/2015\/11\/07\/lajm-shpenzimet-e-tepruara-te-gjekes-abuzim-pushtetin\/","og_locale":"en_US","og_type":"article","og_title":"Lajm.me: Shpenzimet e tepruara t\u00eb Gjek\u00ebs abuzim me pushtetin - Lajme nga Ulqini","og_description":"Kryetari i Komun\u00ebs Fatmir Gjeka n\u00eb intervist\u00ebn e djeshme p\u00ebr televizionin Teuta deklaroi se akuzat p\u00ebr shpenzimet e tepruara t\u00eb tija jan\u00eb dashakeqe, dhe","og_url":"https:\/\/www.visit-ulcinj.com\/blog\/2015\/11\/07\/lajm-shpenzimet-e-tepruara-te-gjekes-abuzim-pushtetin\/","og_site_name":"Lajme nga Ulqini","article_published_time":"2015-11-07T11:24:24+00:00","twitter_misc":{"Written by":"ulqini","Est. reading time":"1 minute"},"schema":{"@context":"https:\/\/schema.org","@graph":[{"@type":"WebSite","@id":"https:\/\/www.visit-ulcinj.com\/blog\/#website","url":"https:\/\/www.visit-ulcinj.com\/blog\/","name":"Lajme nga Ulqini","description":"Lajme,Vijesti,Ulqini,Ulqin,Crna Gora,Mali i Zi","potentialAction":[{"@type":"SearchAction","target":{"@type":"EntryPoint","urlTemplate":"https:\/\/www.visit-ulcinj.com\/blog\/?s={search_term_string}"},"query-input":"required name=search_term_string"}],"inLanguage":"en-US"},{"@type":"WebPage","@id":"https:\/\/www.visit-ulcinj.com\/blog\/2015\/11\/07\/lajm-shpenzimet-e-tepruara-te-gjekes-abuzim-pushtetin\/#webpage","url":"https:\/\/www.visit-ulcinj.com\/blog\/2015\/11\/07\/lajm-shpenzimet-e-tepruara-te-gjekes-abuzim-pushtetin\/","name":"Lajm.me: Shpenzimet e tepruara t\u00eb Gjek\u00ebs abuzim me pushtetin - Lajme nga Ulqini","isPartOf":{"@id":"https:\/\/www.visit-ulcinj.com\/blog\/#website"},"datePublished":"2015-11-07T11:24:24+00:00","dateModified":"2015-11-07T11:24:24+00:00","author":{"@id":"https:\/\/www.visit-ulcinj.com\/blog\/#\/schema\/person\/dcab619c614d3038751c63bc2aadc06d"},"description":"Kryetari i Komun\u00ebs Fatmir Gjeka n\u00eb intervist\u00ebn e djeshme p\u00ebr televizionin Teuta deklaroi se akuzat p\u00ebr shpenzimet e tepruara t\u00eb tija jan\u00eb dashakeqe, dhe","breadcrumb":{"@id":"https:\/\/www.visit-ulcinj.com\/blog\/2015\/11\/07\/lajm-shpenzimet-e-tepruara-te-gjekes-abuzim-pushtetin\/#breadcrumb"},"inLanguage":"en-US","potentialAction":[{"@type":"ReadAction","target":["https:\/\/www.visit-ulcinj.com\/blog\/2015\/11\/07\/lajm-shpenzimet-e-tepruara-te-gjekes-abuzim-pushtetin\/"]}]},{"@type":"BreadcrumbList","@id":"https:\/\/www.visit-ulcinj.com\/blog\/2015\/11\/07\/lajm-shpenzimet-e-tepruara-te-gjekes-abuzim-pushtetin\/#breadcrumb","itemListElement":[{"@type":"ListItem","position":1,"name":"Lajm.me: Shpenzimet e tepruara t\u00eb Gjek\u00ebs abuzim me pushtetin"}]},{"@type":"Person","@id":"https:\/\/www.visit-ulcinj.com\/blog\/#\/schema\/person\/dcab619c614d3038751c63bc2aadc06d","name":"ulqini","sameAs":["http:\/\/www.visit-ulcinj.com"],"url":"https:\/\/www.visit-ulcinj.com\/blog\/author\/admin\/"}]}},"jetpack_featured_media_url":"","jetpack_sharing_enabled":true,"jetpack_shortlink":"https:\/\/wp.me\/pe6lTn-od5","_links":{"self":[{"href":"https:\/\/www.visit-ulcinj.com\/blog\/wp-json\/wp\/v2\/posts\/93067"}],"collection":[{"href":"https:\/\/www.visit-ulcinj.com\/blog\/wp-json\/wp\/v2\/posts"}],"about":[{"href":"https:\/\/www.visit-ulcinj.com\/blog\/wp-json\/wp\/v2\/types\/post"}],"author":[{"embeddable":true,"href":"https:\/\/www.visit-ulcinj.com\/blog\/wp-json\/wp\/v2\/users\/1"}],"replies":[{"embeddable":true,"href":"https:\/\/www.visit-ulcinj.com\/blog\/wp-json\/wp\/v2\/comments?post=93067"}],"version-history":[{"count":1,"href":"https:\/\/www.visit-ulcinj.com\/blog\/wp-json\/wp\/v2\/posts\/93067\/revisions"}],"predecessor-version":[{"id":93068,"href":"https:\/\/www.visit-ulcinj.com\/blog\/wp-json\/wp\/v2\/posts\/93067\/revisions\/93068"}],"wp:attachment":[{"href":"https:\/\/www.visit-ulcinj.com\/blog\/wp-json\/wp\/v2\/media?parent=93067"}],"wp:term":[{"taxonomy":"category","embeddable":true,"href":"https:\/\/www.visit-ulcinj.com\/blog\/wp-json\/wp\/v2\/categories?post=93067"},{"taxonomy":"post_tag","embeddable":true,"href":"https:\/\/www.visit-ulcinj.com\/blog\/wp-json\/wp\/v2\/tags?post=93067"}],"curies":[{"name":"wp","href":"https:\/\/api.w.org\/{rel}","templated":true}]}}