{"id":93079,"date":"2015-11-08T06:33:56","date_gmt":"2015-11-08T05:33:56","guid":{"rendered":"http:\/\/www.visit-ulcinj.com\/blog\/?p=93079"},"modified":"2015-11-09T16:22:46","modified_gmt":"2015-11-09T15:22:46","slug":"gjeka-perballet-thashetheme-te-koalicionit-interviste-video","status":"publish","type":"post","link":"https:\/\/www.visit-ulcinj.com\/blog\/2015\/11\/08\/gjeka-perballet-thashetheme-te-koalicionit-interviste-video\/","title":{"rendered":"Gjeka p\u00ebrballet me &#8220;Thashetheme&#8221; t\u00eb koalicionit &#8211; Intervist\u00eb Video"},"content":{"rendered":"<p><a href=\"http:\/\/www.visit-ulcinj.com\/blog\/wp-content\/uploads\/2015\/11\/Intervist\u00eb-me-kryetarin-Fatmir-Gjeka-Hatixhe-Nelaj.jpg\"><img loading=\"lazy\" class=\"alignleft wp-image-93080\" src=\"http:\/\/www.visit-ulcinj.com\/blog\/wp-content\/uploads\/2015\/11\/Intervist\u00eb-me-kryetarin-Fatmir-Gjeka-Hatixhe-Nelaj.jpg\" alt=\"Intervist\u00eb me kryetarin Fatmir Gjeka-Hatixhe-Nelaj\" width=\"508\" height=\"289\" srcset=\"https:\/\/www.visit-ulcinj.com\/blog\/wp-content\/uploads\/2015\/11\/Intervist\u00eb-me-kryetarin-Fatmir-Gjeka-Hatixhe-Nelaj.jpg 690w, https:\/\/www.visit-ulcinj.com\/blog\/wp-content\/uploads\/2015\/11\/Intervist\u00eb-me-kryetarin-Fatmir-Gjeka-Hatixhe-Nelaj-300x170.jpg 300w\" sizes=\"(max-width: 508px) 100vw, 508px\" \/><\/a>Kryetari i Komun\u00ebs Fatmir Gjeka n\u00eb intervist\u00ebn e djeshme p\u00ebr televizionin Teuta deklaroi se akuzat p\u00ebr shpenzimet e tepruara t\u00eb tija jan\u00eb dashakeqe, dhe se ato shpenzime jan\u00eb t\u00eb vogla n\u00eb krahasim me problemet e tjera t\u00eb komun\u00ebs, sidomos bllokimin e llogaris\u00eb, raporton portali i TV Teuta.<\/p>\n<p>Gjeka la t\u00eb kuptohej se partner\u00ebt e koalicionit nuk duhet t\u00eb merren me shpenzimet, sic i\u00a0quan ai \u201ct\u00eb vogla\u201d t\u00eb tija dhe bashk\u00ebpuntor\u00ebve t\u00eb tij por t\u00eb zgjidhin problemet madhore t\u00eb Komun\u00ebs.<\/p>\n<p>Nga kjo del se, sipas tij, me zhbllokimin e xhiro llogaris\u00eb duhet t\u00eb merren partner\u00ebt e koalicionit, kurse ai mund t\u00eb vazhdoj\u00eb i qet\u00eb me shpenzimet e tepruara.<\/p>\n<!--YouTube Error: bad URL entered-->\n","protected":false},"excerpt":{"rendered":"<p>Kryetari i Komun\u00ebs Fatmir Gjeka n\u00eb intervist\u00ebn e djeshme p\u00ebr televizionin Teuta deklaroi se akuzat p\u00ebr shpenzimet e tepruara t\u00eb tija jan\u00eb dashakeqe, dhe se ato shpenzime jan\u00eb t\u00eb vogla n\u00eb krahasim me problemet e tjera t\u00eb komun\u00ebs, sidomos bllokimin e llogaris\u00eb, raporton portali i TV Teuta. Gjeka la t\u00eb kuptohej se partner\u00ebt e koalicionit [&hellip;]<\/p>\n","protected":false},"author":1,"featured_media":0,"comment_status":"closed","ping_status":"closed","sticky":false,"template":"","format":"standard","meta":{"spay_email":"","jetpack_publicize_message":"","jetpack_is_tweetstorm":false,"jetpack_publicize_feature_enabled":true},"categories":[5,1],"tags":[],"jetpack_publicize_connections":[],"yoast_head":"<!-- This site is optimized with the Yoast SEO plugin v19.1 - https:\/\/yoast.com\/wordpress\/plugins\/seo\/ -->\n<title>Gjeka p\u00ebrballet me &quot;Thashetheme&quot; t\u00eb koalicionit - Intervist\u00eb Video - Lajme nga Ulqini<\/title>\n<meta name=\"description\" content=\"Kryetari i Komun\u00ebs Fatmir Gjeka n\u00eb intervist\u00ebn e djeshme p\u00ebr televizionin Teuta deklaroi se akuzat p\u00ebr shpenzimet e tepruara t\u00eb tija jan\u00eb dashakeqe, dhe\" \/>\n<meta name=\"robots\" content=\"index, follow, max-snippet:-1, max-image-preview:large, max-video-preview:-1\" \/>\n<link rel=\"canonical\" href=\"https:\/\/www.visit-ulcinj.com\/blog\/2015\/11\/08\/gjeka-perballet-thashetheme-te-koalicionit-interviste-video\/\" \/>\n<meta property=\"og:locale\" content=\"en_US\" \/>\n<meta property=\"og:type\" content=\"article\" \/>\n<meta property=\"og:title\" content=\"Gjeka p\u00ebrballet me &quot;Thashetheme&quot; t\u00eb koalicionit - Intervist\u00eb Video - Lajme nga Ulqini\" \/>\n<meta property=\"og:description\" content=\"Kryetari i Komun\u00ebs Fatmir Gjeka n\u00eb intervist\u00ebn e djeshme p\u00ebr televizionin Teuta deklaroi se akuzat p\u00ebr shpenzimet e tepruara t\u00eb tija jan\u00eb dashakeqe, dhe\" \/>\n<meta property=\"og:url\" content=\"https:\/\/www.visit-ulcinj.com\/blog\/2015\/11\/08\/gjeka-perballet-thashetheme-te-koalicionit-interviste-video\/\" \/>\n<meta property=\"og:site_name\" content=\"Lajme nga Ulqini\" \/>\n<meta property=\"article:published_time\" content=\"2015-11-08T05:33:56+00:00\" \/>\n<meta property=\"article:modified_time\" content=\"2015-11-09T15:22:46+00:00\" \/>\n<meta name=\"twitter:label1\" content=\"Written by\" \/>\n\t<meta name=\"twitter:data1\" content=\"ulqini\" \/>\n\t<meta name=\"twitter:label2\" content=\"Est. reading time\" \/>\n\t<meta name=\"twitter:data2\" content=\"1 minute\" \/>\n<script type=\"application\/ld+json\" class=\"yoast-schema-graph\">{\"@context\":\"https:\/\/schema.org\",\"@graph\":[{\"@type\":\"WebSite\",\"@id\":\"https:\/\/www.visit-ulcinj.com\/blog\/#website\",\"url\":\"https:\/\/www.visit-ulcinj.com\/blog\/\",\"name\":\"Lajme nga Ulqini\",\"description\":\"Lajme,Vijesti,Ulqini,Ulqin,Crna Gora,Mali i Zi\",\"potentialAction\":[{\"@type\":\"SearchAction\",\"target\":{\"@type\":\"EntryPoint\",\"urlTemplate\":\"https:\/\/www.visit-ulcinj.com\/blog\/?s={search_term_string}\"},\"query-input\":\"required name=search_term_string\"}],\"inLanguage\":\"en-US\"},{\"@type\":\"WebPage\",\"@id\":\"https:\/\/www.visit-ulcinj.com\/blog\/2015\/11\/08\/gjeka-perballet-thashetheme-te-koalicionit-interviste-video\/#webpage\",\"url\":\"https:\/\/www.visit-ulcinj.com\/blog\/2015\/11\/08\/gjeka-perballet-thashetheme-te-koalicionit-interviste-video\/\",\"name\":\"Gjeka p\u00ebrballet me \\\"Thashetheme\\\" t\u00eb koalicionit - Intervist\u00eb Video - Lajme nga Ulqini\",\"isPartOf\":{\"@id\":\"https:\/\/www.visit-ulcinj.com\/blog\/#website\"},\"datePublished\":\"2015-11-08T05:33:56+00:00\",\"dateModified\":\"2015-11-09T15:22:46+00:00\",\"author\":{\"@id\":\"https:\/\/www.visit-ulcinj.com\/blog\/#\/schema\/person\/dcab619c614d3038751c63bc2aadc06d\"},\"description\":\"Kryetari i Komun\u00ebs Fatmir Gjeka n\u00eb intervist\u00ebn e djeshme p\u00ebr televizionin Teuta deklaroi se akuzat p\u00ebr shpenzimet e tepruara t\u00eb tija jan\u00eb dashakeqe, dhe\",\"breadcrumb\":{\"@id\":\"https:\/\/www.visit-ulcinj.com\/blog\/2015\/11\/08\/gjeka-perballet-thashetheme-te-koalicionit-interviste-video\/#breadcrumb\"},\"inLanguage\":\"en-US\",\"potentialAction\":[{\"@type\":\"ReadAction\",\"target\":[\"https:\/\/www.visit-ulcinj.com\/blog\/2015\/11\/08\/gjeka-perballet-thashetheme-te-koalicionit-interviste-video\/\"]}]},{\"@type\":\"BreadcrumbList\",\"@id\":\"https:\/\/www.visit-ulcinj.com\/blog\/2015\/11\/08\/gjeka-perballet-thashetheme-te-koalicionit-interviste-video\/#breadcrumb\",\"itemListElement\":[{\"@type\":\"ListItem\",\"position\":1,\"name\":\"Gjeka p\u00ebrballet me &#8220;Thashetheme&#8221; t\u00eb koalicionit &#8211; Intervist\u00eb Video\"}]},{\"@type\":\"Person\",\"@id\":\"https:\/\/www.visit-ulcinj.com\/blog\/#\/schema\/person\/dcab619c614d3038751c63bc2aadc06d\",\"name\":\"ulqini\",\"sameAs\":[\"http:\/\/www.visit-ulcinj.com\"],\"url\":\"https:\/\/www.visit-ulcinj.com\/blog\/author\/admin\/\"}]}<\/script>\n<!-- \/ Yoast SEO plugin. -->","yoast_head_json":{"title":"Gjeka p\u00ebrballet me \"Thashetheme\" t\u00eb koalicionit - Intervist\u00eb Video - Lajme nga Ulqini","description":"Kryetari i Komun\u00ebs Fatmir Gjeka n\u00eb intervist\u00ebn e djeshme p\u00ebr televizionin Teuta deklaroi se akuzat p\u00ebr shpenzimet e tepruara t\u00eb tija jan\u00eb dashakeqe, dhe","robots":{"index":"index","follow":"follow","max-snippet":"max-snippet:-1","max-image-preview":"max-image-preview:large","max-video-preview":"max-video-preview:-1"},"canonical":"https:\/\/www.visit-ulcinj.com\/blog\/2015\/11\/08\/gjeka-perballet-thashetheme-te-koalicionit-interviste-video\/","og_locale":"en_US","og_type":"article","og_title":"Gjeka p\u00ebrballet me \"Thashetheme\" t\u00eb koalicionit - Intervist\u00eb Video - Lajme nga Ulqini","og_description":"Kryetari i Komun\u00ebs Fatmir Gjeka n\u00eb intervist\u00ebn e djeshme p\u00ebr televizionin Teuta deklaroi se akuzat p\u00ebr shpenzimet e tepruara t\u00eb tija jan\u00eb dashakeqe, dhe","og_url":"https:\/\/www.visit-ulcinj.com\/blog\/2015\/11\/08\/gjeka-perballet-thashetheme-te-koalicionit-interviste-video\/","og_site_name":"Lajme nga Ulqini","article_published_time":"2015-11-08T05:33:56+00:00","article_modified_time":"2015-11-09T15:22:46+00:00","twitter_misc":{"Written by":"ulqini","Est. reading time":"1 minute"},"schema":{"@context":"https:\/\/schema.org","@graph":[{"@type":"WebSite","@id":"https:\/\/www.visit-ulcinj.com\/blog\/#website","url":"https:\/\/www.visit-ulcinj.com\/blog\/","name":"Lajme nga Ulqini","description":"Lajme,Vijesti,Ulqini,Ulqin,Crna Gora,Mali i Zi","potentialAction":[{"@type":"SearchAction","target":{"@type":"EntryPoint","urlTemplate":"https:\/\/www.visit-ulcinj.com\/blog\/?s={search_term_string}"},"query-input":"required name=search_term_string"}],"inLanguage":"en-US"},{"@type":"WebPage","@id":"https:\/\/www.visit-ulcinj.com\/blog\/2015\/11\/08\/gjeka-perballet-thashetheme-te-koalicionit-interviste-video\/#webpage","url":"https:\/\/www.visit-ulcinj.com\/blog\/2015\/11\/08\/gjeka-perballet-thashetheme-te-koalicionit-interviste-video\/","name":"Gjeka p\u00ebrballet me \"Thashetheme\" t\u00eb koalicionit - Intervist\u00eb Video - Lajme nga Ulqini","isPartOf":{"@id":"https:\/\/www.visit-ulcinj.com\/blog\/#website"},"datePublished":"2015-11-08T05:33:56+00:00","dateModified":"2015-11-09T15:22:46+00:00","author":{"@id":"https:\/\/www.visit-ulcinj.com\/blog\/#\/schema\/person\/dcab619c614d3038751c63bc2aadc06d"},"description":"Kryetari i Komun\u00ebs Fatmir Gjeka n\u00eb intervist\u00ebn e djeshme p\u00ebr televizionin Teuta deklaroi se akuzat p\u00ebr shpenzimet e tepruara t\u00eb tija jan\u00eb dashakeqe, dhe","breadcrumb":{"@id":"https:\/\/www.visit-ulcinj.com\/blog\/2015\/11\/08\/gjeka-perballet-thashetheme-te-koalicionit-interviste-video\/#breadcrumb"},"inLanguage":"en-US","potentialAction":[{"@type":"ReadAction","target":["https:\/\/www.visit-ulcinj.com\/blog\/2015\/11\/08\/gjeka-perballet-thashetheme-te-koalicionit-interviste-video\/"]}]},{"@type":"BreadcrumbList","@id":"https:\/\/www.visit-ulcinj.com\/blog\/2015\/11\/08\/gjeka-perballet-thashetheme-te-koalicionit-interviste-video\/#breadcrumb","itemListElement":[{"@type":"ListItem","position":1,"name":"Gjeka p\u00ebrballet me &#8220;Thashetheme&#8221; t\u00eb koalicionit &#8211; Intervist\u00eb Video"}]},{"@type":"Person","@id":"https:\/\/www.visit-ulcinj.com\/blog\/#\/schema\/person\/dcab619c614d3038751c63bc2aadc06d","name":"ulqini","sameAs":["http:\/\/www.visit-ulcinj.com"],"url":"https:\/\/www.visit-ulcinj.com\/blog\/author\/admin\/"}]}},"jetpack_featured_media_url":"","jetpack_sharing_enabled":true,"jetpack_shortlink":"https:\/\/wp.me\/pe6lTn-odh","_links":{"self":[{"href":"https:\/\/www.visit-ulcinj.com\/blog\/wp-json\/wp\/v2\/posts\/93079"}],"collection":[{"href":"https:\/\/www.visit-ulcinj.com\/blog\/wp-json\/wp\/v2\/posts"}],"about":[{"href":"https:\/\/www.visit-ulcinj.com\/blog\/wp-json\/wp\/v2\/types\/post"}],"author":[{"embeddable":true,"href":"https:\/\/www.visit-ulcinj.com\/blog\/wp-json\/wp\/v2\/users\/1"}],"replies":[{"embeddable":true,"href":"https:\/\/www.visit-ulcinj.com\/blog\/wp-json\/wp\/v2\/comments?post=93079"}],"version-history":[{"count":2,"href":"https:\/\/www.visit-ulcinj.com\/blog\/wp-json\/wp\/v2\/posts\/93079\/revisions"}],"predecessor-version":[{"id":93082,"href":"https:\/\/www.visit-ulcinj.com\/blog\/wp-json\/wp\/v2\/posts\/93079\/revisions\/93082"}],"wp:attachment":[{"href":"https:\/\/www.visit-ulcinj.com\/blog\/wp-json\/wp\/v2\/media?parent=93079"}],"wp:term":[{"taxonomy":"category","embeddable":true,"href":"https:\/\/www.visit-ulcinj.com\/blog\/wp-json\/wp\/v2\/categories?post=93079"},{"taxonomy":"post_tag","embeddable":true,"href":"https:\/\/www.visit-ulcinj.com\/blog\/wp-json\/wp\/v2\/tags?post=93079"}],"curies":[{"name":"wp","href":"https:\/\/api.w.org\/{rel}","templated":true}]}}