{"id":93086,"date":"2015-11-09T16:05:21","date_gmt":"2015-11-09T15:05:21","guid":{"rendered":"http:\/\/www.visit-ulcinj.com\/blog\/?p=93086"},"modified":"2015-11-11T22:02:00","modified_gmt":"2015-11-11T21:02:00","slug":"nika-kush-kujt-sherben-dhe-kush-po-mshef-letrat","status":"publish","type":"post","link":"https:\/\/www.visit-ulcinj.com\/blog\/2015\/11\/09\/nika-kush-kujt-sherben-dhe-kush-po-mshef-letrat\/","title":{"rendered":"Nika: Kush kujt i sh\u00ebrben &#8211; Dhe kush po i mshef letrat"},"content":{"rendered":"<p><strong><em><a href=\"http:\/\/www.visit-ulcinj.com\/blog\/wp-content\/uploads\/2015\/11\/Fatmir-Gjeka-Konsezus.jpg\"><img loading=\"lazy\" class=\"alignleft wp-image-93087\" src=\"http:\/\/www.visit-ulcinj.com\/blog\/wp-content\/uploads\/2015\/11\/Fatmir-Gjeka-Konsezus.jpg\" alt=\"Fatmir-Gjeka-Konsezus\" width=\"508\" height=\"417\" srcset=\"https:\/\/www.visit-ulcinj.com\/blog\/wp-content\/uploads\/2015\/11\/Fatmir-Gjeka-Konsezus.jpg 628w, https:\/\/www.visit-ulcinj.com\/blog\/wp-content\/uploads\/2015\/11\/Fatmir-Gjeka-Konsezus-300x246.jpg 300w\" sizes=\"(max-width: 508px) 100vw, 508px\" \/><\/a>NDODHIN EDHE K\u00cbTO PUN\u00cb<\/em><\/strong><\/p>\n<p><strong><em>( kush kujt ia fsheh letrat..)?!<\/em><\/strong><\/p>\n<p>Sipas gazet\u00ebs Vjesti, kryetari i komun\u00ebs Fatmir Gjeka, k\u00ebrkon mb\u00ebshtetjen e partner\u00ebve t\u00eb koalicionit p\u00ebr nj\u00eb kredi marrje prej 5 milion\u00eb eurosh, n\u00eb em\u00ebr t\u00eb borxheve dhe t\u00eb obligimeve tjera t\u00eb cil\u00ebn mendon se do ta fitoj\u00eb nga partner\u00ebt. Kredia \u00ebsht\u00eb aprovuar nga qveria, pasi \u00ebsht\u00eb i n\u00ebnshkruar plani i sanimit financiar n\u00eb nivel t\u00eb komun\u00ebs dhe qeveris\u00eb. N\u00ebnshkrimi u b\u00eb q\u00eb n\u00eb koh\u00ebn e Hajdinag\u00ebs .<\/p>\n<p>Ky plan parasheh q\u00eb qeveria do t\u00eb ndihmoj\u00eb financiarisht komunat me probleme ekonomike e financiare t\u00eb cilat e kan\u00eb n\u00ebnshkruar planin e sanimit( meretimit) me qeveri. Shkurt kujtom\u00eb se me plan parashihej q\u00eb deri n\u00eb vitin 2018 komuna t\u00eb mos marr\u00eb pun\u00ebtor\u00eb t\u00eb rinj, t\u00eb zvog\u00ebloj\u00eb num\u00ebrin e t\u00eb pun\u00ebsuarve n\u00eb 100 veta dhe n\u00ebse nuk e b\u00ebn\u00eb k\u00ebt\u00eb, at\u00ebher\u00eb racionalizimin do ta b\u00ebj\u00eb qeveria direkt &#8230;?!!<\/p>\n<p>Parat\u00eb Gjeka mendon t\u2019i marr\u00eb nga fondi egalizues q\u00eb formon qeveria dhe komun\u00ebs s\u00eb Ulqinit , p\u00ebr \u00e7do vit i takojn\u00eb disa qindra mija euro t\u00eb rregullta \u00a0n\u00eb vit .<\/p>\n<p>Deri k\u00ebtu puna okej dhe kryetari e ka n\u00eb rregull. Mir\u00ebpo n\u00eb baz\u00eb t\u00eb nj\u00eb t\u00eb dh\u00ebne e cila del nga pyetja e k\u00ebshilltarit Boro Bashoviq dhe p\u00ebrgjigja q\u00eb merr ai nga sekretari p\u00ebr buxhet (Forc\u00eb), del q\u00eb <strong>PLANI<\/strong>&#8230;, nuk ekziston, sepse sekretari i financave, nuk e ka n\u00eb sekretariatin e vet. A thua dikush nga partner\u00ebt, si duket , mos po ia fsheh letrat Gjek\u00ebs &#8230;?!!!<\/p>\n<p><a href=\"http:\/\/www.visit-ulcinj.com\/blog\/wp-content\/uploads\/2015\/11\/pyetja-e-B.-Bashoviqit-ku-\u00ebsht\u00eb-plani.jpg\"><img loading=\"lazy\" class=\"alignleft wp-image-93088\" src=\"http:\/\/www.visit-ulcinj.com\/blog\/wp-content\/uploads\/2015\/11\/pyetja-e-B.-Bashoviqit-ku-\u00ebsht\u00eb-plani.jpg\" alt=\"pyetja e B. Bashoviqit- ku \u00ebsht\u00eb plani\" width=\"508\" height=\"655\" srcset=\"https:\/\/www.visit-ulcinj.com\/blog\/wp-content\/uploads\/2015\/11\/pyetja-e-B.-Bashoviqit-ku-\u00ebsht\u00eb-plani.jpg 622w, https:\/\/www.visit-ulcinj.com\/blog\/wp-content\/uploads\/2015\/11\/pyetja-e-B.-Bashoviqit-ku-\u00ebsht\u00eb-plani-233x300.jpg 233w\" sizes=\"(max-width: 508px) 100vw, 508px\" \/><\/a><br \/>\n<strong>pyetja e B. Bashoviqit- ku \u00ebsht\u00eb plani\u2026?! <\/strong><\/p>\n<p>M\u00eb posht\u00eb po sjellim shkrimin e gazet\u00ebs Vjesti, pyetjen e k\u00ebshilltarit Bashoviq dhe p\u00ebrgjigjen e Valdetit si sekretar.<br \/>\n<a href=\"http:\/\/www.visit-ulcinj.com\/blog\/wp-content\/uploads\/2015\/11\/p\u00ebrgjegja-e-V.-Axhemoviqit-nuk-kam-plan.jpg\"><img loading=\"lazy\" class=\"alignleft wp-image-93089\" src=\"http:\/\/www.visit-ulcinj.com\/blog\/wp-content\/uploads\/2015\/11\/p\u00ebrgjegja-e-V.-Axhemoviqit-nuk-kam-plan.jpg\" alt=\"p\u00ebrgjegja e V. Axhemoviqit- nuk kam plan\" width=\"508\" height=\"536\" srcset=\"https:\/\/www.visit-ulcinj.com\/blog\/wp-content\/uploads\/2015\/11\/p\u00ebrgjegja-e-V.-Axhemoviqit-nuk-kam-plan.jpg 624w, https:\/\/www.visit-ulcinj.com\/blog\/wp-content\/uploads\/2015\/11\/p\u00ebrgjegja-e-V.-Axhemoviqit-nuk-kam-plan-284x300.jpg 284w\" sizes=\"(max-width: 508px) 100vw, 508px\" \/><\/a><br \/>\n<strong>p\u00ebrgjegja e V. Axhemoviqit- nuk kam plan\u2026.?! <\/strong><\/p>\n","protected":false},"excerpt":{"rendered":"<p>NDODHIN EDHE K\u00cbTO PUN\u00cb ( kush kujt ia fsheh letrat..)?! Sipas gazet\u00ebs Vjesti, kryetari i komun\u00ebs Fatmir Gjeka, k\u00ebrkon mb\u00ebshtetjen e partner\u00ebve t\u00eb koalicionit p\u00ebr nj\u00eb kredi marrje prej 5 milion\u00eb eurosh, n\u00eb em\u00ebr t\u00eb borxheve dhe t\u00eb obligimeve tjera t\u00eb cil\u00ebn mendon se do ta fitoj\u00eb nga partner\u00ebt. Kredia \u00ebsht\u00eb aprovuar nga qveria, pasi [&hellip;]<\/p>\n","protected":false},"author":1,"featured_media":0,"comment_status":"closed","ping_status":"closed","sticky":false,"template":"","format":"standard","meta":{"spay_email":"","jetpack_publicize_message":"","jetpack_is_tweetstorm":false,"jetpack_publicize_feature_enabled":true},"categories":[1,14249],"tags":[],"jetpack_publicize_connections":[],"yoast_head":"<!-- This site is optimized with the Yoast SEO plugin v19.1 - https:\/\/yoast.com\/wordpress\/plugins\/seo\/ -->\n<title>Nika: Kush kujt i sh\u00ebrben - Dhe kush po i mshef letrat - Lajme nga Ulqini<\/title>\n<meta name=\"description\" content=\"NDODHIN EDHE K\u00cbTO PUN\u00cb ( kush kujt ia fsheh letrat..)?! Sipas gazet\u00ebs Vjesti, kryetari i komun\u00ebs Fatmir Gjeka, k\u00ebrkon mb\u00ebshtetjen e partner\u00ebve t\u00eb\" \/>\n<meta name=\"robots\" content=\"index, follow, max-snippet:-1, max-image-preview:large, max-video-preview:-1\" \/>\n<link rel=\"canonical\" href=\"https:\/\/www.visit-ulcinj.com\/blog\/2015\/11\/09\/nika-kush-kujt-sherben-dhe-kush-po-mshef-letrat\/\" \/>\n<meta property=\"og:locale\" content=\"en_US\" \/>\n<meta property=\"og:type\" content=\"article\" \/>\n<meta property=\"og:title\" content=\"Nika: Kush kujt i sh\u00ebrben - Dhe kush po i mshef letrat - Lajme nga Ulqini\" \/>\n<meta property=\"og:description\" content=\"NDODHIN EDHE K\u00cbTO PUN\u00cb ( kush kujt ia fsheh letrat..)?! Sipas gazet\u00ebs Vjesti, kryetari i komun\u00ebs Fatmir Gjeka, k\u00ebrkon mb\u00ebshtetjen e partner\u00ebve t\u00eb\" \/>\n<meta property=\"og:url\" content=\"https:\/\/www.visit-ulcinj.com\/blog\/2015\/11\/09\/nika-kush-kujt-sherben-dhe-kush-po-mshef-letrat\/\" \/>\n<meta property=\"og:site_name\" content=\"Lajme nga Ulqini\" \/>\n<meta property=\"article:published_time\" content=\"2015-11-09T15:05:21+00:00\" \/>\n<meta property=\"article:modified_time\" content=\"2015-11-11T21:02:00+00:00\" \/>\n<meta property=\"og:image\" content=\"http:\/\/www.visit-ulcinj.com\/blog\/wp-content\/uploads\/2015\/11\/Fatmir-Gjeka-Konsezus.jpg\" \/>\n<meta name=\"twitter:label1\" content=\"Written by\" \/>\n\t<meta name=\"twitter:data1\" content=\"ulqini\" \/>\n\t<meta name=\"twitter:label2\" content=\"Est. reading time\" \/>\n\t<meta name=\"twitter:data2\" content=\"2 minutes\" \/>\n<script type=\"application\/ld+json\" class=\"yoast-schema-graph\">{\"@context\":\"https:\/\/schema.org\",\"@graph\":[{\"@type\":\"WebSite\",\"@id\":\"https:\/\/www.visit-ulcinj.com\/blog\/#website\",\"url\":\"https:\/\/www.visit-ulcinj.com\/blog\/\",\"name\":\"Lajme nga Ulqini\",\"description\":\"Lajme,Vijesti,Ulqini,Ulqin,Crna Gora,Mali i Zi\",\"potentialAction\":[{\"@type\":\"SearchAction\",\"target\":{\"@type\":\"EntryPoint\",\"urlTemplate\":\"https:\/\/www.visit-ulcinj.com\/blog\/?s={search_term_string}\"},\"query-input\":\"required name=search_term_string\"}],\"inLanguage\":\"en-US\"},{\"@type\":\"ImageObject\",\"inLanguage\":\"en-US\",\"@id\":\"https:\/\/www.visit-ulcinj.com\/blog\/2015\/11\/09\/nika-kush-kujt-sherben-dhe-kush-po-mshef-letrat\/#primaryimage\",\"url\":\"https:\/\/www.visit-ulcinj.com\/blog\/wp-content\/uploads\/2015\/11\/Fatmir-Gjeka-Konsezus.jpg\",\"contentUrl\":\"https:\/\/www.visit-ulcinj.com\/blog\/wp-content\/uploads\/2015\/11\/Fatmir-Gjeka-Konsezus.jpg\",\"width\":628,\"height\":515},{\"@type\":\"WebPage\",\"@id\":\"https:\/\/www.visit-ulcinj.com\/blog\/2015\/11\/09\/nika-kush-kujt-sherben-dhe-kush-po-mshef-letrat\/#webpage\",\"url\":\"https:\/\/www.visit-ulcinj.com\/blog\/2015\/11\/09\/nika-kush-kujt-sherben-dhe-kush-po-mshef-letrat\/\",\"name\":\"Nika: Kush kujt i sh\u00ebrben - Dhe kush po i mshef letrat - Lajme nga Ulqini\",\"isPartOf\":{\"@id\":\"https:\/\/www.visit-ulcinj.com\/blog\/#website\"},\"primaryImageOfPage\":{\"@id\":\"https:\/\/www.visit-ulcinj.com\/blog\/2015\/11\/09\/nika-kush-kujt-sherben-dhe-kush-po-mshef-letrat\/#primaryimage\"},\"datePublished\":\"2015-11-09T15:05:21+00:00\",\"dateModified\":\"2015-11-11T21:02:00+00:00\",\"author\":{\"@id\":\"https:\/\/www.visit-ulcinj.com\/blog\/#\/schema\/person\/dcab619c614d3038751c63bc2aadc06d\"},\"description\":\"NDODHIN EDHE K\u00cbTO PUN\u00cb ( kush kujt ia fsheh letrat..)?! Sipas gazet\u00ebs Vjesti, kryetari i komun\u00ebs Fatmir Gjeka, k\u00ebrkon mb\u00ebshtetjen e partner\u00ebve t\u00eb\",\"breadcrumb\":{\"@id\":\"https:\/\/www.visit-ulcinj.com\/blog\/2015\/11\/09\/nika-kush-kujt-sherben-dhe-kush-po-mshef-letrat\/#breadcrumb\"},\"inLanguage\":\"en-US\",\"potentialAction\":[{\"@type\":\"ReadAction\",\"target\":[\"https:\/\/www.visit-ulcinj.com\/blog\/2015\/11\/09\/nika-kush-kujt-sherben-dhe-kush-po-mshef-letrat\/\"]}]},{\"@type\":\"BreadcrumbList\",\"@id\":\"https:\/\/www.visit-ulcinj.com\/blog\/2015\/11\/09\/nika-kush-kujt-sherben-dhe-kush-po-mshef-letrat\/#breadcrumb\",\"itemListElement\":[{\"@type\":\"ListItem\",\"position\":1,\"name\":\"Nika: Kush kujt i sh\u00ebrben &#8211; Dhe kush po i mshef letrat\"}]},{\"@type\":\"Person\",\"@id\":\"https:\/\/www.visit-ulcinj.com\/blog\/#\/schema\/person\/dcab619c614d3038751c63bc2aadc06d\",\"name\":\"ulqini\",\"sameAs\":[\"http:\/\/www.visit-ulcinj.com\"],\"url\":\"https:\/\/www.visit-ulcinj.com\/blog\/author\/admin\/\"}]}<\/script>\n<!-- \/ Yoast SEO plugin. -->","yoast_head_json":{"title":"Nika: Kush kujt i sh\u00ebrben - Dhe kush po i mshef letrat - Lajme nga Ulqini","description":"NDODHIN EDHE K\u00cbTO PUN\u00cb ( kush kujt ia fsheh letrat..)?! Sipas gazet\u00ebs Vjesti, kryetari i komun\u00ebs Fatmir Gjeka, k\u00ebrkon mb\u00ebshtetjen e partner\u00ebve t\u00eb","robots":{"index":"index","follow":"follow","max-snippet":"max-snippet:-1","max-image-preview":"max-image-preview:large","max-video-preview":"max-video-preview:-1"},"canonical":"https:\/\/www.visit-ulcinj.com\/blog\/2015\/11\/09\/nika-kush-kujt-sherben-dhe-kush-po-mshef-letrat\/","og_locale":"en_US","og_type":"article","og_title":"Nika: Kush kujt i sh\u00ebrben - Dhe kush po i mshef letrat - Lajme nga Ulqini","og_description":"NDODHIN EDHE K\u00cbTO PUN\u00cb ( kush kujt ia fsheh letrat..)?! Sipas gazet\u00ebs Vjesti, kryetari i komun\u00ebs Fatmir Gjeka, k\u00ebrkon mb\u00ebshtetjen e partner\u00ebve t\u00eb","og_url":"https:\/\/www.visit-ulcinj.com\/blog\/2015\/11\/09\/nika-kush-kujt-sherben-dhe-kush-po-mshef-letrat\/","og_site_name":"Lajme nga Ulqini","article_published_time":"2015-11-09T15:05:21+00:00","article_modified_time":"2015-11-11T21:02:00+00:00","og_image":[{"url":"http:\/\/www.visit-ulcinj.com\/blog\/wp-content\/uploads\/2015\/11\/Fatmir-Gjeka-Konsezus.jpg"}],"twitter_misc":{"Written by":"ulqini","Est. reading time":"2 minutes"},"schema":{"@context":"https:\/\/schema.org","@graph":[{"@type":"WebSite","@id":"https:\/\/www.visit-ulcinj.com\/blog\/#website","url":"https:\/\/www.visit-ulcinj.com\/blog\/","name":"Lajme nga Ulqini","description":"Lajme,Vijesti,Ulqini,Ulqin,Crna Gora,Mali i Zi","potentialAction":[{"@type":"SearchAction","target":{"@type":"EntryPoint","urlTemplate":"https:\/\/www.visit-ulcinj.com\/blog\/?s={search_term_string}"},"query-input":"required name=search_term_string"}],"inLanguage":"en-US"},{"@type":"ImageObject","inLanguage":"en-US","@id":"https:\/\/www.visit-ulcinj.com\/blog\/2015\/11\/09\/nika-kush-kujt-sherben-dhe-kush-po-mshef-letrat\/#primaryimage","url":"https:\/\/www.visit-ulcinj.com\/blog\/wp-content\/uploads\/2015\/11\/Fatmir-Gjeka-Konsezus.jpg","contentUrl":"https:\/\/www.visit-ulcinj.com\/blog\/wp-content\/uploads\/2015\/11\/Fatmir-Gjeka-Konsezus.jpg","width":628,"height":515},{"@type":"WebPage","@id":"https:\/\/www.visit-ulcinj.com\/blog\/2015\/11\/09\/nika-kush-kujt-sherben-dhe-kush-po-mshef-letrat\/#webpage","url":"https:\/\/www.visit-ulcinj.com\/blog\/2015\/11\/09\/nika-kush-kujt-sherben-dhe-kush-po-mshef-letrat\/","name":"Nika: Kush kujt i sh\u00ebrben - Dhe kush po i mshef letrat - Lajme nga Ulqini","isPartOf":{"@id":"https:\/\/www.visit-ulcinj.com\/blog\/#website"},"primaryImageOfPage":{"@id":"https:\/\/www.visit-ulcinj.com\/blog\/2015\/11\/09\/nika-kush-kujt-sherben-dhe-kush-po-mshef-letrat\/#primaryimage"},"datePublished":"2015-11-09T15:05:21+00:00","dateModified":"2015-11-11T21:02:00+00:00","author":{"@id":"https:\/\/www.visit-ulcinj.com\/blog\/#\/schema\/person\/dcab619c614d3038751c63bc2aadc06d"},"description":"NDODHIN EDHE K\u00cbTO PUN\u00cb ( kush kujt ia fsheh letrat..)?! Sipas gazet\u00ebs Vjesti, kryetari i komun\u00ebs Fatmir Gjeka, k\u00ebrkon mb\u00ebshtetjen e partner\u00ebve t\u00eb","breadcrumb":{"@id":"https:\/\/www.visit-ulcinj.com\/blog\/2015\/11\/09\/nika-kush-kujt-sherben-dhe-kush-po-mshef-letrat\/#breadcrumb"},"inLanguage":"en-US","potentialAction":[{"@type":"ReadAction","target":["https:\/\/www.visit-ulcinj.com\/blog\/2015\/11\/09\/nika-kush-kujt-sherben-dhe-kush-po-mshef-letrat\/"]}]},{"@type":"BreadcrumbList","@id":"https:\/\/www.visit-ulcinj.com\/blog\/2015\/11\/09\/nika-kush-kujt-sherben-dhe-kush-po-mshef-letrat\/#breadcrumb","itemListElement":[{"@type":"ListItem","position":1,"name":"Nika: Kush kujt i sh\u00ebrben &#8211; Dhe kush po i mshef letrat"}]},{"@type":"Person","@id":"https:\/\/www.visit-ulcinj.com\/blog\/#\/schema\/person\/dcab619c614d3038751c63bc2aadc06d","name":"ulqini","sameAs":["http:\/\/www.visit-ulcinj.com"],"url":"https:\/\/www.visit-ulcinj.com\/blog\/author\/admin\/"}]}},"jetpack_featured_media_url":"","jetpack_sharing_enabled":true,"jetpack_shortlink":"https:\/\/wp.me\/pe6lTn-odo","_links":{"self":[{"href":"https:\/\/www.visit-ulcinj.com\/blog\/wp-json\/wp\/v2\/posts\/93086"}],"collection":[{"href":"https:\/\/www.visit-ulcinj.com\/blog\/wp-json\/wp\/v2\/posts"}],"about":[{"href":"https:\/\/www.visit-ulcinj.com\/blog\/wp-json\/wp\/v2\/types\/post"}],"author":[{"embeddable":true,"href":"https:\/\/www.visit-ulcinj.com\/blog\/wp-json\/wp\/v2\/users\/1"}],"replies":[{"embeddable":true,"href":"https:\/\/www.visit-ulcinj.com\/blog\/wp-json\/wp\/v2\/comments?post=93086"}],"version-history":[{"count":1,"href":"https:\/\/www.visit-ulcinj.com\/blog\/wp-json\/wp\/v2\/posts\/93086\/revisions"}],"predecessor-version":[{"id":93090,"href":"https:\/\/www.visit-ulcinj.com\/blog\/wp-json\/wp\/v2\/posts\/93086\/revisions\/93090"}],"wp:attachment":[{"href":"https:\/\/www.visit-ulcinj.com\/blog\/wp-json\/wp\/v2\/media?parent=93086"}],"wp:term":[{"taxonomy":"category","embeddable":true,"href":"https:\/\/www.visit-ulcinj.com\/blog\/wp-json\/wp\/v2\/categories?post=93086"},{"taxonomy":"post_tag","embeddable":true,"href":"https:\/\/www.visit-ulcinj.com\/blog\/wp-json\/wp\/v2\/tags?post=93086"}],"curies":[{"name":"wp","href":"https:\/\/api.w.org\/{rel}","templated":true}]}}