{"id":93093,"date":"2015-11-09T16:20:31","date_gmt":"2015-11-09T15:20:31","guid":{"rendered":"http:\/\/www.visit-ulcinj.com\/blog\/?p=93093"},"modified":"2015-11-09T16:22:10","modified_gmt":"2015-11-09T15:22:10","slug":"pergjigjeja-e-forces-gjekes-thirrja-per-konsenzus-nepermjet-mediave-eshte-joserioze","status":"publish","type":"post","link":"https:\/\/www.visit-ulcinj.com\/blog\/2015\/11\/09\/pergjigjeja-e-forces-gjekes-thirrja-per-konsenzus-nepermjet-mediave-eshte-joserioze\/","title":{"rendered":"Pergjigjeja e Forc\u00ebs &#8211; Gjek\u00ebs: Thirrja p\u00ebr konsenzus n\u00ebp\u00ebrmjet mediave \u00ebsht\u00eb joserioze"},"content":{"rendered":"<p><strong><a href=\"http:\/\/www.visit-ulcinj.com\/blog\/wp-content\/uploads\/2015\/11\/Forca-Gjek\u00ebs.jpg\"><img loading=\"lazy\" class=\"alignleft size-full wp-image-93094\" src=\"http:\/\/www.visit-ulcinj.com\/blog\/wp-content\/uploads\/2015\/11\/Forca-Gjek\u00ebs.jpg\" alt=\"Forca-Gjek\u00ebs\" width=\"623\" height=\"287\" srcset=\"https:\/\/www.visit-ulcinj.com\/blog\/wp-content\/uploads\/2015\/11\/Forca-Gjek\u00ebs.jpg 623w, https:\/\/www.visit-ulcinj.com\/blog\/wp-content\/uploads\/2015\/11\/Forca-Gjek\u00ebs-300x138.jpg 300w\" sizes=\"(max-width: 623px) 100vw, 623px\" \/><\/a>Deklarat\u00eb p\u00ebr media<\/strong><\/p>\n<p>Dje Kryetari Fatmir Gjeka, n\u00ebp\u00ebrmjet mediave u d\u00ebrgoi thirrje partner\u00ebve t\u00eb koalicionit p\u00ebr konsenzus, n\u00eb lidhje me Planin e Sanimit t\u00eb Komun\u00ebs s\u00eb Ulqinit n\u00eb kreditimin me vler\u00eb prej 5.5 milion euro, raporton portali Lajm.me.<br \/>\nKjo thirrje n\u00ebp\u00ebrmjet mediave, pa ky\u00e7jen e Forc\u00ebs n\u00eb procesin e p\u00ebrgaditjes dhe prurjes s\u00eb vendimit p\u00ebr planin Planin e Sanimit, \u00ebsht\u00eb pjes\u00eb e loj\u00ebs s\u00eb tij politike me t\u00eb cil\u00ebn mundohet q\u00eb p\u00ebrgjegj\u00ebsin\u00eb p\u00ebr gabimet e mundshme tia kaloj\u00eb Forc\u00ebs s\u00eb Re Demokratike.<\/p>\n<p>Me k\u00ebt\u00eb ai vazhdon q\u00ebndrimin e tij arbitrar ndaj marr\u00ebveshjes dhe partner\u00ebve t\u00eb koalicionit, sidomos ndaj Forc\u00ebs, e cila ishte faktori kryesor q\u00eb\u00a0i mund\u00ebsoi ardhjen n\u00eb postin e kryetarit t\u00eb komun\u00ebs s\u00eb Ulqinit.<\/p>\n<p>Kjo n\u00eb fakt \u00ebsht\u00eb vazhdim i q\u00ebndrimit t\u00eb tij t\u00eb pap\u00ebrgjegjsh\u00ebm ndaj Forc\u00ebs, nj\u00ebjt\u00eb si\u00e7 ishte i pap\u00ebrgjegjsh\u00ebm edhe q\u00ebndrimi i tij ndaj rastit t\u00eb ashensorit n\u00eb Kala.<\/p>\n<p>Tani edhe ne n\u00ebp\u00ebrmjet mediave e pyesim z.Gjeka: P\u00ebr \u00e7ka b\u00ebhet fjal\u00eb?<\/p>\n<p>N\u00ebse parashikon q\u00eb zbatimi i Planit t\u00eb Sanimit t\u00eb filloj\u00eb gjat\u00eb vitit 2015, at\u00ebher\u00eb nj\u00ebkoh\u00ebsisht Kuvendit Komunal duhet ti dor\u00ebzoj\u00eb p\u00ebr miratim edhe Rebalancin e buxhetit p\u00ebr k\u00ebt\u00eb vit, \u00e7ka ai nuk e ka n\u00eb plan ta b\u00ebj\u00eb.<\/p>\n<p>Ne deri tani nuk kemi marr\u00eb as propozimin p\u00ebr Rebalancin e buxhetit, dhe \u00e7ka \u00ebsht\u00eb m\u00eb e \u00e7udit\u00ebshme, as Planin e Sanimit p\u00ebr t\u00eb cilin ai k\u00ebrkon konsenzus.n\u00ebp\u00ebrmjet mediave.<\/p>\n<p>Se p\u00ebr cka b\u00ebhet fjal\u00eb, me siguri q\u00eb Gjeka do t\u00eb na e b\u00ebj\u00eb t\u00eb qart\u00eb si neve, partner\u00ebve t\u00eb koalicionit, ashtu edhe mediave nga t\u00eb cilat k\u00ebrkon mb\u00ebshtetje.<\/p>\n<p>Sh\u00ebrbimi Informativ i Forc\u00ebs<\/p>\n","protected":false},"excerpt":{"rendered":"<p>Deklarat\u00eb p\u00ebr media Dje Kryetari Fatmir Gjeka, n\u00ebp\u00ebrmjet mediave u d\u00ebrgoi thirrje partner\u00ebve t\u00eb koalicionit p\u00ebr konsenzus, n\u00eb lidhje me Planin e Sanimit t\u00eb Komun\u00ebs s\u00eb Ulqinit n\u00eb kreditimin me vler\u00eb prej 5.5 milion euro, raporton portali Lajm.me. Kjo thirrje n\u00ebp\u00ebrmjet mediave, pa ky\u00e7jen e Forc\u00ebs n\u00eb procesin e p\u00ebrgaditjes dhe prurjes s\u00eb vendimit p\u00ebr [&hellip;]<\/p>\n","protected":false},"author":1,"featured_media":0,"comment_status":"closed","ping_status":"closed","sticky":false,"template":"","format":"standard","meta":{"spay_email":"","jetpack_publicize_message":"","jetpack_is_tweetstorm":false,"jetpack_publicize_feature_enabled":true},"categories":[6],"tags":[],"jetpack_publicize_connections":[],"yoast_head":"<!-- This site is optimized with the Yoast SEO plugin v19.1 - https:\/\/yoast.com\/wordpress\/plugins\/seo\/ -->\n<title>Pergjigjeja e Forc\u00ebs - Gjek\u00ebs: Thirrja p\u00ebr konsenzus n\u00ebp\u00ebrmjet mediave \u00ebsht\u00eb joserioze - Lajme nga Ulqini<\/title>\n<meta name=\"description\" content=\"Deklarat\u00eb p\u00ebr media Dje Kryetari Fatmir Gjeka, n\u00ebp\u00ebrmjet mediave u d\u00ebrgoi thirrje partner\u00ebve t\u00eb koalicionit p\u00ebr konsenzus, n\u00eb lidhje me Planin e Sanimit\" \/>\n<meta name=\"robots\" content=\"index, follow, max-snippet:-1, max-image-preview:large, max-video-preview:-1\" \/>\n<link rel=\"canonical\" href=\"https:\/\/www.visit-ulcinj.com\/blog\/2015\/11\/09\/pergjigjeja-e-forces-gjekes-thirrja-per-konsenzus-nepermjet-mediave-eshte-joserioze\/\" \/>\n<meta property=\"og:locale\" content=\"en_US\" \/>\n<meta property=\"og:type\" content=\"article\" \/>\n<meta property=\"og:title\" content=\"Pergjigjeja e Forc\u00ebs - Gjek\u00ebs: Thirrja p\u00ebr konsenzus n\u00ebp\u00ebrmjet mediave \u00ebsht\u00eb joserioze - Lajme nga Ulqini\" \/>\n<meta property=\"og:description\" content=\"Deklarat\u00eb p\u00ebr media Dje Kryetari Fatmir Gjeka, n\u00ebp\u00ebrmjet mediave u d\u00ebrgoi thirrje partner\u00ebve t\u00eb koalicionit p\u00ebr konsenzus, n\u00eb lidhje me Planin e Sanimit\" \/>\n<meta property=\"og:url\" content=\"https:\/\/www.visit-ulcinj.com\/blog\/2015\/11\/09\/pergjigjeja-e-forces-gjekes-thirrja-per-konsenzus-nepermjet-mediave-eshte-joserioze\/\" \/>\n<meta property=\"og:site_name\" content=\"Lajme nga Ulqini\" \/>\n<meta property=\"article:published_time\" content=\"2015-11-09T15:20:31+00:00\" \/>\n<meta property=\"article:modified_time\" content=\"2015-11-09T15:22:10+00:00\" \/>\n<meta name=\"twitter:label1\" content=\"Written by\" \/>\n\t<meta name=\"twitter:data1\" content=\"ulqini\" \/>\n\t<meta name=\"twitter:label2\" content=\"Est. reading time\" \/>\n\t<meta name=\"twitter:data2\" content=\"2 minutes\" \/>\n<script type=\"application\/ld+json\" class=\"yoast-schema-graph\">{\"@context\":\"https:\/\/schema.org\",\"@graph\":[{\"@type\":\"WebSite\",\"@id\":\"https:\/\/www.visit-ulcinj.com\/blog\/#website\",\"url\":\"https:\/\/www.visit-ulcinj.com\/blog\/\",\"name\":\"Lajme nga Ulqini\",\"description\":\"Lajme,Vijesti,Ulqini,Ulqin,Crna Gora,Mali i Zi\",\"potentialAction\":[{\"@type\":\"SearchAction\",\"target\":{\"@type\":\"EntryPoint\",\"urlTemplate\":\"https:\/\/www.visit-ulcinj.com\/blog\/?s={search_term_string}\"},\"query-input\":\"required name=search_term_string\"}],\"inLanguage\":\"en-US\"},{\"@type\":\"WebPage\",\"@id\":\"https:\/\/www.visit-ulcinj.com\/blog\/2015\/11\/09\/pergjigjeja-e-forces-gjekes-thirrja-per-konsenzus-nepermjet-mediave-eshte-joserioze\/#webpage\",\"url\":\"https:\/\/www.visit-ulcinj.com\/blog\/2015\/11\/09\/pergjigjeja-e-forces-gjekes-thirrja-per-konsenzus-nepermjet-mediave-eshte-joserioze\/\",\"name\":\"Pergjigjeja e Forc\u00ebs - Gjek\u00ebs: Thirrja p\u00ebr konsenzus n\u00ebp\u00ebrmjet mediave \u00ebsht\u00eb joserioze - Lajme nga Ulqini\",\"isPartOf\":{\"@id\":\"https:\/\/www.visit-ulcinj.com\/blog\/#website\"},\"datePublished\":\"2015-11-09T15:20:31+00:00\",\"dateModified\":\"2015-11-09T15:22:10+00:00\",\"author\":{\"@id\":\"https:\/\/www.visit-ulcinj.com\/blog\/#\/schema\/person\/dcab619c614d3038751c63bc2aadc06d\"},\"description\":\"Deklarat\u00eb p\u00ebr media Dje Kryetari Fatmir Gjeka, n\u00ebp\u00ebrmjet mediave u d\u00ebrgoi thirrje partner\u00ebve t\u00eb koalicionit p\u00ebr konsenzus, n\u00eb lidhje me Planin e Sanimit\",\"breadcrumb\":{\"@id\":\"https:\/\/www.visit-ulcinj.com\/blog\/2015\/11\/09\/pergjigjeja-e-forces-gjekes-thirrja-per-konsenzus-nepermjet-mediave-eshte-joserioze\/#breadcrumb\"},\"inLanguage\":\"en-US\",\"potentialAction\":[{\"@type\":\"ReadAction\",\"target\":[\"https:\/\/www.visit-ulcinj.com\/blog\/2015\/11\/09\/pergjigjeja-e-forces-gjekes-thirrja-per-konsenzus-nepermjet-mediave-eshte-joserioze\/\"]}]},{\"@type\":\"BreadcrumbList\",\"@id\":\"https:\/\/www.visit-ulcinj.com\/blog\/2015\/11\/09\/pergjigjeja-e-forces-gjekes-thirrja-per-konsenzus-nepermjet-mediave-eshte-joserioze\/#breadcrumb\",\"itemListElement\":[{\"@type\":\"ListItem\",\"position\":1,\"name\":\"Pergjigjeja e Forc\u00ebs &#8211; Gjek\u00ebs: Thirrja p\u00ebr konsenzus n\u00ebp\u00ebrmjet mediave \u00ebsht\u00eb joserioze\"}]},{\"@type\":\"Person\",\"@id\":\"https:\/\/www.visit-ulcinj.com\/blog\/#\/schema\/person\/dcab619c614d3038751c63bc2aadc06d\",\"name\":\"ulqini\",\"sameAs\":[\"http:\/\/www.visit-ulcinj.com\"],\"url\":\"https:\/\/www.visit-ulcinj.com\/blog\/author\/admin\/\"}]}<\/script>\n<!-- \/ Yoast SEO plugin. -->","yoast_head_json":{"title":"Pergjigjeja e Forc\u00ebs - Gjek\u00ebs: Thirrja p\u00ebr konsenzus n\u00ebp\u00ebrmjet mediave \u00ebsht\u00eb joserioze - Lajme nga Ulqini","description":"Deklarat\u00eb p\u00ebr media Dje Kryetari Fatmir Gjeka, n\u00ebp\u00ebrmjet mediave u d\u00ebrgoi thirrje partner\u00ebve t\u00eb koalicionit p\u00ebr konsenzus, n\u00eb lidhje me Planin e Sanimit","robots":{"index":"index","follow":"follow","max-snippet":"max-snippet:-1","max-image-preview":"max-image-preview:large","max-video-preview":"max-video-preview:-1"},"canonical":"https:\/\/www.visit-ulcinj.com\/blog\/2015\/11\/09\/pergjigjeja-e-forces-gjekes-thirrja-per-konsenzus-nepermjet-mediave-eshte-joserioze\/","og_locale":"en_US","og_type":"article","og_title":"Pergjigjeja e Forc\u00ebs - Gjek\u00ebs: Thirrja p\u00ebr konsenzus n\u00ebp\u00ebrmjet mediave \u00ebsht\u00eb joserioze - Lajme nga Ulqini","og_description":"Deklarat\u00eb p\u00ebr media Dje Kryetari Fatmir Gjeka, n\u00ebp\u00ebrmjet mediave u d\u00ebrgoi thirrje partner\u00ebve t\u00eb koalicionit p\u00ebr konsenzus, n\u00eb lidhje me Planin e Sanimit","og_url":"https:\/\/www.visit-ulcinj.com\/blog\/2015\/11\/09\/pergjigjeja-e-forces-gjekes-thirrja-per-konsenzus-nepermjet-mediave-eshte-joserioze\/","og_site_name":"Lajme nga Ulqini","article_published_time":"2015-11-09T15:20:31+00:00","article_modified_time":"2015-11-09T15:22:10+00:00","twitter_misc":{"Written by":"ulqini","Est. reading time":"2 minutes"},"schema":{"@context":"https:\/\/schema.org","@graph":[{"@type":"WebSite","@id":"https:\/\/www.visit-ulcinj.com\/blog\/#website","url":"https:\/\/www.visit-ulcinj.com\/blog\/","name":"Lajme nga Ulqini","description":"Lajme,Vijesti,Ulqini,Ulqin,Crna Gora,Mali i Zi","potentialAction":[{"@type":"SearchAction","target":{"@type":"EntryPoint","urlTemplate":"https:\/\/www.visit-ulcinj.com\/blog\/?s={search_term_string}"},"query-input":"required name=search_term_string"}],"inLanguage":"en-US"},{"@type":"WebPage","@id":"https:\/\/www.visit-ulcinj.com\/blog\/2015\/11\/09\/pergjigjeja-e-forces-gjekes-thirrja-per-konsenzus-nepermjet-mediave-eshte-joserioze\/#webpage","url":"https:\/\/www.visit-ulcinj.com\/blog\/2015\/11\/09\/pergjigjeja-e-forces-gjekes-thirrja-per-konsenzus-nepermjet-mediave-eshte-joserioze\/","name":"Pergjigjeja e Forc\u00ebs - Gjek\u00ebs: Thirrja p\u00ebr konsenzus n\u00ebp\u00ebrmjet mediave \u00ebsht\u00eb joserioze - Lajme nga Ulqini","isPartOf":{"@id":"https:\/\/www.visit-ulcinj.com\/blog\/#website"},"datePublished":"2015-11-09T15:20:31+00:00","dateModified":"2015-11-09T15:22:10+00:00","author":{"@id":"https:\/\/www.visit-ulcinj.com\/blog\/#\/schema\/person\/dcab619c614d3038751c63bc2aadc06d"},"description":"Deklarat\u00eb p\u00ebr media Dje Kryetari Fatmir Gjeka, n\u00ebp\u00ebrmjet mediave u d\u00ebrgoi thirrje partner\u00ebve t\u00eb koalicionit p\u00ebr konsenzus, n\u00eb lidhje me Planin e Sanimit","breadcrumb":{"@id":"https:\/\/www.visit-ulcinj.com\/blog\/2015\/11\/09\/pergjigjeja-e-forces-gjekes-thirrja-per-konsenzus-nepermjet-mediave-eshte-joserioze\/#breadcrumb"},"inLanguage":"en-US","potentialAction":[{"@type":"ReadAction","target":["https:\/\/www.visit-ulcinj.com\/blog\/2015\/11\/09\/pergjigjeja-e-forces-gjekes-thirrja-per-konsenzus-nepermjet-mediave-eshte-joserioze\/"]}]},{"@type":"BreadcrumbList","@id":"https:\/\/www.visit-ulcinj.com\/blog\/2015\/11\/09\/pergjigjeja-e-forces-gjekes-thirrja-per-konsenzus-nepermjet-mediave-eshte-joserioze\/#breadcrumb","itemListElement":[{"@type":"ListItem","position":1,"name":"Pergjigjeja e Forc\u00ebs &#8211; Gjek\u00ebs: Thirrja p\u00ebr konsenzus n\u00ebp\u00ebrmjet mediave \u00ebsht\u00eb joserioze"}]},{"@type":"Person","@id":"https:\/\/www.visit-ulcinj.com\/blog\/#\/schema\/person\/dcab619c614d3038751c63bc2aadc06d","name":"ulqini","sameAs":["http:\/\/www.visit-ulcinj.com"],"url":"https:\/\/www.visit-ulcinj.com\/blog\/author\/admin\/"}]}},"jetpack_featured_media_url":"","jetpack_sharing_enabled":true,"jetpack_shortlink":"https:\/\/wp.me\/pe6lTn-odv","_links":{"self":[{"href":"https:\/\/www.visit-ulcinj.com\/blog\/wp-json\/wp\/v2\/posts\/93093"}],"collection":[{"href":"https:\/\/www.visit-ulcinj.com\/blog\/wp-json\/wp\/v2\/posts"}],"about":[{"href":"https:\/\/www.visit-ulcinj.com\/blog\/wp-json\/wp\/v2\/types\/post"}],"author":[{"embeddable":true,"href":"https:\/\/www.visit-ulcinj.com\/blog\/wp-json\/wp\/v2\/users\/1"}],"replies":[{"embeddable":true,"href":"https:\/\/www.visit-ulcinj.com\/blog\/wp-json\/wp\/v2\/comments?post=93093"}],"version-history":[{"count":3,"href":"https:\/\/www.visit-ulcinj.com\/blog\/wp-json\/wp\/v2\/posts\/93093\/revisions"}],"predecessor-version":[{"id":93097,"href":"https:\/\/www.visit-ulcinj.com\/blog\/wp-json\/wp\/v2\/posts\/93093\/revisions\/93097"}],"wp:attachment":[{"href":"https:\/\/www.visit-ulcinj.com\/blog\/wp-json\/wp\/v2\/media?parent=93093"}],"wp:term":[{"taxonomy":"category","embeddable":true,"href":"https:\/\/www.visit-ulcinj.com\/blog\/wp-json\/wp\/v2\/categories?post=93093"},{"taxonomy":"post_tag","embeddable":true,"href":"https:\/\/www.visit-ulcinj.com\/blog\/wp-json\/wp\/v2\/tags?post=93093"}],"curies":[{"name":"wp","href":"https:\/\/api.w.org\/{rel}","templated":true}]}}