{"id":93098,"date":"2015-11-09T17:52:57","date_gmt":"2015-11-09T16:52:57","guid":{"rendered":"http:\/\/www.visit-ulcinj.com\/blog\/?p=93098"},"modified":"2015-11-09T17:52:57","modified_gmt":"2015-11-09T16:52:57","slug":"mehmet-zenka-ne-prokurori-nuk-u-humb-rastesisht-kino-bahcja","status":"publish","type":"post","link":"https:\/\/www.visit-ulcinj.com\/blog\/2015\/11\/09\/mehmet-zenka-ne-prokurori-nuk-u-humb-rastesisht-kino-bahcja\/","title":{"rendered":"Mehmet Zenka n\u00eb prokurori:  Nuk u humb rast\u00ebsisht Kino Bah\u00e7ja"},"content":{"rendered":"<p><a href=\"http:\/\/www.visit-ulcinj.com\/blog\/wp-content\/uploads\/2012\/09\/Mehmet-Zenka_Unioni-Demokratik-i-Shqiptar\u00ebve.jpg\"><img loading=\"lazy\" class=\"alignleft wp-image-63913\" src=\"http:\/\/www.visit-ulcinj.com\/blog\/wp-content\/uploads\/2012\/09\/Mehmet-Zenka_Unioni-Demokratik-i-Shqiptar\u00ebve.jpg\" alt=\"Mehmet-Zenka_Unioni-Demokratik-i-Shqiptar\u00ebve\" width=\"508\" height=\"491\" srcset=\"https:\/\/www.visit-ulcinj.com\/blog\/wp-content\/uploads\/2012\/09\/Mehmet-Zenka_Unioni-Demokratik-i-Shqiptar\u00ebve.jpg 490w, https:\/\/www.visit-ulcinj.com\/blog\/wp-content\/uploads\/2012\/09\/Mehmet-Zenka_Unioni-Demokratik-i-Shqiptar\u00ebve-300x290.jpg 300w\" sizes=\"(max-width: 508px) 100vw, 508px\" \/><\/a>Kryetari i Unionit demokratik t\u00eb Shqiptar\u00ebve Mehmet Zenka ka d\u00ebshmuar dje n\u00eb prokurori p\u00ebr afer\u00ebn \u201eKino bah\u00e7ja\u201c, shkruajn\u00eb \u201eVijesti\u201c, raporton portali Ul.info.<\/p>\n<p>Ai deklaroi se partia e tij do t\u00eb\u00a0 q\u00eb \u00e7dokush t\u00eb mbaj\u00eb p\u00ebrgjegj\u00ebsi n\u00ebse nuk ka punuar sipas ligjeve t\u00eb shtetit. \u201eK\u00ebt\u00eb edhe ia thash prokurorit\u201c, tha Zenka duke theksuar se n\u00eb k\u00ebt\u00eb rast \u201ekishte shum\u00eb gabime q\u00eb t\u00eb mendojm\u00eb se rast\u00ebsisht e humb\u00ebm k\u00ebt\u00eb hap\u00ebsir\u00eb kaq t\u00eb r\u00ebnd\u00ebsishme n\u00eb Ran\u00eb\u201c.<\/p>\n<p>\u201eEkzistojn\u00eb p\u00ebrfundimet e institucioneve relevante prej para shtat\u00eb ose tet\u00eb vitesh q\u00eb Kino bah\u00e7ja kurrsesi nuk duhet t\u00eb kishte ridedikim\u201c, tha ai duke theksuar se Komuna e Ulqinit po humbet shum\u00eb pron\u00eb dhe se kjo tendenc\u00eb duhet t\u00eb ndalohet.<\/p>\n<p>\u201cPse dhe si \u00ebsht\u00eb humbur Kino bah\u00e7ja, le ta v\u00ebrtetoj\u00eb prokuroria. UDSH-ja \u00ebsht\u00eb legaliste, por thjesht\u00eb nuk d\u00ebshirojm\u00eb t\u00eb humbasim pron\u00ebn p\u00ebr shkak t\u00eb padijes ose q\u00ebllimit t\u00eb dikujt\u201c, theksoi Zenka.<\/p>\n","protected":false},"excerpt":{"rendered":"<p>Kryetari i Unionit demokratik t\u00eb Shqiptar\u00ebve Mehmet Zenka ka d\u00ebshmuar dje n\u00eb prokurori p\u00ebr afer\u00ebn \u201eKino bah\u00e7ja\u201c, shkruajn\u00eb \u201eVijesti\u201c, raporton portali Ul.info. Ai deklaroi se partia e tij do t\u00eb\u00a0 q\u00eb \u00e7dokush t\u00eb mbaj\u00eb p\u00ebrgjegj\u00ebsi n\u00ebse nuk ka punuar sipas ligjeve t\u00eb shtetit. \u201eK\u00ebt\u00eb edhe ia thash prokurorit\u201c, tha Zenka duke theksuar se n\u00eb k\u00ebt\u00eb [&hellip;]<\/p>\n","protected":false},"author":1,"featured_media":0,"comment_status":"closed","ping_status":"closed","sticky":false,"template":"","format":"standard","meta":{"spay_email":"","jetpack_publicize_message":"","jetpack_is_tweetstorm":false,"jetpack_publicize_feature_enabled":true},"categories":[12],"tags":[],"jetpack_publicize_connections":[],"yoast_head":"<!-- This site is optimized with the Yoast SEO plugin v19.1 - https:\/\/yoast.com\/wordpress\/plugins\/seo\/ -->\n<title>Mehmet Zenka n\u00eb prokurori: Nuk u humb rast\u00ebsisht Kino Bah\u00e7ja - Lajme nga Ulqini<\/title>\n<meta name=\"description\" content=\"Kryetari i Unionit demokratik t\u00eb Shqiptar\u00ebve Mehmet Zenka ka d\u00ebshmuar dje n\u00eb prokurori p\u00ebr afer\u00ebn \u201eKino bah\u00e7ja\u201c, shkruajn\u00eb \u201eVijesti\u201c, raporton portali\" \/>\n<meta name=\"robots\" content=\"index, follow, max-snippet:-1, max-image-preview:large, max-video-preview:-1\" \/>\n<link rel=\"canonical\" href=\"https:\/\/www.visit-ulcinj.com\/blog\/2015\/11\/09\/mehmet-zenka-ne-prokurori-nuk-u-humb-rastesisht-kino-bahcja\/\" \/>\n<meta property=\"og:locale\" content=\"en_US\" \/>\n<meta property=\"og:type\" content=\"article\" \/>\n<meta property=\"og:title\" content=\"Mehmet Zenka n\u00eb prokurori: Nuk u humb rast\u00ebsisht Kino Bah\u00e7ja - Lajme nga Ulqini\" \/>\n<meta property=\"og:description\" content=\"Kryetari i Unionit demokratik t\u00eb Shqiptar\u00ebve Mehmet Zenka ka d\u00ebshmuar dje n\u00eb prokurori p\u00ebr afer\u00ebn \u201eKino bah\u00e7ja\u201c, shkruajn\u00eb \u201eVijesti\u201c, raporton portali\" \/>\n<meta property=\"og:url\" content=\"https:\/\/www.visit-ulcinj.com\/blog\/2015\/11\/09\/mehmet-zenka-ne-prokurori-nuk-u-humb-rastesisht-kino-bahcja\/\" \/>\n<meta property=\"og:site_name\" content=\"Lajme nga Ulqini\" \/>\n<meta property=\"article:published_time\" content=\"2015-11-09T16:52:57+00:00\" \/>\n<meta name=\"twitter:label1\" content=\"Written by\" \/>\n\t<meta name=\"twitter:data1\" content=\"ulqini\" \/>\n\t<meta name=\"twitter:label2\" content=\"Est. reading time\" \/>\n\t<meta name=\"twitter:data2\" content=\"1 minute\" \/>\n<script type=\"application\/ld+json\" class=\"yoast-schema-graph\">{\"@context\":\"https:\/\/schema.org\",\"@graph\":[{\"@type\":\"WebSite\",\"@id\":\"https:\/\/www.visit-ulcinj.com\/blog\/#website\",\"url\":\"https:\/\/www.visit-ulcinj.com\/blog\/\",\"name\":\"Lajme nga Ulqini\",\"description\":\"Lajme,Vijesti,Ulqini,Ulqin,Crna Gora,Mali i Zi\",\"potentialAction\":[{\"@type\":\"SearchAction\",\"target\":{\"@type\":\"EntryPoint\",\"urlTemplate\":\"https:\/\/www.visit-ulcinj.com\/blog\/?s={search_term_string}\"},\"query-input\":\"required name=search_term_string\"}],\"inLanguage\":\"en-US\"},{\"@type\":\"WebPage\",\"@id\":\"https:\/\/www.visit-ulcinj.com\/blog\/2015\/11\/09\/mehmet-zenka-ne-prokurori-nuk-u-humb-rastesisht-kino-bahcja\/#webpage\",\"url\":\"https:\/\/www.visit-ulcinj.com\/blog\/2015\/11\/09\/mehmet-zenka-ne-prokurori-nuk-u-humb-rastesisht-kino-bahcja\/\",\"name\":\"Mehmet Zenka n\u00eb prokurori: Nuk u humb rast\u00ebsisht Kino Bah\u00e7ja - Lajme nga Ulqini\",\"isPartOf\":{\"@id\":\"https:\/\/www.visit-ulcinj.com\/blog\/#website\"},\"datePublished\":\"2015-11-09T16:52:57+00:00\",\"dateModified\":\"2015-11-09T16:52:57+00:00\",\"author\":{\"@id\":\"https:\/\/www.visit-ulcinj.com\/blog\/#\/schema\/person\/dcab619c614d3038751c63bc2aadc06d\"},\"description\":\"Kryetari i Unionit demokratik t\u00eb Shqiptar\u00ebve Mehmet Zenka ka d\u00ebshmuar dje n\u00eb prokurori p\u00ebr afer\u00ebn \u201eKino bah\u00e7ja\u201c, shkruajn\u00eb \u201eVijesti\u201c, raporton portali\",\"breadcrumb\":{\"@id\":\"https:\/\/www.visit-ulcinj.com\/blog\/2015\/11\/09\/mehmet-zenka-ne-prokurori-nuk-u-humb-rastesisht-kino-bahcja\/#breadcrumb\"},\"inLanguage\":\"en-US\",\"potentialAction\":[{\"@type\":\"ReadAction\",\"target\":[\"https:\/\/www.visit-ulcinj.com\/blog\/2015\/11\/09\/mehmet-zenka-ne-prokurori-nuk-u-humb-rastesisht-kino-bahcja\/\"]}]},{\"@type\":\"BreadcrumbList\",\"@id\":\"https:\/\/www.visit-ulcinj.com\/blog\/2015\/11\/09\/mehmet-zenka-ne-prokurori-nuk-u-humb-rastesisht-kino-bahcja\/#breadcrumb\",\"itemListElement\":[{\"@type\":\"ListItem\",\"position\":1,\"name\":\"Mehmet Zenka n\u00eb prokurori: Nuk u humb rast\u00ebsisht Kino Bah\u00e7ja\"}]},{\"@type\":\"Person\",\"@id\":\"https:\/\/www.visit-ulcinj.com\/blog\/#\/schema\/person\/dcab619c614d3038751c63bc2aadc06d\",\"name\":\"ulqini\",\"sameAs\":[\"http:\/\/www.visit-ulcinj.com\"],\"url\":\"https:\/\/www.visit-ulcinj.com\/blog\/author\/admin\/\"}]}<\/script>\n<!-- \/ Yoast SEO plugin. -->","yoast_head_json":{"title":"Mehmet Zenka n\u00eb prokurori: Nuk u humb rast\u00ebsisht Kino Bah\u00e7ja - Lajme nga Ulqini","description":"Kryetari i Unionit demokratik t\u00eb Shqiptar\u00ebve Mehmet Zenka ka d\u00ebshmuar dje n\u00eb prokurori p\u00ebr afer\u00ebn \u201eKino bah\u00e7ja\u201c, shkruajn\u00eb \u201eVijesti\u201c, raporton portali","robots":{"index":"index","follow":"follow","max-snippet":"max-snippet:-1","max-image-preview":"max-image-preview:large","max-video-preview":"max-video-preview:-1"},"canonical":"https:\/\/www.visit-ulcinj.com\/blog\/2015\/11\/09\/mehmet-zenka-ne-prokurori-nuk-u-humb-rastesisht-kino-bahcja\/","og_locale":"en_US","og_type":"article","og_title":"Mehmet Zenka n\u00eb prokurori: Nuk u humb rast\u00ebsisht Kino Bah\u00e7ja - Lajme nga Ulqini","og_description":"Kryetari i Unionit demokratik t\u00eb Shqiptar\u00ebve Mehmet Zenka ka d\u00ebshmuar dje n\u00eb prokurori p\u00ebr afer\u00ebn \u201eKino bah\u00e7ja\u201c, shkruajn\u00eb \u201eVijesti\u201c, raporton portali","og_url":"https:\/\/www.visit-ulcinj.com\/blog\/2015\/11\/09\/mehmet-zenka-ne-prokurori-nuk-u-humb-rastesisht-kino-bahcja\/","og_site_name":"Lajme nga Ulqini","article_published_time":"2015-11-09T16:52:57+00:00","twitter_misc":{"Written by":"ulqini","Est. reading time":"1 minute"},"schema":{"@context":"https:\/\/schema.org","@graph":[{"@type":"WebSite","@id":"https:\/\/www.visit-ulcinj.com\/blog\/#website","url":"https:\/\/www.visit-ulcinj.com\/blog\/","name":"Lajme nga Ulqini","description":"Lajme,Vijesti,Ulqini,Ulqin,Crna Gora,Mali i Zi","potentialAction":[{"@type":"SearchAction","target":{"@type":"EntryPoint","urlTemplate":"https:\/\/www.visit-ulcinj.com\/blog\/?s={search_term_string}"},"query-input":"required name=search_term_string"}],"inLanguage":"en-US"},{"@type":"WebPage","@id":"https:\/\/www.visit-ulcinj.com\/blog\/2015\/11\/09\/mehmet-zenka-ne-prokurori-nuk-u-humb-rastesisht-kino-bahcja\/#webpage","url":"https:\/\/www.visit-ulcinj.com\/blog\/2015\/11\/09\/mehmet-zenka-ne-prokurori-nuk-u-humb-rastesisht-kino-bahcja\/","name":"Mehmet Zenka n\u00eb prokurori: Nuk u humb rast\u00ebsisht Kino Bah\u00e7ja - Lajme nga Ulqini","isPartOf":{"@id":"https:\/\/www.visit-ulcinj.com\/blog\/#website"},"datePublished":"2015-11-09T16:52:57+00:00","dateModified":"2015-11-09T16:52:57+00:00","author":{"@id":"https:\/\/www.visit-ulcinj.com\/blog\/#\/schema\/person\/dcab619c614d3038751c63bc2aadc06d"},"description":"Kryetari i Unionit demokratik t\u00eb Shqiptar\u00ebve Mehmet Zenka ka d\u00ebshmuar dje n\u00eb prokurori p\u00ebr afer\u00ebn \u201eKino bah\u00e7ja\u201c, shkruajn\u00eb \u201eVijesti\u201c, raporton portali","breadcrumb":{"@id":"https:\/\/www.visit-ulcinj.com\/blog\/2015\/11\/09\/mehmet-zenka-ne-prokurori-nuk-u-humb-rastesisht-kino-bahcja\/#breadcrumb"},"inLanguage":"en-US","potentialAction":[{"@type":"ReadAction","target":["https:\/\/www.visit-ulcinj.com\/blog\/2015\/11\/09\/mehmet-zenka-ne-prokurori-nuk-u-humb-rastesisht-kino-bahcja\/"]}]},{"@type":"BreadcrumbList","@id":"https:\/\/www.visit-ulcinj.com\/blog\/2015\/11\/09\/mehmet-zenka-ne-prokurori-nuk-u-humb-rastesisht-kino-bahcja\/#breadcrumb","itemListElement":[{"@type":"ListItem","position":1,"name":"Mehmet Zenka n\u00eb prokurori: Nuk u humb rast\u00ebsisht Kino Bah\u00e7ja"}]},{"@type":"Person","@id":"https:\/\/www.visit-ulcinj.com\/blog\/#\/schema\/person\/dcab619c614d3038751c63bc2aadc06d","name":"ulqini","sameAs":["http:\/\/www.visit-ulcinj.com"],"url":"https:\/\/www.visit-ulcinj.com\/blog\/author\/admin\/"}]}},"jetpack_featured_media_url":"","jetpack_sharing_enabled":true,"jetpack_shortlink":"https:\/\/wp.me\/pe6lTn-odA","_links":{"self":[{"href":"https:\/\/www.visit-ulcinj.com\/blog\/wp-json\/wp\/v2\/posts\/93098"}],"collection":[{"href":"https:\/\/www.visit-ulcinj.com\/blog\/wp-json\/wp\/v2\/posts"}],"about":[{"href":"https:\/\/www.visit-ulcinj.com\/blog\/wp-json\/wp\/v2\/types\/post"}],"author":[{"embeddable":true,"href":"https:\/\/www.visit-ulcinj.com\/blog\/wp-json\/wp\/v2\/users\/1"}],"replies":[{"embeddable":true,"href":"https:\/\/www.visit-ulcinj.com\/blog\/wp-json\/wp\/v2\/comments?post=93098"}],"version-history":[{"count":1,"href":"https:\/\/www.visit-ulcinj.com\/blog\/wp-json\/wp\/v2\/posts\/93098\/revisions"}],"predecessor-version":[{"id":93099,"href":"https:\/\/www.visit-ulcinj.com\/blog\/wp-json\/wp\/v2\/posts\/93098\/revisions\/93099"}],"wp:attachment":[{"href":"https:\/\/www.visit-ulcinj.com\/blog\/wp-json\/wp\/v2\/media?parent=93098"}],"wp:term":[{"taxonomy":"category","embeddable":true,"href":"https:\/\/www.visit-ulcinj.com\/blog\/wp-json\/wp\/v2\/categories?post=93098"},{"taxonomy":"post_tag","embeddable":true,"href":"https:\/\/www.visit-ulcinj.com\/blog\/wp-json\/wp\/v2\/tags?post=93098"}],"curies":[{"name":"wp","href":"https:\/\/api.w.org\/{rel}","templated":true}]}}