{"id":93115,"date":"2015-11-10T19:52:22","date_gmt":"2015-11-10T18:52:22","guid":{"rendered":"http:\/\/www.visit-ulcinj.com\/blog\/?p=93115"},"modified":"2015-11-10T19:52:22","modified_gmt":"2015-11-10T18:52:22","slug":"mbyllet-libraria-e-vetme-shqipe-ne-ulqin","status":"publish","type":"post","link":"https:\/\/www.visit-ulcinj.com\/blog\/2015\/11\/10\/mbyllet-libraria-e-vetme-shqipe-ne-ulqin\/","title":{"rendered":"Mbyllet libraria e vetme shqipe n\u00eb Ulqin"},"content":{"rendered":"<p><a href=\"http:\/\/www.visit-ulcinj.com\/blog\/wp-content\/uploads\/2015\/11\/Mbyllet-libraria-ne-ulqin.jpg\"><img loading=\"lazy\" class=\"alignleft wp-image-93116\" src=\"http:\/\/www.visit-ulcinj.com\/blog\/wp-content\/uploads\/2015\/11\/Mbyllet-libraria-ne-ulqin.jpg\" alt=\"Mbyllet libraria ne ulqin\" width=\"508\" height=\"188\" srcset=\"https:\/\/www.visit-ulcinj.com\/blog\/wp-content\/uploads\/2015\/11\/Mbyllet-libraria-ne-ulqin.jpg 960w, https:\/\/www.visit-ulcinj.com\/blog\/wp-content\/uploads\/2015\/11\/Mbyllet-libraria-ne-ulqin-300x111.jpg 300w\" sizes=\"(max-width: 508px) 100vw, 508px\" \/><\/a>\u201dLibraria ARTI n\u00eb Ulqin \u00ebsht\u00eb mbyllur nd\u00ebrsa veprimtaria botuese vazhdon me te nj\u00ebjtin tempo\u201d. k\u00ebshtu shprehet n\u00eb nj\u00eb postim t\u00eb tij n\u00eb rrjetin social pronari \u00c7itaku n\u00eb nj\u00eb bashk\u00ebbisedim me nj\u00eb nga miqt\u00eb e tij duke treguar p\u00ebr k\u00ebt\u00eb veprim t\u00eb dhimbsh\u00ebm, mbylljen e libraris\u00eb s\u00eb vetme me libra n\u00eb gjuh\u00ebn shqipe n\u00eb qytetin e Ulqinit.<\/p>\n<p>Shkolla, kinemaja, teatri, spitali, farmacia, xhamia, kisha, zyrat e pushtetit vendor, etj. jan\u00eb disa objekte t\u00eb ve\u00e7anta q\u00eb na tregojn\u00eb shum\u00eb p\u00ebr jet\u00ebn e nj\u00eb bashk\u00ebsie. Jan\u00eb m\u00eb shum\u00eb se sh\u00ebrbime. P\u00ebrb\u00ebjn\u00eb \u00e7el\u00ebsa leximi t\u00eb territorit, jan\u00eb legjenda e hart\u00ebs komunitare. Prania ose mosprania e tyre n\u00eb qytet, lagje apo fshat, na flet m\u00eb tep\u00ebr se shum\u00eb manuale ose udh\u00ebzues t\u00eb specializuar.<\/p>\n<p><a href=\"http:\/\/www.visit-ulcinj.com\/blog\/wp-content\/uploads\/2015\/11\/N\u00cb-LIBRARIN\u00cb-ARTI-ULQIN.jpg\"><img loading=\"lazy\" class=\"alignleft wp-image-93117\" src=\"http:\/\/www.visit-ulcinj.com\/blog\/wp-content\/uploads\/2015\/11\/N\u00cb-LIBRARIN\u00cb-ARTI-ULQIN.jpg\" alt=\"N\u00cb LIBRARIN\u00cb ARTI - ULQIN\" width=\"508\" height=\"339\" srcset=\"https:\/\/www.visit-ulcinj.com\/blog\/wp-content\/uploads\/2015\/11\/N\u00cb-LIBRARIN\u00cb-ARTI-ULQIN.jpg 960w, https:\/\/www.visit-ulcinj.com\/blog\/wp-content\/uploads\/2015\/11\/N\u00cb-LIBRARIN\u00cb-ARTI-ULQIN-300x200.jpg 300w\" sizes=\"(max-width: 508px) 100vw, 508px\" \/><\/a><\/p>\n<p>Librarit\u00eb jan\u00eb pa dyshim nj\u00eb nga pikat m\u00eb t\u00eb r\u00ebnd\u00ebsishme p\u00ebr t\u00eb kuptuar nj\u00eb territor t\u00eb caktuar dhe jet\u00ebn e qytetar\u00ebve. Sepse bashk\u00ebsia ka v\u00ebrtet nevoj\u00eb p\u00ebr dyqane byrek\u00ebsh dhe qoftesh p\u00ebr t\u00eb ushqyer barkun, sikurse ka nevoj\u00eb p\u00ebr dyqane brek\u00ebsh e veshmbathjesh p\u00ebr t\u00eb veshur lakuriq\u00ebsit\u00eb, ose p\u00ebr ambulanca e farmaci p\u00ebr t\u00eb sh\u00ebruar trupin.<\/p>\n<p>E pik\u00ebrisht mospasje e nj\u00eb librarie n\u00eb nj\u00eb qytet tregon shum\u00eb. Deri para pak kohe mund t\u00eb thonim se n\u00eb Ulqin kishim nj\u00eb librari, Libraria Arti, dhe kjo fal\u00eb pasionit p\u00ebr librin t\u00eb pronarit t\u00eb saj Gazmend \u00c7itaku.<\/p>\n<p>\u201dLibraria ARTI n\u00eb Ulqin \u00ebsht\u00eb mbyllur nd\u00ebrsa veprimtaria botuese vazhdon me te nj\u00ebjtin tempo\u201d. k\u00ebshtu shprehet n\u00eb nj\u00eb postim t\u00eb tij n\u00eb rrjetin social pronari \u00c7itaku n\u00eb nj\u00eb bashk\u00ebbisedim me nj\u00eb nga miqt\u00eb e tij duke treguar p\u00ebr k\u00ebt\u00eb veprim t\u00eb dhimbsh\u00ebm, mbylljen e libraris\u00eb s\u00eb vetme me libra n\u00eb gjuh\u00ebn shqipe n\u00eb qytetin e Ulqinit.<\/p>\n<p><strong>PORTALB <\/strong><\/p>\n","protected":false},"excerpt":{"rendered":"<p>\u201dLibraria ARTI n\u00eb Ulqin \u00ebsht\u00eb mbyllur nd\u00ebrsa veprimtaria botuese vazhdon me te nj\u00ebjtin tempo\u201d. k\u00ebshtu shprehet n\u00eb nj\u00eb postim t\u00eb tij n\u00eb rrjetin social pronari \u00c7itaku n\u00eb nj\u00eb bashk\u00ebbisedim me nj\u00eb nga miqt\u00eb e tij duke treguar p\u00ebr k\u00ebt\u00eb veprim t\u00eb dhimbsh\u00ebm, mbylljen e libraris\u00eb s\u00eb vetme me libra n\u00eb gjuh\u00ebn shqipe n\u00eb qytetin e [&hellip;]<\/p>\n","protected":false},"author":1,"featured_media":0,"comment_status":"closed","ping_status":"closed","sticky":false,"template":"","format":"standard","meta":{"spay_email":"","jetpack_publicize_message":"","jetpack_is_tweetstorm":false,"jetpack_publicize_feature_enabled":true},"categories":[4],"tags":[],"jetpack_publicize_connections":[],"yoast_head":"<!-- This site is optimized with the Yoast SEO plugin v19.1 - https:\/\/yoast.com\/wordpress\/plugins\/seo\/ -->\n<title>Mbyllet libraria e vetme shqipe n\u00eb Ulqin - Lajme nga Ulqini<\/title>\n<meta name=\"description\" content=\"\u201dLibraria ARTI n\u00eb Ulqin \u00ebsht\u00eb mbyllur nd\u00ebrsa veprimtaria botuese vazhdon me te nj\u00ebjtin tempo\u201d. k\u00ebshtu shprehet n\u00eb nj\u00eb postim t\u00eb tij n\u00eb rrjetin social\" \/>\n<meta name=\"robots\" content=\"index, follow, max-snippet:-1, max-image-preview:large, max-video-preview:-1\" \/>\n<link rel=\"canonical\" href=\"https:\/\/www.visit-ulcinj.com\/blog\/2015\/11\/10\/mbyllet-libraria-e-vetme-shqipe-ne-ulqin\/\" \/>\n<meta property=\"og:locale\" content=\"en_US\" \/>\n<meta property=\"og:type\" content=\"article\" \/>\n<meta property=\"og:title\" content=\"Mbyllet libraria e vetme shqipe n\u00eb Ulqin - Lajme nga Ulqini\" \/>\n<meta property=\"og:description\" content=\"\u201dLibraria ARTI n\u00eb Ulqin \u00ebsht\u00eb mbyllur nd\u00ebrsa veprimtaria botuese vazhdon me te nj\u00ebjtin tempo\u201d. k\u00ebshtu shprehet n\u00eb nj\u00eb postim t\u00eb tij n\u00eb rrjetin social\" \/>\n<meta property=\"og:url\" content=\"https:\/\/www.visit-ulcinj.com\/blog\/2015\/11\/10\/mbyllet-libraria-e-vetme-shqipe-ne-ulqin\/\" \/>\n<meta property=\"og:site_name\" content=\"Lajme nga Ulqini\" \/>\n<meta property=\"article:published_time\" content=\"2015-11-10T18:52:22+00:00\" \/>\n<meta property=\"og:image\" content=\"http:\/\/www.visit-ulcinj.com\/blog\/wp-content\/uploads\/2015\/11\/Mbyllet-libraria-ne-ulqin.jpg\" \/>\n<meta name=\"twitter:label1\" content=\"Written by\" \/>\n\t<meta name=\"twitter:data1\" content=\"ulqini\" \/>\n\t<meta name=\"twitter:label2\" content=\"Est. reading time\" \/>\n\t<meta name=\"twitter:data2\" content=\"2 minutes\" \/>\n<script type=\"application\/ld+json\" class=\"yoast-schema-graph\">{\"@context\":\"https:\/\/schema.org\",\"@graph\":[{\"@type\":\"WebSite\",\"@id\":\"https:\/\/www.visit-ulcinj.com\/blog\/#website\",\"url\":\"https:\/\/www.visit-ulcinj.com\/blog\/\",\"name\":\"Lajme nga Ulqini\",\"description\":\"Lajme,Vijesti,Ulqini,Ulqin,Crna Gora,Mali i Zi\",\"potentialAction\":[{\"@type\":\"SearchAction\",\"target\":{\"@type\":\"EntryPoint\",\"urlTemplate\":\"https:\/\/www.visit-ulcinj.com\/blog\/?s={search_term_string}\"},\"query-input\":\"required name=search_term_string\"}],\"inLanguage\":\"en-US\"},{\"@type\":\"ImageObject\",\"inLanguage\":\"en-US\",\"@id\":\"https:\/\/www.visit-ulcinj.com\/blog\/2015\/11\/10\/mbyllet-libraria-e-vetme-shqipe-ne-ulqin\/#primaryimage\",\"url\":\"https:\/\/www.visit-ulcinj.com\/blog\/wp-content\/uploads\/2015\/11\/Mbyllet-libraria-ne-ulqin.jpg\",\"contentUrl\":\"https:\/\/www.visit-ulcinj.com\/blog\/wp-content\/uploads\/2015\/11\/Mbyllet-libraria-ne-ulqin.jpg\",\"width\":960,\"height\":356},{\"@type\":\"WebPage\",\"@id\":\"https:\/\/www.visit-ulcinj.com\/blog\/2015\/11\/10\/mbyllet-libraria-e-vetme-shqipe-ne-ulqin\/#webpage\",\"url\":\"https:\/\/www.visit-ulcinj.com\/blog\/2015\/11\/10\/mbyllet-libraria-e-vetme-shqipe-ne-ulqin\/\",\"name\":\"Mbyllet libraria e vetme shqipe n\u00eb Ulqin - Lajme nga Ulqini\",\"isPartOf\":{\"@id\":\"https:\/\/www.visit-ulcinj.com\/blog\/#website\"},\"primaryImageOfPage\":{\"@id\":\"https:\/\/www.visit-ulcinj.com\/blog\/2015\/11\/10\/mbyllet-libraria-e-vetme-shqipe-ne-ulqin\/#primaryimage\"},\"datePublished\":\"2015-11-10T18:52:22+00:00\",\"dateModified\":\"2015-11-10T18:52:22+00:00\",\"author\":{\"@id\":\"https:\/\/www.visit-ulcinj.com\/blog\/#\/schema\/person\/dcab619c614d3038751c63bc2aadc06d\"},\"description\":\"\u201dLibraria ARTI n\u00eb Ulqin \u00ebsht\u00eb mbyllur nd\u00ebrsa veprimtaria botuese vazhdon me te nj\u00ebjtin tempo\u201d. k\u00ebshtu shprehet n\u00eb nj\u00eb postim t\u00eb tij n\u00eb rrjetin social\",\"breadcrumb\":{\"@id\":\"https:\/\/www.visit-ulcinj.com\/blog\/2015\/11\/10\/mbyllet-libraria-e-vetme-shqipe-ne-ulqin\/#breadcrumb\"},\"inLanguage\":\"en-US\",\"potentialAction\":[{\"@type\":\"ReadAction\",\"target\":[\"https:\/\/www.visit-ulcinj.com\/blog\/2015\/11\/10\/mbyllet-libraria-e-vetme-shqipe-ne-ulqin\/\"]}]},{\"@type\":\"BreadcrumbList\",\"@id\":\"https:\/\/www.visit-ulcinj.com\/blog\/2015\/11\/10\/mbyllet-libraria-e-vetme-shqipe-ne-ulqin\/#breadcrumb\",\"itemListElement\":[{\"@type\":\"ListItem\",\"position\":1,\"name\":\"Mbyllet libraria e vetme shqipe n\u00eb Ulqin\"}]},{\"@type\":\"Person\",\"@id\":\"https:\/\/www.visit-ulcinj.com\/blog\/#\/schema\/person\/dcab619c614d3038751c63bc2aadc06d\",\"name\":\"ulqini\",\"sameAs\":[\"http:\/\/www.visit-ulcinj.com\"],\"url\":\"https:\/\/www.visit-ulcinj.com\/blog\/author\/admin\/\"}]}<\/script>\n<!-- \/ Yoast SEO plugin. -->","yoast_head_json":{"title":"Mbyllet libraria e vetme shqipe n\u00eb Ulqin - Lajme nga Ulqini","description":"\u201dLibraria ARTI n\u00eb Ulqin \u00ebsht\u00eb mbyllur nd\u00ebrsa veprimtaria botuese vazhdon me te nj\u00ebjtin tempo\u201d. k\u00ebshtu shprehet n\u00eb nj\u00eb postim t\u00eb tij n\u00eb rrjetin social","robots":{"index":"index","follow":"follow","max-snippet":"max-snippet:-1","max-image-preview":"max-image-preview:large","max-video-preview":"max-video-preview:-1"},"canonical":"https:\/\/www.visit-ulcinj.com\/blog\/2015\/11\/10\/mbyllet-libraria-e-vetme-shqipe-ne-ulqin\/","og_locale":"en_US","og_type":"article","og_title":"Mbyllet libraria e vetme shqipe n\u00eb Ulqin - Lajme nga Ulqini","og_description":"\u201dLibraria ARTI n\u00eb Ulqin \u00ebsht\u00eb mbyllur nd\u00ebrsa veprimtaria botuese vazhdon me te nj\u00ebjtin tempo\u201d. k\u00ebshtu shprehet n\u00eb nj\u00eb postim t\u00eb tij n\u00eb rrjetin social","og_url":"https:\/\/www.visit-ulcinj.com\/blog\/2015\/11\/10\/mbyllet-libraria-e-vetme-shqipe-ne-ulqin\/","og_site_name":"Lajme nga Ulqini","article_published_time":"2015-11-10T18:52:22+00:00","og_image":[{"url":"http:\/\/www.visit-ulcinj.com\/blog\/wp-content\/uploads\/2015\/11\/Mbyllet-libraria-ne-ulqin.jpg"}],"twitter_misc":{"Written by":"ulqini","Est. reading time":"2 minutes"},"schema":{"@context":"https:\/\/schema.org","@graph":[{"@type":"WebSite","@id":"https:\/\/www.visit-ulcinj.com\/blog\/#website","url":"https:\/\/www.visit-ulcinj.com\/blog\/","name":"Lajme nga Ulqini","description":"Lajme,Vijesti,Ulqini,Ulqin,Crna Gora,Mali i Zi","potentialAction":[{"@type":"SearchAction","target":{"@type":"EntryPoint","urlTemplate":"https:\/\/www.visit-ulcinj.com\/blog\/?s={search_term_string}"},"query-input":"required name=search_term_string"}],"inLanguage":"en-US"},{"@type":"ImageObject","inLanguage":"en-US","@id":"https:\/\/www.visit-ulcinj.com\/blog\/2015\/11\/10\/mbyllet-libraria-e-vetme-shqipe-ne-ulqin\/#primaryimage","url":"https:\/\/www.visit-ulcinj.com\/blog\/wp-content\/uploads\/2015\/11\/Mbyllet-libraria-ne-ulqin.jpg","contentUrl":"https:\/\/www.visit-ulcinj.com\/blog\/wp-content\/uploads\/2015\/11\/Mbyllet-libraria-ne-ulqin.jpg","width":960,"height":356},{"@type":"WebPage","@id":"https:\/\/www.visit-ulcinj.com\/blog\/2015\/11\/10\/mbyllet-libraria-e-vetme-shqipe-ne-ulqin\/#webpage","url":"https:\/\/www.visit-ulcinj.com\/blog\/2015\/11\/10\/mbyllet-libraria-e-vetme-shqipe-ne-ulqin\/","name":"Mbyllet libraria e vetme shqipe n\u00eb Ulqin - Lajme nga Ulqini","isPartOf":{"@id":"https:\/\/www.visit-ulcinj.com\/blog\/#website"},"primaryImageOfPage":{"@id":"https:\/\/www.visit-ulcinj.com\/blog\/2015\/11\/10\/mbyllet-libraria-e-vetme-shqipe-ne-ulqin\/#primaryimage"},"datePublished":"2015-11-10T18:52:22+00:00","dateModified":"2015-11-10T18:52:22+00:00","author":{"@id":"https:\/\/www.visit-ulcinj.com\/blog\/#\/schema\/person\/dcab619c614d3038751c63bc2aadc06d"},"description":"\u201dLibraria ARTI n\u00eb Ulqin \u00ebsht\u00eb mbyllur nd\u00ebrsa veprimtaria botuese vazhdon me te nj\u00ebjtin tempo\u201d. k\u00ebshtu shprehet n\u00eb nj\u00eb postim t\u00eb tij n\u00eb rrjetin social","breadcrumb":{"@id":"https:\/\/www.visit-ulcinj.com\/blog\/2015\/11\/10\/mbyllet-libraria-e-vetme-shqipe-ne-ulqin\/#breadcrumb"},"inLanguage":"en-US","potentialAction":[{"@type":"ReadAction","target":["https:\/\/www.visit-ulcinj.com\/blog\/2015\/11\/10\/mbyllet-libraria-e-vetme-shqipe-ne-ulqin\/"]}]},{"@type":"BreadcrumbList","@id":"https:\/\/www.visit-ulcinj.com\/blog\/2015\/11\/10\/mbyllet-libraria-e-vetme-shqipe-ne-ulqin\/#breadcrumb","itemListElement":[{"@type":"ListItem","position":1,"name":"Mbyllet libraria e vetme shqipe n\u00eb Ulqin"}]},{"@type":"Person","@id":"https:\/\/www.visit-ulcinj.com\/blog\/#\/schema\/person\/dcab619c614d3038751c63bc2aadc06d","name":"ulqini","sameAs":["http:\/\/www.visit-ulcinj.com"],"url":"https:\/\/www.visit-ulcinj.com\/blog\/author\/admin\/"}]}},"jetpack_featured_media_url":"","jetpack_sharing_enabled":true,"jetpack_shortlink":"https:\/\/wp.me\/pe6lTn-odR","_links":{"self":[{"href":"https:\/\/www.visit-ulcinj.com\/blog\/wp-json\/wp\/v2\/posts\/93115"}],"collection":[{"href":"https:\/\/www.visit-ulcinj.com\/blog\/wp-json\/wp\/v2\/posts"}],"about":[{"href":"https:\/\/www.visit-ulcinj.com\/blog\/wp-json\/wp\/v2\/types\/post"}],"author":[{"embeddable":true,"href":"https:\/\/www.visit-ulcinj.com\/blog\/wp-json\/wp\/v2\/users\/1"}],"replies":[{"embeddable":true,"href":"https:\/\/www.visit-ulcinj.com\/blog\/wp-json\/wp\/v2\/comments?post=93115"}],"version-history":[{"count":1,"href":"https:\/\/www.visit-ulcinj.com\/blog\/wp-json\/wp\/v2\/posts\/93115\/revisions"}],"predecessor-version":[{"id":93118,"href":"https:\/\/www.visit-ulcinj.com\/blog\/wp-json\/wp\/v2\/posts\/93115\/revisions\/93118"}],"wp:attachment":[{"href":"https:\/\/www.visit-ulcinj.com\/blog\/wp-json\/wp\/v2\/media?parent=93115"}],"wp:term":[{"taxonomy":"category","embeddable":true,"href":"https:\/\/www.visit-ulcinj.com\/blog\/wp-json\/wp\/v2\/categories?post=93115"},{"taxonomy":"post_tag","embeddable":true,"href":"https:\/\/www.visit-ulcinj.com\/blog\/wp-json\/wp\/v2\/tags?post=93115"}],"curies":[{"name":"wp","href":"https:\/\/api.w.org\/{rel}","templated":true}]}}