{"id":93119,"date":"2015-11-11T08:52:58","date_gmt":"2015-11-11T07:52:58","guid":{"rendered":"http:\/\/www.visit-ulcinj.com\/blog\/?p=93119"},"modified":"2015-11-11T08:52:58","modified_gmt":"2015-11-11T07:52:58","slug":"ne-mali-te-zi-rroge-e-perjetshme-per-nenat-e-tre-apo-shume-femijeve","status":"publish","type":"post","link":"https:\/\/www.visit-ulcinj.com\/blog\/2015\/11\/11\/ne-mali-te-zi-rroge-e-perjetshme-per-nenat-e-tre-apo-shume-femijeve\/","title":{"rendered":"N\u00eb Mali t\u00eb Zi, \u201crrog\u00eb\u201d e p\u00ebrjetshme p\u00ebr n\u00ebnat e tre apo m\u00eb shum\u00eb f\u00ebmij\u00ebve"},"content":{"rendered":"<h4><a href=\"http:\/\/www.visit-ulcinj.com\/blog\/wp-content\/uploads\/2015\/11\/nenat-ne-mal-te-zi.jpg\"><img loading=\"lazy\" class=\"alignleft wp-image-93120\" src=\"http:\/\/www.visit-ulcinj.com\/blog\/wp-content\/uploads\/2015\/11\/nenat-ne-mal-te-zi.jpg\" alt=\"nenat ne mal-te-zi\" width=\"508\" height=\"285\" \/><\/a>Nga 1 janari 2016, n\u00ebnat e pun\u00ebsuara t\u00eb tre ose m\u00eb shum\u00eb f\u00ebmij\u00ebve n\u00eb Mal t\u00eb Zi, t\u00eb cilat kan\u00eb 25 apo 15 vjet t\u00eb sh\u00ebrbimit n\u00eb pun\u00eb, do t\u00eb marrin nj\u00eb asistenc\u00eb mujore.<\/h4>\n<p>Nga dita e par\u00eb t\u00eb vitit t\u00eb ardhsh\u00ebm do t\u00eb hyjn\u00eb n\u00eb fuqi ndryshimet dhe plot\u00ebsimet e Ligjit p\u00ebr mbrojtjen sociale dhe t\u00eb f\u00ebmij\u00ebve, nga ku do t\u00eb p\u00ebrfitojn\u00eb rreth pes\u00eb mij\u00eb gra n\u00eb Malin e Zi.<\/p>\n<p>Grat\u00eb q\u00eb i p\u00ebrmbushin kushtet e asistenc\u00ebs, do t\u00eb duhet t\u00eb vendosin n\u00eb mes t\u00eb pag\u00ebs dhe asistenc\u00ebs apo pensionit dhe asistenc\u00ebs. Kjo do t\u00eb thot\u00eb q\u00eb nuk mund t\u00eb merret rroga dhe asistenca, apo pensioni dhe asistenca.<\/p>\n<p>N\u00ebnat q\u00eb punojn\u00eb, q\u00eb kan\u00eb tre ose m\u00eb shum\u00eb f\u00ebmij\u00eb, t\u00eb cilat kan\u00eb 25 apo 15 vjet sh\u00ebrbim, do t\u00eb marrin asistenc\u00eb t\u00eb p\u00ebrjetshme n\u00eb vler\u00ebn 70 p\u00ebr qind t\u00eb pag\u00ebs neto mujore n\u00eb Mal t\u00eb Zi. Grat\u00eb q\u00eb kan\u00eb 15 vjet p\u00ebrvoj\u00eb kumulative pune dhe tre ose m\u00eb shum\u00eb f\u00ebmij\u00eb do t\u00eb marrin asistenc\u00eb prej 40 p\u00ebr qind t\u00eb t\u00eb ardhurave mesatare neto. Paga mesatare neto n\u00eb Mal t\u00eb Zi arrin n\u00eb 477 euro. Kjo do t\u00eb thot\u00eb se n\u00ebnat me tre ose m\u00eb shum\u00eb f\u00ebmij\u00eb do t\u00eb marrin 333 euro, apo 193 euro.<\/p>\n<p>Sipas t\u00eb dh\u00ebnave t\u00eb Entit t\u00eb Statistik\u00ebs s\u00eb Malit t\u00eb Zi (MONSTAT), aktualisht n\u00eb Mal t\u00eb Zi ka 3,140 gra me tre f\u00ebmij\u00eb, dhe rreth 1,560 me kat\u00ebr f\u00ebmij\u00eb.<\/p>\n<p>Nga ministria p\u00ebrkat\u00ebse nuk mund\u00ebn t\u00eb specifikojn\u00eb se sa para do t\u00eb nevojiten p\u00ebr ndarjen e asistencave mujore p\u00ebr n\u00ebnat me tre ose m\u00eb shum\u00eb f\u00ebmij\u00eb.<\/p>\n<p>Partia Liberale, m\u00eb par\u00eb kishin grumbulluar m\u00eb shum\u00eb se 6.000 n\u00ebnshkrimeve nga qytetar\u00ebt p\u00ebr nism\u00ebn p\u00ebr ndarjen e asistenc\u00ebs p\u00ebr n\u00ebnat.<\/p>\n<p>Koha Net<\/p>\n","protected":false},"excerpt":{"rendered":"<p>Nga 1 janari 2016, n\u00ebnat e pun\u00ebsuara t\u00eb tre ose m\u00eb shum\u00eb f\u00ebmij\u00ebve n\u00eb Mal t\u00eb Zi, t\u00eb cilat kan\u00eb 25 apo 15 vjet t\u00eb sh\u00ebrbimit n\u00eb pun\u00eb, do t\u00eb marrin nj\u00eb asistenc\u00eb mujore. Nga dita e par\u00eb t\u00eb vitit t\u00eb ardhsh\u00ebm do t\u00eb hyjn\u00eb n\u00eb fuqi ndryshimet dhe plot\u00ebsimet e Ligjit p\u00ebr mbrojtjen sociale [&hellip;]<\/p>\n","protected":false},"author":1,"featured_media":0,"comment_status":"closed","ping_status":"closed","sticky":false,"template":"","format":"standard","meta":{"spay_email":"","jetpack_publicize_message":"","jetpack_is_tweetstorm":false,"jetpack_publicize_feature_enabled":true},"categories":[13],"tags":[],"jetpack_publicize_connections":[],"yoast_head":"<!-- This site is optimized with the Yoast SEO plugin v19.1 - https:\/\/yoast.com\/wordpress\/plugins\/seo\/ -->\n<title>N\u00eb Mali t\u00eb Zi, \u201crrog\u00eb\u201d e p\u00ebrjetshme p\u00ebr n\u00ebnat e tre apo m\u00eb shum\u00eb f\u00ebmij\u00ebve - Lajme nga Ulqini<\/title>\n<meta name=\"description\" content=\"Nga 1 janari 2016, n\u00ebnat e pun\u00ebsuara t\u00eb tre ose m\u00eb shum\u00eb f\u00ebmij\u00ebve n\u00eb Mal t\u00eb Zi, t\u00eb cilat kan\u00eb 25 apo 15 vjet t\u00eb sh\u00ebrbimit n\u00eb pun\u00eb, do t\u00eb marrin nj\u00eb\" \/>\n<meta name=\"robots\" content=\"index, follow, max-snippet:-1, max-image-preview:large, max-video-preview:-1\" \/>\n<link rel=\"canonical\" href=\"https:\/\/www.visit-ulcinj.com\/blog\/2015\/11\/11\/ne-mali-te-zi-rroge-e-perjetshme-per-nenat-e-tre-apo-shume-femijeve\/\" \/>\n<meta property=\"og:locale\" content=\"en_US\" \/>\n<meta property=\"og:type\" content=\"article\" \/>\n<meta property=\"og:title\" content=\"N\u00eb Mali t\u00eb Zi, \u201crrog\u00eb\u201d e p\u00ebrjetshme p\u00ebr n\u00ebnat e tre apo m\u00eb shum\u00eb f\u00ebmij\u00ebve - Lajme nga Ulqini\" \/>\n<meta property=\"og:description\" content=\"Nga 1 janari 2016, n\u00ebnat e pun\u00ebsuara t\u00eb tre ose m\u00eb shum\u00eb f\u00ebmij\u00ebve n\u00eb Mal t\u00eb Zi, t\u00eb cilat kan\u00eb 25 apo 15 vjet t\u00eb sh\u00ebrbimit n\u00eb pun\u00eb, do t\u00eb marrin nj\u00eb\" \/>\n<meta property=\"og:url\" content=\"https:\/\/www.visit-ulcinj.com\/blog\/2015\/11\/11\/ne-mali-te-zi-rroge-e-perjetshme-per-nenat-e-tre-apo-shume-femijeve\/\" \/>\n<meta property=\"og:site_name\" content=\"Lajme nga Ulqini\" \/>\n<meta property=\"article:published_time\" content=\"2015-11-11T07:52:58+00:00\" \/>\n<meta property=\"og:image\" content=\"http:\/\/www.visit-ulcinj.com\/blog\/wp-content\/uploads\/2015\/11\/nenat-ne-mal-te-zi.jpg\" \/>\n<meta name=\"twitter:label1\" content=\"Written by\" \/>\n\t<meta name=\"twitter:data1\" content=\"ulqini\" \/>\n\t<meta name=\"twitter:label2\" content=\"Est. reading time\" \/>\n\t<meta name=\"twitter:data2\" content=\"2 minutes\" \/>\n<script type=\"application\/ld+json\" class=\"yoast-schema-graph\">{\"@context\":\"https:\/\/schema.org\",\"@graph\":[{\"@type\":\"WebSite\",\"@id\":\"https:\/\/www.visit-ulcinj.com\/blog\/#website\",\"url\":\"https:\/\/www.visit-ulcinj.com\/blog\/\",\"name\":\"Lajme nga Ulqini\",\"description\":\"Lajme,Vijesti,Ulqini,Ulqin,Crna Gora,Mali i Zi\",\"potentialAction\":[{\"@type\":\"SearchAction\",\"target\":{\"@type\":\"EntryPoint\",\"urlTemplate\":\"https:\/\/www.visit-ulcinj.com\/blog\/?s={search_term_string}\"},\"query-input\":\"required name=search_term_string\"}],\"inLanguage\":\"en-US\"},{\"@type\":\"ImageObject\",\"inLanguage\":\"en-US\",\"@id\":\"https:\/\/www.visit-ulcinj.com\/blog\/2015\/11\/11\/ne-mali-te-zi-rroge-e-perjetshme-per-nenat-e-tre-apo-shume-femijeve\/#primaryimage\",\"url\":\"http:\/\/www.visit-ulcinj.com\/blog\/wp-content\/uploads\/2015\/11\/nenat-ne-mal-te-zi.jpg\",\"contentUrl\":\"http:\/\/www.visit-ulcinj.com\/blog\/wp-content\/uploads\/2015\/11\/nenat-ne-mal-te-zi.jpg\"},{\"@type\":\"WebPage\",\"@id\":\"https:\/\/www.visit-ulcinj.com\/blog\/2015\/11\/11\/ne-mali-te-zi-rroge-e-perjetshme-per-nenat-e-tre-apo-shume-femijeve\/#webpage\",\"url\":\"https:\/\/www.visit-ulcinj.com\/blog\/2015\/11\/11\/ne-mali-te-zi-rroge-e-perjetshme-per-nenat-e-tre-apo-shume-femijeve\/\",\"name\":\"N\u00eb Mali t\u00eb Zi, \u201crrog\u00eb\u201d e p\u00ebrjetshme p\u00ebr n\u00ebnat e tre apo m\u00eb shum\u00eb f\u00ebmij\u00ebve - Lajme nga Ulqini\",\"isPartOf\":{\"@id\":\"https:\/\/www.visit-ulcinj.com\/blog\/#website\"},\"primaryImageOfPage\":{\"@id\":\"https:\/\/www.visit-ulcinj.com\/blog\/2015\/11\/11\/ne-mali-te-zi-rroge-e-perjetshme-per-nenat-e-tre-apo-shume-femijeve\/#primaryimage\"},\"datePublished\":\"2015-11-11T07:52:58+00:00\",\"dateModified\":\"2015-11-11T07:52:58+00:00\",\"author\":{\"@id\":\"https:\/\/www.visit-ulcinj.com\/blog\/#\/schema\/person\/dcab619c614d3038751c63bc2aadc06d\"},\"description\":\"Nga 1 janari 2016, n\u00ebnat e pun\u00ebsuara t\u00eb tre ose m\u00eb shum\u00eb f\u00ebmij\u00ebve n\u00eb Mal t\u00eb Zi, t\u00eb cilat kan\u00eb 25 apo 15 vjet t\u00eb sh\u00ebrbimit n\u00eb pun\u00eb, do t\u00eb marrin nj\u00eb\",\"breadcrumb\":{\"@id\":\"https:\/\/www.visit-ulcinj.com\/blog\/2015\/11\/11\/ne-mali-te-zi-rroge-e-perjetshme-per-nenat-e-tre-apo-shume-femijeve\/#breadcrumb\"},\"inLanguage\":\"en-US\",\"potentialAction\":[{\"@type\":\"ReadAction\",\"target\":[\"https:\/\/www.visit-ulcinj.com\/blog\/2015\/11\/11\/ne-mali-te-zi-rroge-e-perjetshme-per-nenat-e-tre-apo-shume-femijeve\/\"]}]},{\"@type\":\"BreadcrumbList\",\"@id\":\"https:\/\/www.visit-ulcinj.com\/blog\/2015\/11\/11\/ne-mali-te-zi-rroge-e-perjetshme-per-nenat-e-tre-apo-shume-femijeve\/#breadcrumb\",\"itemListElement\":[{\"@type\":\"ListItem\",\"position\":1,\"name\":\"N\u00eb Mali t\u00eb Zi, \u201crrog\u00eb\u201d e p\u00ebrjetshme p\u00ebr n\u00ebnat e tre apo m\u00eb shum\u00eb f\u00ebmij\u00ebve\"}]},{\"@type\":\"Person\",\"@id\":\"https:\/\/www.visit-ulcinj.com\/blog\/#\/schema\/person\/dcab619c614d3038751c63bc2aadc06d\",\"name\":\"ulqini\",\"sameAs\":[\"http:\/\/www.visit-ulcinj.com\"],\"url\":\"https:\/\/www.visit-ulcinj.com\/blog\/author\/admin\/\"}]}<\/script>\n<!-- \/ Yoast SEO plugin. -->","yoast_head_json":{"title":"N\u00eb Mali t\u00eb Zi, \u201crrog\u00eb\u201d e p\u00ebrjetshme p\u00ebr n\u00ebnat e tre apo m\u00eb shum\u00eb f\u00ebmij\u00ebve - Lajme nga Ulqini","description":"Nga 1 janari 2016, n\u00ebnat e pun\u00ebsuara t\u00eb tre ose m\u00eb shum\u00eb f\u00ebmij\u00ebve n\u00eb Mal t\u00eb Zi, t\u00eb cilat kan\u00eb 25 apo 15 vjet t\u00eb sh\u00ebrbimit n\u00eb pun\u00eb, do t\u00eb marrin nj\u00eb","robots":{"index":"index","follow":"follow","max-snippet":"max-snippet:-1","max-image-preview":"max-image-preview:large","max-video-preview":"max-video-preview:-1"},"canonical":"https:\/\/www.visit-ulcinj.com\/blog\/2015\/11\/11\/ne-mali-te-zi-rroge-e-perjetshme-per-nenat-e-tre-apo-shume-femijeve\/","og_locale":"en_US","og_type":"article","og_title":"N\u00eb Mali t\u00eb Zi, \u201crrog\u00eb\u201d e p\u00ebrjetshme p\u00ebr n\u00ebnat e tre apo m\u00eb shum\u00eb f\u00ebmij\u00ebve - Lajme nga Ulqini","og_description":"Nga 1 janari 2016, n\u00ebnat e pun\u00ebsuara t\u00eb tre ose m\u00eb shum\u00eb f\u00ebmij\u00ebve n\u00eb Mal t\u00eb Zi, t\u00eb cilat kan\u00eb 25 apo 15 vjet t\u00eb sh\u00ebrbimit n\u00eb pun\u00eb, do t\u00eb marrin nj\u00eb","og_url":"https:\/\/www.visit-ulcinj.com\/blog\/2015\/11\/11\/ne-mali-te-zi-rroge-e-perjetshme-per-nenat-e-tre-apo-shume-femijeve\/","og_site_name":"Lajme nga Ulqini","article_published_time":"2015-11-11T07:52:58+00:00","og_image":[{"url":"http:\/\/www.visit-ulcinj.com\/blog\/wp-content\/uploads\/2015\/11\/nenat-ne-mal-te-zi.jpg"}],"twitter_misc":{"Written by":"ulqini","Est. reading time":"2 minutes"},"schema":{"@context":"https:\/\/schema.org","@graph":[{"@type":"WebSite","@id":"https:\/\/www.visit-ulcinj.com\/blog\/#website","url":"https:\/\/www.visit-ulcinj.com\/blog\/","name":"Lajme nga Ulqini","description":"Lajme,Vijesti,Ulqini,Ulqin,Crna Gora,Mali i Zi","potentialAction":[{"@type":"SearchAction","target":{"@type":"EntryPoint","urlTemplate":"https:\/\/www.visit-ulcinj.com\/blog\/?s={search_term_string}"},"query-input":"required name=search_term_string"}],"inLanguage":"en-US"},{"@type":"ImageObject","inLanguage":"en-US","@id":"https:\/\/www.visit-ulcinj.com\/blog\/2015\/11\/11\/ne-mali-te-zi-rroge-e-perjetshme-per-nenat-e-tre-apo-shume-femijeve\/#primaryimage","url":"http:\/\/www.visit-ulcinj.com\/blog\/wp-content\/uploads\/2015\/11\/nenat-ne-mal-te-zi.jpg","contentUrl":"http:\/\/www.visit-ulcinj.com\/blog\/wp-content\/uploads\/2015\/11\/nenat-ne-mal-te-zi.jpg"},{"@type":"WebPage","@id":"https:\/\/www.visit-ulcinj.com\/blog\/2015\/11\/11\/ne-mali-te-zi-rroge-e-perjetshme-per-nenat-e-tre-apo-shume-femijeve\/#webpage","url":"https:\/\/www.visit-ulcinj.com\/blog\/2015\/11\/11\/ne-mali-te-zi-rroge-e-perjetshme-per-nenat-e-tre-apo-shume-femijeve\/","name":"N\u00eb Mali t\u00eb Zi, \u201crrog\u00eb\u201d e p\u00ebrjetshme p\u00ebr n\u00ebnat e tre apo m\u00eb shum\u00eb f\u00ebmij\u00ebve - Lajme nga Ulqini","isPartOf":{"@id":"https:\/\/www.visit-ulcinj.com\/blog\/#website"},"primaryImageOfPage":{"@id":"https:\/\/www.visit-ulcinj.com\/blog\/2015\/11\/11\/ne-mali-te-zi-rroge-e-perjetshme-per-nenat-e-tre-apo-shume-femijeve\/#primaryimage"},"datePublished":"2015-11-11T07:52:58+00:00","dateModified":"2015-11-11T07:52:58+00:00","author":{"@id":"https:\/\/www.visit-ulcinj.com\/blog\/#\/schema\/person\/dcab619c614d3038751c63bc2aadc06d"},"description":"Nga 1 janari 2016, n\u00ebnat e pun\u00ebsuara t\u00eb tre ose m\u00eb shum\u00eb f\u00ebmij\u00ebve n\u00eb Mal t\u00eb Zi, t\u00eb cilat kan\u00eb 25 apo 15 vjet t\u00eb sh\u00ebrbimit n\u00eb pun\u00eb, do t\u00eb marrin nj\u00eb","breadcrumb":{"@id":"https:\/\/www.visit-ulcinj.com\/blog\/2015\/11\/11\/ne-mali-te-zi-rroge-e-perjetshme-per-nenat-e-tre-apo-shume-femijeve\/#breadcrumb"},"inLanguage":"en-US","potentialAction":[{"@type":"ReadAction","target":["https:\/\/www.visit-ulcinj.com\/blog\/2015\/11\/11\/ne-mali-te-zi-rroge-e-perjetshme-per-nenat-e-tre-apo-shume-femijeve\/"]}]},{"@type":"BreadcrumbList","@id":"https:\/\/www.visit-ulcinj.com\/blog\/2015\/11\/11\/ne-mali-te-zi-rroge-e-perjetshme-per-nenat-e-tre-apo-shume-femijeve\/#breadcrumb","itemListElement":[{"@type":"ListItem","position":1,"name":"N\u00eb Mali t\u00eb Zi, \u201crrog\u00eb\u201d e p\u00ebrjetshme p\u00ebr n\u00ebnat e tre apo m\u00eb shum\u00eb f\u00ebmij\u00ebve"}]},{"@type":"Person","@id":"https:\/\/www.visit-ulcinj.com\/blog\/#\/schema\/person\/dcab619c614d3038751c63bc2aadc06d","name":"ulqini","sameAs":["http:\/\/www.visit-ulcinj.com"],"url":"https:\/\/www.visit-ulcinj.com\/blog\/author\/admin\/"}]}},"jetpack_featured_media_url":"","jetpack_sharing_enabled":true,"jetpack_shortlink":"https:\/\/wp.me\/pe6lTn-odV","_links":{"self":[{"href":"https:\/\/www.visit-ulcinj.com\/blog\/wp-json\/wp\/v2\/posts\/93119"}],"collection":[{"href":"https:\/\/www.visit-ulcinj.com\/blog\/wp-json\/wp\/v2\/posts"}],"about":[{"href":"https:\/\/www.visit-ulcinj.com\/blog\/wp-json\/wp\/v2\/types\/post"}],"author":[{"embeddable":true,"href":"https:\/\/www.visit-ulcinj.com\/blog\/wp-json\/wp\/v2\/users\/1"}],"replies":[{"embeddable":true,"href":"https:\/\/www.visit-ulcinj.com\/blog\/wp-json\/wp\/v2\/comments?post=93119"}],"version-history":[{"count":1,"href":"https:\/\/www.visit-ulcinj.com\/blog\/wp-json\/wp\/v2\/posts\/93119\/revisions"}],"predecessor-version":[{"id":93121,"href":"https:\/\/www.visit-ulcinj.com\/blog\/wp-json\/wp\/v2\/posts\/93119\/revisions\/93121"}],"wp:attachment":[{"href":"https:\/\/www.visit-ulcinj.com\/blog\/wp-json\/wp\/v2\/media?parent=93119"}],"wp:term":[{"taxonomy":"category","embeddable":true,"href":"https:\/\/www.visit-ulcinj.com\/blog\/wp-json\/wp\/v2\/categories?post=93119"},{"taxonomy":"post_tag","embeddable":true,"href":"https:\/\/www.visit-ulcinj.com\/blog\/wp-json\/wp\/v2\/tags?post=93119"}],"curies":[{"name":"wp","href":"https:\/\/api.w.org\/{rel}","templated":true}]}}