{"id":93139,"date":"2015-11-11T20:55:06","date_gmt":"2015-11-11T19:55:06","guid":{"rendered":"http:\/\/www.visit-ulcinj.com\/blog\/?p=93139"},"modified":"2015-11-11T20:55:06","modified_gmt":"2015-11-11T19:55:06","slug":"fondacioni-studenti-garat-e-recituesve-te-rinj-2015","status":"publish","type":"post","link":"https:\/\/www.visit-ulcinj.com\/blog\/2015\/11\/11\/fondacioni-studenti-garat-e-recituesve-te-rinj-2015\/","title":{"rendered":"Fondacioni &#8220;Studenti&#8221; &#8211; Garat e recituesve te rinj 2015"},"content":{"rendered":"<p><a href=\"http:\/\/www.visit-ulcinj.com\/blog\/wp-content\/uploads\/2014\/11\/Garat-e-recituesve-te-rinj-2014.jpg\"><img loading=\"lazy\" class=\"alignleft wp-image-86036\" src=\"http:\/\/www.visit-ulcinj.com\/blog\/wp-content\/uploads\/2014\/11\/Garat-e-recituesve-te-rinj-2014.jpg\" alt=\"Garat e recituesve te rinj 2014\" width=\"508\" height=\"338\" srcset=\"https:\/\/www.visit-ulcinj.com\/blog\/wp-content\/uploads\/2014\/11\/Garat-e-recituesve-te-rinj-2014.jpg 960w, https:\/\/www.visit-ulcinj.com\/blog\/wp-content\/uploads\/2014\/11\/Garat-e-recituesve-te-rinj-2014-300x199.jpg 300w\" sizes=\"(max-width: 508px) 100vw, 508px\" \/><\/a>T\u00eb nderuar,<\/p>\n<p>Fondacioni \u201cStudenti\u201d do t\u00eb organizoj\u00eb \u201cGarat e recituesve t\u00eb rinj 2015\u201d p\u00ebr shkollat n\u00eb gjuh\u00ebn shqipe n\u00eb Malin e Zi, t\u00eb shtun\u00ebn, m\u00eb 14 n\u00ebntor 2015, n\u00eb or\u00ebn 18.00, n\u00eb Galerin\u00eb e Arteve t\u00eb Qendr\u00ebs s\u00eb Kultur\u00ebs \u2013 Ulqin.<\/p>\n<p>Ju ftojm\u00eb q\u00eb t\u00eb merrni pjes\u00eb<\/p>\n<p>&nbsp;<\/p>\n<p>Gjith\u00eb t\u00eb mirat,<\/p>\n<p>Hajredin Kova\u00e7i<\/p>\n<p><a href=\"tel:069%20034%20288\">069 034 288<\/a><\/p>\n<p><a href=\"mailto:fondacioni_studenti@hotmail.com\">fondacioni_studenti@hotmail.com<\/a><\/p>\n<p><a href=\"mailto:hkovaci@hotmail.com\">hkovaci@hotmail.com<\/a><\/p>\n","protected":false},"excerpt":{"rendered":"<p>T\u00eb nderuar, Fondacioni \u201cStudenti\u201d do t\u00eb organizoj\u00eb \u201cGarat e recituesve t\u00eb rinj 2015\u201d p\u00ebr shkollat n\u00eb gjuh\u00ebn shqipe n\u00eb Malin e Zi, t\u00eb shtun\u00ebn, m\u00eb 14 n\u00ebntor 2015, n\u00eb or\u00ebn 18.00, n\u00eb Galerin\u00eb e Arteve t\u00eb Qendr\u00ebs s\u00eb Kultur\u00ebs \u2013 Ulqin. Ju ftojm\u00eb q\u00eb t\u00eb merrni pjes\u00eb &nbsp; Gjith\u00eb t\u00eb mirat, Hajredin Kova\u00e7i 069 034 [&hellip;]<\/p>\n","protected":false},"author":1,"featured_media":0,"comment_status":"closed","ping_status":"closed","sticky":false,"template":"","format":"standard","meta":{"spay_email":"","jetpack_publicize_message":"","jetpack_is_tweetstorm":false,"jetpack_publicize_feature_enabled":true},"categories":[6950],"tags":[],"jetpack_publicize_connections":[],"yoast_head":"<!-- This site is optimized with the Yoast SEO plugin v19.1 - https:\/\/yoast.com\/wordpress\/plugins\/seo\/ -->\n<title>Fondacioni &quot;Studenti&quot; - Garat e recituesve te rinj 2015 - Lajme nga Ulqini<\/title>\n<meta name=\"description\" content=\"T\u00eb nderuar, Fondacioni \u201cStudenti\u201d do t\u00eb organizoj\u00eb \u201cGarat e recituesve t\u00eb rinj 2015\u201d p\u00ebr shkollat n\u00eb gjuh\u00ebn shqipe n\u00eb Malin e Zi, t\u00eb shtun\u00ebn, m\u00eb 14 n\u00ebntor\" \/>\n<meta name=\"robots\" content=\"index, follow, max-snippet:-1, max-image-preview:large, max-video-preview:-1\" \/>\n<link rel=\"canonical\" href=\"https:\/\/www.visit-ulcinj.com\/blog\/2015\/11\/11\/fondacioni-studenti-garat-e-recituesve-te-rinj-2015\/\" \/>\n<meta property=\"og:locale\" content=\"en_US\" \/>\n<meta property=\"og:type\" content=\"article\" \/>\n<meta property=\"og:title\" content=\"Fondacioni &quot;Studenti&quot; - Garat e recituesve te rinj 2015 - Lajme nga Ulqini\" \/>\n<meta property=\"og:description\" content=\"T\u00eb nderuar, Fondacioni \u201cStudenti\u201d do t\u00eb organizoj\u00eb \u201cGarat e recituesve t\u00eb rinj 2015\u201d p\u00ebr shkollat n\u00eb gjuh\u00ebn shqipe n\u00eb Malin e Zi, t\u00eb shtun\u00ebn, m\u00eb 14 n\u00ebntor\" \/>\n<meta property=\"og:url\" content=\"https:\/\/www.visit-ulcinj.com\/blog\/2015\/11\/11\/fondacioni-studenti-garat-e-recituesve-te-rinj-2015\/\" \/>\n<meta property=\"og:site_name\" content=\"Lajme nga Ulqini\" \/>\n<meta property=\"article:published_time\" content=\"2015-11-11T19:55:06+00:00\" \/>\n<meta property=\"og:image\" content=\"http:\/\/www.visit-ulcinj.com\/blog\/wp-content\/uploads\/2014\/11\/Garat-e-recituesve-te-rinj-2014.jpg\" \/>\n<meta name=\"twitter:label1\" content=\"Written by\" \/>\n\t<meta name=\"twitter:data1\" content=\"ulqini\" \/>\n<script type=\"application\/ld+json\" class=\"yoast-schema-graph\">{\"@context\":\"https:\/\/schema.org\",\"@graph\":[{\"@type\":\"WebSite\",\"@id\":\"https:\/\/www.visit-ulcinj.com\/blog\/#website\",\"url\":\"https:\/\/www.visit-ulcinj.com\/blog\/\",\"name\":\"Lajme nga Ulqini\",\"description\":\"Lajme,Vijesti,Ulqini,Ulqin,Crna Gora,Mali i Zi\",\"potentialAction\":[{\"@type\":\"SearchAction\",\"target\":{\"@type\":\"EntryPoint\",\"urlTemplate\":\"https:\/\/www.visit-ulcinj.com\/blog\/?s={search_term_string}\"},\"query-input\":\"required name=search_term_string\"}],\"inLanguage\":\"en-US\"},{\"@type\":\"ImageObject\",\"inLanguage\":\"en-US\",\"@id\":\"https:\/\/www.visit-ulcinj.com\/blog\/2015\/11\/11\/fondacioni-studenti-garat-e-recituesve-te-rinj-2015\/#primaryimage\",\"url\":\"https:\/\/www.visit-ulcinj.com\/blog\/wp-content\/uploads\/2014\/11\/Garat-e-recituesve-te-rinj-2014.jpg\",\"contentUrl\":\"https:\/\/www.visit-ulcinj.com\/blog\/wp-content\/uploads\/2014\/11\/Garat-e-recituesve-te-rinj-2014.jpg\",\"width\":960,\"height\":639},{\"@type\":\"WebPage\",\"@id\":\"https:\/\/www.visit-ulcinj.com\/blog\/2015\/11\/11\/fondacioni-studenti-garat-e-recituesve-te-rinj-2015\/#webpage\",\"url\":\"https:\/\/www.visit-ulcinj.com\/blog\/2015\/11\/11\/fondacioni-studenti-garat-e-recituesve-te-rinj-2015\/\",\"name\":\"Fondacioni \\\"Studenti\\\" - Garat e recituesve te rinj 2015 - Lajme nga Ulqini\",\"isPartOf\":{\"@id\":\"https:\/\/www.visit-ulcinj.com\/blog\/#website\"},\"primaryImageOfPage\":{\"@id\":\"https:\/\/www.visit-ulcinj.com\/blog\/2015\/11\/11\/fondacioni-studenti-garat-e-recituesve-te-rinj-2015\/#primaryimage\"},\"datePublished\":\"2015-11-11T19:55:06+00:00\",\"dateModified\":\"2015-11-11T19:55:06+00:00\",\"author\":{\"@id\":\"https:\/\/www.visit-ulcinj.com\/blog\/#\/schema\/person\/dcab619c614d3038751c63bc2aadc06d\"},\"description\":\"T\u00eb nderuar, Fondacioni \u201cStudenti\u201d do t\u00eb organizoj\u00eb \u201cGarat e recituesve t\u00eb rinj 2015\u201d p\u00ebr shkollat n\u00eb gjuh\u00ebn shqipe n\u00eb Malin e Zi, t\u00eb shtun\u00ebn, m\u00eb 14 n\u00ebntor\",\"breadcrumb\":{\"@id\":\"https:\/\/www.visit-ulcinj.com\/blog\/2015\/11\/11\/fondacioni-studenti-garat-e-recituesve-te-rinj-2015\/#breadcrumb\"},\"inLanguage\":\"en-US\",\"potentialAction\":[{\"@type\":\"ReadAction\",\"target\":[\"https:\/\/www.visit-ulcinj.com\/blog\/2015\/11\/11\/fondacioni-studenti-garat-e-recituesve-te-rinj-2015\/\"]}]},{\"@type\":\"BreadcrumbList\",\"@id\":\"https:\/\/www.visit-ulcinj.com\/blog\/2015\/11\/11\/fondacioni-studenti-garat-e-recituesve-te-rinj-2015\/#breadcrumb\",\"itemListElement\":[{\"@type\":\"ListItem\",\"position\":1,\"name\":\"Fondacioni &#8220;Studenti&#8221; &#8211; Garat e recituesve te rinj 2015\"}]},{\"@type\":\"Person\",\"@id\":\"https:\/\/www.visit-ulcinj.com\/blog\/#\/schema\/person\/dcab619c614d3038751c63bc2aadc06d\",\"name\":\"ulqini\",\"sameAs\":[\"http:\/\/www.visit-ulcinj.com\"],\"url\":\"https:\/\/www.visit-ulcinj.com\/blog\/author\/admin\/\"}]}<\/script>\n<!-- \/ Yoast SEO plugin. -->","yoast_head_json":{"title":"Fondacioni \"Studenti\" - Garat e recituesve te rinj 2015 - Lajme nga Ulqini","description":"T\u00eb nderuar, Fondacioni \u201cStudenti\u201d do t\u00eb organizoj\u00eb \u201cGarat e recituesve t\u00eb rinj 2015\u201d p\u00ebr shkollat n\u00eb gjuh\u00ebn shqipe n\u00eb Malin e Zi, t\u00eb shtun\u00ebn, m\u00eb 14 n\u00ebntor","robots":{"index":"index","follow":"follow","max-snippet":"max-snippet:-1","max-image-preview":"max-image-preview:large","max-video-preview":"max-video-preview:-1"},"canonical":"https:\/\/www.visit-ulcinj.com\/blog\/2015\/11\/11\/fondacioni-studenti-garat-e-recituesve-te-rinj-2015\/","og_locale":"en_US","og_type":"article","og_title":"Fondacioni \"Studenti\" - Garat e recituesve te rinj 2015 - Lajme nga Ulqini","og_description":"T\u00eb nderuar, Fondacioni \u201cStudenti\u201d do t\u00eb organizoj\u00eb \u201cGarat e recituesve t\u00eb rinj 2015\u201d p\u00ebr shkollat n\u00eb gjuh\u00ebn shqipe n\u00eb Malin e Zi, t\u00eb shtun\u00ebn, m\u00eb 14 n\u00ebntor","og_url":"https:\/\/www.visit-ulcinj.com\/blog\/2015\/11\/11\/fondacioni-studenti-garat-e-recituesve-te-rinj-2015\/","og_site_name":"Lajme nga Ulqini","article_published_time":"2015-11-11T19:55:06+00:00","og_image":[{"url":"http:\/\/www.visit-ulcinj.com\/blog\/wp-content\/uploads\/2014\/11\/Garat-e-recituesve-te-rinj-2014.jpg"}],"twitter_misc":{"Written by":"ulqini"},"schema":{"@context":"https:\/\/schema.org","@graph":[{"@type":"WebSite","@id":"https:\/\/www.visit-ulcinj.com\/blog\/#website","url":"https:\/\/www.visit-ulcinj.com\/blog\/","name":"Lajme nga Ulqini","description":"Lajme,Vijesti,Ulqini,Ulqin,Crna Gora,Mali i Zi","potentialAction":[{"@type":"SearchAction","target":{"@type":"EntryPoint","urlTemplate":"https:\/\/www.visit-ulcinj.com\/blog\/?s={search_term_string}"},"query-input":"required name=search_term_string"}],"inLanguage":"en-US"},{"@type":"ImageObject","inLanguage":"en-US","@id":"https:\/\/www.visit-ulcinj.com\/blog\/2015\/11\/11\/fondacioni-studenti-garat-e-recituesve-te-rinj-2015\/#primaryimage","url":"https:\/\/www.visit-ulcinj.com\/blog\/wp-content\/uploads\/2014\/11\/Garat-e-recituesve-te-rinj-2014.jpg","contentUrl":"https:\/\/www.visit-ulcinj.com\/blog\/wp-content\/uploads\/2014\/11\/Garat-e-recituesve-te-rinj-2014.jpg","width":960,"height":639},{"@type":"WebPage","@id":"https:\/\/www.visit-ulcinj.com\/blog\/2015\/11\/11\/fondacioni-studenti-garat-e-recituesve-te-rinj-2015\/#webpage","url":"https:\/\/www.visit-ulcinj.com\/blog\/2015\/11\/11\/fondacioni-studenti-garat-e-recituesve-te-rinj-2015\/","name":"Fondacioni \"Studenti\" - Garat e recituesve te rinj 2015 - Lajme nga Ulqini","isPartOf":{"@id":"https:\/\/www.visit-ulcinj.com\/blog\/#website"},"primaryImageOfPage":{"@id":"https:\/\/www.visit-ulcinj.com\/blog\/2015\/11\/11\/fondacioni-studenti-garat-e-recituesve-te-rinj-2015\/#primaryimage"},"datePublished":"2015-11-11T19:55:06+00:00","dateModified":"2015-11-11T19:55:06+00:00","author":{"@id":"https:\/\/www.visit-ulcinj.com\/blog\/#\/schema\/person\/dcab619c614d3038751c63bc2aadc06d"},"description":"T\u00eb nderuar, Fondacioni \u201cStudenti\u201d do t\u00eb organizoj\u00eb \u201cGarat e recituesve t\u00eb rinj 2015\u201d p\u00ebr shkollat n\u00eb gjuh\u00ebn shqipe n\u00eb Malin e Zi, t\u00eb shtun\u00ebn, m\u00eb 14 n\u00ebntor","breadcrumb":{"@id":"https:\/\/www.visit-ulcinj.com\/blog\/2015\/11\/11\/fondacioni-studenti-garat-e-recituesve-te-rinj-2015\/#breadcrumb"},"inLanguage":"en-US","potentialAction":[{"@type":"ReadAction","target":["https:\/\/www.visit-ulcinj.com\/blog\/2015\/11\/11\/fondacioni-studenti-garat-e-recituesve-te-rinj-2015\/"]}]},{"@type":"BreadcrumbList","@id":"https:\/\/www.visit-ulcinj.com\/blog\/2015\/11\/11\/fondacioni-studenti-garat-e-recituesve-te-rinj-2015\/#breadcrumb","itemListElement":[{"@type":"ListItem","position":1,"name":"Fondacioni &#8220;Studenti&#8221; &#8211; Garat e recituesve te rinj 2015"}]},{"@type":"Person","@id":"https:\/\/www.visit-ulcinj.com\/blog\/#\/schema\/person\/dcab619c614d3038751c63bc2aadc06d","name":"ulqini","sameAs":["http:\/\/www.visit-ulcinj.com"],"url":"https:\/\/www.visit-ulcinj.com\/blog\/author\/admin\/"}]}},"jetpack_featured_media_url":"","jetpack_sharing_enabled":true,"jetpack_shortlink":"https:\/\/wp.me\/pe6lTn-oef","_links":{"self":[{"href":"https:\/\/www.visit-ulcinj.com\/blog\/wp-json\/wp\/v2\/posts\/93139"}],"collection":[{"href":"https:\/\/www.visit-ulcinj.com\/blog\/wp-json\/wp\/v2\/posts"}],"about":[{"href":"https:\/\/www.visit-ulcinj.com\/blog\/wp-json\/wp\/v2\/types\/post"}],"author":[{"embeddable":true,"href":"https:\/\/www.visit-ulcinj.com\/blog\/wp-json\/wp\/v2\/users\/1"}],"replies":[{"embeddable":true,"href":"https:\/\/www.visit-ulcinj.com\/blog\/wp-json\/wp\/v2\/comments?post=93139"}],"version-history":[{"count":1,"href":"https:\/\/www.visit-ulcinj.com\/blog\/wp-json\/wp\/v2\/posts\/93139\/revisions"}],"predecessor-version":[{"id":93140,"href":"https:\/\/www.visit-ulcinj.com\/blog\/wp-json\/wp\/v2\/posts\/93139\/revisions\/93140"}],"wp:attachment":[{"href":"https:\/\/www.visit-ulcinj.com\/blog\/wp-json\/wp\/v2\/media?parent=93139"}],"wp:term":[{"taxonomy":"category","embeddable":true,"href":"https:\/\/www.visit-ulcinj.com\/blog\/wp-json\/wp\/v2\/categories?post=93139"},{"taxonomy":"post_tag","embeddable":true,"href":"https:\/\/www.visit-ulcinj.com\/blog\/wp-json\/wp\/v2\/tags?post=93139"}],"curies":[{"name":"wp","href":"https:\/\/api.w.org\/{rel}","templated":true}]}}