{"id":93141,"date":"2015-11-11T21:20:32","date_gmt":"2015-11-11T20:20:32","guid":{"rendered":"http:\/\/www.visit-ulcinj.com\/blog\/?p=93141"},"modified":"2015-11-11T21:20:32","modified_gmt":"2015-11-11T20:20:32","slug":"forca-deka-se-ponasa-neodgovorno","status":"publish","type":"post","link":"https:\/\/www.visit-ulcinj.com\/blog\/2015\/11\/11\/forca-deka-se-ponasa-neodgovorno\/","title":{"rendered":"Forca: \u0110eka se pona\u0161a neodgovorno"},"content":{"rendered":"<p><span class=\"tekstcijeli\"><span class=\"kapital\"><a href=\"http:\/\/www.visit-ulcinj.com\/blog\/wp-content\/uploads\/2015\/11\/Nazif-Cungu-Fatmir-Gjeka.jpg\"><img loading=\"lazy\" class=\"alignleft wp-image-93142\" src=\"http:\/\/www.visit-ulcinj.com\/blog\/wp-content\/uploads\/2015\/11\/Nazif-Cungu-Fatmir-Gjeka.jpg\" alt=\"Nazif-Cungu-Fatmir-Gjeka\" width=\"508\" height=\"426\" srcset=\"https:\/\/www.visit-ulcinj.com\/blog\/wp-content\/uploads\/2015\/11\/Nazif-Cungu-Fatmir-Gjeka.jpg 572w, https:\/\/www.visit-ulcinj.com\/blog\/wp-content\/uploads\/2015\/11\/Nazif-Cungu-Fatmir-Gjeka-300x252.jpg 300w\" sizes=\"(max-width: 508px) 100vw, 508px\" \/><\/a>U<\/span>L\u00adCINj &#8211; Me\u00addij\u00adsko zah\u00adti\u00adje\u00adva\u00adnje kon\u00adsen\u00adzu\u00adsa za sa\u00adna\u00adci\u00ado\u00adni plan bez pret\u00adhod\u00adnog di\u00adrekt\u00adnog uklju\u00ad\u010di\u00adva\u00adnja ko\u00ada\u00adli\u00adci\u00ado\u00adnog part\u00adne\u00adra u pro\u00adces pri\u00adpre\u00adma\u00adnja i do\u00adno\u00ad\u0161e\u00adnja od\u00adlu\u00adke dio je po\u00adli\u00adti\u010d\u00adke igre Fat\u00admi\u00adra \u0110e\u00adke, ko\u00adjom u jav\u00adno\u00adsti po\u00adku\u00ad\u0161a\u00adva da od\u00adgo\u00advor\u00adnost za even\u00adtu\u00adal\u00adne pro\u00adpu\u00adste pri\u00adpi\u00ad\u0161e For\u00adci, sa\u00adop\u00ad\u0161te\u00adno je ju\u00ad\u010de iz te par\u00adti\u00adje. U re\u00ada\u00adgo\u00adva\u00adnju tim po\u00advo\u00addom na\u00advo\u00addi se da je \u201epred\u00adsjed\u00adnik Op\u00ad\u0161ti\u00adne Fat\u00admir \u0110e\u00adka pre\u00adko me\u00addi\u00adja po\u00adslao ko\u00ada\u00adli\u00adci\u00ado\u00adnim part\u00adne\u00adri\u00adma po\u00adziv za kon\u00adsen\u00adzus po pi\u00adta\u00adnju Sa\u00adna\u00adci\u00ado\u00adnog pla\u00adna ko\u00adji pod\u00adra\u00adzu\u00admi\u00adje\u00adva kre\u00addit\u00adno za\u00addu\u00ad\u017ee\u00adnje u iz\u00adno\u00adsu od 5,5 mi\u00adli\u00ado\u00adna eura\u201c.<br \/>\n-Ti\u00adme ostva\u00adru\u00adje kon\u00adti\u00adnu\u00adi\u00adtet ar\u00adbi\u00adtrar\u00adnog od\u00adno\u00adsa pre\u00adma ko\u00ada\u00adli\u00adci\u00ado\u00adnom spo\u00adra\u00adzu\u00admu i pre\u00adma ko\u00ada\u00adli\u00adci\u00ado\u00adnim part\u00adne\u00adri\u00adma, a po\u00adseb\u00adno pre\u00adma For\u00adci, ko\u00adja je bi\u00adla od\u00adlu\u00ad\u010du\u00adju\u00ad\u0107a po\u00adli\u00adti\u010d\u00adka sna\u00adga u do\u00adno\u00ad\u0161e\u00adnju od\u00adlu\u00adke, ko\u00adja mu je omo\u00adgu\u00ad\u0107i\u00adla da bu\u00adde iza\u00adbran na mje\u00adsto pred\u00adsjed\u00adni\u00adka Op\u00ad\u0161ti\u00adne. To je u stva\u00adri na\u00adsta\u00advak \u0110e\u00adki\u00adnog neo\u00add\u00adgo\u00advor\u00adnog po\u00adna\u00ad\u0161a\u00adnja pre\u00adma For\u00adci, kao \u0161to je bio slu\u00ad\u010daj neo\u00add\u00adgo\u00advor\u00adnog od\u00adno\u00adsa pre\u00adma pro\u00adble\u00admu lif\u00adta u Sta\u00adrom gra\u00addu. Kao glav\u00adni ko\u00ada\u00adli\u00adci\u00ado\u00adni par\u00adner, sa\u00adda i i mi pre\u00adko me\u00addi\u00adja pi\u00adta\u00admo \u0110e\u00adku o \u010de\u00admu se ra\u00addi &#8211; na\u00advo\u00addi se u re\u00ada\u00adgo\u00adva\u00adnju For\u00adce. Iz te par\u00adti\u00adje upo\u00adzo\u00adra\u00adva\u00adju pred\u00adsjed\u00adni\u00adka Op\u00ad\u0161ti\u00adne da, ako pred\u00advi\u00ad\u0111a da spro\u00advo\u00ad\u0111e\u00adnje Sa\u00adna\u00adci\u00ado\u00adnog pla\u00adna po\u010d\u00adne u 2015. go\u00addi\u00adni, pret\u00adhod\u00adno mo\u00adra da skup\u00ad\u0161ti\u00adni do\u00adsta\u00advi na usva\u00adja\u00adnje i re\u00adba\u00adlans bu\u00add\u017ee\u00adta za ovu go\u00addi\u00adnu.<br \/>\n\u2013 On to ni\u00adje ni na\u00adu\u00admio da ura\u00addi. Mi do\u00adsad ni\u00adje\u00adsmo do\u00adbi\u00adli pred\u00adlog re\u00adba\u00adlan\u00adsa bu\u00add\u017ee\u00adta i \u0161to je jo\u0161 \u010dud\u00adni\u00adje ni\u00adje\u00adsmo do\u00adbi\u00adli ni Sa\u00adna\u00adci\u00ado\u00adni plan, za ko\u00adji se tra\u00ad\u017ei kon\u00adsen\u00adzus pre\u00adko me\u00addi\u00adja. O \u010de\u00admu se za\u00adpra\u00advo ra\u00addi vje\u00adro\u00advat\u00adno \u0107e \u0110e\u00adka ob\u00adja\u00adsni\u00adti, i na\u00adma kao ko\u00ada\u00adli\u00adci\u00ado\u00adnom part\u00adne\u00adru i me\u00addi\u00adji\u00adma od ko\u00adjih je tra\u00ad\u017eio po\u00addr\u00ad\u0161ku, za\u00adklju\u00ad\u010du\u00adje se u re\u00ada\u00adgo\u00adva\u00adnju For\u00adce. Pod\u00adsje\u00adti\u00admo, pred\u00adsjed\u00adnik Op\u00ad\u0161ti\u00adne Fat\u00admir \u0110e\u00adka za\u00adtra\u00ad\u017eio je od ko\u00ada\u00adli\u00adci\u00ado\u00adnih part\u00adne\u00adra, u pr\u00advom re\u00addu od For\u00adce, sa\u00adgla\u00adsnost za van\u00adred\u00adnu sjed\u00adni\u00adcu na ko\u00adjoj bi se od\u00adlu\u00ad\u010di\u00adva\u00adlo o Sa\u00adna\u00adci\u00ado\u00adnom pla\u00adnu i no\u00advom vi\u00ad\u0161e\u00admi\u00adli\u00adon\u00adskom kre\u00addi\u00adtu. Mi\u00adni\u00adstar\u00adstvo fi\u00adnan\u00adsi\u00adja Cr\u00adne Go\u00adre je da\u00adlo po\u00adzi\u00adtiv\u00adno mi\u00ad\u0161lje\u00adnje na Sa\u00adna\u00adci\u00ado\u00adni plan za Op\u00ad\u0161ti\u00adnu Ul\u00adcinj u vri\u00adjed\u00adno\u00adsti od 5,5 mi\u00adli\u00ado\u00adna eura. Ta sred\u00adstva, sma\u00adtra pr\u00advi \u010do\u00advjek Op\u00ad\u0161ti\u00adne, po\u00admo\u00ad\u0107i \u0107e u kon\u00adso\u00adli\u00adda\u00adci\u00adji fi\u00adnan\u00adsi\u00adja jav\u00adne upra\u00adve i jav\u00adnih pred\u00adu\u00adze\u00ad\u0107a \u010di\u00adji je osni\u00adva\u010d Op\u00ad\u0161ti\u00adna.<br \/>\n-Bi\u00ad\u0107e iz\u00admi\u00adre\u00adna sva du\u00adgo\u00adva\u00adnja pre\u00adma za\u00adpo\u00adsle\u00adni\u00adma, do\u00adba\u00advlja\u00ad\u010di\u00adma i ban\u00adka\u00adma, ko\u00adja sa\u00adda iz\u00adno\u00adse oko 3,5 mi\u00adli\u00ado\u00adna eura. Dio nov\u00adca i\u0107i \u0107e i na re\u00ada\u00adli\u00adza\u00adci\u00adju so\u00adci\u00adjal\u00adnog pro\u00adgra\u00adma. Pre\u00ado\u00adsta\u00adje nam da pri\u00adpre\u00admi\u00admo do\u00adku\u00admen\u00adta\u00adci\u00adju, ima do\u00adsta po\u00adsla, ali mi\u00adslim da \u0107e aran\u00ad\u017eman bi\u00adti re\u00ada\u00adli\u00adzo\u00advan do kra\u00adja ove go\u00addi\u00adne, iz\u00adja\u00advio je ne\u00addav\u00adno \u0110e\u00adka. Za po\u00adme\u00adnu\u00adta sred\u00adstva \u0107e na pe\u00adri\u00adod od 10 go\u00addi\u00adna ga\u00adran\u00adto\u00adva\u00adti dr\u00ad\u017ea\u00adva po osno\u00advu pri\u00adho\u00adda ko\u00adje Op\u00ad\u0161ti\u00adna ima iz Ega\u00adli\u00adza\u00adci\u00ado\u00adnog fon\u00adda. Kre\u00addit \u0107e bi\u00adti uzet od ko\u00admer\u00adci\u00adjal\u00adne ban\u00adke ko\u00adja po\u00adnu\u00addi naj\u00adbo\u00adlje uslo\u00adve.M.K. <\/span><\/p>\n<p><strong>Izvor: DAN<\/strong><\/p>\n","protected":false},"excerpt":{"rendered":"<p>UL\u00adCINj &#8211; Me\u00addij\u00adsko zah\u00adti\u00adje\u00adva\u00adnje kon\u00adsen\u00adzu\u00adsa za sa\u00adna\u00adci\u00ado\u00adni plan bez pret\u00adhod\u00adnog di\u00adrekt\u00adnog uklju\u00ad\u010di\u00adva\u00adnja ko\u00ada\u00adli\u00adci\u00ado\u00adnog part\u00adne\u00adra u pro\u00adces pri\u00adpre\u00adma\u00adnja i do\u00adno\u00ad\u0161e\u00adnja od\u00adlu\u00adke dio je po\u00adli\u00adti\u010d\u00adke igre Fat\u00admi\u00adra \u0110e\u00adke, ko\u00adjom u jav\u00adno\u00adsti po\u00adku\u00ad\u0161a\u00adva da od\u00adgo\u00advor\u00adnost za even\u00adtu\u00adal\u00adne pro\u00adpu\u00adste pri\u00adpi\u00ad\u0161e For\u00adci, sa\u00adop\u00ad\u0161te\u00adno je ju\u00ad\u010de iz te par\u00adti\u00adje. U re\u00ada\u00adgo\u00adva\u00adnju tim po\u00advo\u00addom na\u00advo\u00addi se da je \u201epred\u00adsjed\u00adnik Op\u00ad\u0161ti\u00adne Fat\u00admir \u0110e\u00adka [&hellip;]<\/p>\n","protected":false},"author":1,"featured_media":0,"comment_status":"closed","ping_status":"closed","sticky":false,"template":"","format":"standard","meta":{"spay_email":"","jetpack_publicize_message":"","jetpack_is_tweetstorm":false,"jetpack_publicize_feature_enabled":true},"categories":[6950],"tags":[],"jetpack_publicize_connections":[],"yoast_head":"<!-- This site is optimized with the Yoast SEO plugin v19.1 - https:\/\/yoast.com\/wordpress\/plugins\/seo\/ -->\n<title>Forca: \u0110eka se pona\u0161a neodgovorno - Lajme nga Ulqini<\/title>\n<meta name=\"description\" content=\"UL\u00adCINj - Me\u00addij\u00adsko zah\u00adti\u00adje\u00adva\u00adnje kon\u00adsen\u00adzu\u00adsa za sa\u00adna\u00adci\u00ado\u00adni plan bez pret\u00adhod\u00adnog di\u00adrekt\u00adnog uklju\u00ad\u010di\u00adva\u00adnja ko\u00ada\u00adli\u00adci\u00ado\u00adnog part\u00adne\u00adra u\" \/>\n<meta name=\"robots\" content=\"index, follow, max-snippet:-1, max-image-preview:large, max-video-preview:-1\" \/>\n<link rel=\"canonical\" href=\"https:\/\/www.visit-ulcinj.com\/blog\/2015\/11\/11\/forca-deka-se-ponasa-neodgovorno\/\" \/>\n<meta property=\"og:locale\" content=\"en_US\" \/>\n<meta property=\"og:type\" content=\"article\" \/>\n<meta property=\"og:title\" content=\"Forca: \u0110eka se pona\u0161a neodgovorno - Lajme nga Ulqini\" \/>\n<meta property=\"og:description\" content=\"UL\u00adCINj - Me\u00addij\u00adsko zah\u00adti\u00adje\u00adva\u00adnje kon\u00adsen\u00adzu\u00adsa za sa\u00adna\u00adci\u00ado\u00adni plan bez pret\u00adhod\u00adnog di\u00adrekt\u00adnog uklju\u00ad\u010di\u00adva\u00adnja ko\u00ada\u00adli\u00adci\u00ado\u00adnog part\u00adne\u00adra u\" \/>\n<meta property=\"og:url\" content=\"https:\/\/www.visit-ulcinj.com\/blog\/2015\/11\/11\/forca-deka-se-ponasa-neodgovorno\/\" \/>\n<meta property=\"og:site_name\" content=\"Lajme nga Ulqini\" \/>\n<meta property=\"article:published_time\" content=\"2015-11-11T20:20:32+00:00\" \/>\n<meta property=\"og:image\" content=\"http:\/\/www.visit-ulcinj.com\/blog\/wp-content\/uploads\/2015\/11\/Nazif-Cungu-Fatmir-Gjeka.jpg\" \/>\n<meta name=\"twitter:label1\" content=\"Written by\" \/>\n\t<meta name=\"twitter:data1\" content=\"ulqini\" \/>\n\t<meta name=\"twitter:label2\" content=\"Est. reading time\" \/>\n\t<meta name=\"twitter:data2\" content=\"5 minutes\" \/>\n<script type=\"application\/ld+json\" class=\"yoast-schema-graph\">{\"@context\":\"https:\/\/schema.org\",\"@graph\":[{\"@type\":\"WebSite\",\"@id\":\"https:\/\/www.visit-ulcinj.com\/blog\/#website\",\"url\":\"https:\/\/www.visit-ulcinj.com\/blog\/\",\"name\":\"Lajme nga Ulqini\",\"description\":\"Lajme,Vijesti,Ulqini,Ulqin,Crna Gora,Mali i Zi\",\"potentialAction\":[{\"@type\":\"SearchAction\",\"target\":{\"@type\":\"EntryPoint\",\"urlTemplate\":\"https:\/\/www.visit-ulcinj.com\/blog\/?s={search_term_string}\"},\"query-input\":\"required name=search_term_string\"}],\"inLanguage\":\"en-US\"},{\"@type\":\"ImageObject\",\"inLanguage\":\"en-US\",\"@id\":\"https:\/\/www.visit-ulcinj.com\/blog\/2015\/11\/11\/forca-deka-se-ponasa-neodgovorno\/#primaryimage\",\"url\":\"https:\/\/www.visit-ulcinj.com\/blog\/wp-content\/uploads\/2015\/11\/Nazif-Cungu-Fatmir-Gjeka.jpg\",\"contentUrl\":\"https:\/\/www.visit-ulcinj.com\/blog\/wp-content\/uploads\/2015\/11\/Nazif-Cungu-Fatmir-Gjeka.jpg\",\"width\":572,\"height\":480},{\"@type\":\"WebPage\",\"@id\":\"https:\/\/www.visit-ulcinj.com\/blog\/2015\/11\/11\/forca-deka-se-ponasa-neodgovorno\/#webpage\",\"url\":\"https:\/\/www.visit-ulcinj.com\/blog\/2015\/11\/11\/forca-deka-se-ponasa-neodgovorno\/\",\"name\":\"Forca: \u0110eka se pona\u0161a neodgovorno - Lajme nga Ulqini\",\"isPartOf\":{\"@id\":\"https:\/\/www.visit-ulcinj.com\/blog\/#website\"},\"primaryImageOfPage\":{\"@id\":\"https:\/\/www.visit-ulcinj.com\/blog\/2015\/11\/11\/forca-deka-se-ponasa-neodgovorno\/#primaryimage\"},\"datePublished\":\"2015-11-11T20:20:32+00:00\",\"dateModified\":\"2015-11-11T20:20:32+00:00\",\"author\":{\"@id\":\"https:\/\/www.visit-ulcinj.com\/blog\/#\/schema\/person\/dcab619c614d3038751c63bc2aadc06d\"},\"description\":\"UL\u00adCINj - Me\u00addij\u00adsko zah\u00adti\u00adje\u00adva\u00adnje kon\u00adsen\u00adzu\u00adsa za sa\u00adna\u00adci\u00ado\u00adni plan bez pret\u00adhod\u00adnog di\u00adrekt\u00adnog uklju\u00ad\u010di\u00adva\u00adnja ko\u00ada\u00adli\u00adci\u00ado\u00adnog part\u00adne\u00adra u\",\"breadcrumb\":{\"@id\":\"https:\/\/www.visit-ulcinj.com\/blog\/2015\/11\/11\/forca-deka-se-ponasa-neodgovorno\/#breadcrumb\"},\"inLanguage\":\"en-US\",\"potentialAction\":[{\"@type\":\"ReadAction\",\"target\":[\"https:\/\/www.visit-ulcinj.com\/blog\/2015\/11\/11\/forca-deka-se-ponasa-neodgovorno\/\"]}]},{\"@type\":\"BreadcrumbList\",\"@id\":\"https:\/\/www.visit-ulcinj.com\/blog\/2015\/11\/11\/forca-deka-se-ponasa-neodgovorno\/#breadcrumb\",\"itemListElement\":[{\"@type\":\"ListItem\",\"position\":1,\"name\":\"Forca: \u0110eka se pona\u0161a neodgovorno\"}]},{\"@type\":\"Person\",\"@id\":\"https:\/\/www.visit-ulcinj.com\/blog\/#\/schema\/person\/dcab619c614d3038751c63bc2aadc06d\",\"name\":\"ulqini\",\"sameAs\":[\"http:\/\/www.visit-ulcinj.com\"],\"url\":\"https:\/\/www.visit-ulcinj.com\/blog\/author\/admin\/\"}]}<\/script>\n<!-- \/ Yoast SEO plugin. -->","yoast_head_json":{"title":"Forca: \u0110eka se pona\u0161a neodgovorno - Lajme nga Ulqini","description":"UL\u00adCINj - Me\u00addij\u00adsko zah\u00adti\u00adje\u00adva\u00adnje kon\u00adsen\u00adzu\u00adsa za sa\u00adna\u00adci\u00ado\u00adni plan bez pret\u00adhod\u00adnog di\u00adrekt\u00adnog uklju\u00ad\u010di\u00adva\u00adnja ko\u00ada\u00adli\u00adci\u00ado\u00adnog part\u00adne\u00adra u","robots":{"index":"index","follow":"follow","max-snippet":"max-snippet:-1","max-image-preview":"max-image-preview:large","max-video-preview":"max-video-preview:-1"},"canonical":"https:\/\/www.visit-ulcinj.com\/blog\/2015\/11\/11\/forca-deka-se-ponasa-neodgovorno\/","og_locale":"en_US","og_type":"article","og_title":"Forca: \u0110eka se pona\u0161a neodgovorno - Lajme nga Ulqini","og_description":"UL\u00adCINj - Me\u00addij\u00adsko zah\u00adti\u00adje\u00adva\u00adnje kon\u00adsen\u00adzu\u00adsa za sa\u00adna\u00adci\u00ado\u00adni plan bez pret\u00adhod\u00adnog di\u00adrekt\u00adnog uklju\u00ad\u010di\u00adva\u00adnja ko\u00ada\u00adli\u00adci\u00ado\u00adnog part\u00adne\u00adra u","og_url":"https:\/\/www.visit-ulcinj.com\/blog\/2015\/11\/11\/forca-deka-se-ponasa-neodgovorno\/","og_site_name":"Lajme nga Ulqini","article_published_time":"2015-11-11T20:20:32+00:00","og_image":[{"url":"http:\/\/www.visit-ulcinj.com\/blog\/wp-content\/uploads\/2015\/11\/Nazif-Cungu-Fatmir-Gjeka.jpg"}],"twitter_misc":{"Written by":"ulqini","Est. reading time":"5 minutes"},"schema":{"@context":"https:\/\/schema.org","@graph":[{"@type":"WebSite","@id":"https:\/\/www.visit-ulcinj.com\/blog\/#website","url":"https:\/\/www.visit-ulcinj.com\/blog\/","name":"Lajme nga Ulqini","description":"Lajme,Vijesti,Ulqini,Ulqin,Crna Gora,Mali i Zi","potentialAction":[{"@type":"SearchAction","target":{"@type":"EntryPoint","urlTemplate":"https:\/\/www.visit-ulcinj.com\/blog\/?s={search_term_string}"},"query-input":"required name=search_term_string"}],"inLanguage":"en-US"},{"@type":"ImageObject","inLanguage":"en-US","@id":"https:\/\/www.visit-ulcinj.com\/blog\/2015\/11\/11\/forca-deka-se-ponasa-neodgovorno\/#primaryimage","url":"https:\/\/www.visit-ulcinj.com\/blog\/wp-content\/uploads\/2015\/11\/Nazif-Cungu-Fatmir-Gjeka.jpg","contentUrl":"https:\/\/www.visit-ulcinj.com\/blog\/wp-content\/uploads\/2015\/11\/Nazif-Cungu-Fatmir-Gjeka.jpg","width":572,"height":480},{"@type":"WebPage","@id":"https:\/\/www.visit-ulcinj.com\/blog\/2015\/11\/11\/forca-deka-se-ponasa-neodgovorno\/#webpage","url":"https:\/\/www.visit-ulcinj.com\/blog\/2015\/11\/11\/forca-deka-se-ponasa-neodgovorno\/","name":"Forca: \u0110eka se pona\u0161a neodgovorno - Lajme nga Ulqini","isPartOf":{"@id":"https:\/\/www.visit-ulcinj.com\/blog\/#website"},"primaryImageOfPage":{"@id":"https:\/\/www.visit-ulcinj.com\/blog\/2015\/11\/11\/forca-deka-se-ponasa-neodgovorno\/#primaryimage"},"datePublished":"2015-11-11T20:20:32+00:00","dateModified":"2015-11-11T20:20:32+00:00","author":{"@id":"https:\/\/www.visit-ulcinj.com\/blog\/#\/schema\/person\/dcab619c614d3038751c63bc2aadc06d"},"description":"UL\u00adCINj - Me\u00addij\u00adsko zah\u00adti\u00adje\u00adva\u00adnje kon\u00adsen\u00adzu\u00adsa za sa\u00adna\u00adci\u00ado\u00adni plan bez pret\u00adhod\u00adnog di\u00adrekt\u00adnog uklju\u00ad\u010di\u00adva\u00adnja ko\u00ada\u00adli\u00adci\u00ado\u00adnog part\u00adne\u00adra u","breadcrumb":{"@id":"https:\/\/www.visit-ulcinj.com\/blog\/2015\/11\/11\/forca-deka-se-ponasa-neodgovorno\/#breadcrumb"},"inLanguage":"en-US","potentialAction":[{"@type":"ReadAction","target":["https:\/\/www.visit-ulcinj.com\/blog\/2015\/11\/11\/forca-deka-se-ponasa-neodgovorno\/"]}]},{"@type":"BreadcrumbList","@id":"https:\/\/www.visit-ulcinj.com\/blog\/2015\/11\/11\/forca-deka-se-ponasa-neodgovorno\/#breadcrumb","itemListElement":[{"@type":"ListItem","position":1,"name":"Forca: \u0110eka se pona\u0161a neodgovorno"}]},{"@type":"Person","@id":"https:\/\/www.visit-ulcinj.com\/blog\/#\/schema\/person\/dcab619c614d3038751c63bc2aadc06d","name":"ulqini","sameAs":["http:\/\/www.visit-ulcinj.com"],"url":"https:\/\/www.visit-ulcinj.com\/blog\/author\/admin\/"}]}},"jetpack_featured_media_url":"","jetpack_sharing_enabled":true,"jetpack_shortlink":"https:\/\/wp.me\/pe6lTn-oeh","_links":{"self":[{"href":"https:\/\/www.visit-ulcinj.com\/blog\/wp-json\/wp\/v2\/posts\/93141"}],"collection":[{"href":"https:\/\/www.visit-ulcinj.com\/blog\/wp-json\/wp\/v2\/posts"}],"about":[{"href":"https:\/\/www.visit-ulcinj.com\/blog\/wp-json\/wp\/v2\/types\/post"}],"author":[{"embeddable":true,"href":"https:\/\/www.visit-ulcinj.com\/blog\/wp-json\/wp\/v2\/users\/1"}],"replies":[{"embeddable":true,"href":"https:\/\/www.visit-ulcinj.com\/blog\/wp-json\/wp\/v2\/comments?post=93141"}],"version-history":[{"count":1,"href":"https:\/\/www.visit-ulcinj.com\/blog\/wp-json\/wp\/v2\/posts\/93141\/revisions"}],"predecessor-version":[{"id":93143,"href":"https:\/\/www.visit-ulcinj.com\/blog\/wp-json\/wp\/v2\/posts\/93141\/revisions\/93143"}],"wp:attachment":[{"href":"https:\/\/www.visit-ulcinj.com\/blog\/wp-json\/wp\/v2\/media?parent=93141"}],"wp:term":[{"taxonomy":"category","embeddable":true,"href":"https:\/\/www.visit-ulcinj.com\/blog\/wp-json\/wp\/v2\/categories?post=93141"},{"taxonomy":"post_tag","embeddable":true,"href":"https:\/\/www.visit-ulcinj.com\/blog\/wp-json\/wp\/v2\/tags?post=93141"}],"curies":[{"name":"wp","href":"https:\/\/api.w.org\/{rel}","templated":true}]}}