{"id":93144,"date":"2015-11-11T21:26:11","date_gmt":"2015-11-11T20:26:11","guid":{"rendered":"http:\/\/www.visit-ulcinj.com\/blog\/?p=93144"},"modified":"2015-11-11T22:01:21","modified_gmt":"2015-11-11T21:01:21","slug":"fuad-hadzibeti-saopstio-da-nece-sazivati-vanrednu-sjednicu-ulcinj","status":"publish","type":"post","link":"https:\/\/www.visit-ulcinj.com\/blog\/2015\/11\/11\/fuad-hadzibeti-saopstio-da-nece-sazivati-vanrednu-sjednicu-ulcinj\/","title":{"rendered":"Fuad Had\u017eibeti saop\u0161tio da ne\u0107e sazivati vanrednu sjednicu SO Ulcinj"},"content":{"rendered":"<p><span class=\"tekstcijeli\"><span class=\"kapital\"><a href=\"http:\/\/www.visit-ulcinj.com\/blog\/wp-content\/uploads\/2015\/11\/SO-ULCINJ.jpg\"><img loading=\"lazy\" class=\"alignleft wp-image-93145 size-full\" src=\"http:\/\/www.visit-ulcinj.com\/blog\/wp-content\/uploads\/2015\/11\/SO-ULCINJ.jpg\" alt=\"SO-ULCINJ\" width=\"640\" height=\"336\" srcset=\"https:\/\/www.visit-ulcinj.com\/blog\/wp-content\/uploads\/2015\/11\/SO-ULCINJ.jpg 640w, https:\/\/www.visit-ulcinj.com\/blog\/wp-content\/uploads\/2015\/11\/SO-ULCINJ-300x158.jpg 300w\" sizes=\"(max-width: 640px) 100vw, 640px\" \/><\/a>U<\/span>L\u00adCINj &#8211; Skup\u00ad\u0161ti\u00adna op\u00ad\u0161ti\u00adne Ul\u00adcinj ne\u00ad\u0107e se van\u00adred\u00adno sa\u00adsta\u00adja\u00adti po\u00advo\u00addom sa\u00adna\u00adci\u00ado\u00adnog pla\u00adna i kre\u00addit\u00adnog za\u00addu\u00ad\u017ee\u00adnja od 5,5 mi\u00adli\u00ado\u00adna eura ve\u0107 \u0107e od\u00adbor\u00adni\u00adci o to\u00adme mo\u00ad\u0107i da se iz\u00adja\u00adsne na re\u00addov\u00adnom za\u00adsje\u00adda\u00adnju ko\u00adje \u0107e bi\u00adti za\u00adka\u00adza\u00adno do kra\u00adja no\u00advem\u00adbra, iz\u00adja\u00advio je ju\u00ad\u010de za \u201eDan\u201c pred\u00adjed\u00adnik SO Fu\u00adad Ha\u00add\u017ei\u00adbe\u00adti.<br \/>\nOn je ka\u00adzao da \u0107e se do kra\u00adja ove ne\u00addje\u00adlje odr\u00ad\u017ea\u00adti je\u00addi\u00adno sjed\u00adni\u00adca na ko\u00adjoj \u0107e se raz\u00adma\u00adtra\u00adti si\u00adtu\u00ada\u00adci\u00adja u MZ \u0160toj, u ko\u00adjoj se po\u00adsle\u00addnja dva mje\u00adse\u00adca do\u00adgo\u00addi\u00adlo ne\u00adko\u00adli\u00adko te\u00ad\u0161kih sa\u00ado\u00adbra\u00ad\u0107aj\u00adnih ne\u00adsre\u00ad\u0107a ko\u00adje je iza\u00adzva\u00adla na\u00adpu\u00ad\u0161te\u00adna sto\u00adka.<br \/>\n&#8211; Na tom za\u00ads\u00adje\u00adda\u00adnju ima\u00ad\u0107e\u00admo na dnev\u00adnom re\u00addu i ime\u00adno\u00adva\u00adnje uli\u00adca kao i iz\u00adbor Op\u00ad\u0161tin\u00adske iz\u00adbor\u00adne ko\u00admi\u00adsi\u00adje. To su oba\u00adve\u00adze ko\u00adje mo\u00adra\u00admo da za\u00advr\u00ad\u0161i\u00admo pri\u00adje iz\u00adja\u00ad\u0161nja\u00adva\u00adnja o sa\u00adna\u00adci\u00ado\u00adnom pla\u00adnu &#8211; re\u00adkao je Ha\u00add\u017ei\u00adbe\u00adti.<br \/>\nPod\u00adsje\u00adti\u00admo, pred\u00adjed\u00adnik op\u00ad\u0161ti\u00adne Fat\u00admir \u0110e\u00adka za\u00adtra\u00ad\u017eio je od ko\u00ada\u00adli\u00adci\u00ado\u00adnih part\u00adne\u00adra, u pr\u00advom re\u00addu For\u00adce, sa\u00adgla\u00adsnost za van\u00adred\u00adnu sjed\u00adni\u00adcu na ko\u00adjoj bi se od\u00adlu\u00ad\u010di\u00adva\u00adlo o sa\u00adna\u00adci\u00ado\u00adnom pla\u00adnu. Mi\u00adni\u00adstar\u00adstvo fi\u00adnan\u00adsi\u00adja Cr\u00adne Go\u00adre ra\u00adni\u00adje je da\u00adlo po\u00adzi\u00adtiv\u00adno mi\u00ad\u0161lje\u00adnje na sa\u00adna\u00adci\u00ado\u00adni plan za Op\u00ad\u0161ti\u00adnu Ul\u00adcinj u vri\u00adjed\u00adno\u00adsti od 5,5 mi\u00adli\u00ado\u00adna eura. Ta sred\u00adstva, sma\u00adtra \u0110e\u00adka po\u00admo\u00ad\u0107i \u0107e u kon\u00adso\u00adli\u00adda\u00adci\u00adji fi\u00adnan\u00adsi\u00adja jav\u00adne upra\u00adve i jav\u00adnih pred\u00adu\u00adze\u00ad\u0107a \u010di\u00adji je osni\u00adva\u010d Op\u00ad\u0161ti\u00adna.<br \/>\n&#8211; Bi\u00ad\u0107e iz\u00admi\u00adre\u00adna sva du\u00adgo\u00adva\u00adnja pre\u00adma za\u00adposle\u00adni\u00adma, do\u00adba\u00advlja\u00ad\u010di\u00adma, te ban\u00adka\u00adma, ko\u00adja sa\u00adda iz\u00adno\u00adse oko 3,5 mi\u00adli\u00ado\u00adna eura. Ne\u00ad\u0161to no\u00adva\u00adca i\u0107i \u0107e i na re\u00ada\u00adli\u00adza\u00adci\u00adju so\u00adci\u00adjal\u00adnog pro\u00adgra\u00adma. Pre\u00ado\u00adsta\u00adje nam da pri\u00adpre\u00admi\u00admo do\u00adku\u00admen\u00adta\u00adci\u00adju, ima do\u00adsta po\u00adsla ali mi\u00adslim\u00ad da \u0107e aran\u00ad\u017eman bi\u00adti re\u00ada\u00adli\u00adzo\u00advan do kra\u00adja ove go\u00addi\u00adne &#8211; iz\u00adja\u00advio je ne\u00addav\u00adno \u0110e\u00adka.<br \/>\nZa sred\u00adstva \u0107e na pe\u00adri\u00adod od 10 go\u00addi\u00adna ga\u00adran\u00adto\u00adva\u00adti dr\u00ad\u017ea\u00adva po osno\u00advu pri\u00adho\u00adda ko\u00adje Op\u00ad\u0161ti\u00adna ima iz Ega\u00adli\u00adza\u00adci\u00ado\u00adnog fon\u00adda. Kre\u00addit \u0107e bi\u00adti uzet od ko\u00admer\u00adci\u00adjal\u00adne ban\u00adke ko\u00adja po\u00adnu\u00addi naj\u00adbo\u00adlje uslo\u00adve.<br \/>\n<strong>M.K. <\/strong><\/span><\/p>\n<p><strong>Izvor: DAN<\/strong><\/p>\n","protected":false},"excerpt":{"rendered":"<p>UL\u00adCINj &#8211; Skup\u00ad\u0161ti\u00adna op\u00ad\u0161ti\u00adne Ul\u00adcinj ne\u00ad\u0107e se van\u00adred\u00adno sa\u00adsta\u00adja\u00adti po\u00advo\u00addom sa\u00adna\u00adci\u00ado\u00adnog pla\u00adna i kre\u00addit\u00adnog za\u00addu\u00ad\u017ee\u00adnja od 5,5 mi\u00adli\u00ado\u00adna eura ve\u0107 \u0107e od\u00adbor\u00adni\u00adci o to\u00adme mo\u00ad\u0107i da se iz\u00adja\u00adsne na re\u00addov\u00adnom za\u00adsje\u00adda\u00adnju ko\u00adje \u0107e bi\u00adti za\u00adka\u00adza\u00adno do kra\u00adja no\u00advem\u00adbra, iz\u00adja\u00advio je ju\u00ad\u010de za \u201eDan\u201c pred\u00adjed\u00adnik SO Fu\u00adad Ha\u00add\u017ei\u00adbe\u00adti. On je ka\u00adzao da \u0107e se do kra\u00adja [&hellip;]<\/p>\n","protected":false},"author":1,"featured_media":0,"comment_status":"closed","ping_status":"closed","sticky":false,"template":"","format":"standard","meta":{"spay_email":"","jetpack_publicize_message":"","jetpack_is_tweetstorm":false,"jetpack_publicize_feature_enabled":true},"categories":[6950],"tags":[],"jetpack_publicize_connections":[],"yoast_head":"<!-- This site is optimized with the Yoast SEO plugin v19.1 - https:\/\/yoast.com\/wordpress\/plugins\/seo\/ -->\n<title>Fuad Had\u017eibeti saop\u0161tio da ne\u0107e sazivati vanrednu sjednicu SO Ulcinj - Lajme nga Ulqini<\/title>\n<meta name=\"description\" content=\"UL\u00adCINj - Skup\u00ad\u0161ti\u00adna op\u00ad\u0161ti\u00adne Ul\u00adcinj ne\u00ad\u0107e se van\u00adred\u00adno sa\u00adsta\u00adja\u00adti po\u00advo\u00addom sa\u00adna\u00adci\u00ado\u00adnog pla\u00adna i kre\u00addit\u00adnog za\u00addu\u00ad\u017ee\u00adnja od 5,5 mi\u00adli\u00ado\u00adna eura\" \/>\n<meta name=\"robots\" content=\"index, follow, max-snippet:-1, max-image-preview:large, max-video-preview:-1\" \/>\n<link rel=\"canonical\" href=\"https:\/\/www.visit-ulcinj.com\/blog\/2015\/11\/11\/fuad-hadzibeti-saopstio-da-nece-sazivati-vanrednu-sjednicu-ulcinj\/\" \/>\n<meta property=\"og:locale\" content=\"en_US\" \/>\n<meta property=\"og:type\" content=\"article\" \/>\n<meta property=\"og:title\" content=\"Fuad Had\u017eibeti saop\u0161tio da ne\u0107e sazivati vanrednu sjednicu SO Ulcinj - Lajme nga Ulqini\" \/>\n<meta property=\"og:description\" content=\"UL\u00adCINj - Skup\u00ad\u0161ti\u00adna op\u00ad\u0161ti\u00adne Ul\u00adcinj ne\u00ad\u0107e se van\u00adred\u00adno sa\u00adsta\u00adja\u00adti po\u00advo\u00addom sa\u00adna\u00adci\u00ado\u00adnog pla\u00adna i kre\u00addit\u00adnog za\u00addu\u00ad\u017ee\u00adnja od 5,5 mi\u00adli\u00ado\u00adna eura\" \/>\n<meta property=\"og:url\" content=\"https:\/\/www.visit-ulcinj.com\/blog\/2015\/11\/11\/fuad-hadzibeti-saopstio-da-nece-sazivati-vanrednu-sjednicu-ulcinj\/\" \/>\n<meta property=\"og:site_name\" content=\"Lajme nga Ulqini\" \/>\n<meta property=\"article:published_time\" content=\"2015-11-11T20:26:11+00:00\" \/>\n<meta property=\"article:modified_time\" content=\"2015-11-11T21:01:21+00:00\" \/>\n<meta property=\"og:image\" content=\"http:\/\/www.visit-ulcinj.com\/blog\/wp-content\/uploads\/2015\/11\/SO-ULCINJ.jpg\" \/>\n<meta name=\"twitter:label1\" content=\"Written by\" \/>\n\t<meta name=\"twitter:data1\" content=\"ulqini\" \/>\n\t<meta name=\"twitter:label2\" content=\"Est. reading time\" \/>\n\t<meta name=\"twitter:data2\" content=\"3 minutes\" \/>\n<script type=\"application\/ld+json\" class=\"yoast-schema-graph\">{\"@context\":\"https:\/\/schema.org\",\"@graph\":[{\"@type\":\"WebSite\",\"@id\":\"https:\/\/www.visit-ulcinj.com\/blog\/#website\",\"url\":\"https:\/\/www.visit-ulcinj.com\/blog\/\",\"name\":\"Lajme nga Ulqini\",\"description\":\"Lajme,Vijesti,Ulqini,Ulqin,Crna Gora,Mali i Zi\",\"potentialAction\":[{\"@type\":\"SearchAction\",\"target\":{\"@type\":\"EntryPoint\",\"urlTemplate\":\"https:\/\/www.visit-ulcinj.com\/blog\/?s={search_term_string}\"},\"query-input\":\"required name=search_term_string\"}],\"inLanguage\":\"en-US\"},{\"@type\":\"ImageObject\",\"inLanguage\":\"en-US\",\"@id\":\"https:\/\/www.visit-ulcinj.com\/blog\/2015\/11\/11\/fuad-hadzibeti-saopstio-da-nece-sazivati-vanrednu-sjednicu-ulcinj\/#primaryimage\",\"url\":\"https:\/\/www.visit-ulcinj.com\/blog\/wp-content\/uploads\/2015\/11\/SO-ULCINJ.jpg\",\"contentUrl\":\"https:\/\/www.visit-ulcinj.com\/blog\/wp-content\/uploads\/2015\/11\/SO-ULCINJ.jpg\",\"width\":640,\"height\":336},{\"@type\":\"WebPage\",\"@id\":\"https:\/\/www.visit-ulcinj.com\/blog\/2015\/11\/11\/fuad-hadzibeti-saopstio-da-nece-sazivati-vanrednu-sjednicu-ulcinj\/#webpage\",\"url\":\"https:\/\/www.visit-ulcinj.com\/blog\/2015\/11\/11\/fuad-hadzibeti-saopstio-da-nece-sazivati-vanrednu-sjednicu-ulcinj\/\",\"name\":\"Fuad Had\u017eibeti saop\u0161tio da ne\u0107e sazivati vanrednu sjednicu SO Ulcinj - Lajme nga Ulqini\",\"isPartOf\":{\"@id\":\"https:\/\/www.visit-ulcinj.com\/blog\/#website\"},\"primaryImageOfPage\":{\"@id\":\"https:\/\/www.visit-ulcinj.com\/blog\/2015\/11\/11\/fuad-hadzibeti-saopstio-da-nece-sazivati-vanrednu-sjednicu-ulcinj\/#primaryimage\"},\"datePublished\":\"2015-11-11T20:26:11+00:00\",\"dateModified\":\"2015-11-11T21:01:21+00:00\",\"author\":{\"@id\":\"https:\/\/www.visit-ulcinj.com\/blog\/#\/schema\/person\/dcab619c614d3038751c63bc2aadc06d\"},\"description\":\"UL\u00adCINj - Skup\u00ad\u0161ti\u00adna op\u00ad\u0161ti\u00adne Ul\u00adcinj ne\u00ad\u0107e se van\u00adred\u00adno sa\u00adsta\u00adja\u00adti po\u00advo\u00addom sa\u00adna\u00adci\u00ado\u00adnog pla\u00adna i kre\u00addit\u00adnog za\u00addu\u00ad\u017ee\u00adnja od 5,5 mi\u00adli\u00ado\u00adna eura\",\"breadcrumb\":{\"@id\":\"https:\/\/www.visit-ulcinj.com\/blog\/2015\/11\/11\/fuad-hadzibeti-saopstio-da-nece-sazivati-vanrednu-sjednicu-ulcinj\/#breadcrumb\"},\"inLanguage\":\"en-US\",\"potentialAction\":[{\"@type\":\"ReadAction\",\"target\":[\"https:\/\/www.visit-ulcinj.com\/blog\/2015\/11\/11\/fuad-hadzibeti-saopstio-da-nece-sazivati-vanrednu-sjednicu-ulcinj\/\"]}]},{\"@type\":\"BreadcrumbList\",\"@id\":\"https:\/\/www.visit-ulcinj.com\/blog\/2015\/11\/11\/fuad-hadzibeti-saopstio-da-nece-sazivati-vanrednu-sjednicu-ulcinj\/#breadcrumb\",\"itemListElement\":[{\"@type\":\"ListItem\",\"position\":1,\"name\":\"Fuad Had\u017eibeti saop\u0161tio da ne\u0107e sazivati vanrednu sjednicu SO Ulcinj\"}]},{\"@type\":\"Person\",\"@id\":\"https:\/\/www.visit-ulcinj.com\/blog\/#\/schema\/person\/dcab619c614d3038751c63bc2aadc06d\",\"name\":\"ulqini\",\"sameAs\":[\"http:\/\/www.visit-ulcinj.com\"],\"url\":\"https:\/\/www.visit-ulcinj.com\/blog\/author\/admin\/\"}]}<\/script>\n<!-- \/ Yoast SEO plugin. -->","yoast_head_json":{"title":"Fuad Had\u017eibeti saop\u0161tio da ne\u0107e sazivati vanrednu sjednicu SO Ulcinj - Lajme nga Ulqini","description":"UL\u00adCINj - Skup\u00ad\u0161ti\u00adna op\u00ad\u0161ti\u00adne Ul\u00adcinj ne\u00ad\u0107e se van\u00adred\u00adno sa\u00adsta\u00adja\u00adti po\u00advo\u00addom sa\u00adna\u00adci\u00ado\u00adnog pla\u00adna i kre\u00addit\u00adnog za\u00addu\u00ad\u017ee\u00adnja od 5,5 mi\u00adli\u00ado\u00adna eura","robots":{"index":"index","follow":"follow","max-snippet":"max-snippet:-1","max-image-preview":"max-image-preview:large","max-video-preview":"max-video-preview:-1"},"canonical":"https:\/\/www.visit-ulcinj.com\/blog\/2015\/11\/11\/fuad-hadzibeti-saopstio-da-nece-sazivati-vanrednu-sjednicu-ulcinj\/","og_locale":"en_US","og_type":"article","og_title":"Fuad Had\u017eibeti saop\u0161tio da ne\u0107e sazivati vanrednu sjednicu SO Ulcinj - Lajme nga Ulqini","og_description":"UL\u00adCINj - Skup\u00ad\u0161ti\u00adna op\u00ad\u0161ti\u00adne Ul\u00adcinj ne\u00ad\u0107e se van\u00adred\u00adno sa\u00adsta\u00adja\u00adti po\u00advo\u00addom sa\u00adna\u00adci\u00ado\u00adnog pla\u00adna i kre\u00addit\u00adnog za\u00addu\u00ad\u017ee\u00adnja od 5,5 mi\u00adli\u00ado\u00adna eura","og_url":"https:\/\/www.visit-ulcinj.com\/blog\/2015\/11\/11\/fuad-hadzibeti-saopstio-da-nece-sazivati-vanrednu-sjednicu-ulcinj\/","og_site_name":"Lajme nga Ulqini","article_published_time":"2015-11-11T20:26:11+00:00","article_modified_time":"2015-11-11T21:01:21+00:00","og_image":[{"url":"http:\/\/www.visit-ulcinj.com\/blog\/wp-content\/uploads\/2015\/11\/SO-ULCINJ.jpg"}],"twitter_misc":{"Written by":"ulqini","Est. reading time":"3 minutes"},"schema":{"@context":"https:\/\/schema.org","@graph":[{"@type":"WebSite","@id":"https:\/\/www.visit-ulcinj.com\/blog\/#website","url":"https:\/\/www.visit-ulcinj.com\/blog\/","name":"Lajme nga Ulqini","description":"Lajme,Vijesti,Ulqini,Ulqin,Crna Gora,Mali i Zi","potentialAction":[{"@type":"SearchAction","target":{"@type":"EntryPoint","urlTemplate":"https:\/\/www.visit-ulcinj.com\/blog\/?s={search_term_string}"},"query-input":"required name=search_term_string"}],"inLanguage":"en-US"},{"@type":"ImageObject","inLanguage":"en-US","@id":"https:\/\/www.visit-ulcinj.com\/blog\/2015\/11\/11\/fuad-hadzibeti-saopstio-da-nece-sazivati-vanrednu-sjednicu-ulcinj\/#primaryimage","url":"https:\/\/www.visit-ulcinj.com\/blog\/wp-content\/uploads\/2015\/11\/SO-ULCINJ.jpg","contentUrl":"https:\/\/www.visit-ulcinj.com\/blog\/wp-content\/uploads\/2015\/11\/SO-ULCINJ.jpg","width":640,"height":336},{"@type":"WebPage","@id":"https:\/\/www.visit-ulcinj.com\/blog\/2015\/11\/11\/fuad-hadzibeti-saopstio-da-nece-sazivati-vanrednu-sjednicu-ulcinj\/#webpage","url":"https:\/\/www.visit-ulcinj.com\/blog\/2015\/11\/11\/fuad-hadzibeti-saopstio-da-nece-sazivati-vanrednu-sjednicu-ulcinj\/","name":"Fuad Had\u017eibeti saop\u0161tio da ne\u0107e sazivati vanrednu sjednicu SO Ulcinj - Lajme nga Ulqini","isPartOf":{"@id":"https:\/\/www.visit-ulcinj.com\/blog\/#website"},"primaryImageOfPage":{"@id":"https:\/\/www.visit-ulcinj.com\/blog\/2015\/11\/11\/fuad-hadzibeti-saopstio-da-nece-sazivati-vanrednu-sjednicu-ulcinj\/#primaryimage"},"datePublished":"2015-11-11T20:26:11+00:00","dateModified":"2015-11-11T21:01:21+00:00","author":{"@id":"https:\/\/www.visit-ulcinj.com\/blog\/#\/schema\/person\/dcab619c614d3038751c63bc2aadc06d"},"description":"UL\u00adCINj - Skup\u00ad\u0161ti\u00adna op\u00ad\u0161ti\u00adne Ul\u00adcinj ne\u00ad\u0107e se van\u00adred\u00adno sa\u00adsta\u00adja\u00adti po\u00advo\u00addom sa\u00adna\u00adci\u00ado\u00adnog pla\u00adna i kre\u00addit\u00adnog za\u00addu\u00ad\u017ee\u00adnja od 5,5 mi\u00adli\u00ado\u00adna eura","breadcrumb":{"@id":"https:\/\/www.visit-ulcinj.com\/blog\/2015\/11\/11\/fuad-hadzibeti-saopstio-da-nece-sazivati-vanrednu-sjednicu-ulcinj\/#breadcrumb"},"inLanguage":"en-US","potentialAction":[{"@type":"ReadAction","target":["https:\/\/www.visit-ulcinj.com\/blog\/2015\/11\/11\/fuad-hadzibeti-saopstio-da-nece-sazivati-vanrednu-sjednicu-ulcinj\/"]}]},{"@type":"BreadcrumbList","@id":"https:\/\/www.visit-ulcinj.com\/blog\/2015\/11\/11\/fuad-hadzibeti-saopstio-da-nece-sazivati-vanrednu-sjednicu-ulcinj\/#breadcrumb","itemListElement":[{"@type":"ListItem","position":1,"name":"Fuad Had\u017eibeti saop\u0161tio da ne\u0107e sazivati vanrednu sjednicu SO Ulcinj"}]},{"@type":"Person","@id":"https:\/\/www.visit-ulcinj.com\/blog\/#\/schema\/person\/dcab619c614d3038751c63bc2aadc06d","name":"ulqini","sameAs":["http:\/\/www.visit-ulcinj.com"],"url":"https:\/\/www.visit-ulcinj.com\/blog\/author\/admin\/"}]}},"jetpack_featured_media_url":"","jetpack_sharing_enabled":true,"jetpack_shortlink":"https:\/\/wp.me\/pe6lTn-oek","_links":{"self":[{"href":"https:\/\/www.visit-ulcinj.com\/blog\/wp-json\/wp\/v2\/posts\/93144"}],"collection":[{"href":"https:\/\/www.visit-ulcinj.com\/blog\/wp-json\/wp\/v2\/posts"}],"about":[{"href":"https:\/\/www.visit-ulcinj.com\/blog\/wp-json\/wp\/v2\/types\/post"}],"author":[{"embeddable":true,"href":"https:\/\/www.visit-ulcinj.com\/blog\/wp-json\/wp\/v2\/users\/1"}],"replies":[{"embeddable":true,"href":"https:\/\/www.visit-ulcinj.com\/blog\/wp-json\/wp\/v2\/comments?post=93144"}],"version-history":[{"count":1,"href":"https:\/\/www.visit-ulcinj.com\/blog\/wp-json\/wp\/v2\/posts\/93144\/revisions"}],"predecessor-version":[{"id":93146,"href":"https:\/\/www.visit-ulcinj.com\/blog\/wp-json\/wp\/v2\/posts\/93144\/revisions\/93146"}],"wp:attachment":[{"href":"https:\/\/www.visit-ulcinj.com\/blog\/wp-json\/wp\/v2\/media?parent=93144"}],"wp:term":[{"taxonomy":"category","embeddable":true,"href":"https:\/\/www.visit-ulcinj.com\/blog\/wp-json\/wp\/v2\/categories?post=93144"},{"taxonomy":"post_tag","embeddable":true,"href":"https:\/\/www.visit-ulcinj.com\/blog\/wp-json\/wp\/v2\/tags?post=93144"}],"curies":[{"name":"wp","href":"https:\/\/api.w.org\/{rel}","templated":true}]}}