{"id":93147,"date":"2015-11-12T09:19:36","date_gmt":"2015-11-12T08:19:36","guid":{"rendered":"http:\/\/www.visit-ulcinj.com\/blog\/?p=93147"},"modified":"2015-11-12T22:01:50","modified_gmt":"2015-11-12T21:01:50","slug":"mediat-e-rajonit-nen-trysnine-e-politikes-dhe-shtetit","status":"publish","type":"post","link":"https:\/\/www.visit-ulcinj.com\/blog\/2015\/11\/12\/mediat-e-rajonit-nen-trysnine-e-politikes-dhe-shtetit\/","title":{"rendered":"Salaj: Mediat e rajonit n\u00ebn trysnin\u00eb e politik\u00ebs dhe shtetit"},"content":{"rendered":"<p><strong><a href=\"http:\/\/www.visit-ulcinj.com\/blog\/wp-content\/uploads\/2015\/11\/Shtypi-i-lire-.jpg\"><img loading=\"lazy\" class=\"alignleft wp-image-93148 size-full\" src=\"http:\/\/www.visit-ulcinj.com\/blog\/wp-content\/uploads\/2015\/11\/Shtypi-i-lire-.jpg\" alt=\"Shtypi-i-lire-\" width=\"508\" height=\"286\" srcset=\"https:\/\/www.visit-ulcinj.com\/blog\/wp-content\/uploads\/2015\/11\/Shtypi-i-lire-.jpg 508w, https:\/\/www.visit-ulcinj.com\/blog\/wp-content\/uploads\/2015\/11\/Shtypi-i-lire--300x169.jpg 300w\" sizes=\"(max-width: 508px) 100vw, 508px\" \/><\/a>Ali Salaj\/ Bruksel<\/strong><\/p>\n<p>Konferenc\u00ebn e tret\u00eb mbi lirin\u00eb e mediave n\u00eb Ballkanin Per\u00ebndimor dhe Turqi, ku mor\u00ebn pjes\u00eb personalitete t\u00eb mediave nga rajoni dhe Turqia, zyrtar\u00eb t\u00eb vendeve p\u00ebrkat\u00ebse, p\u00ebrfaq\u00ebsues t\u00eb BE-s\u00eb, e hapi komisioneri p\u00ebr Zgjerim t\u00eb BE-s\u00eb, Johanes Han, duke theksuar se prania n\u00eb num\u00ebr sinjalizon r\u00ebnd\u00ebsin\u00eb dhe kujdesin q\u00eb i duhet kushtuar k\u00ebsaj fushe.<\/p>\n<p>Han tha se Komisioni Evropian ka nj\u00eb p\u00ebrqasje t\u00eb p\u00ebrgjithshme n\u00eb rajon, duke n\u00ebnvizuar se vendet aspirante duhet t\u00eb angazhohen seriozisht n\u00eb k\u00ebt\u00eb drejtim, pasi negociatat p\u00ebrfshijn\u00eb edhe sektorin e medias.<\/p>\n<p>\u201cE them k\u00ebt\u00eb pasi p\u00ebrflitet nganj\u00ebher\u00eb se BE ka humbur interesin per mediat n\u00eb k\u00ebto vende. P\u00ebrkeq\u00ebsimi i mediave p\u00ebrkeq\u00ebson edhe integrimin e atij vendi n\u00eb BE. Liria e medias \u00ebsht\u00eb shtylla kryesore e nj\u00eb vendi dhe kanosja ndaj gazetar\u00ebve paraqet nj\u00eb kufizimin t\u00eb liris\u00eb s\u00eb shprehjes\u201d, tha Johanes Han.<\/p>\n<p>Ai tha se gazetaria partizane nuk ndihmon asnj\u00eb shtet q\u00eb t\u00eb integrohet n\u00eb BE. P\u00ebrkundrazi k\u00ebto shtete duhet b\u00ebr\u00eb p\u00ebrpjekje m\u00eb t\u00eb m\u00ebdha p\u00ebr pavar\u00ebsin\u00eb e mediave. Situata aktuale tregon se n\u00eb disa vende, mediat po p\u00ebrkeq\u00ebsohen dhe disa qeveri me trysnit\u00eb e ndryshme ndaj gazetar\u00ebve \u00e7ojn\u00eb drejt censur\u00ebs dhe autocensur\u00ebs.<\/p>\n<p>\u201cP\u00ebr k\u00ebt\u00eb arsye, s\u00eb shpejti Komisioni Evropian do t\u00eb p\u00ebrpiloj\u00eb pakon p\u00ebr veprimtarin\u00eb e mediave, duke k\u00ebrkuar nga k\u00ebto shtete p\u00ebrmbushjen e standardeve evropiane p\u00ebr mediat dhe kjo k\u00ebrkes\u00eb mbetet \u00e7\u00ebshtje e panegociushme dhe kapitujt q\u00eb p\u00ebrfshijn\u00eb mediat do t\u00eb jen\u00eb t\u00eb fundit q\u00eb do t\u00eb mbyllen me shtetet negociuese\u201d, tha Johanes Han.<\/p>\n<p>Nd\u00ebrkaq, n\u00ebnkryetarja e Parlamentit Evropian, Ulrike Luna\u00e7ek, vuri n\u00eb dukje domosdoshm\u00ebrin\u00eb e respektimit t\u00eb pluralizmit t\u00eb mediave.<\/p>\n<p>\u201cLiria e shprehjes dhe e mediave \u00ebsht\u00eb nj\u00eb nga gur\u00ebt themelor\u00eb p\u00ebr demokracin\u00eb e \u00e7do shteti. Liria e shprehjes fillon me lirin\u00eb e t\u00eb menduarit. Pa lirin\u00eb e shprehjes dhe pa transparenc\u00ebn e mediave, asgj\u00eb nuk funksionon. Mediat jan\u00eb nj\u00eb nga shtyllat e demokracis\u00eb dhe ne si politikan\u00eb duhet ta durojm\u00eb kritik\u00ebn sepse kjo \u00ebsht\u00eb pjes\u00eb e pun\u00ebs s\u00eb mediave. Kjo konferenc\u00eb m\u00eb p\u00eblqen sepse ka nj\u00eb moto t\u00eb fuqishme, ku thot\u00eb NGRITE Z\u00cbRIN. Ngritja e z\u00ebrit \u00ebsht\u00eb n\u00eb thelb t\u00eb gazetaris\u00eb dhe ne e mb\u00ebshtesim me \u00e7do gj\u00eb lirin\u00eb e mediave\u201c, tha Luna\u00e7ek.<\/p>\n<p>Komisioneri Nils Mulzhnieks u p\u00ebrqendrua te gjendja e liris\u00eb s\u00eb mediave n\u00eb Turqi dhe n\u00eb Ballkanin Per\u00ebndimor e cila, sipas tij, \u00ebsht\u00eb mjaft shqet\u00ebsuese.<\/p>\n<p>\u201cN\u00eb Serbi dhe n\u00eb Mal t\u00eb Zi hetohet dhuna dhe k\u00ebrc\u00ebnimi ndaj gazetar\u00ebve dhe mediave. \u00cbsht\u00eb detyrim i \u00e7do vendi q\u00eb ta \u00e7oj\u00eb p\u00ebrpara lirin\u00eb e mediave. Q\u00eb progresi t\u00eb jet\u00eb i q\u00ebndruesh\u00ebm, pushteti duhet t\u00eb jet\u00eb i p\u00ebrmbajtur ndaj mediave\u201d, theksoi ai.<\/p>\n<p>N\u00eb sesionet e ve\u00e7anta q\u00eb u mbajt\u00ebn n\u00eb k\u00ebt\u00eb konferenc\u00eb u fol p\u00ebr p\u00ebrgjegj\u00ebsin\u00eb e autoriteteve zyrtare n\u00eb rregullimin e mjedisit ku do t\u00eb funksiononin mediat, si n\u00eb Turqi ashtu edhe n\u00eb vendet e rajonit (Serbi, Maqedoni, Shqip\u00ebri, Kosov\u00eb, Mal t\u00eb Zi dhe Bosnj\u00eb e Hercegovin\u00eb).<\/p>\n<p>Yavuz Baydar, themelues i gazet\u00ebs \u201cPunto 24\u201d n\u00eb Stamboll, vuri n\u00eb pah dhun\u00ebn ndaj gazetar\u00ebve, posa\u00e7\u00ebrisht n\u00eb zgjedhjet e fundit q\u00eb u zhvilluan n\u00eb Turqi, ku shum\u00eb gazetar\u00eb u dhunuan dhe u burgos\u00ebn, kurse disa media t\u00eb njohura u ndaluan.<\/p>\n<p>Jeta Xharra, drejtoresh\u00eb e BIRN-it p\u00ebr Kosov\u00ebn, foli p\u00ebr peripecit\u00eb q\u00eb kjo agjenci po i kalon si n\u00eb Serbi ashtu edhe n\u00eb Shqip\u00ebri dhe Kosov\u00eb gjat\u00eb hulumtimeve n\u00eb privatizimet e dyshimta, ku jan\u00eb t\u00eb p\u00ebrfshir\u00eb politikan\u00ebt m\u00eb t\u00eb lart\u00eb t\u00eb k\u00ebtyre vendeve.<\/p>\n<p>Nd\u00ebrkaq kryetari i Gazetar\u00ebve t\u00eb Pavarur t\u00eb Serbis\u00eb (NUNS), Vukashin Obradoviq, tha se informimi n\u00eb Serbi \u00ebsht\u00eb kthyer si n\u00eb koh\u00ebn e Millosheviqit, ku kontrollohet nga politika dhe mafia duke e ngulfatur totalisht lirin\u00eb e shprehjes. Obradoviq i quajti ato \u201cmbeturina t\u00eb mediave\u201d. Kurse drejtori i Institutit Shqiptar t\u00eb Medias, Remzi Lani, i cili ishte edhe moderator i nj\u00eb sesioni, paraqiti gjendjen e mediave n\u00eb Shqip\u00ebri, ku sipas tij \u201cka shum\u00eb digjitalizime t\u00eb kanaleve, por fare pak diversitet n\u00eb to. N\u00eb media dominon ligji i xhungl\u00ebs dhe dep\u00ebrtimi i kapitalit t\u00eb dyshimt\u00eb.\u201d<\/p>\n<p>Ai e mori si nj\u00eb shembull t\u00eb keq faktin q\u00eb roli i gazetar\u00ebve gjithnj\u00eb e m\u00eb shum\u00eb po z\u00ebvend\u00ebsohet nga politikan\u00ebt, si\u00e7 ndodhi n\u00eb zgjedhjet e fundit n\u00eb Shqip\u00ebri.<\/p>\n<p>Po ashtu n\u00eb k\u00ebt\u00eb konferenc\u00eb u fol edhe p\u00ebr gjendjen e v\u00ebshtir\u00eb t\u00eb gazetar\u00ebve shqiptar\u00eb n\u00eb Maqedoni dhe p\u00ebr dhun\u00ebn e ushtruar ndaj tyre .<\/p>\n<p>Nj\u00eb qasje shum\u00eb interesante mbi lirin\u00eb e mediave paraqiti Aidan White, drejtor i Gazetaris\u00eb Etike n\u00eb Lond\u00ebr, i cili theksoi Kodin Vullnetar t\u00eb Etik\u00ebs, ku p\u00ebrfshihen disa elemente t\u00eb domosdoshme p\u00ebr nj\u00eb gazetari si sakt\u00ebsia, pavar\u00ebsia, paanshm\u00ebria, humanizmi dhe transparenca.<\/p>\n<p>\u201cK\u00ebto elemente duhet t\u00eb jen\u00eb par\u00ebsore p\u00ebr t\u00eb nxitur lirin\u00eb dhe besueshm\u00ebrin\u00eb e informacionit, sidomos sot kur interneti ka ndryshuar gjith\u00e7ka\u201d, tha White.<\/p>\n<p>E iniciuar nga ish komisioneri p\u00ebr Zgjerim, Stefan Fyle, n\u00eb vitin 2011, kjo konferenc\u00eb organizohet \u00e7do dy vjet. T\u00eb ftuarit e panelit kryesor u shpreh\u00ebn p\u00ebr p\u00ebrkeq\u00ebsimin e situat\u00ebs n\u00eb mediat e vendeve t\u00eb zgjerimit e sidomos n\u00eb Turqi. Prandaj u k\u00ebrkua q\u00eb p\u00ebrfundimet nga kjo konferenc\u00eb t\u2019u d\u00ebrgohen qeverive t\u00eb vendeve aspirante p\u00ebr an\u00ebtar\u00ebsim n\u00eb BE.<\/p>\n<p>Konferenca e radh\u00ebs pritet t\u00eb mbahet n\u00eb nj\u00eb prej vendeve t\u00eb Ballkanit gjat\u00eb vitit 2017.<\/p>\n","protected":false},"excerpt":{"rendered":"<p>Ali Salaj\/ Bruksel Konferenc\u00ebn e tret\u00eb mbi lirin\u00eb e mediave n\u00eb Ballkanin Per\u00ebndimor dhe Turqi, ku mor\u00ebn pjes\u00eb personalitete t\u00eb mediave nga rajoni dhe Turqia, zyrtar\u00eb t\u00eb vendeve p\u00ebrkat\u00ebse, p\u00ebrfaq\u00ebsues t\u00eb BE-s\u00eb, e hapi komisioneri p\u00ebr Zgjerim t\u00eb BE-s\u00eb, Johanes Han, duke theksuar se prania n\u00eb num\u00ebr sinjalizon r\u00ebnd\u00ebsin\u00eb dhe kujdesin q\u00eb i duhet kushtuar [&hellip;]<\/p>\n","protected":false},"author":1,"featured_media":0,"comment_status":"closed","ping_status":"closed","sticky":false,"template":"","format":"standard","meta":{"spay_email":"","jetpack_publicize_message":"","jetpack_is_tweetstorm":false,"jetpack_publicize_feature_enabled":true},"categories":[4,1],"tags":[],"jetpack_publicize_connections":[],"yoast_head":"<!-- This site is optimized with the Yoast SEO plugin v19.1 - https:\/\/yoast.com\/wordpress\/plugins\/seo\/ -->\n<title>Salaj: Mediat e rajonit n\u00ebn trysnin\u00eb e politik\u00ebs dhe shtetit - Lajme nga Ulqini<\/title>\n<meta name=\"description\" content=\"Ali Salaj\/ Bruksel Konferenc\u00ebn e tret\u00eb mbi lirin\u00eb e mediave n\u00eb Ballkanin Per\u00ebndimor dhe Turqi, ku mor\u00ebn pjes\u00eb personalitete t\u00eb mediave nga rajoni dhe\" \/>\n<meta name=\"robots\" content=\"index, follow, max-snippet:-1, max-image-preview:large, max-video-preview:-1\" \/>\n<link rel=\"canonical\" href=\"https:\/\/www.visit-ulcinj.com\/blog\/2015\/11\/12\/mediat-e-rajonit-nen-trysnine-e-politikes-dhe-shtetit\/\" \/>\n<meta property=\"og:locale\" content=\"en_US\" \/>\n<meta property=\"og:type\" content=\"article\" \/>\n<meta property=\"og:title\" content=\"Salaj: Mediat e rajonit n\u00ebn trysnin\u00eb e politik\u00ebs dhe shtetit - Lajme nga Ulqini\" \/>\n<meta property=\"og:description\" content=\"Ali Salaj\/ Bruksel Konferenc\u00ebn e tret\u00eb mbi lirin\u00eb e mediave n\u00eb Ballkanin Per\u00ebndimor dhe Turqi, ku mor\u00ebn pjes\u00eb personalitete t\u00eb mediave nga rajoni dhe\" \/>\n<meta property=\"og:url\" content=\"https:\/\/www.visit-ulcinj.com\/blog\/2015\/11\/12\/mediat-e-rajonit-nen-trysnine-e-politikes-dhe-shtetit\/\" \/>\n<meta property=\"og:site_name\" content=\"Lajme nga Ulqini\" \/>\n<meta property=\"article:published_time\" content=\"2015-11-12T08:19:36+00:00\" \/>\n<meta property=\"article:modified_time\" content=\"2015-11-12T21:01:50+00:00\" \/>\n<meta property=\"og:image\" content=\"http:\/\/www.visit-ulcinj.com\/blog\/wp-content\/uploads\/2015\/11\/Shtypi-i-lire-.jpg\" \/>\n<meta name=\"twitter:label1\" content=\"Written by\" \/>\n\t<meta name=\"twitter:data1\" content=\"ulqini\" \/>\n\t<meta name=\"twitter:label2\" content=\"Est. reading time\" \/>\n\t<meta name=\"twitter:data2\" content=\"5 minutes\" \/>\n<script type=\"application\/ld+json\" class=\"yoast-schema-graph\">{\"@context\":\"https:\/\/schema.org\",\"@graph\":[{\"@type\":\"WebSite\",\"@id\":\"https:\/\/www.visit-ulcinj.com\/blog\/#website\",\"url\":\"https:\/\/www.visit-ulcinj.com\/blog\/\",\"name\":\"Lajme nga Ulqini\",\"description\":\"Lajme,Vijesti,Ulqini,Ulqin,Crna Gora,Mali i Zi\",\"potentialAction\":[{\"@type\":\"SearchAction\",\"target\":{\"@type\":\"EntryPoint\",\"urlTemplate\":\"https:\/\/www.visit-ulcinj.com\/blog\/?s={search_term_string}\"},\"query-input\":\"required name=search_term_string\"}],\"inLanguage\":\"en-US\"},{\"@type\":\"ImageObject\",\"inLanguage\":\"en-US\",\"@id\":\"https:\/\/www.visit-ulcinj.com\/blog\/2015\/11\/12\/mediat-e-rajonit-nen-trysnine-e-politikes-dhe-shtetit\/#primaryimage\",\"url\":\"https:\/\/www.visit-ulcinj.com\/blog\/wp-content\/uploads\/2015\/11\/Shtypi-i-lire-.jpg\",\"contentUrl\":\"https:\/\/www.visit-ulcinj.com\/blog\/wp-content\/uploads\/2015\/11\/Shtypi-i-lire-.jpg\",\"width\":508,\"height\":286},{\"@type\":\"WebPage\",\"@id\":\"https:\/\/www.visit-ulcinj.com\/blog\/2015\/11\/12\/mediat-e-rajonit-nen-trysnine-e-politikes-dhe-shtetit\/#webpage\",\"url\":\"https:\/\/www.visit-ulcinj.com\/blog\/2015\/11\/12\/mediat-e-rajonit-nen-trysnine-e-politikes-dhe-shtetit\/\",\"name\":\"Salaj: Mediat e rajonit n\u00ebn trysnin\u00eb e politik\u00ebs dhe shtetit - Lajme nga Ulqini\",\"isPartOf\":{\"@id\":\"https:\/\/www.visit-ulcinj.com\/blog\/#website\"},\"primaryImageOfPage\":{\"@id\":\"https:\/\/www.visit-ulcinj.com\/blog\/2015\/11\/12\/mediat-e-rajonit-nen-trysnine-e-politikes-dhe-shtetit\/#primaryimage\"},\"datePublished\":\"2015-11-12T08:19:36+00:00\",\"dateModified\":\"2015-11-12T21:01:50+00:00\",\"author\":{\"@id\":\"https:\/\/www.visit-ulcinj.com\/blog\/#\/schema\/person\/dcab619c614d3038751c63bc2aadc06d\"},\"description\":\"Ali Salaj\/ Bruksel Konferenc\u00ebn e tret\u00eb mbi lirin\u00eb e mediave n\u00eb Ballkanin Per\u00ebndimor dhe Turqi, ku mor\u00ebn pjes\u00eb personalitete t\u00eb mediave nga rajoni dhe\",\"breadcrumb\":{\"@id\":\"https:\/\/www.visit-ulcinj.com\/blog\/2015\/11\/12\/mediat-e-rajonit-nen-trysnine-e-politikes-dhe-shtetit\/#breadcrumb\"},\"inLanguage\":\"en-US\",\"potentialAction\":[{\"@type\":\"ReadAction\",\"target\":[\"https:\/\/www.visit-ulcinj.com\/blog\/2015\/11\/12\/mediat-e-rajonit-nen-trysnine-e-politikes-dhe-shtetit\/\"]}]},{\"@type\":\"BreadcrumbList\",\"@id\":\"https:\/\/www.visit-ulcinj.com\/blog\/2015\/11\/12\/mediat-e-rajonit-nen-trysnine-e-politikes-dhe-shtetit\/#breadcrumb\",\"itemListElement\":[{\"@type\":\"ListItem\",\"position\":1,\"name\":\"Salaj: Mediat e rajonit n\u00ebn trysnin\u00eb e politik\u00ebs dhe shtetit\"}]},{\"@type\":\"Person\",\"@id\":\"https:\/\/www.visit-ulcinj.com\/blog\/#\/schema\/person\/dcab619c614d3038751c63bc2aadc06d\",\"name\":\"ulqini\",\"sameAs\":[\"http:\/\/www.visit-ulcinj.com\"],\"url\":\"https:\/\/www.visit-ulcinj.com\/blog\/author\/admin\/\"}]}<\/script>\n<!-- \/ Yoast SEO plugin. -->","yoast_head_json":{"title":"Salaj: Mediat e rajonit n\u00ebn trysnin\u00eb e politik\u00ebs dhe shtetit - Lajme nga Ulqini","description":"Ali Salaj\/ Bruksel Konferenc\u00ebn e tret\u00eb mbi lirin\u00eb e mediave n\u00eb Ballkanin Per\u00ebndimor dhe Turqi, ku mor\u00ebn pjes\u00eb personalitete t\u00eb mediave nga rajoni dhe","robots":{"index":"index","follow":"follow","max-snippet":"max-snippet:-1","max-image-preview":"max-image-preview:large","max-video-preview":"max-video-preview:-1"},"canonical":"https:\/\/www.visit-ulcinj.com\/blog\/2015\/11\/12\/mediat-e-rajonit-nen-trysnine-e-politikes-dhe-shtetit\/","og_locale":"en_US","og_type":"article","og_title":"Salaj: Mediat e rajonit n\u00ebn trysnin\u00eb e politik\u00ebs dhe shtetit - Lajme nga Ulqini","og_description":"Ali Salaj\/ Bruksel Konferenc\u00ebn e tret\u00eb mbi lirin\u00eb e mediave n\u00eb Ballkanin Per\u00ebndimor dhe Turqi, ku mor\u00ebn pjes\u00eb personalitete t\u00eb mediave nga rajoni dhe","og_url":"https:\/\/www.visit-ulcinj.com\/blog\/2015\/11\/12\/mediat-e-rajonit-nen-trysnine-e-politikes-dhe-shtetit\/","og_site_name":"Lajme nga Ulqini","article_published_time":"2015-11-12T08:19:36+00:00","article_modified_time":"2015-11-12T21:01:50+00:00","og_image":[{"url":"http:\/\/www.visit-ulcinj.com\/blog\/wp-content\/uploads\/2015\/11\/Shtypi-i-lire-.jpg"}],"twitter_misc":{"Written by":"ulqini","Est. reading time":"5 minutes"},"schema":{"@context":"https:\/\/schema.org","@graph":[{"@type":"WebSite","@id":"https:\/\/www.visit-ulcinj.com\/blog\/#website","url":"https:\/\/www.visit-ulcinj.com\/blog\/","name":"Lajme nga Ulqini","description":"Lajme,Vijesti,Ulqini,Ulqin,Crna Gora,Mali i Zi","potentialAction":[{"@type":"SearchAction","target":{"@type":"EntryPoint","urlTemplate":"https:\/\/www.visit-ulcinj.com\/blog\/?s={search_term_string}"},"query-input":"required name=search_term_string"}],"inLanguage":"en-US"},{"@type":"ImageObject","inLanguage":"en-US","@id":"https:\/\/www.visit-ulcinj.com\/blog\/2015\/11\/12\/mediat-e-rajonit-nen-trysnine-e-politikes-dhe-shtetit\/#primaryimage","url":"https:\/\/www.visit-ulcinj.com\/blog\/wp-content\/uploads\/2015\/11\/Shtypi-i-lire-.jpg","contentUrl":"https:\/\/www.visit-ulcinj.com\/blog\/wp-content\/uploads\/2015\/11\/Shtypi-i-lire-.jpg","width":508,"height":286},{"@type":"WebPage","@id":"https:\/\/www.visit-ulcinj.com\/blog\/2015\/11\/12\/mediat-e-rajonit-nen-trysnine-e-politikes-dhe-shtetit\/#webpage","url":"https:\/\/www.visit-ulcinj.com\/blog\/2015\/11\/12\/mediat-e-rajonit-nen-trysnine-e-politikes-dhe-shtetit\/","name":"Salaj: Mediat e rajonit n\u00ebn trysnin\u00eb e politik\u00ebs dhe shtetit - Lajme nga Ulqini","isPartOf":{"@id":"https:\/\/www.visit-ulcinj.com\/blog\/#website"},"primaryImageOfPage":{"@id":"https:\/\/www.visit-ulcinj.com\/blog\/2015\/11\/12\/mediat-e-rajonit-nen-trysnine-e-politikes-dhe-shtetit\/#primaryimage"},"datePublished":"2015-11-12T08:19:36+00:00","dateModified":"2015-11-12T21:01:50+00:00","author":{"@id":"https:\/\/www.visit-ulcinj.com\/blog\/#\/schema\/person\/dcab619c614d3038751c63bc2aadc06d"},"description":"Ali Salaj\/ Bruksel Konferenc\u00ebn e tret\u00eb mbi lirin\u00eb e mediave n\u00eb Ballkanin Per\u00ebndimor dhe Turqi, ku mor\u00ebn pjes\u00eb personalitete t\u00eb mediave nga rajoni dhe","breadcrumb":{"@id":"https:\/\/www.visit-ulcinj.com\/blog\/2015\/11\/12\/mediat-e-rajonit-nen-trysnine-e-politikes-dhe-shtetit\/#breadcrumb"},"inLanguage":"en-US","potentialAction":[{"@type":"ReadAction","target":["https:\/\/www.visit-ulcinj.com\/blog\/2015\/11\/12\/mediat-e-rajonit-nen-trysnine-e-politikes-dhe-shtetit\/"]}]},{"@type":"BreadcrumbList","@id":"https:\/\/www.visit-ulcinj.com\/blog\/2015\/11\/12\/mediat-e-rajonit-nen-trysnine-e-politikes-dhe-shtetit\/#breadcrumb","itemListElement":[{"@type":"ListItem","position":1,"name":"Salaj: Mediat e rajonit n\u00ebn trysnin\u00eb e politik\u00ebs dhe shtetit"}]},{"@type":"Person","@id":"https:\/\/www.visit-ulcinj.com\/blog\/#\/schema\/person\/dcab619c614d3038751c63bc2aadc06d","name":"ulqini","sameAs":["http:\/\/www.visit-ulcinj.com"],"url":"https:\/\/www.visit-ulcinj.com\/blog\/author\/admin\/"}]}},"jetpack_featured_media_url":"","jetpack_sharing_enabled":true,"jetpack_shortlink":"https:\/\/wp.me\/pe6lTn-oen","_links":{"self":[{"href":"https:\/\/www.visit-ulcinj.com\/blog\/wp-json\/wp\/v2\/posts\/93147"}],"collection":[{"href":"https:\/\/www.visit-ulcinj.com\/blog\/wp-json\/wp\/v2\/posts"}],"about":[{"href":"https:\/\/www.visit-ulcinj.com\/blog\/wp-json\/wp\/v2\/types\/post"}],"author":[{"embeddable":true,"href":"https:\/\/www.visit-ulcinj.com\/blog\/wp-json\/wp\/v2\/users\/1"}],"replies":[{"embeddable":true,"href":"https:\/\/www.visit-ulcinj.com\/blog\/wp-json\/wp\/v2\/comments?post=93147"}],"version-history":[{"count":2,"href":"https:\/\/www.visit-ulcinj.com\/blog\/wp-json\/wp\/v2\/posts\/93147\/revisions"}],"predecessor-version":[{"id":93156,"href":"https:\/\/www.visit-ulcinj.com\/blog\/wp-json\/wp\/v2\/posts\/93147\/revisions\/93156"}],"wp:attachment":[{"href":"https:\/\/www.visit-ulcinj.com\/blog\/wp-json\/wp\/v2\/media?parent=93147"}],"wp:term":[{"taxonomy":"category","embeddable":true,"href":"https:\/\/www.visit-ulcinj.com\/blog\/wp-json\/wp\/v2\/categories?post=93147"},{"taxonomy":"post_tag","embeddable":true,"href":"https:\/\/www.visit-ulcinj.com\/blog\/wp-json\/wp\/v2\/tags?post=93147"}],"curies":[{"name":"wp","href":"https:\/\/api.w.org\/{rel}","templated":true}]}}