{"id":93150,"date":"2015-11-12T09:31:55","date_gmt":"2015-11-12T08:31:55","guid":{"rendered":"http:\/\/www.visit-ulcinj.com\/blog\/?p=93150"},"modified":"2015-11-12T09:31:55","modified_gmt":"2015-11-12T08:31:55","slug":"shkreli-liria-e-shtypit-kjo-ferre-ne-sy-te-politikaneve-shqiptare","status":"publish","type":"post","link":"https:\/\/www.visit-ulcinj.com\/blog\/2015\/11\/12\/shkreli-liria-e-shtypit-kjo-ferre-ne-sy-te-politikaneve-shqiptare\/","title":{"rendered":"Shkreli &#8211; Liria e shtypit: Kjo ferr\u00eb n\u00eb sy t\u00eb politikan\u00ebve shqiptar\u00eb"},"content":{"rendered":"<p><strong><a href=\"http:\/\/www.visit-ulcinj.com\/blog\/wp-content\/uploads\/2015\/11\/censorship.jpg\"><img loading=\"lazy\" class=\"alignleft wp-image-93151\" src=\"http:\/\/www.visit-ulcinj.com\/blog\/wp-content\/uploads\/2015\/11\/censorship.jpg\" alt=\"censorship\" width=\"508\" height=\"452\" \/><\/a>Nga\u00a0Frank Shkreli<\/strong><\/p>\n<p>Duke lexuar gazet\u00ebn Illyria t\u00eb komunitetit shqiptaro-amerikan n\u00eb New York\u00a0t\u00eb mart\u00ebn,\u00a0lexova\u00a0nj\u00eb shkrim nga korrespondenti i saj n\u00eb Tiran\u00eb n\u00eb lidhje me nj\u00eb konferenc\u00eb t\u00eb p\u00ebrbashk\u00ebt\u00a0me shtypin\u00a0q\u00eb Kryeministrit shqiptar Edi Rama zhvilloi me p\u00ebrfaqsuesen e Bashkimit Europian n\u00eb Shqip\u00ebri, Romana Vllahutin,\u00a0e cila i dor\u00ebzoi\u00a0udh\u00ebheqsit shqiptar,\u00a0 Raportin e P\u00ebrparimit (\u201cProgress-Report\u201d) t\u00eb Komisionit Europian p\u00ebr vitin 2015.\u00a0 Ajo q\u00eb m\u00eb t\u00ebrhoqi v\u00ebmendjen me k\u00ebt\u00eb rast\u00a0ishin komentet e Kryeministrit\u00a0Rama mbi median,\u00a0pjes\u00eb t\u00eb cil\u00ebs, sipas Illyris\u00eb,\u00a0ai iu referua disa her\u00eb\u00a0si, &#8220;k\u00ebnet\u00eb&#8221;.\u00a0 \u201c\u00c7far\u00eb t\u00eb komentoj?! K\u00ebto lajme nga k\u00ebneta! \u00a0S\u2019kam \u00e7far\u00eb t\u00eb komentoj!\u201d \u2013 ishte p\u00ebrgjigja e kryeministrit Edi Rama kur u pyet mbi z\u00ebrat se \u00ebsht\u00eb n\u00ebn presion nga aleati Ilir Meta p\u00ebr ndryshime n\u00eb qeveri, shkruan korrespondenti i gazet\u00ebs Illyria n\u00eb Tiran\u00eb, Denion Ndrenika.\u00a0\u00a0\u00a0\u201cUn\u00eb kur flas p\u00ebr \u201ck\u00ebneta mediatike\u201d, nuk flas p\u00ebr median n\u00eb t\u00ebr\u00ebsi, por flas p\u00ebr k\u00ebnetat medatike n\u00eb hap\u00ebsir\u00ebn ku operon media shqiptare\u201d, citohet t\u00eb ket\u00eb th\u00ebn\u00eb Kryeministri Rama, duke u\u00a0mb\u00ebshtetur, shkruan Illyria,\u00a0n\u00eb ato q\u00eb kryetari i qeveris\u00eb shqiptare i cil\u00ebsoi si\u00a0&#8220;shpifje&#8221; dhe &#8220;akuza&#8221;, por pa dh\u00ebn\u00eb ndonj\u00eb sh\u00ebmbull konkret se kush dhe kujt i drejtohen k\u00ebto shpifje dhe akuza.<\/p>\n<p>&nbsp;<\/p>\n<p>Gazeta Illyria shkruan se as\u00a0Zonja Vllahutin,\u00a0nuk qart\u00ebsoi q\u00ebndrimin e saj kur u pyet se si ndihej si ambasadore e Bashkimit Europian kur d\u00ebgjonte kryeministrin shqiptar\u00a0t\u2019i thoshte medias disa her\u00eb \u201ck\u00ebnet\u00eb\u201d, gjat\u00eb\u00a0konferenc\u00ebs me p\u00ebrfaqsues t\u00eb medias shqiptare, por ajo thjesht\u00eb e shkurtimisht\u00a0u shpreh vet\u00ebm se,\u00a0\u201cSi\u00e7 e dini edhe ju, liria e fjal\u00ebs \u00ebsht\u00eb nj\u00eb nd\u00ebr vlerat thelb\u00ebsore t\u00eb BE-s\u00eb dhe ne e ndjekim nga af\u00ebr.&#8221;<\/p>\n<p>\u00cbsht\u00eb e v\u00ebrtet\u00eb se liria e fjal\u00ebs \u00ebsht\u00eb nd\u00ebr vlerat thelb\u00ebsore t\u00eb Bashkimit Europian dhe n\u00eb k\u00ebtu n\u00eb Shtetet e Bashkuara, liria e shtypit mbrohet\u00a0nga artikulli i par\u00eb i kushtetut\u00ebs, ndon\u00ebse mund t\u00eb ket\u00eb edhe kufizime si n\u00eb Europ\u00eb ashtu edhe n\u00eb Amerik\u00eb, si\u00e7 \u00ebsht\u00eb p\u00ebr sh\u00ebmbull\u00a0ligji kund\u00ebr shpifjeve.\u00a0 P\u00ebr m\u00eb tep\u00ebr, historikisht, edhe n\u00eb k\u00ebto vende ka patur\u00a0raste abuzimi me t\u00eb drejt\u00ebn dhe lirin\u00eb\u00a0e medias dhe trysni ndaj medias nga politikan\u00ebt.\u00a0\u00a0Por fatkeqsisht, politikan\u00ebt shqiptar\u00eb, tani dhe n\u00eb t\u00eb kaluar\u00ebn,\u00a0kudo dhe n\u00eb\u00a0p\u00ebrgjith\u00ebsi &#8212;\u00a0ndryshe nga koleg\u00ebt e tyre n\u00eb vendet\u00a0P\u00ebrendimore t\u00eb cilave ata pretendojn\u00eb se duan tu bashkohen\u00a0&#8211;shpeshher\u00eb\u00a0 n\u00eb marr\u00ebdh\u00ebnjet midis tyre dhe n\u00eb takime me p\u00ebrfaqsues t\u00eb medias &#8212; kan\u00eb ven\u00eb n\u00eb dukje t\u00eb z\u00ebm\u00ebruar,\u00a0se p\u00ebrsa\u00a0u p\u00ebrket pik\u00ebpamjeve t\u00eb tyre\u00a0mbi\u00a0fjal\u00ebn e\u00a0lir\u00eb dhe lirin\u00eb e medias,\u00a0ata fatkeqsisht\u00a0jan\u00eb m\u00eb af\u00ebr q\u00ebndrimeve t\u00eb &#8220;putin\u00ebve&#8221;, &#8220;erdogan\u00ebve&#8221; dhe \u201cajatollah\u00ebve\u201d t\u00eb k\u00ebsaj bote, se sa vlerave per\u00ebndimore mbi lirin\u00eb\u00a0e fjal\u00ebs dhe t\u00eb\u00a0medias,\u00a0p\u00ebr t\u00eb cilat u shpreh ambasadorja e BE-s\u00eb n\u00eb Tiran\u00eb.<\/p>\n<p>\u00cbsht\u00eb e v\u00ebrtet\u00eb se media ka p\u00ebrgjegj\u00ebsi gjithashtu, q\u00eb nd\u00ebr t\u00eb tjera,\u00a0t\u00eb mbikqyr\u00eb veprimtarit\u00eb e qeveris\u00eb dhe t\u00eb zyrtar\u00ebve t\u00eb saj, duke raportuar faktet p\u00ebrgjith\u00ebsisht dhe\u00a0objektivisht, p\u00ebrfshir\u00eb edhe p\u00ebrspektiva t\u00eb ndryshme por pa munguar\u00a0edhe pikpamjet q\u00eb mund t\u00eb mos jen\u00eb n\u00eb p\u00ebrputhje me politik\u00ebn\u00a0zyrtare\u00a0qeveritare. Detyra e medias \u00ebsht\u00eb q\u00eb\u00a0t\u00eb mund\u00ebsoj\u00eb\u00a0qytetar\u00ebt t\u00eb jen\u00eb t\u00eb informuar m\u00eb\u00a0mir\u00eb, me q\u00ebllim q\u00eb ata t\u00eb jen\u00eb m\u00eb n\u00eb gj\u00ebndje p\u00ebr t\u00eb\u00a0influencuar pozitivisht veprimtarit\u00eb qeveritare n\u00eb p\u00ebrgjith\u00ebsi dhe zyrtar\u00ebve t\u00eb lart\u00eb individual n\u00eb ve\u00e7anti.\u00a0 P\u00ebr ndryshe, si\u00e7 ka th\u00ebn\u00eb Xhorxh Washingtoni, &#8220;N\u00ebqoftse na mohohet liria e fjal\u00ebs, at\u00ebher\u00eb si memec\u00eb\u00a0n\u00eb heshtje, do na \u00e7ojn\u00eb si delet n\u00eb kasaphane.&#8221;<\/p>\n<p>Nd\u00ebrkaq, sipas Z\u00ebrit t\u00eb Amerik\u00ebs, dokumenti i Komisionit Europian, q\u00eb iu dor\u00ebzua Kryeministrit Rama t\u00eb mart\u00ebn, v\u00ebren se \u201cnj\u00eb num\u00ebr rastesh t\u00eb profilit t\u00eb lart\u00eb, p\u00ebrfshir\u00eb disa, ku faktet p\u00ebr dyshime p\u00ebr veprime t\u00eb paligjshme nga ana e zyrtar\u00ebve t\u00eb lart\u00eb, gjykat\u00ebsve, kryebashkiak\u00ebve dhe ish ministrave, ishin publikuar nga mediat, nuk u hetuan asnj\u00ebher\u00eb seriozisht\u201d.\u00a0\u00a0Nd\u00ebrsa raporti vjetor i Departamentit t\u00eb Shtetit p\u00ebr T\u00eb Drejtat e Njeriut ka\u00a0v\u00ebrejtur m\u00eb heret se nj\u00eb num\u00ebr fushash q\u00eb kan\u00eb nevoj\u00eb p\u00ebr p\u00ebrmir\u00ebsim, p\u00ebrfshir\u00eb lirin\u00eb e medias n\u00eb Shqip\u00ebri, duke\u00a0nenvijuar se: &#8220;Media ishte aktive dhe n\u00eb mas\u00eb t\u00eb gjer\u00eb e pakufizuar; megjithat\u00eb, pati raste presioni politik t\u00eb drejtp\u00ebrdrejt\u00eb ose t\u00eb t\u00ebrthort\u00eb mbi median, p\u00ebrfshir\u00eb k\u00ebrc\u00ebnime ndaj gazetar\u00ebve. N\u00eb disa raste presioni politik dhe mungesa e fondeve kufizuan median e shkruar t\u00eb pavarur, dhe gazetar\u00ebt raportuan se kishin ushtruar gjer\u00ebsisht vet\u00ebcensur\u00eb\u2026\u201d.<\/p>\n<p>Por\u00a0t\u00eb mart\u00ebn\u00a0n\u00eb Tiran\u00eb, sipas gazet\u00ebs Illyria t\u00eb New York-t, Kryeministri i Shqip\u00ebris\u00eb u shpreh se ndon\u00ebse media n\u00eb Shqip\u00ebri, \u201cKa t\u00eb gjith\u00eb lirin\u00eb t\u00eb thot\u00eb \u00e7far\u00eb t\u00eb doj\u00eb, ka lirin\u00eb t\u00eb shpif\u00eb sa t\u00eb doj\u00eb, ka t\u00eb drejt\u00ebn t\u00eb akuzoj\u00eb k\u00eb t\u00eb doj\u00eb, ka luksin q\u00eb t\u00eb mos b\u00ebj\u00eb asnj\u00eb p\u00ebrpjekje p\u00ebr t\u00eb provuar asgj\u00eb nga ato q\u00eb thot\u00eb, un\u00eb besoj se media &#8220;nuk mund t\u00eb sillet si &#8216;lulja mos m\u00eb prek&#8217;,\u00a0n\u00eb kuptimin e fjal\u00ebve, sepse n\u00eb kuptimin e veprave un\u00eb nuk di asnj\u00eb rast t\u00eb nj\u00eb presioni, k\u00ebrc\u00ebnimi apo sulmi t\u00eb mb\u00ebshtetur nga qeveria ndaj mediave\u201d- komentoi zoti Rama gjat\u00eb konferenc\u00ebs me gazetar\u00ebt. Pyes veten, si u larguan gazetar\u00ebt shqiptar\u00eb nga kjo konferenc\u00eb\u00a0shtypi t\u00eb mart\u00ebn: t\u00eb sfiduar, t\u00eb frik\u00ebsuar, a po\u00a0t\u00eb k\u00ebrc\u00ebnuar &#8212; se t\u00eb ofenduar po se po.<\/p>\n<p>K\u00ebtu n\u00eb Amerik\u00eb thon\u00eb se n\u00ebqoftse\u00a0i\u00a0 futesh politik\u00ebs, &#8220;You need to develop\u00a0a thick skin&#8221;, q\u00eb pak a shum\u00eb do t\u00eb thot\u00eb se\u00a0nuk duhet t\u00eb preokupohesh shum\u00eb nga kritikat e medias ose t\u00eb kund\u00ebrshtar\u00ebve politik\u00eb, por t\u00eb kesh\u00eb durimin e nevojsh\u00ebm dhe toleranc\u00ebn e duhur\u00a0edhe at\u00ebher\u00eb kur akuzat mund t\u00eb duken\u00a0t\u00eb pa baza. Fatkeqsisht, n\u00eb diskursin politik shqiptar t\u00eb k\u00ebtyre 25-viteve t\u00eb fundit, midis kund\u00ebrshtar\u00ebve politik\u00eb, midis politikan\u00ebve e medias dhe anasjelltas, p\u00ebr dit\u00eb e m\u00eb shum\u00eb po humb toleranca, po humb durimi dhe \u00e7\u2019\u00ebsht\u00eb m\u00eb keq dhe mbi t\u00eb gjitha, po humb\u00eb njerzia.<\/p>\n<p>Kjo vihet re kudo, duke filluar nga debatet, t\u00eb cilat m\u00eb shum\u00eb jan\u00eb akuza dhe shpifje t\u00eb nd\u00ebrsjellta midis parlamentar\u00ebve se sa debate t\u00eb mir\u00ebfillta politike q\u00eb kan\u00eb t\u00eb b\u00ebjn\u00eb me legjislacionin n\u00eb Kuvendin e Tiran\u00ebs dhe t\u00eb Prishtin\u00ebs, e deri tek konferencat q\u00eb politikan\u00ebt kan\u00eb, nga hera n\u00eb her\u00eb, me shtypin. Nga diskursi politik me akuza dhe shpifje \u00e7njerzore midis p\u00ebrfaqsuesve t\u00eb ndrysh\u00ebm politik\u00eb shqiptar\u00eb, kjo atmosfer\u00eb mos tolerance ndaj nj\u00ebri tjetrit &#8212; \u00ebsht\u00eb transferuar fatkeqsisht edhe n\u00eb ente t\u00eb tjera t\u00eb shoq\u00ebris\u00eb dhe medias, p\u00ebrfshir\u00eb edhe programet televizive midis analist\u00ebve, t\u00ebcilat ngjajn\u00eb m\u00eb shum\u00eb n\u00eb duele me fjal\u00eb se sa diskutime intelektual\u00ebsh p\u00ebr t\u00eb frym\u00ebzuar dhe p\u00ebr t\u2019i dh\u00ebn\u00eb rrug\u00eb zgjidhjes s\u00eb shum\u00eb problemeve q\u00eb kan\u00eb pllakosur shoq\u00ebrin\u00eb &#8212; nj\u00eb dukuri e keqe kjo q\u00eb vihet re an\u00eb e mban\u00eb trojeve shqiptare. Me ndonj\u00eb p\u00ebrjashtim t\u00eb vog\u00ebl aty k\u00ebtu, fatkeqsisht askund nuk ka vend p\u00ebr nj\u00eb \u00e7k\u00ebmbim normal idesh\u00eb e mendimesh pa u konfliktuar, as n\u00eb nivelin politik e madje as n\u00eb nivelet akademike dhe gazetareske. T\u00eb gjith\u00eb jan\u00eb ngujuar n\u00eb mbrojtje t\u00eb ideve t\u00eb tyre dhe interesave politike dhe partiake duke mos l\u00ebshuar pe dhe pa u shqet\u00ebsuar fare p\u00ebr mendimet dhe t\u00eb drejtat legjitime t\u00eb tjer\u00ebve.<\/p>\n<p>Liria e shtypit \u00ebsht\u00eb baza e vlerave universale t\u00eb drejtave t\u00eb njeriut n\u00eb p\u00ebrgjith\u00ebsi dhe e r\u00ebnd\u00ebsishme p\u00ebr t\u00eb gjith\u00eb, p\u00ebrfshir\u00eb Shtetet e Bashkuara, ka th\u00ebn\u00eb Presidenti amerikan Barak Obama me rastin e Dit\u00ebs Bot\u00ebrore t\u00eb Liris\u00eb s\u00eb Shtypit majin q\u00eb kaloi. Duke lavd\u00ebruar profesionin e gazetarit, ai tha se gazetar\u00ebt<strong><span style=\"text-decoration: underline;\">, <\/span><\/strong><span style=\"text-decoration: underline;\">\u201cekspozojn\u00eb padrejt\u00ebsit\u00eb dhe mbajn\u00eb p\u00ebrgjegj\u00ebs udh\u00ebheqsit si un\u00eb\u201d,<\/span> theksoi Obama duke shtuar se: \u201cAjo q\u00eb \u00ebsht\u00eb gjithashtu me r\u00ebnd\u00ebsi \u00ebsht\u00eb fakti se duhet folur haptazi dhe shpesh n\u00eb mb\u00ebshtetje t\u00eb k\u00ebtyre vlerave t\u00eb cilat jan\u00eb t\u00eb garantuara nga Kushtetuta jon\u00eb dhe nga t\u00eb drejtat themelore q\u00eb ajo p\u00ebrmban, por q\u00eb ne besojm\u00eb se k\u00ebto vlera nuk jan\u00eb thjesht\u00eb vlera amerikane. Ne besojm\u00eb se disa vlera themelore, si\u00e7 \u00ebsht\u00eb liria e fjal\u00ebs dhe e nd\u00ebrgjegjes, \u00ebsht\u00eb nj\u00eb e drejt\u00eb njerzore, por nj\u00ebkohsisht \u00ebsht\u00eb edhe e drejt\u00eb universale &#8212; nj\u00eb liri &#8212; zbatimi i s\u00eb cil\u00ebs m\u00eb n\u00eb fund e b\u00ebn k\u00ebt\u00eb bot\u00eb m\u00eb t\u00eb mir\u00eb dhe m\u00eb t\u00eb fort\u00eb\u201d p\u00ebr t\u00eb gjith\u00eb ne, ka th\u00ebn\u00eb udh\u00ebheqsi amerikan.<\/p>\n<p>&nbsp;<\/p>\n<p>P\u00ebr lirin\u00eb e shytpit duhet folur haptazi dhe shpesh si nj\u00eb e drejt\u00eb themelore p\u00ebr \u00e7do shoq\u00ebri demokratike t\u00eb lire ose gjys\u00ebm t\u00eb lir\u00eb. Liria e shtypit pra, edhe p\u00ebr shqiptar\u00ebt \u00ebsht\u00eb nj\u00eb vler\u00eb dhe e drejt\u00eb baz\u00eb q\u00eb duhet t\u00eb mbrohet, t\u00eb kultivohet dhe mbi t\u00eb gjitha t\u00eb zbatohet me q\u00ebllim p\u00ebr t\u00eb b\u00ebr\u00eb Shqip\u00ebrin\u00eb dhe shqiptar\u00ebt nd\u00ebr m\u00eb t\u00eb mir\u00ebt dhe m\u00eb t\u00eb fortit n\u00eb bot\u00eb. Si i till\u00eb, zbatimi i plot\u00eb i liris\u00eb s\u00eb shtypit, n\u00eb p\u00ebrputhje me vlerat shqiptare dhe universale, \u00ebsht\u00eb edhe n\u00eb interesin komb\u00ebtar t\u00eb shqiptar\u00ebve.<\/p>\n<p>&nbsp;<\/p>\n<p><strong>Frank Shkreli<\/strong><\/p>\n","protected":false},"excerpt":{"rendered":"<p>Nga\u00a0Frank Shkreli Duke lexuar gazet\u00ebn Illyria t\u00eb komunitetit shqiptaro-amerikan n\u00eb New York\u00a0t\u00eb mart\u00ebn,\u00a0lexova\u00a0nj\u00eb shkrim nga korrespondenti i saj n\u00eb Tiran\u00eb n\u00eb lidhje me nj\u00eb konferenc\u00eb t\u00eb p\u00ebrbashk\u00ebt\u00a0me shtypin\u00a0q\u00eb Kryeministrit shqiptar Edi Rama zhvilloi me p\u00ebrfaqsuesen e Bashkimit Europian n\u00eb Shqip\u00ebri, Romana Vllahutin,\u00a0e cila i dor\u00ebzoi\u00a0udh\u00ebheqsit shqiptar,\u00a0 Raportin e P\u00ebrparimit (\u201cProgress-Report\u201d) t\u00eb Komisionit Europian p\u00ebr vitin [&hellip;]<\/p>\n","protected":false},"author":1,"featured_media":0,"comment_status":"closed","ping_status":"closed","sticky":false,"template":"","format":"standard","meta":{"spay_email":"","jetpack_publicize_message":"","jetpack_is_tweetstorm":false,"jetpack_publicize_feature_enabled":true},"categories":[7],"tags":[],"jetpack_publicize_connections":[],"yoast_head":"<!-- This site is optimized with the Yoast SEO plugin v19.1 - https:\/\/yoast.com\/wordpress\/plugins\/seo\/ -->\n<title>Shkreli - Liria e shtypit: Kjo ferr\u00eb n\u00eb sy t\u00eb politikan\u00ebve shqiptar\u00eb - Lajme nga Ulqini<\/title>\n<meta name=\"description\" content=\"Nga\u00a0Frank Shkreli Duke lexuar gazet\u00ebn Illyria t\u00eb komunitetit shqiptaro-amerikan n\u00eb New York\u00a0t\u00eb mart\u00ebn,\u00a0lexova\u00a0nj\u00eb shkrim nga korrespondenti i saj n\u00eb\" \/>\n<meta name=\"robots\" content=\"index, follow, max-snippet:-1, max-image-preview:large, max-video-preview:-1\" \/>\n<link rel=\"canonical\" href=\"https:\/\/www.visit-ulcinj.com\/blog\/2015\/11\/12\/shkreli-liria-e-shtypit-kjo-ferre-ne-sy-te-politikaneve-shqiptare\/\" \/>\n<meta property=\"og:locale\" content=\"en_US\" \/>\n<meta property=\"og:type\" content=\"article\" \/>\n<meta property=\"og:title\" content=\"Shkreli - Liria e shtypit: Kjo ferr\u00eb n\u00eb sy t\u00eb politikan\u00ebve shqiptar\u00eb - Lajme nga Ulqini\" \/>\n<meta property=\"og:description\" content=\"Nga\u00a0Frank Shkreli Duke lexuar gazet\u00ebn Illyria t\u00eb komunitetit shqiptaro-amerikan n\u00eb New York\u00a0t\u00eb mart\u00ebn,\u00a0lexova\u00a0nj\u00eb shkrim nga korrespondenti i saj n\u00eb\" \/>\n<meta property=\"og:url\" content=\"https:\/\/www.visit-ulcinj.com\/blog\/2015\/11\/12\/shkreli-liria-e-shtypit-kjo-ferre-ne-sy-te-politikaneve-shqiptare\/\" \/>\n<meta property=\"og:site_name\" content=\"Lajme nga Ulqini\" \/>\n<meta property=\"article:published_time\" content=\"2015-11-12T08:31:55+00:00\" \/>\n<meta property=\"og:image\" content=\"http:\/\/www.visit-ulcinj.com\/blog\/wp-content\/uploads\/2015\/11\/censorship.jpg\" \/>\n<meta name=\"twitter:label1\" content=\"Written by\" \/>\n\t<meta name=\"twitter:data1\" content=\"ulqini\" \/>\n\t<meta name=\"twitter:label2\" content=\"Est. reading time\" \/>\n\t<meta name=\"twitter:data2\" content=\"8 minutes\" \/>\n<script type=\"application\/ld+json\" class=\"yoast-schema-graph\">{\"@context\":\"https:\/\/schema.org\",\"@graph\":[{\"@type\":\"WebSite\",\"@id\":\"https:\/\/www.visit-ulcinj.com\/blog\/#website\",\"url\":\"https:\/\/www.visit-ulcinj.com\/blog\/\",\"name\":\"Lajme nga Ulqini\",\"description\":\"Lajme,Vijesti,Ulqini,Ulqin,Crna Gora,Mali i Zi\",\"potentialAction\":[{\"@type\":\"SearchAction\",\"target\":{\"@type\":\"EntryPoint\",\"urlTemplate\":\"https:\/\/www.visit-ulcinj.com\/blog\/?s={search_term_string}\"},\"query-input\":\"required name=search_term_string\"}],\"inLanguage\":\"en-US\"},{\"@type\":\"ImageObject\",\"inLanguage\":\"en-US\",\"@id\":\"https:\/\/www.visit-ulcinj.com\/blog\/2015\/11\/12\/shkreli-liria-e-shtypit-kjo-ferre-ne-sy-te-politikaneve-shqiptare\/#primaryimage\",\"url\":\"http:\/\/www.visit-ulcinj.com\/blog\/wp-content\/uploads\/2015\/11\/censorship.jpg\",\"contentUrl\":\"http:\/\/www.visit-ulcinj.com\/blog\/wp-content\/uploads\/2015\/11\/censorship.jpg\"},{\"@type\":\"WebPage\",\"@id\":\"https:\/\/www.visit-ulcinj.com\/blog\/2015\/11\/12\/shkreli-liria-e-shtypit-kjo-ferre-ne-sy-te-politikaneve-shqiptare\/#webpage\",\"url\":\"https:\/\/www.visit-ulcinj.com\/blog\/2015\/11\/12\/shkreli-liria-e-shtypit-kjo-ferre-ne-sy-te-politikaneve-shqiptare\/\",\"name\":\"Shkreli - Liria e shtypit: Kjo ferr\u00eb n\u00eb sy t\u00eb politikan\u00ebve shqiptar\u00eb - Lajme nga Ulqini\",\"isPartOf\":{\"@id\":\"https:\/\/www.visit-ulcinj.com\/blog\/#website\"},\"primaryImageOfPage\":{\"@id\":\"https:\/\/www.visit-ulcinj.com\/blog\/2015\/11\/12\/shkreli-liria-e-shtypit-kjo-ferre-ne-sy-te-politikaneve-shqiptare\/#primaryimage\"},\"datePublished\":\"2015-11-12T08:31:55+00:00\",\"dateModified\":\"2015-11-12T08:31:55+00:00\",\"author\":{\"@id\":\"https:\/\/www.visit-ulcinj.com\/blog\/#\/schema\/person\/dcab619c614d3038751c63bc2aadc06d\"},\"description\":\"Nga\u00a0Frank Shkreli Duke lexuar gazet\u00ebn Illyria t\u00eb komunitetit shqiptaro-amerikan n\u00eb New York\u00a0t\u00eb mart\u00ebn,\u00a0lexova\u00a0nj\u00eb shkrim nga korrespondenti i saj n\u00eb\",\"breadcrumb\":{\"@id\":\"https:\/\/www.visit-ulcinj.com\/blog\/2015\/11\/12\/shkreli-liria-e-shtypit-kjo-ferre-ne-sy-te-politikaneve-shqiptare\/#breadcrumb\"},\"inLanguage\":\"en-US\",\"potentialAction\":[{\"@type\":\"ReadAction\",\"target\":[\"https:\/\/www.visit-ulcinj.com\/blog\/2015\/11\/12\/shkreli-liria-e-shtypit-kjo-ferre-ne-sy-te-politikaneve-shqiptare\/\"]}]},{\"@type\":\"BreadcrumbList\",\"@id\":\"https:\/\/www.visit-ulcinj.com\/blog\/2015\/11\/12\/shkreli-liria-e-shtypit-kjo-ferre-ne-sy-te-politikaneve-shqiptare\/#breadcrumb\",\"itemListElement\":[{\"@type\":\"ListItem\",\"position\":1,\"name\":\"Shkreli &#8211; Liria e shtypit: Kjo ferr\u00eb n\u00eb sy t\u00eb politikan\u00ebve shqiptar\u00eb\"}]},{\"@type\":\"Person\",\"@id\":\"https:\/\/www.visit-ulcinj.com\/blog\/#\/schema\/person\/dcab619c614d3038751c63bc2aadc06d\",\"name\":\"ulqini\",\"sameAs\":[\"http:\/\/www.visit-ulcinj.com\"],\"url\":\"https:\/\/www.visit-ulcinj.com\/blog\/author\/admin\/\"}]}<\/script>\n<!-- \/ Yoast SEO plugin. -->","yoast_head_json":{"title":"Shkreli - Liria e shtypit: Kjo ferr\u00eb n\u00eb sy t\u00eb politikan\u00ebve shqiptar\u00eb - Lajme nga Ulqini","description":"Nga\u00a0Frank Shkreli Duke lexuar gazet\u00ebn Illyria t\u00eb komunitetit shqiptaro-amerikan n\u00eb New York\u00a0t\u00eb mart\u00ebn,\u00a0lexova\u00a0nj\u00eb shkrim nga korrespondenti i saj n\u00eb","robots":{"index":"index","follow":"follow","max-snippet":"max-snippet:-1","max-image-preview":"max-image-preview:large","max-video-preview":"max-video-preview:-1"},"canonical":"https:\/\/www.visit-ulcinj.com\/blog\/2015\/11\/12\/shkreli-liria-e-shtypit-kjo-ferre-ne-sy-te-politikaneve-shqiptare\/","og_locale":"en_US","og_type":"article","og_title":"Shkreli - Liria e shtypit: Kjo ferr\u00eb n\u00eb sy t\u00eb politikan\u00ebve shqiptar\u00eb - Lajme nga Ulqini","og_description":"Nga\u00a0Frank Shkreli Duke lexuar gazet\u00ebn Illyria t\u00eb komunitetit shqiptaro-amerikan n\u00eb New York\u00a0t\u00eb mart\u00ebn,\u00a0lexova\u00a0nj\u00eb shkrim nga korrespondenti i saj n\u00eb","og_url":"https:\/\/www.visit-ulcinj.com\/blog\/2015\/11\/12\/shkreli-liria-e-shtypit-kjo-ferre-ne-sy-te-politikaneve-shqiptare\/","og_site_name":"Lajme nga Ulqini","article_published_time":"2015-11-12T08:31:55+00:00","og_image":[{"url":"http:\/\/www.visit-ulcinj.com\/blog\/wp-content\/uploads\/2015\/11\/censorship.jpg"}],"twitter_misc":{"Written by":"ulqini","Est. reading time":"8 minutes"},"schema":{"@context":"https:\/\/schema.org","@graph":[{"@type":"WebSite","@id":"https:\/\/www.visit-ulcinj.com\/blog\/#website","url":"https:\/\/www.visit-ulcinj.com\/blog\/","name":"Lajme nga Ulqini","description":"Lajme,Vijesti,Ulqini,Ulqin,Crna Gora,Mali i Zi","potentialAction":[{"@type":"SearchAction","target":{"@type":"EntryPoint","urlTemplate":"https:\/\/www.visit-ulcinj.com\/blog\/?s={search_term_string}"},"query-input":"required name=search_term_string"}],"inLanguage":"en-US"},{"@type":"ImageObject","inLanguage":"en-US","@id":"https:\/\/www.visit-ulcinj.com\/blog\/2015\/11\/12\/shkreli-liria-e-shtypit-kjo-ferre-ne-sy-te-politikaneve-shqiptare\/#primaryimage","url":"http:\/\/www.visit-ulcinj.com\/blog\/wp-content\/uploads\/2015\/11\/censorship.jpg","contentUrl":"http:\/\/www.visit-ulcinj.com\/blog\/wp-content\/uploads\/2015\/11\/censorship.jpg"},{"@type":"WebPage","@id":"https:\/\/www.visit-ulcinj.com\/blog\/2015\/11\/12\/shkreli-liria-e-shtypit-kjo-ferre-ne-sy-te-politikaneve-shqiptare\/#webpage","url":"https:\/\/www.visit-ulcinj.com\/blog\/2015\/11\/12\/shkreli-liria-e-shtypit-kjo-ferre-ne-sy-te-politikaneve-shqiptare\/","name":"Shkreli - Liria e shtypit: Kjo ferr\u00eb n\u00eb sy t\u00eb politikan\u00ebve shqiptar\u00eb - Lajme nga Ulqini","isPartOf":{"@id":"https:\/\/www.visit-ulcinj.com\/blog\/#website"},"primaryImageOfPage":{"@id":"https:\/\/www.visit-ulcinj.com\/blog\/2015\/11\/12\/shkreli-liria-e-shtypit-kjo-ferre-ne-sy-te-politikaneve-shqiptare\/#primaryimage"},"datePublished":"2015-11-12T08:31:55+00:00","dateModified":"2015-11-12T08:31:55+00:00","author":{"@id":"https:\/\/www.visit-ulcinj.com\/blog\/#\/schema\/person\/dcab619c614d3038751c63bc2aadc06d"},"description":"Nga\u00a0Frank Shkreli Duke lexuar gazet\u00ebn Illyria t\u00eb komunitetit shqiptaro-amerikan n\u00eb New York\u00a0t\u00eb mart\u00ebn,\u00a0lexova\u00a0nj\u00eb shkrim nga korrespondenti i saj n\u00eb","breadcrumb":{"@id":"https:\/\/www.visit-ulcinj.com\/blog\/2015\/11\/12\/shkreli-liria-e-shtypit-kjo-ferre-ne-sy-te-politikaneve-shqiptare\/#breadcrumb"},"inLanguage":"en-US","potentialAction":[{"@type":"ReadAction","target":["https:\/\/www.visit-ulcinj.com\/blog\/2015\/11\/12\/shkreli-liria-e-shtypit-kjo-ferre-ne-sy-te-politikaneve-shqiptare\/"]}]},{"@type":"BreadcrumbList","@id":"https:\/\/www.visit-ulcinj.com\/blog\/2015\/11\/12\/shkreli-liria-e-shtypit-kjo-ferre-ne-sy-te-politikaneve-shqiptare\/#breadcrumb","itemListElement":[{"@type":"ListItem","position":1,"name":"Shkreli &#8211; Liria e shtypit: Kjo ferr\u00eb n\u00eb sy t\u00eb politikan\u00ebve shqiptar\u00eb"}]},{"@type":"Person","@id":"https:\/\/www.visit-ulcinj.com\/blog\/#\/schema\/person\/dcab619c614d3038751c63bc2aadc06d","name":"ulqini","sameAs":["http:\/\/www.visit-ulcinj.com"],"url":"https:\/\/www.visit-ulcinj.com\/blog\/author\/admin\/"}]}},"jetpack_featured_media_url":"","jetpack_sharing_enabled":true,"jetpack_shortlink":"https:\/\/wp.me\/pe6lTn-oeq","_links":{"self":[{"href":"https:\/\/www.visit-ulcinj.com\/blog\/wp-json\/wp\/v2\/posts\/93150"}],"collection":[{"href":"https:\/\/www.visit-ulcinj.com\/blog\/wp-json\/wp\/v2\/posts"}],"about":[{"href":"https:\/\/www.visit-ulcinj.com\/blog\/wp-json\/wp\/v2\/types\/post"}],"author":[{"embeddable":true,"href":"https:\/\/www.visit-ulcinj.com\/blog\/wp-json\/wp\/v2\/users\/1"}],"replies":[{"embeddable":true,"href":"https:\/\/www.visit-ulcinj.com\/blog\/wp-json\/wp\/v2\/comments?post=93150"}],"version-history":[{"count":1,"href":"https:\/\/www.visit-ulcinj.com\/blog\/wp-json\/wp\/v2\/posts\/93150\/revisions"}],"predecessor-version":[{"id":93152,"href":"https:\/\/www.visit-ulcinj.com\/blog\/wp-json\/wp\/v2\/posts\/93150\/revisions\/93152"}],"wp:attachment":[{"href":"https:\/\/www.visit-ulcinj.com\/blog\/wp-json\/wp\/v2\/media?parent=93150"}],"wp:term":[{"taxonomy":"category","embeddable":true,"href":"https:\/\/www.visit-ulcinj.com\/blog\/wp-json\/wp\/v2\/categories?post=93150"},{"taxonomy":"post_tag","embeddable":true,"href":"https:\/\/www.visit-ulcinj.com\/blog\/wp-json\/wp\/v2\/tags?post=93150"}],"curies":[{"name":"wp","href":"https:\/\/api.w.org\/{rel}","templated":true}]}}