{"id":93164,"date":"2015-11-12T21:40:40","date_gmt":"2015-11-12T20:40:40","guid":{"rendered":"http:\/\/www.visit-ulcinj.com\/blog\/?p=93164"},"modified":"2015-11-12T21:40:40","modified_gmt":"2015-11-12T20:40:40","slug":"fatima-kasnecovic-79-stradala-je-u-pozaru-u-selu-brajse","status":"publish","type":"post","link":"https:\/\/www.visit-ulcinj.com\/blog\/2015\/11\/12\/fatima-kasnecovic-79-stradala-je-u-pozaru-u-selu-brajse\/","title":{"rendered":"Fatima Kasnecovi\u0107 (79) stradala je u po\u017earu u selu Braj\u0161e"},"content":{"rendered":"<p><strong><span class=\"credits__author\"> <a href=\"http:\/\/www.visit-ulcinj.com\/blog\/wp-content\/uploads\/2015\/11\/Pozar-ulcinj.jpg\"><img loading=\"lazy\" class=\"alignleft wp-image-93165 size-medium\" src=\"http:\/\/www.visit-ulcinj.com\/blog\/wp-content\/uploads\/2015\/11\/Pozar-ulcinj-225x300.jpg\" alt=\"Pozar-ulcinj\" width=\"225\" height=\"300\" srcset=\"https:\/\/www.visit-ulcinj.com\/blog\/wp-content\/uploads\/2015\/11\/Pozar-ulcinj-225x300.jpg 225w, https:\/\/www.visit-ulcinj.com\/blog\/wp-content\/uploads\/2015\/11\/Pozar-ulcinj.jpg 336w\" sizes=\"(max-width: 225px) 100vw, 225px\" \/><\/a>Autor: Samir Adrovi\u0107 <\/span><\/strong><\/p>\n<p>Fatima Kasnecovi\u0107 (79) stradala je u po\u017earu koji je oko 13,35 zahvatio njenu ku\u0107u u selu Braj\u0161e kod Vladimira, prema Ostrosu.<\/p>\n<p>Slu\u017eba za\u0161tite, poziv za intervenciju u mjestu udaljenom oko 30km od grada, dobila je pet minuta kasnije.<\/p>\n<p>Prvo od ukupno tri vatrogasna vozila koja su po\u0161la na intervenciju, na lice mjesta stiglo je u 14,00h ali su mje\u0161tani ve\u0107 bili sami ugasili po\u017ear.<\/p>\n<p>&#8220;Na\u017ealost, u unutra\u0161njost izgorjelog objekta prona\u0111eno je be\u017eivotno tijelo jedne starice. Policija radi uvi\u0111aj i vjerovatno \u0107emo brzo saznati uzrok po\u017eara&#8221;, kazao je Vijestima sagovornik iz slu\u017ebe za\u0161tite.<\/p>\n<p>Prema nezvani\u010dnim informacijama, starica koja je \u017eivjela sama, ugu\u0161ila se od dima.<\/p>\n<p><strong>Izvor: Vijesti Online<\/strong><\/p>\n","protected":false},"excerpt":{"rendered":"<p>Autor: Samir Adrovi\u0107 Fatima Kasnecovi\u0107 (79) stradala je u po\u017earu koji je oko 13,35 zahvatio njenu ku\u0107u u selu Braj\u0161e kod Vladimira, prema Ostrosu. Slu\u017eba za\u0161tite, poziv za intervenciju u mjestu udaljenom oko 30km od grada, dobila je pet minuta kasnije. Prvo od ukupno tri vatrogasna vozila koja su po\u0161la na intervenciju, na lice mjesta [&hellip;]<\/p>\n","protected":false},"author":1,"featured_media":0,"comment_status":"closed","ping_status":"closed","sticky":false,"template":"","format":"standard","meta":{"spay_email":"","jetpack_publicize_message":"","jetpack_is_tweetstorm":false,"jetpack_publicize_feature_enabled":true},"categories":[8337],"tags":[],"jetpack_publicize_connections":[],"yoast_head":"<!-- This site is optimized with the Yoast SEO plugin v19.1 - https:\/\/yoast.com\/wordpress\/plugins\/seo\/ -->\n<title>Fatima Kasnecovi\u0107 (79) stradala je u po\u017earu u selu Braj\u0161e - Lajme nga Ulqini<\/title>\n<meta name=\"description\" content=\"Autor: Samir Adrovi\u0107 Fatima Kasnecovi\u0107 (79) stradala je u po\u017earu koji je oko 13,35 zahvatio njenu ku\u0107u u selu Braj\u0161e kod Vladimira, prema Ostrosu. Slu\u017eba\" \/>\n<meta name=\"robots\" content=\"index, follow, max-snippet:-1, max-image-preview:large, max-video-preview:-1\" \/>\n<link rel=\"canonical\" href=\"https:\/\/www.visit-ulcinj.com\/blog\/2015\/11\/12\/fatima-kasnecovic-79-stradala-je-u-pozaru-u-selu-brajse\/\" \/>\n<meta property=\"og:locale\" content=\"en_US\" \/>\n<meta property=\"og:type\" content=\"article\" \/>\n<meta property=\"og:title\" content=\"Fatima Kasnecovi\u0107 (79) stradala je u po\u017earu u selu Braj\u0161e - Lajme nga Ulqini\" \/>\n<meta property=\"og:description\" content=\"Autor: Samir Adrovi\u0107 Fatima Kasnecovi\u0107 (79) stradala je u po\u017earu koji je oko 13,35 zahvatio njenu ku\u0107u u selu Braj\u0161e kod Vladimira, prema Ostrosu. Slu\u017eba\" \/>\n<meta property=\"og:url\" content=\"https:\/\/www.visit-ulcinj.com\/blog\/2015\/11\/12\/fatima-kasnecovic-79-stradala-je-u-pozaru-u-selu-brajse\/\" \/>\n<meta property=\"og:site_name\" content=\"Lajme nga Ulqini\" \/>\n<meta property=\"article:published_time\" content=\"2015-11-12T20:40:40+00:00\" \/>\n<meta property=\"og:image\" content=\"http:\/\/www.visit-ulcinj.com\/blog\/wp-content\/uploads\/2015\/11\/Pozar-ulcinj-225x300.jpg\" \/>\n<meta name=\"twitter:label1\" content=\"Written by\" \/>\n\t<meta name=\"twitter:data1\" content=\"ulqini\" \/>\n\t<meta name=\"twitter:label2\" content=\"Est. reading time\" \/>\n\t<meta name=\"twitter:data2\" content=\"1 minute\" \/>\n<script type=\"application\/ld+json\" class=\"yoast-schema-graph\">{\"@context\":\"https:\/\/schema.org\",\"@graph\":[{\"@type\":\"WebSite\",\"@id\":\"https:\/\/www.visit-ulcinj.com\/blog\/#website\",\"url\":\"https:\/\/www.visit-ulcinj.com\/blog\/\",\"name\":\"Lajme nga Ulqini\",\"description\":\"Lajme,Vijesti,Ulqini,Ulqin,Crna Gora,Mali i Zi\",\"potentialAction\":[{\"@type\":\"SearchAction\",\"target\":{\"@type\":\"EntryPoint\",\"urlTemplate\":\"https:\/\/www.visit-ulcinj.com\/blog\/?s={search_term_string}\"},\"query-input\":\"required name=search_term_string\"}],\"inLanguage\":\"en-US\"},{\"@type\":\"ImageObject\",\"inLanguage\":\"en-US\",\"@id\":\"https:\/\/www.visit-ulcinj.com\/blog\/2015\/11\/12\/fatima-kasnecovic-79-stradala-je-u-pozaru-u-selu-brajse\/#primaryimage\",\"url\":\"https:\/\/www.visit-ulcinj.com\/blog\/wp-content\/uploads\/2015\/11\/Pozar-ulcinj.jpg\",\"contentUrl\":\"https:\/\/www.visit-ulcinj.com\/blog\/wp-content\/uploads\/2015\/11\/Pozar-ulcinj.jpg\",\"width\":336,\"height\":448},{\"@type\":\"WebPage\",\"@id\":\"https:\/\/www.visit-ulcinj.com\/blog\/2015\/11\/12\/fatima-kasnecovic-79-stradala-je-u-pozaru-u-selu-brajse\/#webpage\",\"url\":\"https:\/\/www.visit-ulcinj.com\/blog\/2015\/11\/12\/fatima-kasnecovic-79-stradala-je-u-pozaru-u-selu-brajse\/\",\"name\":\"Fatima Kasnecovi\u0107 (79) stradala je u po\u017earu u selu Braj\u0161e - Lajme nga Ulqini\",\"isPartOf\":{\"@id\":\"https:\/\/www.visit-ulcinj.com\/blog\/#website\"},\"primaryImageOfPage\":{\"@id\":\"https:\/\/www.visit-ulcinj.com\/blog\/2015\/11\/12\/fatima-kasnecovic-79-stradala-je-u-pozaru-u-selu-brajse\/#primaryimage\"},\"datePublished\":\"2015-11-12T20:40:40+00:00\",\"dateModified\":\"2015-11-12T20:40:40+00:00\",\"author\":{\"@id\":\"https:\/\/www.visit-ulcinj.com\/blog\/#\/schema\/person\/dcab619c614d3038751c63bc2aadc06d\"},\"description\":\"Autor: Samir Adrovi\u0107 Fatima Kasnecovi\u0107 (79) stradala je u po\u017earu koji je oko 13,35 zahvatio njenu ku\u0107u u selu Braj\u0161e kod Vladimira, prema Ostrosu. Slu\u017eba\",\"breadcrumb\":{\"@id\":\"https:\/\/www.visit-ulcinj.com\/blog\/2015\/11\/12\/fatima-kasnecovic-79-stradala-je-u-pozaru-u-selu-brajse\/#breadcrumb\"},\"inLanguage\":\"en-US\",\"potentialAction\":[{\"@type\":\"ReadAction\",\"target\":[\"https:\/\/www.visit-ulcinj.com\/blog\/2015\/11\/12\/fatima-kasnecovic-79-stradala-je-u-pozaru-u-selu-brajse\/\"]}]},{\"@type\":\"BreadcrumbList\",\"@id\":\"https:\/\/www.visit-ulcinj.com\/blog\/2015\/11\/12\/fatima-kasnecovic-79-stradala-je-u-pozaru-u-selu-brajse\/#breadcrumb\",\"itemListElement\":[{\"@type\":\"ListItem\",\"position\":1,\"name\":\"Fatima Kasnecovi\u0107 (79) stradala je u po\u017earu u selu Braj\u0161e\"}]},{\"@type\":\"Person\",\"@id\":\"https:\/\/www.visit-ulcinj.com\/blog\/#\/schema\/person\/dcab619c614d3038751c63bc2aadc06d\",\"name\":\"ulqini\",\"sameAs\":[\"http:\/\/www.visit-ulcinj.com\"],\"url\":\"https:\/\/www.visit-ulcinj.com\/blog\/author\/admin\/\"}]}<\/script>\n<!-- \/ Yoast SEO plugin. -->","yoast_head_json":{"title":"Fatima Kasnecovi\u0107 (79) stradala je u po\u017earu u selu Braj\u0161e - Lajme nga Ulqini","description":"Autor: Samir Adrovi\u0107 Fatima Kasnecovi\u0107 (79) stradala je u po\u017earu koji je oko 13,35 zahvatio njenu ku\u0107u u selu Braj\u0161e kod Vladimira, prema Ostrosu. Slu\u017eba","robots":{"index":"index","follow":"follow","max-snippet":"max-snippet:-1","max-image-preview":"max-image-preview:large","max-video-preview":"max-video-preview:-1"},"canonical":"https:\/\/www.visit-ulcinj.com\/blog\/2015\/11\/12\/fatima-kasnecovic-79-stradala-je-u-pozaru-u-selu-brajse\/","og_locale":"en_US","og_type":"article","og_title":"Fatima Kasnecovi\u0107 (79) stradala je u po\u017earu u selu Braj\u0161e - Lajme nga Ulqini","og_description":"Autor: Samir Adrovi\u0107 Fatima Kasnecovi\u0107 (79) stradala je u po\u017earu koji je oko 13,35 zahvatio njenu ku\u0107u u selu Braj\u0161e kod Vladimira, prema Ostrosu. Slu\u017eba","og_url":"https:\/\/www.visit-ulcinj.com\/blog\/2015\/11\/12\/fatima-kasnecovic-79-stradala-je-u-pozaru-u-selu-brajse\/","og_site_name":"Lajme nga Ulqini","article_published_time":"2015-11-12T20:40:40+00:00","og_image":[{"url":"http:\/\/www.visit-ulcinj.com\/blog\/wp-content\/uploads\/2015\/11\/Pozar-ulcinj-225x300.jpg"}],"twitter_misc":{"Written by":"ulqini","Est. reading time":"1 minute"},"schema":{"@context":"https:\/\/schema.org","@graph":[{"@type":"WebSite","@id":"https:\/\/www.visit-ulcinj.com\/blog\/#website","url":"https:\/\/www.visit-ulcinj.com\/blog\/","name":"Lajme nga Ulqini","description":"Lajme,Vijesti,Ulqini,Ulqin,Crna Gora,Mali i Zi","potentialAction":[{"@type":"SearchAction","target":{"@type":"EntryPoint","urlTemplate":"https:\/\/www.visit-ulcinj.com\/blog\/?s={search_term_string}"},"query-input":"required name=search_term_string"}],"inLanguage":"en-US"},{"@type":"ImageObject","inLanguage":"en-US","@id":"https:\/\/www.visit-ulcinj.com\/blog\/2015\/11\/12\/fatima-kasnecovic-79-stradala-je-u-pozaru-u-selu-brajse\/#primaryimage","url":"https:\/\/www.visit-ulcinj.com\/blog\/wp-content\/uploads\/2015\/11\/Pozar-ulcinj.jpg","contentUrl":"https:\/\/www.visit-ulcinj.com\/blog\/wp-content\/uploads\/2015\/11\/Pozar-ulcinj.jpg","width":336,"height":448},{"@type":"WebPage","@id":"https:\/\/www.visit-ulcinj.com\/blog\/2015\/11\/12\/fatima-kasnecovic-79-stradala-je-u-pozaru-u-selu-brajse\/#webpage","url":"https:\/\/www.visit-ulcinj.com\/blog\/2015\/11\/12\/fatima-kasnecovic-79-stradala-je-u-pozaru-u-selu-brajse\/","name":"Fatima Kasnecovi\u0107 (79) stradala je u po\u017earu u selu Braj\u0161e - Lajme nga Ulqini","isPartOf":{"@id":"https:\/\/www.visit-ulcinj.com\/blog\/#website"},"primaryImageOfPage":{"@id":"https:\/\/www.visit-ulcinj.com\/blog\/2015\/11\/12\/fatima-kasnecovic-79-stradala-je-u-pozaru-u-selu-brajse\/#primaryimage"},"datePublished":"2015-11-12T20:40:40+00:00","dateModified":"2015-11-12T20:40:40+00:00","author":{"@id":"https:\/\/www.visit-ulcinj.com\/blog\/#\/schema\/person\/dcab619c614d3038751c63bc2aadc06d"},"description":"Autor: Samir Adrovi\u0107 Fatima Kasnecovi\u0107 (79) stradala je u po\u017earu koji je oko 13,35 zahvatio njenu ku\u0107u u selu Braj\u0161e kod Vladimira, prema Ostrosu. Slu\u017eba","breadcrumb":{"@id":"https:\/\/www.visit-ulcinj.com\/blog\/2015\/11\/12\/fatima-kasnecovic-79-stradala-je-u-pozaru-u-selu-brajse\/#breadcrumb"},"inLanguage":"en-US","potentialAction":[{"@type":"ReadAction","target":["https:\/\/www.visit-ulcinj.com\/blog\/2015\/11\/12\/fatima-kasnecovic-79-stradala-je-u-pozaru-u-selu-brajse\/"]}]},{"@type":"BreadcrumbList","@id":"https:\/\/www.visit-ulcinj.com\/blog\/2015\/11\/12\/fatima-kasnecovic-79-stradala-je-u-pozaru-u-selu-brajse\/#breadcrumb","itemListElement":[{"@type":"ListItem","position":1,"name":"Fatima Kasnecovi\u0107 (79) stradala je u po\u017earu u selu Braj\u0161e"}]},{"@type":"Person","@id":"https:\/\/www.visit-ulcinj.com\/blog\/#\/schema\/person\/dcab619c614d3038751c63bc2aadc06d","name":"ulqini","sameAs":["http:\/\/www.visit-ulcinj.com"],"url":"https:\/\/www.visit-ulcinj.com\/blog\/author\/admin\/"}]}},"jetpack_featured_media_url":"","jetpack_sharing_enabled":true,"jetpack_shortlink":"https:\/\/wp.me\/pe6lTn-oeE","_links":{"self":[{"href":"https:\/\/www.visit-ulcinj.com\/blog\/wp-json\/wp\/v2\/posts\/93164"}],"collection":[{"href":"https:\/\/www.visit-ulcinj.com\/blog\/wp-json\/wp\/v2\/posts"}],"about":[{"href":"https:\/\/www.visit-ulcinj.com\/blog\/wp-json\/wp\/v2\/types\/post"}],"author":[{"embeddable":true,"href":"https:\/\/www.visit-ulcinj.com\/blog\/wp-json\/wp\/v2\/users\/1"}],"replies":[{"embeddable":true,"href":"https:\/\/www.visit-ulcinj.com\/blog\/wp-json\/wp\/v2\/comments?post=93164"}],"version-history":[{"count":1,"href":"https:\/\/www.visit-ulcinj.com\/blog\/wp-json\/wp\/v2\/posts\/93164\/revisions"}],"predecessor-version":[{"id":93166,"href":"https:\/\/www.visit-ulcinj.com\/blog\/wp-json\/wp\/v2\/posts\/93164\/revisions\/93166"}],"wp:attachment":[{"href":"https:\/\/www.visit-ulcinj.com\/blog\/wp-json\/wp\/v2\/media?parent=93164"}],"wp:term":[{"taxonomy":"category","embeddable":true,"href":"https:\/\/www.visit-ulcinj.com\/blog\/wp-json\/wp\/v2\/categories?post=93164"},{"taxonomy":"post_tag","embeddable":true,"href":"https:\/\/www.visit-ulcinj.com\/blog\/wp-json\/wp\/v2\/tags?post=93164"}],"curies":[{"name":"wp","href":"https:\/\/api.w.org\/{rel}","templated":true}]}}