{"id":93167,"date":"2015-11-12T21:59:24","date_gmt":"2015-11-12T20:59:24","guid":{"rendered":"http:\/\/www.visit-ulcinj.com\/blog\/?p=93167"},"modified":"2015-11-12T22:02:39","modified_gmt":"2015-11-12T21:02:39","slug":"humb-jeten-79-vjecarja-asfiksohet-nga-zjarri-fatime-kasneci","status":"publish","type":"post","link":"https:\/\/www.visit-ulcinj.com\/blog\/2015\/11\/12\/humb-jeten-79-vjecarja-asfiksohet-nga-zjarri-fatime-kasneci\/","title":{"rendered":"Humb jet\u00ebn 79-vje\u00e7arja, asfiksohet nga zjarri Fatime Kasneci"},"content":{"rendered":"<p><a href=\"http:\/\/www.visit-ulcinj.com\/blog\/wp-content\/uploads\/2015\/11\/Zjarrfikesit-e-Ulqinit.jpg\"><img loading=\"lazy\" class=\"alignleft wp-image-93168\" src=\"http:\/\/www.visit-ulcinj.com\/blog\/wp-content\/uploads\/2015\/11\/Zjarrfikesit-e-Ulqinit.jpg\" alt=\"Zjarrfikesit-e-Ulqinit\" width=\"508\" height=\"341\" srcset=\"https:\/\/www.visit-ulcinj.com\/blog\/wp-content\/uploads\/2015\/11\/Zjarrfikesit-e-Ulqinit.jpg 802w, https:\/\/www.visit-ulcinj.com\/blog\/wp-content\/uploads\/2015\/11\/Zjarrfikesit-e-Ulqinit-300x202.jpg 300w\" sizes=\"(max-width: 508px) 100vw, 508px\" \/><\/a>Foto ilustrim:<\/p>\n<p>Nj\u00eb zjarr i madh ka r\u00ebn\u00eb sot pasdite n\u00eb or\u00ebn 13,35 n\u00eb fshatin Brajsh\u00eb t\u00eb An\u00ebs s\u00eb Malit. P\u00ebr pasoj\u00eb nj\u00eb person raportohet se ka humbur jet\u00ebn, raporton gazeta &#8220;Vijesti&#8221;.<\/p>\n<p>Raportohet se viktima \u00ebsht\u00eb e moshuara Fatime Kasneci 79 vje\u00e7. Nj\u00ebsitet policore, s\u00eb bashku me zjarrfik\u00ebsit, i jan\u00eb p\u00ebrgjigjur rastit.<\/p>\n<p>Nga t\u00eb dh\u00ebnat e para m\u00ebsohet se e moshuara nuk ka mundur dot t\u00eb largohet nga vendngjarja. N\u00eb vendngjarje mb\u00ebrriti grupi hetimor policor p\u00ebr t\u00eb p\u00ebrcaktuar shkaqet e zjarrit dhe zbuluar rrethanat e ngjarjes.<\/p>\n","protected":false},"excerpt":{"rendered":"<p>Foto ilustrim: Nj\u00eb zjarr i madh ka r\u00ebn\u00eb sot pasdite n\u00eb or\u00ebn 13,35 n\u00eb fshatin Brajsh\u00eb t\u00eb An\u00ebs s\u00eb Malit. P\u00ebr pasoj\u00eb nj\u00eb person raportohet se ka humbur jet\u00ebn, raporton gazeta &#8220;Vijesti&#8221;. Raportohet se viktima \u00ebsht\u00eb e moshuara Fatime Kasneci 79 vje\u00e7. Nj\u00ebsitet policore, s\u00eb bashku me zjarrfik\u00ebsit, i jan\u00eb p\u00ebrgjigjur rastit. Nga t\u00eb dh\u00ebnat [&hellip;]<\/p>\n","protected":false},"author":1,"featured_media":0,"comment_status":"closed","ping_status":"closed","sticky":false,"template":"","format":"standard","meta":{"spay_email":"","jetpack_publicize_message":"","jetpack_is_tweetstorm":false,"jetpack_publicize_feature_enabled":true},"categories":[1],"tags":[],"jetpack_publicize_connections":[],"yoast_head":"<!-- This site is optimized with the Yoast SEO plugin v19.1 - https:\/\/yoast.com\/wordpress\/plugins\/seo\/ -->\n<title>Humb jet\u00ebn 79-vje\u00e7arja, asfiksohet nga zjarri Fatime Kasneci - Lajme nga Ulqini<\/title>\n<meta name=\"description\" content=\"Foto ilustrim: Nj\u00eb zjarr i madh ka r\u00ebn\u00eb sot pasdite n\u00eb or\u00ebn 13,35 n\u00eb fshatin Brajsh\u00eb t\u00eb An\u00ebs s\u00eb Malit. P\u00ebr pasoj\u00eb nj\u00eb person raportohet se ka humbur\" \/>\n<meta name=\"robots\" content=\"index, follow, max-snippet:-1, max-image-preview:large, max-video-preview:-1\" \/>\n<link rel=\"canonical\" href=\"https:\/\/www.visit-ulcinj.com\/blog\/2015\/11\/12\/humb-jeten-79-vjecarja-asfiksohet-nga-zjarri-fatime-kasneci\/\" \/>\n<meta property=\"og:locale\" content=\"en_US\" \/>\n<meta property=\"og:type\" content=\"article\" \/>\n<meta property=\"og:title\" content=\"Humb jet\u00ebn 79-vje\u00e7arja, asfiksohet nga zjarri Fatime Kasneci - Lajme nga Ulqini\" \/>\n<meta property=\"og:description\" content=\"Foto ilustrim: Nj\u00eb zjarr i madh ka r\u00ebn\u00eb sot pasdite n\u00eb or\u00ebn 13,35 n\u00eb fshatin Brajsh\u00eb t\u00eb An\u00ebs s\u00eb Malit. P\u00ebr pasoj\u00eb nj\u00eb person raportohet se ka humbur\" \/>\n<meta property=\"og:url\" content=\"https:\/\/www.visit-ulcinj.com\/blog\/2015\/11\/12\/humb-jeten-79-vjecarja-asfiksohet-nga-zjarri-fatime-kasneci\/\" \/>\n<meta property=\"og:site_name\" content=\"Lajme nga Ulqini\" \/>\n<meta property=\"article:published_time\" content=\"2015-11-12T20:59:24+00:00\" \/>\n<meta property=\"article:modified_time\" content=\"2015-11-12T21:02:39+00:00\" \/>\n<meta property=\"og:image\" content=\"http:\/\/www.visit-ulcinj.com\/blog\/wp-content\/uploads\/2015\/11\/Zjarrfikesit-e-Ulqinit.jpg\" \/>\n<meta name=\"twitter:label1\" content=\"Written by\" \/>\n\t<meta name=\"twitter:data1\" content=\"ulqini\" \/>\n<script type=\"application\/ld+json\" class=\"yoast-schema-graph\">{\"@context\":\"https:\/\/schema.org\",\"@graph\":[{\"@type\":\"WebSite\",\"@id\":\"https:\/\/www.visit-ulcinj.com\/blog\/#website\",\"url\":\"https:\/\/www.visit-ulcinj.com\/blog\/\",\"name\":\"Lajme nga Ulqini\",\"description\":\"Lajme,Vijesti,Ulqini,Ulqin,Crna Gora,Mali i Zi\",\"potentialAction\":[{\"@type\":\"SearchAction\",\"target\":{\"@type\":\"EntryPoint\",\"urlTemplate\":\"https:\/\/www.visit-ulcinj.com\/blog\/?s={search_term_string}\"},\"query-input\":\"required name=search_term_string\"}],\"inLanguage\":\"en-US\"},{\"@type\":\"ImageObject\",\"inLanguage\":\"en-US\",\"@id\":\"https:\/\/www.visit-ulcinj.com\/blog\/2015\/11\/12\/humb-jeten-79-vjecarja-asfiksohet-nga-zjarri-fatime-kasneci\/#primaryimage\",\"url\":\"https:\/\/www.visit-ulcinj.com\/blog\/wp-content\/uploads\/2015\/11\/Zjarrfikesit-e-Ulqinit.jpg\",\"contentUrl\":\"https:\/\/www.visit-ulcinj.com\/blog\/wp-content\/uploads\/2015\/11\/Zjarrfikesit-e-Ulqinit.jpg\",\"width\":802,\"height\":539},{\"@type\":\"WebPage\",\"@id\":\"https:\/\/www.visit-ulcinj.com\/blog\/2015\/11\/12\/humb-jeten-79-vjecarja-asfiksohet-nga-zjarri-fatime-kasneci\/#webpage\",\"url\":\"https:\/\/www.visit-ulcinj.com\/blog\/2015\/11\/12\/humb-jeten-79-vjecarja-asfiksohet-nga-zjarri-fatime-kasneci\/\",\"name\":\"Humb jet\u00ebn 79-vje\u00e7arja, asfiksohet nga zjarri Fatime Kasneci - Lajme nga Ulqini\",\"isPartOf\":{\"@id\":\"https:\/\/www.visit-ulcinj.com\/blog\/#website\"},\"primaryImageOfPage\":{\"@id\":\"https:\/\/www.visit-ulcinj.com\/blog\/2015\/11\/12\/humb-jeten-79-vjecarja-asfiksohet-nga-zjarri-fatime-kasneci\/#primaryimage\"},\"datePublished\":\"2015-11-12T20:59:24+00:00\",\"dateModified\":\"2015-11-12T21:02:39+00:00\",\"author\":{\"@id\":\"https:\/\/www.visit-ulcinj.com\/blog\/#\/schema\/person\/dcab619c614d3038751c63bc2aadc06d\"},\"description\":\"Foto ilustrim: Nj\u00eb zjarr i madh ka r\u00ebn\u00eb sot pasdite n\u00eb or\u00ebn 13,35 n\u00eb fshatin Brajsh\u00eb t\u00eb An\u00ebs s\u00eb Malit. P\u00ebr pasoj\u00eb nj\u00eb person raportohet se ka humbur\",\"breadcrumb\":{\"@id\":\"https:\/\/www.visit-ulcinj.com\/blog\/2015\/11\/12\/humb-jeten-79-vjecarja-asfiksohet-nga-zjarri-fatime-kasneci\/#breadcrumb\"},\"inLanguage\":\"en-US\",\"potentialAction\":[{\"@type\":\"ReadAction\",\"target\":[\"https:\/\/www.visit-ulcinj.com\/blog\/2015\/11\/12\/humb-jeten-79-vjecarja-asfiksohet-nga-zjarri-fatime-kasneci\/\"]}]},{\"@type\":\"BreadcrumbList\",\"@id\":\"https:\/\/www.visit-ulcinj.com\/blog\/2015\/11\/12\/humb-jeten-79-vjecarja-asfiksohet-nga-zjarri-fatime-kasneci\/#breadcrumb\",\"itemListElement\":[{\"@type\":\"ListItem\",\"position\":1,\"name\":\"Humb jet\u00ebn 79-vje\u00e7arja, asfiksohet nga zjarri Fatime Kasneci\"}]},{\"@type\":\"Person\",\"@id\":\"https:\/\/www.visit-ulcinj.com\/blog\/#\/schema\/person\/dcab619c614d3038751c63bc2aadc06d\",\"name\":\"ulqini\",\"sameAs\":[\"http:\/\/www.visit-ulcinj.com\"],\"url\":\"https:\/\/www.visit-ulcinj.com\/blog\/author\/admin\/\"}]}<\/script>\n<!-- \/ Yoast SEO plugin. -->","yoast_head_json":{"title":"Humb jet\u00ebn 79-vje\u00e7arja, asfiksohet nga zjarri Fatime Kasneci - Lajme nga Ulqini","description":"Foto ilustrim: Nj\u00eb zjarr i madh ka r\u00ebn\u00eb sot pasdite n\u00eb or\u00ebn 13,35 n\u00eb fshatin Brajsh\u00eb t\u00eb An\u00ebs s\u00eb Malit. P\u00ebr pasoj\u00eb nj\u00eb person raportohet se ka humbur","robots":{"index":"index","follow":"follow","max-snippet":"max-snippet:-1","max-image-preview":"max-image-preview:large","max-video-preview":"max-video-preview:-1"},"canonical":"https:\/\/www.visit-ulcinj.com\/blog\/2015\/11\/12\/humb-jeten-79-vjecarja-asfiksohet-nga-zjarri-fatime-kasneci\/","og_locale":"en_US","og_type":"article","og_title":"Humb jet\u00ebn 79-vje\u00e7arja, asfiksohet nga zjarri Fatime Kasneci - Lajme nga Ulqini","og_description":"Foto ilustrim: Nj\u00eb zjarr i madh ka r\u00ebn\u00eb sot pasdite n\u00eb or\u00ebn 13,35 n\u00eb fshatin Brajsh\u00eb t\u00eb An\u00ebs s\u00eb Malit. P\u00ebr pasoj\u00eb nj\u00eb person raportohet se ka humbur","og_url":"https:\/\/www.visit-ulcinj.com\/blog\/2015\/11\/12\/humb-jeten-79-vjecarja-asfiksohet-nga-zjarri-fatime-kasneci\/","og_site_name":"Lajme nga Ulqini","article_published_time":"2015-11-12T20:59:24+00:00","article_modified_time":"2015-11-12T21:02:39+00:00","og_image":[{"url":"http:\/\/www.visit-ulcinj.com\/blog\/wp-content\/uploads\/2015\/11\/Zjarrfikesit-e-Ulqinit.jpg"}],"twitter_misc":{"Written by":"ulqini"},"schema":{"@context":"https:\/\/schema.org","@graph":[{"@type":"WebSite","@id":"https:\/\/www.visit-ulcinj.com\/blog\/#website","url":"https:\/\/www.visit-ulcinj.com\/blog\/","name":"Lajme nga Ulqini","description":"Lajme,Vijesti,Ulqini,Ulqin,Crna Gora,Mali i Zi","potentialAction":[{"@type":"SearchAction","target":{"@type":"EntryPoint","urlTemplate":"https:\/\/www.visit-ulcinj.com\/blog\/?s={search_term_string}"},"query-input":"required name=search_term_string"}],"inLanguage":"en-US"},{"@type":"ImageObject","inLanguage":"en-US","@id":"https:\/\/www.visit-ulcinj.com\/blog\/2015\/11\/12\/humb-jeten-79-vjecarja-asfiksohet-nga-zjarri-fatime-kasneci\/#primaryimage","url":"https:\/\/www.visit-ulcinj.com\/blog\/wp-content\/uploads\/2015\/11\/Zjarrfikesit-e-Ulqinit.jpg","contentUrl":"https:\/\/www.visit-ulcinj.com\/blog\/wp-content\/uploads\/2015\/11\/Zjarrfikesit-e-Ulqinit.jpg","width":802,"height":539},{"@type":"WebPage","@id":"https:\/\/www.visit-ulcinj.com\/blog\/2015\/11\/12\/humb-jeten-79-vjecarja-asfiksohet-nga-zjarri-fatime-kasneci\/#webpage","url":"https:\/\/www.visit-ulcinj.com\/blog\/2015\/11\/12\/humb-jeten-79-vjecarja-asfiksohet-nga-zjarri-fatime-kasneci\/","name":"Humb jet\u00ebn 79-vje\u00e7arja, asfiksohet nga zjarri Fatime Kasneci - Lajme nga Ulqini","isPartOf":{"@id":"https:\/\/www.visit-ulcinj.com\/blog\/#website"},"primaryImageOfPage":{"@id":"https:\/\/www.visit-ulcinj.com\/blog\/2015\/11\/12\/humb-jeten-79-vjecarja-asfiksohet-nga-zjarri-fatime-kasneci\/#primaryimage"},"datePublished":"2015-11-12T20:59:24+00:00","dateModified":"2015-11-12T21:02:39+00:00","author":{"@id":"https:\/\/www.visit-ulcinj.com\/blog\/#\/schema\/person\/dcab619c614d3038751c63bc2aadc06d"},"description":"Foto ilustrim: Nj\u00eb zjarr i madh ka r\u00ebn\u00eb sot pasdite n\u00eb or\u00ebn 13,35 n\u00eb fshatin Brajsh\u00eb t\u00eb An\u00ebs s\u00eb Malit. P\u00ebr pasoj\u00eb nj\u00eb person raportohet se ka humbur","breadcrumb":{"@id":"https:\/\/www.visit-ulcinj.com\/blog\/2015\/11\/12\/humb-jeten-79-vjecarja-asfiksohet-nga-zjarri-fatime-kasneci\/#breadcrumb"},"inLanguage":"en-US","potentialAction":[{"@type":"ReadAction","target":["https:\/\/www.visit-ulcinj.com\/blog\/2015\/11\/12\/humb-jeten-79-vjecarja-asfiksohet-nga-zjarri-fatime-kasneci\/"]}]},{"@type":"BreadcrumbList","@id":"https:\/\/www.visit-ulcinj.com\/blog\/2015\/11\/12\/humb-jeten-79-vjecarja-asfiksohet-nga-zjarri-fatime-kasneci\/#breadcrumb","itemListElement":[{"@type":"ListItem","position":1,"name":"Humb jet\u00ebn 79-vje\u00e7arja, asfiksohet nga zjarri Fatime Kasneci"}]},{"@type":"Person","@id":"https:\/\/www.visit-ulcinj.com\/blog\/#\/schema\/person\/dcab619c614d3038751c63bc2aadc06d","name":"ulqini","sameAs":["http:\/\/www.visit-ulcinj.com"],"url":"https:\/\/www.visit-ulcinj.com\/blog\/author\/admin\/"}]}},"jetpack_featured_media_url":"","jetpack_sharing_enabled":true,"jetpack_shortlink":"https:\/\/wp.me\/pe6lTn-oeH","_links":{"self":[{"href":"https:\/\/www.visit-ulcinj.com\/blog\/wp-json\/wp\/v2\/posts\/93167"}],"collection":[{"href":"https:\/\/www.visit-ulcinj.com\/blog\/wp-json\/wp\/v2\/posts"}],"about":[{"href":"https:\/\/www.visit-ulcinj.com\/blog\/wp-json\/wp\/v2\/types\/post"}],"author":[{"embeddable":true,"href":"https:\/\/www.visit-ulcinj.com\/blog\/wp-json\/wp\/v2\/users\/1"}],"replies":[{"embeddable":true,"href":"https:\/\/www.visit-ulcinj.com\/blog\/wp-json\/wp\/v2\/comments?post=93167"}],"version-history":[{"count":2,"href":"https:\/\/www.visit-ulcinj.com\/blog\/wp-json\/wp\/v2\/posts\/93167\/revisions"}],"predecessor-version":[{"id":93170,"href":"https:\/\/www.visit-ulcinj.com\/blog\/wp-json\/wp\/v2\/posts\/93167\/revisions\/93170"}],"wp:attachment":[{"href":"https:\/\/www.visit-ulcinj.com\/blog\/wp-json\/wp\/v2\/media?parent=93167"}],"wp:term":[{"taxonomy":"category","embeddable":true,"href":"https:\/\/www.visit-ulcinj.com\/blog\/wp-json\/wp\/v2\/categories?post=93167"},{"taxonomy":"post_tag","embeddable":true,"href":"https:\/\/www.visit-ulcinj.com\/blog\/wp-json\/wp\/v2\/tags?post=93167"}],"curies":[{"name":"wp","href":"https:\/\/api.w.org\/{rel}","templated":true}]}}