{"id":93174,"date":"2015-11-12T22:26:39","date_gmt":"2015-11-12T21:26:39","guid":{"rendered":"http:\/\/www.visit-ulcinj.com\/blog\/?p=93174"},"modified":"2015-11-12T22:26:39","modified_gmt":"2015-11-12T21:26:39","slug":"policia-e-shkodres-hedh-drite-mbi-krimin-e-ndodhur-ne-ulqin","status":"publish","type":"post","link":"https:\/\/www.visit-ulcinj.com\/blog\/2015\/11\/12\/policia-e-shkodres-hedh-drite-mbi-krimin-e-ndodhur-ne-ulqin\/","title":{"rendered":"Policia e Shkodr\u00ebs hedh drit\u00eb mbi krimin e ndodhur n\u00eb Ulqin"},"content":{"rendered":"<p><span class=\"arial14 \"><strong><a href=\"http:\/\/www.visit-ulcinj.com\/blog\/wp-content\/uploads\/2015\/11\/Policia-ilustrim.jpg\"><img loading=\"lazy\" class=\"alignleft wp-image-93175\" src=\"http:\/\/www.visit-ulcinj.com\/blog\/wp-content\/uploads\/2015\/11\/Policia-ilustrim.jpg\" alt=\"Policia-ilustrim\" width=\"508\" height=\"304\" srcset=\"https:\/\/www.visit-ulcinj.com\/blog\/wp-content\/uploads\/2015\/11\/Policia-ilustrim.jpg 645w, https:\/\/www.visit-ulcinj.com\/blog\/wp-content\/uploads\/2015\/11\/Policia-ilustrim-300x180.jpg 300w\" sizes=\"(max-width: 508px) 100vw, 508px\" \/><\/a>Efektiv\u00ebt e policis\u00eb s\u00eb Shkodr\u00ebs kan\u00eb mundur t\u00eb hedhin drit\u00eb mbi nj\u00eb ngjarje t\u00eb r\u00ebnd\u00eb kriminale t\u00eb ndodhur m\u00eb 14 shtator t\u00eb k\u00ebtij viti n\u00eb Ulqin t\u00eb Malit t\u00eb Zi, ku nj\u00eb shtetase u vodh me dhun\u00eb, duke i shkaktuar asaj vdekjen.<\/strong><\/span><\/p>\n<p><span class=\"arial14 linkszi \">Si pasoj\u00eb e k\u00ebtij aksioni t\u00eb zhvilluar mbi baz\u00ebn e materialeve hetimore t\u00eb ardhura nga shteti fqinj i Malit t\u00eb Zi dhe pas procedimit penal t\u00eb regjistruar nga Prokuroria pran\u00eb Gjykat\u00ebs s\u00eb Shkall\u00ebs s\u00eb Par\u00eb n\u00eb Shkod\u00ebr, jan\u00eb arrestuar 3 persona, t\u00eb gjith\u00eb t\u00eb akuzuar p\u00ebr vepr\u00ebn penale \u201cvjedhje me dhun\u00eb, me pasoj\u00eb vdekjen\u201d.<\/p>\n<p>T\u00eb arrestuar kan\u00eb p\u00ebrfunduar shtetasi A.P., 16 vje\u00e7; shtetasi Adrijan Pjetri, 27 vje\u00e7, si dhe shtetasi A.P., 17 vje\u00e7, t\u00eb tre k\u00ebta banues n\u00eb fshatin Ar\u00ebs-Miliska, n\u00eb Thuman\u00eb t\u00eb Kruj\u00ebs.<\/p>\n<p>Nga materialet hetimore, t\u00eb ndaluarit akuzohen p\u00ebr ngjarjen e ndodhur n\u00eb Mal t\u00eb Zi, ku viktim\u00eb e vjedhjes me dhun\u00eb prej tyre ka mbetur shtet\u00ebsja malazeze pensioniste Stana Bozhoviq (67).<\/p>\n<p>Gjat\u00eb arrestimeve \u00ebsht\u00eb b\u00ebr\u00eb e mundur edhe gjetja e sekuestrimi n\u00eb cil\u00ebsin\u00eb e prov\u00ebs materiale t\u00eb nj\u00eb kompjuteri, nj\u00eb telefoni celular, nj\u00eb ore dore, dy unaza floriri dhe nj\u00eb sasi eurosh q\u00eb i p\u00ebrkisnin viktim\u00ebs.<\/p>\n<p>\/ Top Channel <\/span><\/p>\n","protected":false},"excerpt":{"rendered":"<p>Efektiv\u00ebt e policis\u00eb s\u00eb Shkodr\u00ebs kan\u00eb mundur t\u00eb hedhin drit\u00eb mbi nj\u00eb ngjarje t\u00eb r\u00ebnd\u00eb kriminale t\u00eb ndodhur m\u00eb 14 shtator t\u00eb k\u00ebtij viti n\u00eb Ulqin t\u00eb Malit t\u00eb Zi, ku nj\u00eb shtetase u vodh me dhun\u00eb, duke i shkaktuar asaj vdekjen. Si pasoj\u00eb e k\u00ebtij aksioni t\u00eb zhvilluar mbi baz\u00ebn e materialeve hetimore t\u00eb [&hellip;]<\/p>\n","protected":false},"author":1,"featured_media":0,"comment_status":"closed","ping_status":"closed","sticky":false,"template":"","format":"standard","meta":{"spay_email":"","jetpack_publicize_message":"","jetpack_is_tweetstorm":false,"jetpack_publicize_feature_enabled":true},"categories":[12],"tags":[],"jetpack_publicize_connections":[],"yoast_head":"<!-- This site is optimized with the Yoast SEO plugin v19.1 - https:\/\/yoast.com\/wordpress\/plugins\/seo\/ -->\n<title>Policia e Shkodr\u00ebs hedh drit\u00eb mbi krimin e ndodhur n\u00eb Ulqin - Lajme nga Ulqini<\/title>\n<meta name=\"description\" content=\"Efektiv\u00ebt e policis\u00eb s\u00eb Shkodr\u00ebs kan\u00eb mundur t\u00eb hedhin drit\u00eb mbi nj\u00eb ngjarje t\u00eb r\u00ebnd\u00eb kriminale t\u00eb ndodhur m\u00eb 14 shtator t\u00eb k\u00ebtij viti n\u00eb Ulqin t\u00eb Malit\" \/>\n<meta name=\"robots\" content=\"index, follow, max-snippet:-1, max-image-preview:large, max-video-preview:-1\" \/>\n<link rel=\"canonical\" href=\"https:\/\/www.visit-ulcinj.com\/blog\/2015\/11\/12\/policia-e-shkodres-hedh-drite-mbi-krimin-e-ndodhur-ne-ulqin\/\" \/>\n<meta property=\"og:locale\" content=\"en_US\" \/>\n<meta property=\"og:type\" content=\"article\" \/>\n<meta property=\"og:title\" content=\"Policia e Shkodr\u00ebs hedh drit\u00eb mbi krimin e ndodhur n\u00eb Ulqin - Lajme nga Ulqini\" \/>\n<meta property=\"og:description\" content=\"Efektiv\u00ebt e policis\u00eb s\u00eb Shkodr\u00ebs kan\u00eb mundur t\u00eb hedhin drit\u00eb mbi nj\u00eb ngjarje t\u00eb r\u00ebnd\u00eb kriminale t\u00eb ndodhur m\u00eb 14 shtator t\u00eb k\u00ebtij viti n\u00eb Ulqin t\u00eb Malit\" \/>\n<meta property=\"og:url\" content=\"https:\/\/www.visit-ulcinj.com\/blog\/2015\/11\/12\/policia-e-shkodres-hedh-drite-mbi-krimin-e-ndodhur-ne-ulqin\/\" \/>\n<meta property=\"og:site_name\" content=\"Lajme nga Ulqini\" \/>\n<meta property=\"article:published_time\" content=\"2015-11-12T21:26:39+00:00\" \/>\n<meta property=\"og:image\" content=\"http:\/\/www.visit-ulcinj.com\/blog\/wp-content\/uploads\/2015\/11\/Policia-ilustrim.jpg\" \/>\n<meta name=\"twitter:label1\" content=\"Written by\" \/>\n\t<meta name=\"twitter:data1\" content=\"ulqini\" \/>\n\t<meta name=\"twitter:label2\" content=\"Est. reading time\" \/>\n\t<meta name=\"twitter:data2\" content=\"1 minute\" \/>\n<script type=\"application\/ld+json\" class=\"yoast-schema-graph\">{\"@context\":\"https:\/\/schema.org\",\"@graph\":[{\"@type\":\"WebSite\",\"@id\":\"https:\/\/www.visit-ulcinj.com\/blog\/#website\",\"url\":\"https:\/\/www.visit-ulcinj.com\/blog\/\",\"name\":\"Lajme nga Ulqini\",\"description\":\"Lajme,Vijesti,Ulqini,Ulqin,Crna Gora,Mali i Zi\",\"potentialAction\":[{\"@type\":\"SearchAction\",\"target\":{\"@type\":\"EntryPoint\",\"urlTemplate\":\"https:\/\/www.visit-ulcinj.com\/blog\/?s={search_term_string}\"},\"query-input\":\"required name=search_term_string\"}],\"inLanguage\":\"en-US\"},{\"@type\":\"ImageObject\",\"inLanguage\":\"en-US\",\"@id\":\"https:\/\/www.visit-ulcinj.com\/blog\/2015\/11\/12\/policia-e-shkodres-hedh-drite-mbi-krimin-e-ndodhur-ne-ulqin\/#primaryimage\",\"url\":\"https:\/\/www.visit-ulcinj.com\/blog\/wp-content\/uploads\/2015\/11\/Policia-ilustrim.jpg\",\"contentUrl\":\"https:\/\/www.visit-ulcinj.com\/blog\/wp-content\/uploads\/2015\/11\/Policia-ilustrim.jpg\",\"width\":645,\"height\":386},{\"@type\":\"WebPage\",\"@id\":\"https:\/\/www.visit-ulcinj.com\/blog\/2015\/11\/12\/policia-e-shkodres-hedh-drite-mbi-krimin-e-ndodhur-ne-ulqin\/#webpage\",\"url\":\"https:\/\/www.visit-ulcinj.com\/blog\/2015\/11\/12\/policia-e-shkodres-hedh-drite-mbi-krimin-e-ndodhur-ne-ulqin\/\",\"name\":\"Policia e Shkodr\u00ebs hedh drit\u00eb mbi krimin e ndodhur n\u00eb Ulqin - Lajme nga Ulqini\",\"isPartOf\":{\"@id\":\"https:\/\/www.visit-ulcinj.com\/blog\/#website\"},\"primaryImageOfPage\":{\"@id\":\"https:\/\/www.visit-ulcinj.com\/blog\/2015\/11\/12\/policia-e-shkodres-hedh-drite-mbi-krimin-e-ndodhur-ne-ulqin\/#primaryimage\"},\"datePublished\":\"2015-11-12T21:26:39+00:00\",\"dateModified\":\"2015-11-12T21:26:39+00:00\",\"author\":{\"@id\":\"https:\/\/www.visit-ulcinj.com\/blog\/#\/schema\/person\/dcab619c614d3038751c63bc2aadc06d\"},\"description\":\"Efektiv\u00ebt e policis\u00eb s\u00eb Shkodr\u00ebs kan\u00eb mundur t\u00eb hedhin drit\u00eb mbi nj\u00eb ngjarje t\u00eb r\u00ebnd\u00eb kriminale t\u00eb ndodhur m\u00eb 14 shtator t\u00eb k\u00ebtij viti n\u00eb Ulqin t\u00eb Malit\",\"breadcrumb\":{\"@id\":\"https:\/\/www.visit-ulcinj.com\/blog\/2015\/11\/12\/policia-e-shkodres-hedh-drite-mbi-krimin-e-ndodhur-ne-ulqin\/#breadcrumb\"},\"inLanguage\":\"en-US\",\"potentialAction\":[{\"@type\":\"ReadAction\",\"target\":[\"https:\/\/www.visit-ulcinj.com\/blog\/2015\/11\/12\/policia-e-shkodres-hedh-drite-mbi-krimin-e-ndodhur-ne-ulqin\/\"]}]},{\"@type\":\"BreadcrumbList\",\"@id\":\"https:\/\/www.visit-ulcinj.com\/blog\/2015\/11\/12\/policia-e-shkodres-hedh-drite-mbi-krimin-e-ndodhur-ne-ulqin\/#breadcrumb\",\"itemListElement\":[{\"@type\":\"ListItem\",\"position\":1,\"name\":\"Policia e Shkodr\u00ebs hedh drit\u00eb mbi krimin e ndodhur n\u00eb Ulqin\"}]},{\"@type\":\"Person\",\"@id\":\"https:\/\/www.visit-ulcinj.com\/blog\/#\/schema\/person\/dcab619c614d3038751c63bc2aadc06d\",\"name\":\"ulqini\",\"sameAs\":[\"http:\/\/www.visit-ulcinj.com\"],\"url\":\"https:\/\/www.visit-ulcinj.com\/blog\/author\/admin\/\"}]}<\/script>\n<!-- \/ Yoast SEO plugin. -->","yoast_head_json":{"title":"Policia e Shkodr\u00ebs hedh drit\u00eb mbi krimin e ndodhur n\u00eb Ulqin - Lajme nga Ulqini","description":"Efektiv\u00ebt e policis\u00eb s\u00eb Shkodr\u00ebs kan\u00eb mundur t\u00eb hedhin drit\u00eb mbi nj\u00eb ngjarje t\u00eb r\u00ebnd\u00eb kriminale t\u00eb ndodhur m\u00eb 14 shtator t\u00eb k\u00ebtij viti n\u00eb Ulqin t\u00eb Malit","robots":{"index":"index","follow":"follow","max-snippet":"max-snippet:-1","max-image-preview":"max-image-preview:large","max-video-preview":"max-video-preview:-1"},"canonical":"https:\/\/www.visit-ulcinj.com\/blog\/2015\/11\/12\/policia-e-shkodres-hedh-drite-mbi-krimin-e-ndodhur-ne-ulqin\/","og_locale":"en_US","og_type":"article","og_title":"Policia e Shkodr\u00ebs hedh drit\u00eb mbi krimin e ndodhur n\u00eb Ulqin - Lajme nga Ulqini","og_description":"Efektiv\u00ebt e policis\u00eb s\u00eb Shkodr\u00ebs kan\u00eb mundur t\u00eb hedhin drit\u00eb mbi nj\u00eb ngjarje t\u00eb r\u00ebnd\u00eb kriminale t\u00eb ndodhur m\u00eb 14 shtator t\u00eb k\u00ebtij viti n\u00eb Ulqin t\u00eb Malit","og_url":"https:\/\/www.visit-ulcinj.com\/blog\/2015\/11\/12\/policia-e-shkodres-hedh-drite-mbi-krimin-e-ndodhur-ne-ulqin\/","og_site_name":"Lajme nga Ulqini","article_published_time":"2015-11-12T21:26:39+00:00","og_image":[{"url":"http:\/\/www.visit-ulcinj.com\/blog\/wp-content\/uploads\/2015\/11\/Policia-ilustrim.jpg"}],"twitter_misc":{"Written by":"ulqini","Est. reading time":"1 minute"},"schema":{"@context":"https:\/\/schema.org","@graph":[{"@type":"WebSite","@id":"https:\/\/www.visit-ulcinj.com\/blog\/#website","url":"https:\/\/www.visit-ulcinj.com\/blog\/","name":"Lajme nga Ulqini","description":"Lajme,Vijesti,Ulqini,Ulqin,Crna Gora,Mali i Zi","potentialAction":[{"@type":"SearchAction","target":{"@type":"EntryPoint","urlTemplate":"https:\/\/www.visit-ulcinj.com\/blog\/?s={search_term_string}"},"query-input":"required name=search_term_string"}],"inLanguage":"en-US"},{"@type":"ImageObject","inLanguage":"en-US","@id":"https:\/\/www.visit-ulcinj.com\/blog\/2015\/11\/12\/policia-e-shkodres-hedh-drite-mbi-krimin-e-ndodhur-ne-ulqin\/#primaryimage","url":"https:\/\/www.visit-ulcinj.com\/blog\/wp-content\/uploads\/2015\/11\/Policia-ilustrim.jpg","contentUrl":"https:\/\/www.visit-ulcinj.com\/blog\/wp-content\/uploads\/2015\/11\/Policia-ilustrim.jpg","width":645,"height":386},{"@type":"WebPage","@id":"https:\/\/www.visit-ulcinj.com\/blog\/2015\/11\/12\/policia-e-shkodres-hedh-drite-mbi-krimin-e-ndodhur-ne-ulqin\/#webpage","url":"https:\/\/www.visit-ulcinj.com\/blog\/2015\/11\/12\/policia-e-shkodres-hedh-drite-mbi-krimin-e-ndodhur-ne-ulqin\/","name":"Policia e Shkodr\u00ebs hedh drit\u00eb mbi krimin e ndodhur n\u00eb Ulqin - Lajme nga Ulqini","isPartOf":{"@id":"https:\/\/www.visit-ulcinj.com\/blog\/#website"},"primaryImageOfPage":{"@id":"https:\/\/www.visit-ulcinj.com\/blog\/2015\/11\/12\/policia-e-shkodres-hedh-drite-mbi-krimin-e-ndodhur-ne-ulqin\/#primaryimage"},"datePublished":"2015-11-12T21:26:39+00:00","dateModified":"2015-11-12T21:26:39+00:00","author":{"@id":"https:\/\/www.visit-ulcinj.com\/blog\/#\/schema\/person\/dcab619c614d3038751c63bc2aadc06d"},"description":"Efektiv\u00ebt e policis\u00eb s\u00eb Shkodr\u00ebs kan\u00eb mundur t\u00eb hedhin drit\u00eb mbi nj\u00eb ngjarje t\u00eb r\u00ebnd\u00eb kriminale t\u00eb ndodhur m\u00eb 14 shtator t\u00eb k\u00ebtij viti n\u00eb Ulqin t\u00eb Malit","breadcrumb":{"@id":"https:\/\/www.visit-ulcinj.com\/blog\/2015\/11\/12\/policia-e-shkodres-hedh-drite-mbi-krimin-e-ndodhur-ne-ulqin\/#breadcrumb"},"inLanguage":"en-US","potentialAction":[{"@type":"ReadAction","target":["https:\/\/www.visit-ulcinj.com\/blog\/2015\/11\/12\/policia-e-shkodres-hedh-drite-mbi-krimin-e-ndodhur-ne-ulqin\/"]}]},{"@type":"BreadcrumbList","@id":"https:\/\/www.visit-ulcinj.com\/blog\/2015\/11\/12\/policia-e-shkodres-hedh-drite-mbi-krimin-e-ndodhur-ne-ulqin\/#breadcrumb","itemListElement":[{"@type":"ListItem","position":1,"name":"Policia e Shkodr\u00ebs hedh drit\u00eb mbi krimin e ndodhur n\u00eb Ulqin"}]},{"@type":"Person","@id":"https:\/\/www.visit-ulcinj.com\/blog\/#\/schema\/person\/dcab619c614d3038751c63bc2aadc06d","name":"ulqini","sameAs":["http:\/\/www.visit-ulcinj.com"],"url":"https:\/\/www.visit-ulcinj.com\/blog\/author\/admin\/"}]}},"jetpack_featured_media_url":"","jetpack_sharing_enabled":true,"jetpack_shortlink":"https:\/\/wp.me\/pe6lTn-oeO","_links":{"self":[{"href":"https:\/\/www.visit-ulcinj.com\/blog\/wp-json\/wp\/v2\/posts\/93174"}],"collection":[{"href":"https:\/\/www.visit-ulcinj.com\/blog\/wp-json\/wp\/v2\/posts"}],"about":[{"href":"https:\/\/www.visit-ulcinj.com\/blog\/wp-json\/wp\/v2\/types\/post"}],"author":[{"embeddable":true,"href":"https:\/\/www.visit-ulcinj.com\/blog\/wp-json\/wp\/v2\/users\/1"}],"replies":[{"embeddable":true,"href":"https:\/\/www.visit-ulcinj.com\/blog\/wp-json\/wp\/v2\/comments?post=93174"}],"version-history":[{"count":1,"href":"https:\/\/www.visit-ulcinj.com\/blog\/wp-json\/wp\/v2\/posts\/93174\/revisions"}],"predecessor-version":[{"id":93176,"href":"https:\/\/www.visit-ulcinj.com\/blog\/wp-json\/wp\/v2\/posts\/93174\/revisions\/93176"}],"wp:attachment":[{"href":"https:\/\/www.visit-ulcinj.com\/blog\/wp-json\/wp\/v2\/media?parent=93174"}],"wp:term":[{"taxonomy":"category","embeddable":true,"href":"https:\/\/www.visit-ulcinj.com\/blog\/wp-json\/wp\/v2\/categories?post=93174"},{"taxonomy":"post_tag","embeddable":true,"href":"https:\/\/www.visit-ulcinj.com\/blog\/wp-json\/wp\/v2\/tags?post=93174"}],"curies":[{"name":"wp","href":"https:\/\/api.w.org\/{rel}","templated":true}]}}