{"id":93189,"date":"2015-11-16T21:59:22","date_gmt":"2015-11-16T20:59:22","guid":{"rendered":"http:\/\/www.visit-ulcinj.com\/blog\/?p=93189"},"modified":"2015-11-17T20:11:25","modified_gmt":"2015-11-17T19:11:25","slug":"meleqe-murati-kerkon-ndihme-nga-bashkatedhetaret-video","status":"publish","type":"post","link":"https:\/\/www.visit-ulcinj.com\/blog\/2015\/11\/16\/meleqe-murati-kerkon-ndihme-nga-bashkatedhetaret-video\/","title":{"rendered":"Meleqe Murati k\u00ebrkon ndihm\u00eb nga bashkat\u00ebdhetaret &#8211; Video"},"content":{"rendered":"<p><strong><a href=\"http:\/\/www.visit-ulcinj.com\/blog\/wp-content\/uploads\/2015\/11\/Akcion-per-ndihme.jpg\"><img loading=\"lazy\" class=\"alignleft wp-image-93190\" src=\"http:\/\/www.visit-ulcinj.com\/blog\/wp-content\/uploads\/2015\/11\/Akcion-per-ndihme.jpg\" alt=\"Akcion-per-ndihme\" width=\"508\" height=\"381\" \/><\/a>Meleqe Murati k\u00ebrkon ndihm\u00eb nga bashkat\u00ebdhetaret tan\u00eb, kudo q\u00eb jetojn\u00eb n\u00eb diaspor\u00eb, raporton portali Ul.info.<br \/>\n<\/strong><\/p>\n<p>Selam alejkum! Pasha Ty, o Allah, qe ke ne dore shpirtin tem! Falja jeten djalit tem, jetimit, 19 vjecar! Allah, jepi jeten djalit tim te kete mundesi te eci me kembet e tij si ma pare, te dali, te gezohet me shoke, te gezohet me nanen si ishte para nante muajve. Zemra e nji nane invalide po ju drejetohet motra dhe vellezer per t\u2019me ndihmuar. Djali jem po dergjet ne shtrat neper spitale prej nante muajsh.Ne rast se mundeni t\u2019me ndihmoni , te sheroni zemren e nje nane ,te ndihmoni ne dashte Allahu per sherimin e djalit tim jetim te vetem,te ritur me halle. Kerkoj ndihmen tuaj nga ju miq, sadopak te keni mundesi. Jam nane qe po vuaj shume shpirterisht, si s\u2019po plas zemra jeme qe shikoj djalin perdite ne kete gjendje duke luftuar me vdekjen. Nuk ka gja ma te rande te shikosh femijen dhe nuk mundesh me e ndihmu\u2026Allahut i kerkoj t\u2019me forcoje zemren t\u2019i sherbej djalit tim te vetem desisa in shaa Allah Allahu ta sheroj. Amin.<\/p>\n<p><a href=\"http:\/\/www.visit-ulcinj.com\/blog\/wp-content\/uploads\/2015\/11\/Meleqe-Murati.jpg\"><img loading=\"lazy\" class=\"alignleft wp-image-93191\" src=\"http:\/\/www.visit-ulcinj.com\/blog\/wp-content\/uploads\/2015\/11\/Meleqe-Murati.jpg\" alt=\"Meleqe-Murati\" width=\"508\" height=\"285\" srcset=\"https:\/\/www.visit-ulcinj.com\/blog\/wp-content\/uploads\/2015\/11\/Meleqe-Murati.jpg 693w, https:\/\/www.visit-ulcinj.com\/blog\/wp-content\/uploads\/2015\/11\/Meleqe-Murati-300x168.jpg 300w\" sizes=\"(max-width: 508px) 100vw, 508px\" \/><\/a><\/p>\n<p>Djali ka nevoje per trensplant,veshka duhet me u heq, i ka dal jashte funksionit po ashtu dhe melcia ashte e demtuar, zemra sa po vjen po i dobesohet nga imunet e dobeta. Djali ka dhe dy operime per me i ba, in shaaAllah, sa te mbledhim shumen e kerkuar nga spitalet. Gjate kesaj periudhe te gjate kam patur dhe ndiihma per dy operacione qe i ka kry, nga nji qytetar i nderum na Maqedonia me banim ne Amerike Xhemal Abazi bashke me vellezerit e tij. Urimet e mia si nane jane te pafund per keta njerez human\u2026 Edhe shoqata Cikago dhe bashkvendas tjer nga gjjthe kund. Allahu ju begatofte, ju bekofte dhe ju shtofte pasurine. Amin. Dhe nji her, po ju drejtohem si mysimane,ndihmoni kete nene invalide pa te ardhura, ndimoni jetimin tim! Allahu ashte i madh, vjen nji dite dhe inshaAllah ju dyfishon.<\/p>\n<!--YouTube Error: bad URL entered-->\n<p><strong>Llogaria\u00a0\u00a0 0900200008490<\/strong><\/p>\n<p><strong>Numri amze\u00a0 0807967228010<\/strong><\/p>\n<p><strong>Per derdhjet qe do behen nga jashte vendit duhet te jepen keto te dhena:<\/strong><\/p>\n<p><strong>Kur derdhja behet ne Eur : Shiko Fotografin dhe Zmadho Foton<span style=\"text-decoration: underline;\"><br \/>\n<\/span><\/strong><\/p>\n<p><a href=\"http:\/\/www.visit-ulcinj.com\/blog\/wp-content\/uploads\/2015\/02\/Muratovic-Melece-Prva-Banka-Ulcinj.jpg\"><img loading=\"lazy\" class=\"alignleft wp-image-88468\" src=\"http:\/\/www.visit-ulcinj.com\/blog\/wp-content\/uploads\/2015\/02\/Muratovic-Melece-Prva-Banka-Ulcinj.jpg\" alt=\"Muratovic-Melece-Prva-Banka-Ulcinj\" width=\"508\" height=\"613\" srcset=\"https:\/\/www.visit-ulcinj.com\/blog\/wp-content\/uploads\/2015\/02\/Muratovic-Melece-Prva-Banka-Ulcinj.jpg 720w, https:\/\/www.visit-ulcinj.com\/blog\/wp-content\/uploads\/2015\/02\/Muratovic-Melece-Prva-Banka-Ulcinj-249x300.jpg 249w\" sizes=\"(max-width: 508px) 100vw, 508px\" \/><\/a><\/p>\n<p><strong>Kur derdhja behet ne Usd: Shiko Fotografin dhe Zmadho Foton <\/strong><\/p>\n<p><a href=\"http:\/\/www.visit-ulcinj.com\/blog\/wp-content\/uploads\/2015\/07\/Sabri-Murati-Ulqin.jpg\"><img loading=\"lazy\" class=\"alignleft wp-image-91372\" src=\"http:\/\/www.visit-ulcinj.com\/blog\/wp-content\/uploads\/2015\/07\/Sabri-Murati-Ulqin.jpg\" alt=\"Sabri-Murati-Ulqin\" width=\"508\" height=\"847\" srcset=\"https:\/\/www.visit-ulcinj.com\/blog\/wp-content\/uploads\/2015\/07\/Sabri-Murati-Ulqin.jpg 576w, https:\/\/www.visit-ulcinj.com\/blog\/wp-content\/uploads\/2015\/07\/Sabri-Murati-Ulqin-180x300.jpg 180w\" sizes=\"(max-width: 508px) 100vw, 508px\" \/><\/a><\/p>\n","protected":false},"excerpt":{"rendered":"<p>Meleqe Murati k\u00ebrkon ndihm\u00eb nga bashkat\u00ebdhetaret tan\u00eb, kudo q\u00eb jetojn\u00eb n\u00eb diaspor\u00eb, raporton portali Ul.info. Selam alejkum! Pasha Ty, o Allah, qe ke ne dore shpirtin tem! Falja jeten djalit tem, jetimit, 19 vjecar! Allah, jepi jeten djalit tim te kete mundesi te eci me kembet e tij si ma pare, te dali, te gezohet [&hellip;]<\/p>\n","protected":false},"author":1,"featured_media":0,"comment_status":"closed","ping_status":"closed","sticky":false,"template":"","format":"standard","meta":{"spay_email":"","jetpack_publicize_message":"","jetpack_is_tweetstorm":false,"jetpack_publicize_feature_enabled":true},"categories":[1,6950],"tags":[],"jetpack_publicize_connections":[],"yoast_head":"<!-- This site is optimized with the Yoast SEO plugin v19.1 - https:\/\/yoast.com\/wordpress\/plugins\/seo\/ -->\n<title>Meleqe Murati k\u00ebrkon ndihm\u00eb nga bashkat\u00ebdhetaret - Video - Lajme nga Ulqini<\/title>\n<meta name=\"description\" content=\"Meleqe Murati k\u00ebrkon ndihm\u00eb nga bashkat\u00ebdhetaret tan\u00eb, kudo q\u00eb jetojn\u00eb n\u00eb diaspor\u00eb, raporton portali Ul.info. Selam alejkum! Pasha Ty, o Allah, qe ke ne\" \/>\n<meta name=\"robots\" content=\"index, follow, max-snippet:-1, max-image-preview:large, max-video-preview:-1\" \/>\n<link rel=\"canonical\" href=\"https:\/\/www.visit-ulcinj.com\/blog\/2015\/11\/16\/meleqe-murati-kerkon-ndihme-nga-bashkatedhetaret-video\/\" \/>\n<meta property=\"og:locale\" content=\"en_US\" \/>\n<meta property=\"og:type\" content=\"article\" \/>\n<meta property=\"og:title\" content=\"Meleqe Murati k\u00ebrkon ndihm\u00eb nga bashkat\u00ebdhetaret - Video - Lajme nga Ulqini\" \/>\n<meta property=\"og:description\" content=\"Meleqe Murati k\u00ebrkon ndihm\u00eb nga bashkat\u00ebdhetaret tan\u00eb, kudo q\u00eb jetojn\u00eb n\u00eb diaspor\u00eb, raporton portali Ul.info. Selam alejkum! Pasha Ty, o Allah, qe ke ne\" \/>\n<meta property=\"og:url\" content=\"https:\/\/www.visit-ulcinj.com\/blog\/2015\/11\/16\/meleqe-murati-kerkon-ndihme-nga-bashkatedhetaret-video\/\" \/>\n<meta property=\"og:site_name\" content=\"Lajme nga Ulqini\" \/>\n<meta property=\"article:published_time\" content=\"2015-11-16T20:59:22+00:00\" \/>\n<meta property=\"article:modified_time\" content=\"2015-11-17T19:11:25+00:00\" \/>\n<meta property=\"og:image\" content=\"http:\/\/www.visit-ulcinj.com\/blog\/wp-content\/uploads\/2015\/11\/Akcion-per-ndihme.jpg\" \/>\n<meta name=\"twitter:label1\" content=\"Written by\" \/>\n\t<meta name=\"twitter:data1\" content=\"ulqini\" \/>\n\t<meta name=\"twitter:label2\" content=\"Est. reading time\" \/>\n\t<meta name=\"twitter:data2\" content=\"2 minutes\" \/>\n<script type=\"application\/ld+json\" class=\"yoast-schema-graph\">{\"@context\":\"https:\/\/schema.org\",\"@graph\":[{\"@type\":\"WebSite\",\"@id\":\"https:\/\/www.visit-ulcinj.com\/blog\/#website\",\"url\":\"https:\/\/www.visit-ulcinj.com\/blog\/\",\"name\":\"Lajme nga Ulqini\",\"description\":\"Lajme,Vijesti,Ulqini,Ulqin,Crna Gora,Mali i Zi\",\"potentialAction\":[{\"@type\":\"SearchAction\",\"target\":{\"@type\":\"EntryPoint\",\"urlTemplate\":\"https:\/\/www.visit-ulcinj.com\/blog\/?s={search_term_string}\"},\"query-input\":\"required name=search_term_string\"}],\"inLanguage\":\"en-US\"},{\"@type\":\"ImageObject\",\"inLanguage\":\"en-US\",\"@id\":\"https:\/\/www.visit-ulcinj.com\/blog\/2015\/11\/16\/meleqe-murati-kerkon-ndihme-nga-bashkatedhetaret-video\/#primaryimage\",\"url\":\"http:\/\/www.visit-ulcinj.com\/blog\/wp-content\/uploads\/2015\/11\/Akcion-per-ndihme.jpg\",\"contentUrl\":\"http:\/\/www.visit-ulcinj.com\/blog\/wp-content\/uploads\/2015\/11\/Akcion-per-ndihme.jpg\"},{\"@type\":\"WebPage\",\"@id\":\"https:\/\/www.visit-ulcinj.com\/blog\/2015\/11\/16\/meleqe-murati-kerkon-ndihme-nga-bashkatedhetaret-video\/#webpage\",\"url\":\"https:\/\/www.visit-ulcinj.com\/blog\/2015\/11\/16\/meleqe-murati-kerkon-ndihme-nga-bashkatedhetaret-video\/\",\"name\":\"Meleqe Murati k\u00ebrkon ndihm\u00eb nga bashkat\u00ebdhetaret - Video - Lajme nga Ulqini\",\"isPartOf\":{\"@id\":\"https:\/\/www.visit-ulcinj.com\/blog\/#website\"},\"primaryImageOfPage\":{\"@id\":\"https:\/\/www.visit-ulcinj.com\/blog\/2015\/11\/16\/meleqe-murati-kerkon-ndihme-nga-bashkatedhetaret-video\/#primaryimage\"},\"datePublished\":\"2015-11-16T20:59:22+00:00\",\"dateModified\":\"2015-11-17T19:11:25+00:00\",\"author\":{\"@id\":\"https:\/\/www.visit-ulcinj.com\/blog\/#\/schema\/person\/dcab619c614d3038751c63bc2aadc06d\"},\"description\":\"Meleqe Murati k\u00ebrkon ndihm\u00eb nga bashkat\u00ebdhetaret tan\u00eb, kudo q\u00eb jetojn\u00eb n\u00eb diaspor\u00eb, raporton portali Ul.info. Selam alejkum! Pasha Ty, o Allah, qe ke ne\",\"breadcrumb\":{\"@id\":\"https:\/\/www.visit-ulcinj.com\/blog\/2015\/11\/16\/meleqe-murati-kerkon-ndihme-nga-bashkatedhetaret-video\/#breadcrumb\"},\"inLanguage\":\"en-US\",\"potentialAction\":[{\"@type\":\"ReadAction\",\"target\":[\"https:\/\/www.visit-ulcinj.com\/blog\/2015\/11\/16\/meleqe-murati-kerkon-ndihme-nga-bashkatedhetaret-video\/\"]}]},{\"@type\":\"BreadcrumbList\",\"@id\":\"https:\/\/www.visit-ulcinj.com\/blog\/2015\/11\/16\/meleqe-murati-kerkon-ndihme-nga-bashkatedhetaret-video\/#breadcrumb\",\"itemListElement\":[{\"@type\":\"ListItem\",\"position\":1,\"name\":\"Meleqe Murati k\u00ebrkon ndihm\u00eb nga bashkat\u00ebdhetaret &#8211; Video\"}]},{\"@type\":\"Person\",\"@id\":\"https:\/\/www.visit-ulcinj.com\/blog\/#\/schema\/person\/dcab619c614d3038751c63bc2aadc06d\",\"name\":\"ulqini\",\"sameAs\":[\"http:\/\/www.visit-ulcinj.com\"],\"url\":\"https:\/\/www.visit-ulcinj.com\/blog\/author\/admin\/\"}]}<\/script>\n<!-- \/ Yoast SEO plugin. -->","yoast_head_json":{"title":"Meleqe Murati k\u00ebrkon ndihm\u00eb nga bashkat\u00ebdhetaret - Video - Lajme nga Ulqini","description":"Meleqe Murati k\u00ebrkon ndihm\u00eb nga bashkat\u00ebdhetaret tan\u00eb, kudo q\u00eb jetojn\u00eb n\u00eb diaspor\u00eb, raporton portali Ul.info. Selam alejkum! Pasha Ty, o Allah, qe ke ne","robots":{"index":"index","follow":"follow","max-snippet":"max-snippet:-1","max-image-preview":"max-image-preview:large","max-video-preview":"max-video-preview:-1"},"canonical":"https:\/\/www.visit-ulcinj.com\/blog\/2015\/11\/16\/meleqe-murati-kerkon-ndihme-nga-bashkatedhetaret-video\/","og_locale":"en_US","og_type":"article","og_title":"Meleqe Murati k\u00ebrkon ndihm\u00eb nga bashkat\u00ebdhetaret - Video - Lajme nga Ulqini","og_description":"Meleqe Murati k\u00ebrkon ndihm\u00eb nga bashkat\u00ebdhetaret tan\u00eb, kudo q\u00eb jetojn\u00eb n\u00eb diaspor\u00eb, raporton portali Ul.info. Selam alejkum! Pasha Ty, o Allah, qe ke ne","og_url":"https:\/\/www.visit-ulcinj.com\/blog\/2015\/11\/16\/meleqe-murati-kerkon-ndihme-nga-bashkatedhetaret-video\/","og_site_name":"Lajme nga Ulqini","article_published_time":"2015-11-16T20:59:22+00:00","article_modified_time":"2015-11-17T19:11:25+00:00","og_image":[{"url":"http:\/\/www.visit-ulcinj.com\/blog\/wp-content\/uploads\/2015\/11\/Akcion-per-ndihme.jpg"}],"twitter_misc":{"Written by":"ulqini","Est. reading time":"2 minutes"},"schema":{"@context":"https:\/\/schema.org","@graph":[{"@type":"WebSite","@id":"https:\/\/www.visit-ulcinj.com\/blog\/#website","url":"https:\/\/www.visit-ulcinj.com\/blog\/","name":"Lajme nga Ulqini","description":"Lajme,Vijesti,Ulqini,Ulqin,Crna Gora,Mali i Zi","potentialAction":[{"@type":"SearchAction","target":{"@type":"EntryPoint","urlTemplate":"https:\/\/www.visit-ulcinj.com\/blog\/?s={search_term_string}"},"query-input":"required name=search_term_string"}],"inLanguage":"en-US"},{"@type":"ImageObject","inLanguage":"en-US","@id":"https:\/\/www.visit-ulcinj.com\/blog\/2015\/11\/16\/meleqe-murati-kerkon-ndihme-nga-bashkatedhetaret-video\/#primaryimage","url":"http:\/\/www.visit-ulcinj.com\/blog\/wp-content\/uploads\/2015\/11\/Akcion-per-ndihme.jpg","contentUrl":"http:\/\/www.visit-ulcinj.com\/blog\/wp-content\/uploads\/2015\/11\/Akcion-per-ndihme.jpg"},{"@type":"WebPage","@id":"https:\/\/www.visit-ulcinj.com\/blog\/2015\/11\/16\/meleqe-murati-kerkon-ndihme-nga-bashkatedhetaret-video\/#webpage","url":"https:\/\/www.visit-ulcinj.com\/blog\/2015\/11\/16\/meleqe-murati-kerkon-ndihme-nga-bashkatedhetaret-video\/","name":"Meleqe Murati k\u00ebrkon ndihm\u00eb nga bashkat\u00ebdhetaret - Video - Lajme nga Ulqini","isPartOf":{"@id":"https:\/\/www.visit-ulcinj.com\/blog\/#website"},"primaryImageOfPage":{"@id":"https:\/\/www.visit-ulcinj.com\/blog\/2015\/11\/16\/meleqe-murati-kerkon-ndihme-nga-bashkatedhetaret-video\/#primaryimage"},"datePublished":"2015-11-16T20:59:22+00:00","dateModified":"2015-11-17T19:11:25+00:00","author":{"@id":"https:\/\/www.visit-ulcinj.com\/blog\/#\/schema\/person\/dcab619c614d3038751c63bc2aadc06d"},"description":"Meleqe Murati k\u00ebrkon ndihm\u00eb nga bashkat\u00ebdhetaret tan\u00eb, kudo q\u00eb jetojn\u00eb n\u00eb diaspor\u00eb, raporton portali Ul.info. Selam alejkum! Pasha Ty, o Allah, qe ke ne","breadcrumb":{"@id":"https:\/\/www.visit-ulcinj.com\/blog\/2015\/11\/16\/meleqe-murati-kerkon-ndihme-nga-bashkatedhetaret-video\/#breadcrumb"},"inLanguage":"en-US","potentialAction":[{"@type":"ReadAction","target":["https:\/\/www.visit-ulcinj.com\/blog\/2015\/11\/16\/meleqe-murati-kerkon-ndihme-nga-bashkatedhetaret-video\/"]}]},{"@type":"BreadcrumbList","@id":"https:\/\/www.visit-ulcinj.com\/blog\/2015\/11\/16\/meleqe-murati-kerkon-ndihme-nga-bashkatedhetaret-video\/#breadcrumb","itemListElement":[{"@type":"ListItem","position":1,"name":"Meleqe Murati k\u00ebrkon ndihm\u00eb nga bashkat\u00ebdhetaret &#8211; Video"}]},{"@type":"Person","@id":"https:\/\/www.visit-ulcinj.com\/blog\/#\/schema\/person\/dcab619c614d3038751c63bc2aadc06d","name":"ulqini","sameAs":["http:\/\/www.visit-ulcinj.com"],"url":"https:\/\/www.visit-ulcinj.com\/blog\/author\/admin\/"}]}},"jetpack_featured_media_url":"","jetpack_sharing_enabled":true,"jetpack_shortlink":"https:\/\/wp.me\/pe6lTn-of3","_links":{"self":[{"href":"https:\/\/www.visit-ulcinj.com\/blog\/wp-json\/wp\/v2\/posts\/93189"}],"collection":[{"href":"https:\/\/www.visit-ulcinj.com\/blog\/wp-json\/wp\/v2\/posts"}],"about":[{"href":"https:\/\/www.visit-ulcinj.com\/blog\/wp-json\/wp\/v2\/types\/post"}],"author":[{"embeddable":true,"href":"https:\/\/www.visit-ulcinj.com\/blog\/wp-json\/wp\/v2\/users\/1"}],"replies":[{"embeddable":true,"href":"https:\/\/www.visit-ulcinj.com\/blog\/wp-json\/wp\/v2\/comments?post=93189"}],"version-history":[{"count":3,"href":"https:\/\/www.visit-ulcinj.com\/blog\/wp-json\/wp\/v2\/posts\/93189\/revisions"}],"predecessor-version":[{"id":93205,"href":"https:\/\/www.visit-ulcinj.com\/blog\/wp-json\/wp\/v2\/posts\/93189\/revisions\/93205"}],"wp:attachment":[{"href":"https:\/\/www.visit-ulcinj.com\/blog\/wp-json\/wp\/v2\/media?parent=93189"}],"wp:term":[{"taxonomy":"category","embeddable":true,"href":"https:\/\/www.visit-ulcinj.com\/blog\/wp-json\/wp\/v2\/categories?post=93189"},{"taxonomy":"post_tag","embeddable":true,"href":"https:\/\/www.visit-ulcinj.com\/blog\/wp-json\/wp\/v2\/tags?post=93189"}],"curies":[{"name":"wp","href":"https:\/\/api.w.org\/{rel}","templated":true}]}}