{"id":93194,"date":"2015-11-16T22:09:54","date_gmt":"2015-11-16T21:09:54","guid":{"rendered":"http:\/\/www.visit-ulcinj.com\/blog\/?p=93194"},"modified":"2015-11-16T22:09:54","modified_gmt":"2015-11-16T21:09:54","slug":"ali-gjecbritaj-gjuani-gure-poezi","status":"publish","type":"post","link":"https:\/\/www.visit-ulcinj.com\/blog\/2015\/11\/16\/ali-gjecbritaj-gjuani-gure-poezi\/","title":{"rendered":"Ali Gje\u00e7britaj: GJUANI ME GUR\u00cb &#8211; Poezi"},"content":{"rendered":"<p><strong><a href=\"http:\/\/www.visit-ulcinj.com\/blog\/wp-content\/uploads\/2013\/03\/Perurimi-i-librit-te-Ali-Gjebritaj-ne-Kraje.jpg\"><img loading=\"lazy\" class=\"alignleft wp-image-69848\" src=\"http:\/\/www.visit-ulcinj.com\/blog\/wp-content\/uploads\/2013\/03\/Perurimi-i-librit-te-Ali-Gjebritaj-ne-Kraje.jpg\" alt=\"Perurimi i librit te Ali Gjebritaj ne Kraje\" width=\"508\" height=\"381\" srcset=\"https:\/\/www.visit-ulcinj.com\/blog\/wp-content\/uploads\/2013\/03\/Perurimi-i-librit-te-Ali-Gjebritaj-ne-Kraje.jpg 960w, https:\/\/www.visit-ulcinj.com\/blog\/wp-content\/uploads\/2013\/03\/Perurimi-i-librit-te-Ali-Gjebritaj-ne-Kraje-300x225.jpg 300w\" sizes=\"(max-width: 508px) 100vw, 508px\" \/><\/a>Ali Gje\u00e7britaj<\/strong><\/p>\n<p><strong>GJUANI ME GUR\u00cb<\/strong><\/p>\n<p>Gjuani me gur\u00eb shurdhamecat q\u00eb shtir\u00ebn si t\u00eb till\u00eb<\/p>\n<p>Gjuani me gur\u00eb qorrat q\u00eb b\u00ebhen sikur nuk shikojn\u00eb<\/p>\n<p>Gjuani me gur\u00eb ata q\u00eb u b\u00ebjn\u00eb fresk mjekerrzinj\u00ebve<\/p>\n<p>Gjuani me gur\u00eb pelerinat e zeza ndjellakeqe<\/p>\n<p>Gjuani sa t\u00eb mundeni se nuk b\u00ebni m\u00ebkat<\/p>\n<p>Gjuani me gur\u00eb e rrokullisni shk\u00ebmbinj\u00eb<\/p>\n<p>Mbi kokat e atyre q\u00eb thyen gur\u00eb varr\u00ebsh e lapidare<\/p>\n<p>Gjuani me gur\u00eb ata q\u00eb mbjellin ankth<\/p>\n<p>Gjuani me gur\u00eb ata q\u00eb na grabit\u00ebn ardhm\u00ebrin\u00eb<\/p>\n<p>Gjuani me gur\u00eb rrushfetat e majm\u00eb<\/p>\n<p>Gjuani me gur\u00eb ata q\u00eb her\u00eb shkojn\u00eb majtas e her\u00eb djathtas<\/p>\n<p>Gjuani me gur\u00eb se jan\u00eb t\u00eb pir\u00eb<\/p>\n<p>Gjuani me gur\u00eb mos rrini t\u00eb mbyllur n\u00eb vete<\/p>\n<p>Gjuani me gur\u00eb arraganc\u00ebn e tyre<\/p>\n<p>Gjuani me gur\u00eb indiferenc\u00ebn se nuk b\u00ebni m\u00ebkat<\/p>\n<p>Gjuani me gur\u00eb e mos u ndal\u00ebni gjani me gur\u00eb.<\/p>\n<p>&nbsp;<\/p>\n<p><strong>\u00a0<\/strong><\/p>\n<p><strong>\u00a0<\/strong><\/p>\n<p><strong>\u00a0<\/strong><\/p>\n<p><strong>\u00a0<\/strong><\/p>\n<p><strong>\u00a0<\/strong><\/p>\n<p><strong>\u00a0<\/strong><\/p>\n<p><strong>\u00a0<\/strong><\/p>\n<p><strong>\u00a0<\/strong><\/p>\n<p><strong>MOS QOFSHA N\u00cb L\u00cbKUR\u00cbN TUAJ<\/strong><\/p>\n<p>Ju q\u00eb mohoni vet\u00ebn dhe para ardh\u00ebsit tuaj<\/p>\n<p>Jeni rreshtuar n\u00eb vija t\u00eb lakuara<\/p>\n<p>Mos qofsha n\u00eb l\u00ebkur\u00ebn tuaj.<\/p>\n<p>Ju q\u00eb i g\u00ebzoheni humbjeve t\u00eb kombit tuaj<\/p>\n<p>E me krenari valvitni flamuj t\u00eb huaj<\/p>\n<p>Mos qofsha n\u00eb l\u00ebkur\u00ebn tuaj.<\/p>\n<p>Ju q\u00eb servilizmin e keni n\u00eb trup<\/p>\n<p>E u p\u00ebrkuleni hijeve t\u00eb s\u00eb kaluar\u00ebs<\/p>\n<p>Mos qofsha n\u00eb l\u00ebkur\u00ebn tuaj.<\/p>\n<p>Ju q\u00eb sot mburreni me vet\u00ebn tuaj<\/p>\n<p>Shitni mend sikur tep\u00ebr t\u00eb keni<\/p>\n<p>Mos qofsha n\u00eb l\u00ebkur\u00ebn tuaj.<\/p>\n<p>Ju q\u00eb rrahni gjoks se jeni dijetar\u00eb<\/p>\n<p>N\u00eb shkolla m\u00ebsoni histori t\u00eb huaj<\/p>\n<p>Mos qofsha n\u00eb l\u00ebkur\u00ebn tuaj.<\/p>\n<p><strong>\u00a0<\/strong><\/p>\n<p><strong>\u00a0<\/strong><\/p>\n<p><strong>\u00a0<\/strong><\/p>\n<p><strong>\u00a0<\/strong><\/p>\n<p><strong>\u00a0<\/strong><\/p>\n<p><strong>\u00a0<\/strong><\/p>\n<p><strong>\u00a0<\/strong><\/p>\n<p><strong>\u00a0<\/strong><\/p>\n<p><strong>UDH\u00cbT TONA ZIKZAKE<\/strong><\/p>\n<p>Sa mir\u00eb at\u00ebbot\u00eb ecnim n\u00eb krah\u00eb t\u00eb ylberit<\/p>\n<p>Ngjyrat na ndi\u00e7onin udh\u00ebn<\/p>\n<p>Sa bukur shiu binte leht\u00eb i njomte tokat<\/p>\n<p>Ugar\u00ebt l\u00ebshonin arom\u00eb jete<\/p>\n<p>N\u00eb mengjes b\u00ebnim sehir\u00eb ves\u00ebn mbi lulet<\/p>\n<p>Fluturave ua numronim pikat n\u00eb krah\u00eb<\/p>\n<p>N\u00eb vjesht\u00ebn e von\u00eb lejlek\u00ebt shtegtonin<\/p>\n<p>Me vete mernin arom\u00eb ftonj\u00ebsh<\/p>\n<p>P\u00ebr ti kthyer me shije hurmash<\/p>\n<p>Udh\u00ebt tona zikzake<\/p>\n<p>I mbuluam me ombrell\u00ebn e koh\u00ebs<\/p>\n<p>Sot kemi arritur k\u00ebtu shoh udh\u00ebt e moteve<\/p>\n<p>Kur val\u00ebt e detit na rrahnin prapanic\u00ebn<\/p>\n<p>Jemi shtrir\u00eb n\u00eb r\u00ebr\u00ebn e nxeht\u00eb prush<\/p>\n<p>Me arom\u00ebn e moteve luftoj reum\u00ebn e sotit<\/p>\n<p>Mishi po na ndahet nga ashti<\/p>\n<p>F\u00ebrkojm\u00eb nyj\u00ebt e gisht\u00ebrinj\u00ebve<\/p>\n<p>Asnj\u00ebri s\u2019na jep dor\u00eb t\u00eb ngrihemi nga zalli<\/p>\n<p>Po p\u00ebrvlohemi n\u00eb diellin e gushtit<\/p>\n<p>U b\u00ebm\u00eb shkrumb.<\/p>\n<p><strong>\u00a0<\/strong><\/p>\n<p><strong>\u00a0<\/strong><\/p>\n<p><strong>\u00a0<\/strong><\/p>\n<p><strong>\u00a0<\/strong><\/p>\n<p><strong>\u00a0<\/strong><\/p>\n<p><strong>OPTIMIZ\u00cbM<\/strong><\/p>\n<p>Dua ta gjall\u00ebroj\u00eb kopshtin e sht\u00ebpis\u00eb me qeshjet tona<\/p>\n<p>Vdekjen dua ta sfidojm\u00eb gjith\u00ebmon\u00eb<\/p>\n<p>Rrug\u00ebt e jet\u00ebs do na \u00e7ojn\u00eb n\u00eb parajs\u00ebn e humbur t\u00eb koh\u00ebs<\/p>\n<p>Atje thon\u00eb ka mjalt qumsht\u00eb dhe ver\u00eb sa t\u00eb duash<\/p>\n<p>Parajs\u00ebn brezi jon\u00eb e meriton<\/p>\n<p>Atje ne shpresojm\u00eb shkojm\u00eb<\/p>\n<p>&nbsp;<\/p>\n<p>&nbsp;<\/p>\n<p>Kat\u00ebr poezi nga p\u00ebrmbledhja n\u00eb dor\u00ebshkrim\u201cKALENDARI\u201d<\/p>\n","protected":false},"excerpt":{"rendered":"<p>Ali Gje\u00e7britaj GJUANI ME GUR\u00cb Gjuani me gur\u00eb shurdhamecat q\u00eb shtir\u00ebn si t\u00eb till\u00eb Gjuani me gur\u00eb qorrat q\u00eb b\u00ebhen sikur nuk shikojn\u00eb Gjuani me gur\u00eb ata q\u00eb u b\u00ebjn\u00eb fresk mjekerrzinj\u00ebve Gjuani me gur\u00eb pelerinat e zeza ndjellakeqe Gjuani sa t\u00eb mundeni se nuk b\u00ebni m\u00ebkat Gjuani me gur\u00eb e rrokullisni shk\u00ebmbinj\u00eb Mbi kokat [&hellip;]<\/p>\n","protected":false},"author":1,"featured_media":0,"comment_status":"closed","ping_status":"closed","sticky":false,"template":"","format":"standard","meta":{"spay_email":"","jetpack_publicize_message":"","jetpack_is_tweetstorm":false,"jetpack_publicize_feature_enabled":true},"categories":[4],"tags":[],"jetpack_publicize_connections":[],"yoast_head":"<!-- This site is optimized with the Yoast SEO plugin v19.1 - https:\/\/yoast.com\/wordpress\/plugins\/seo\/ -->\n<title>Ali Gje\u00e7britaj: GJUANI ME GUR\u00cb - Poezi - Lajme nga Ulqini<\/title>\n<meta name=\"description\" content=\"Ali Gje\u00e7britaj GJUANI ME GUR\u00cb Gjuani me gur\u00eb shurdhamecat q\u00eb shtir\u00ebn si t\u00eb till\u00eb Gjuani me gur\u00eb qorrat q\u00eb b\u00ebhen sikur nuk shikojn\u00eb Gjuani me gur\u00eb ata q\u00eb u\" \/>\n<meta name=\"robots\" content=\"index, follow, max-snippet:-1, max-image-preview:large, max-video-preview:-1\" \/>\n<link rel=\"canonical\" href=\"https:\/\/www.visit-ulcinj.com\/blog\/2015\/11\/16\/ali-gjecbritaj-gjuani-gure-poezi\/\" \/>\n<meta property=\"og:locale\" content=\"en_US\" \/>\n<meta property=\"og:type\" content=\"article\" \/>\n<meta property=\"og:title\" content=\"Ali Gje\u00e7britaj: GJUANI ME GUR\u00cb - Poezi - Lajme nga Ulqini\" \/>\n<meta property=\"og:description\" content=\"Ali Gje\u00e7britaj GJUANI ME GUR\u00cb Gjuani me gur\u00eb shurdhamecat q\u00eb shtir\u00ebn si t\u00eb till\u00eb Gjuani me gur\u00eb qorrat q\u00eb b\u00ebhen sikur nuk shikojn\u00eb Gjuani me gur\u00eb ata q\u00eb u\" \/>\n<meta property=\"og:url\" content=\"https:\/\/www.visit-ulcinj.com\/blog\/2015\/11\/16\/ali-gjecbritaj-gjuani-gure-poezi\/\" \/>\n<meta property=\"og:site_name\" content=\"Lajme nga Ulqini\" \/>\n<meta property=\"article:published_time\" content=\"2015-11-16T21:09:54+00:00\" \/>\n<meta property=\"og:image\" content=\"http:\/\/www.visit-ulcinj.com\/blog\/wp-content\/uploads\/2013\/03\/Perurimi-i-librit-te-Ali-Gjebritaj-ne-Kraje.jpg\" \/>\n<meta name=\"twitter:label1\" content=\"Written by\" \/>\n\t<meta name=\"twitter:data1\" content=\"ulqini\" \/>\n\t<meta name=\"twitter:label2\" content=\"Est. reading time\" \/>\n\t<meta name=\"twitter:data2\" content=\"2 minutes\" \/>\n<script type=\"application\/ld+json\" class=\"yoast-schema-graph\">{\"@context\":\"https:\/\/schema.org\",\"@graph\":[{\"@type\":\"WebSite\",\"@id\":\"https:\/\/www.visit-ulcinj.com\/blog\/#website\",\"url\":\"https:\/\/www.visit-ulcinj.com\/blog\/\",\"name\":\"Lajme nga Ulqini\",\"description\":\"Lajme,Vijesti,Ulqini,Ulqin,Crna Gora,Mali i Zi\",\"potentialAction\":[{\"@type\":\"SearchAction\",\"target\":{\"@type\":\"EntryPoint\",\"urlTemplate\":\"https:\/\/www.visit-ulcinj.com\/blog\/?s={search_term_string}\"},\"query-input\":\"required name=search_term_string\"}],\"inLanguage\":\"en-US\"},{\"@type\":\"ImageObject\",\"inLanguage\":\"en-US\",\"@id\":\"https:\/\/www.visit-ulcinj.com\/blog\/2015\/11\/16\/ali-gjecbritaj-gjuani-gure-poezi\/#primaryimage\",\"url\":\"https:\/\/www.visit-ulcinj.com\/blog\/wp-content\/uploads\/2013\/03\/Perurimi-i-librit-te-Ali-Gjebritaj-ne-Kraje.jpg\",\"contentUrl\":\"https:\/\/www.visit-ulcinj.com\/blog\/wp-content\/uploads\/2013\/03\/Perurimi-i-librit-te-Ali-Gjebritaj-ne-Kraje.jpg\",\"width\":960,\"height\":720},{\"@type\":\"WebPage\",\"@id\":\"https:\/\/www.visit-ulcinj.com\/blog\/2015\/11\/16\/ali-gjecbritaj-gjuani-gure-poezi\/#webpage\",\"url\":\"https:\/\/www.visit-ulcinj.com\/blog\/2015\/11\/16\/ali-gjecbritaj-gjuani-gure-poezi\/\",\"name\":\"Ali Gje\u00e7britaj: GJUANI ME GUR\u00cb - Poezi - Lajme nga Ulqini\",\"isPartOf\":{\"@id\":\"https:\/\/www.visit-ulcinj.com\/blog\/#website\"},\"primaryImageOfPage\":{\"@id\":\"https:\/\/www.visit-ulcinj.com\/blog\/2015\/11\/16\/ali-gjecbritaj-gjuani-gure-poezi\/#primaryimage\"},\"datePublished\":\"2015-11-16T21:09:54+00:00\",\"dateModified\":\"2015-11-16T21:09:54+00:00\",\"author\":{\"@id\":\"https:\/\/www.visit-ulcinj.com\/blog\/#\/schema\/person\/dcab619c614d3038751c63bc2aadc06d\"},\"description\":\"Ali Gje\u00e7britaj GJUANI ME GUR\u00cb Gjuani me gur\u00eb shurdhamecat q\u00eb shtir\u00ebn si t\u00eb till\u00eb Gjuani me gur\u00eb qorrat q\u00eb b\u00ebhen sikur nuk shikojn\u00eb Gjuani me gur\u00eb ata q\u00eb u\",\"breadcrumb\":{\"@id\":\"https:\/\/www.visit-ulcinj.com\/blog\/2015\/11\/16\/ali-gjecbritaj-gjuani-gure-poezi\/#breadcrumb\"},\"inLanguage\":\"en-US\",\"potentialAction\":[{\"@type\":\"ReadAction\",\"target\":[\"https:\/\/www.visit-ulcinj.com\/blog\/2015\/11\/16\/ali-gjecbritaj-gjuani-gure-poezi\/\"]}]},{\"@type\":\"BreadcrumbList\",\"@id\":\"https:\/\/www.visit-ulcinj.com\/blog\/2015\/11\/16\/ali-gjecbritaj-gjuani-gure-poezi\/#breadcrumb\",\"itemListElement\":[{\"@type\":\"ListItem\",\"position\":1,\"name\":\"Ali Gje\u00e7britaj: GJUANI ME GUR\u00cb &#8211; Poezi\"}]},{\"@type\":\"Person\",\"@id\":\"https:\/\/www.visit-ulcinj.com\/blog\/#\/schema\/person\/dcab619c614d3038751c63bc2aadc06d\",\"name\":\"ulqini\",\"sameAs\":[\"http:\/\/www.visit-ulcinj.com\"],\"url\":\"https:\/\/www.visit-ulcinj.com\/blog\/author\/admin\/\"}]}<\/script>\n<!-- \/ Yoast SEO plugin. -->","yoast_head_json":{"title":"Ali Gje\u00e7britaj: GJUANI ME GUR\u00cb - Poezi - Lajme nga Ulqini","description":"Ali Gje\u00e7britaj GJUANI ME GUR\u00cb Gjuani me gur\u00eb shurdhamecat q\u00eb shtir\u00ebn si t\u00eb till\u00eb Gjuani me gur\u00eb qorrat q\u00eb b\u00ebhen sikur nuk shikojn\u00eb Gjuani me gur\u00eb ata q\u00eb u","robots":{"index":"index","follow":"follow","max-snippet":"max-snippet:-1","max-image-preview":"max-image-preview:large","max-video-preview":"max-video-preview:-1"},"canonical":"https:\/\/www.visit-ulcinj.com\/blog\/2015\/11\/16\/ali-gjecbritaj-gjuani-gure-poezi\/","og_locale":"en_US","og_type":"article","og_title":"Ali Gje\u00e7britaj: GJUANI ME GUR\u00cb - Poezi - Lajme nga Ulqini","og_description":"Ali Gje\u00e7britaj GJUANI ME GUR\u00cb Gjuani me gur\u00eb shurdhamecat q\u00eb shtir\u00ebn si t\u00eb till\u00eb Gjuani me gur\u00eb qorrat q\u00eb b\u00ebhen sikur nuk shikojn\u00eb Gjuani me gur\u00eb ata q\u00eb u","og_url":"https:\/\/www.visit-ulcinj.com\/blog\/2015\/11\/16\/ali-gjecbritaj-gjuani-gure-poezi\/","og_site_name":"Lajme nga Ulqini","article_published_time":"2015-11-16T21:09:54+00:00","og_image":[{"url":"http:\/\/www.visit-ulcinj.com\/blog\/wp-content\/uploads\/2013\/03\/Perurimi-i-librit-te-Ali-Gjebritaj-ne-Kraje.jpg"}],"twitter_misc":{"Written by":"ulqini","Est. reading time":"2 minutes"},"schema":{"@context":"https:\/\/schema.org","@graph":[{"@type":"WebSite","@id":"https:\/\/www.visit-ulcinj.com\/blog\/#website","url":"https:\/\/www.visit-ulcinj.com\/blog\/","name":"Lajme nga Ulqini","description":"Lajme,Vijesti,Ulqini,Ulqin,Crna Gora,Mali i Zi","potentialAction":[{"@type":"SearchAction","target":{"@type":"EntryPoint","urlTemplate":"https:\/\/www.visit-ulcinj.com\/blog\/?s={search_term_string}"},"query-input":"required name=search_term_string"}],"inLanguage":"en-US"},{"@type":"ImageObject","inLanguage":"en-US","@id":"https:\/\/www.visit-ulcinj.com\/blog\/2015\/11\/16\/ali-gjecbritaj-gjuani-gure-poezi\/#primaryimage","url":"https:\/\/www.visit-ulcinj.com\/blog\/wp-content\/uploads\/2013\/03\/Perurimi-i-librit-te-Ali-Gjebritaj-ne-Kraje.jpg","contentUrl":"https:\/\/www.visit-ulcinj.com\/blog\/wp-content\/uploads\/2013\/03\/Perurimi-i-librit-te-Ali-Gjebritaj-ne-Kraje.jpg","width":960,"height":720},{"@type":"WebPage","@id":"https:\/\/www.visit-ulcinj.com\/blog\/2015\/11\/16\/ali-gjecbritaj-gjuani-gure-poezi\/#webpage","url":"https:\/\/www.visit-ulcinj.com\/blog\/2015\/11\/16\/ali-gjecbritaj-gjuani-gure-poezi\/","name":"Ali Gje\u00e7britaj: GJUANI ME GUR\u00cb - Poezi - Lajme nga Ulqini","isPartOf":{"@id":"https:\/\/www.visit-ulcinj.com\/blog\/#website"},"primaryImageOfPage":{"@id":"https:\/\/www.visit-ulcinj.com\/blog\/2015\/11\/16\/ali-gjecbritaj-gjuani-gure-poezi\/#primaryimage"},"datePublished":"2015-11-16T21:09:54+00:00","dateModified":"2015-11-16T21:09:54+00:00","author":{"@id":"https:\/\/www.visit-ulcinj.com\/blog\/#\/schema\/person\/dcab619c614d3038751c63bc2aadc06d"},"description":"Ali Gje\u00e7britaj GJUANI ME GUR\u00cb Gjuani me gur\u00eb shurdhamecat q\u00eb shtir\u00ebn si t\u00eb till\u00eb Gjuani me gur\u00eb qorrat q\u00eb b\u00ebhen sikur nuk shikojn\u00eb Gjuani me gur\u00eb ata q\u00eb u","breadcrumb":{"@id":"https:\/\/www.visit-ulcinj.com\/blog\/2015\/11\/16\/ali-gjecbritaj-gjuani-gure-poezi\/#breadcrumb"},"inLanguage":"en-US","potentialAction":[{"@type":"ReadAction","target":["https:\/\/www.visit-ulcinj.com\/blog\/2015\/11\/16\/ali-gjecbritaj-gjuani-gure-poezi\/"]}]},{"@type":"BreadcrumbList","@id":"https:\/\/www.visit-ulcinj.com\/blog\/2015\/11\/16\/ali-gjecbritaj-gjuani-gure-poezi\/#breadcrumb","itemListElement":[{"@type":"ListItem","position":1,"name":"Ali Gje\u00e7britaj: GJUANI ME GUR\u00cb &#8211; Poezi"}]},{"@type":"Person","@id":"https:\/\/www.visit-ulcinj.com\/blog\/#\/schema\/person\/dcab619c614d3038751c63bc2aadc06d","name":"ulqini","sameAs":["http:\/\/www.visit-ulcinj.com"],"url":"https:\/\/www.visit-ulcinj.com\/blog\/author\/admin\/"}]}},"jetpack_featured_media_url":"","jetpack_sharing_enabled":true,"jetpack_shortlink":"https:\/\/wp.me\/pe6lTn-of8","_links":{"self":[{"href":"https:\/\/www.visit-ulcinj.com\/blog\/wp-json\/wp\/v2\/posts\/93194"}],"collection":[{"href":"https:\/\/www.visit-ulcinj.com\/blog\/wp-json\/wp\/v2\/posts"}],"about":[{"href":"https:\/\/www.visit-ulcinj.com\/blog\/wp-json\/wp\/v2\/types\/post"}],"author":[{"embeddable":true,"href":"https:\/\/www.visit-ulcinj.com\/blog\/wp-json\/wp\/v2\/users\/1"}],"replies":[{"embeddable":true,"href":"https:\/\/www.visit-ulcinj.com\/blog\/wp-json\/wp\/v2\/comments?post=93194"}],"version-history":[{"count":1,"href":"https:\/\/www.visit-ulcinj.com\/blog\/wp-json\/wp\/v2\/posts\/93194\/revisions"}],"predecessor-version":[{"id":93195,"href":"https:\/\/www.visit-ulcinj.com\/blog\/wp-json\/wp\/v2\/posts\/93194\/revisions\/93195"}],"wp:attachment":[{"href":"https:\/\/www.visit-ulcinj.com\/blog\/wp-json\/wp\/v2\/media?parent=93194"}],"wp:term":[{"taxonomy":"category","embeddable":true,"href":"https:\/\/www.visit-ulcinj.com\/blog\/wp-json\/wp\/v2\/categories?post=93194"},{"taxonomy":"post_tag","embeddable":true,"href":"https:\/\/www.visit-ulcinj.com\/blog\/wp-json\/wp\/v2\/tags?post=93194"}],"curies":[{"name":"wp","href":"https:\/\/api.w.org\/{rel}","templated":true}]}}