{"id":93199,"date":"2015-11-16T22:29:59","date_gmt":"2015-11-16T21:29:59","guid":{"rendered":"http:\/\/www.visit-ulcinj.com\/blog\/?p=93199"},"modified":"2015-11-16T22:29:59","modified_gmt":"2015-11-16T21:29:59","slug":"myftiu-ternava-vizitoi-bashkesise-islame-ne-ulqin","status":"publish","type":"post","link":"https:\/\/www.visit-ulcinj.com\/blog\/2015\/11\/16\/myftiu-ternava-vizitoi-bashkesise-islame-ne-ulqin\/","title":{"rendered":"Myftiu T\u00ebrnava vizitoi Bashk\u00ebsis\u00eb Islame n\u00eb Ulqin"},"content":{"rendered":"<p><a href=\"http:\/\/www.visit-ulcinj.com\/blog\/wp-content\/uploads\/2015\/11\/Myftiu-Naim-T\u00ebrnava-ne-BI-Ulqin.jpg\"><img loading=\"lazy\" class=\"alignleft wp-image-93201\" src=\"http:\/\/www.visit-ulcinj.com\/blog\/wp-content\/uploads\/2015\/11\/Myftiu-Naim-T\u00ebrnava-ne-BI-Ulqin.jpg\" alt=\"Myftiu-Naim-T\u00ebrnava ne BI-Ulqin\" width=\"508\" height=\"339\" srcset=\"https:\/\/www.visit-ulcinj.com\/blog\/wp-content\/uploads\/2015\/11\/Myftiu-Naim-T\u00ebrnava-ne-BI-Ulqin.jpg 970w, https:\/\/www.visit-ulcinj.com\/blog\/wp-content\/uploads\/2015\/11\/Myftiu-Naim-T\u00ebrnava-ne-BI-Ulqin-300x200.jpg 300w\" sizes=\"(max-width: 508px) 100vw, 508px\" \/><\/a>T\u00eb premten paradite (13 n\u00ebntor 2015), myftiu T\u00ebrnava q\u00ebndroi n\u00eb Ulqin,\u00a0 respektivisht n\u00eb K\u00ebshillin e Bashk\u00ebsis\u00eb Islame, ku u prit nga kryeimami Ali ef. Bardhi, i cili shoq\u00ebrohej edhe nga imam\u00ebt e qytetit dhe rrethin\u00ebs s\u00eb Ulqinit. Gjithashtu, p\u00ebr k\u00ebt\u00eb n\u00eb takim n\u00eb selin\u00eb e K\u00ebshillit t\u00eb BI-s\u00eb, p\u00ebrve\u00e7 kryeimamit dhe imam\u00ebve qe i pranish\u00ebm edhe kryetari i K\u00ebshillit H. Gazmend Dollaku, si dhe an\u00ebtari i Meshihatit t\u00eb Malit t\u00eb Zi, H. Sabro Buzuku.<\/p>\n<p>Kryeimami Ali ef. Bardhi fal\u00ebnderoi myftiun p\u00ebr vizit\u00ebn n\u00eb K\u00ebshillin e BI-s\u00eb, duke e quajtur k\u00ebt\u00eb nj\u00eb dit\u00eb t\u00eb r\u00ebnd\u00ebsish\u00ebm p\u00ebr K\u00ebshillin\u00a0 dhe besimtar\u00ebt e Ulqinit e m\u00eb gjer\u00eb. \u201cVizata e myftiut t\u00eb Kosov\u00ebs p\u00ebr ne ka nj\u00eb dometh\u00ebnie dhe r\u00ebnd\u00ebsi t\u00eb ve\u00e7ant\u00eb, sepse p\u00ebrve\u00e7 takimeve, njohjes me arritjet dhe sfidat, s\u2019ka dyshim se hap horizonte t\u00eb reja bashk\u00ebpunimi, e q\u00eb p\u00ebr ne jan\u00eb tep\u00ebr t\u00eb r\u00ebnd\u00ebsishme\u201d, tha ve\u00e7 tjerash Ali ef. Bardhi.<br \/>\nM\u00eb pas kryeimami e informoi myftiun dhe bashk\u00ebpun\u00ebtor\u00ebt e tij me aktivitetet q\u00eb ka zhvilluar K\u00ebshilli i BIK-ut. \u201cN\u00eb qytetin e Ulqinit kemi 6 xhami aktive, nd\u00ebrsa n\u00eb\u00a0 kuad\u00ebr t\u00eb K\u00ebshillit gjithsej kemi 26 xhami, pra ku zhvillohen aktivitete fetare. Rind\u00ebrtimi i Xhamis\u00eb s\u00eb Detar\u00ebve i ka dh\u00ebn\u00eb nj\u00eb shyt\u00ebs dhe shpirt vendit, dhe ka krijuar premisa\u00a0 t\u00eb reja p\u00ebr avancimin e\u00a0 jet\u00ebs fetare n\u00eb qytet\u201d, tha kryeimami Bardhi. Ai m\u00eb tutje tha se ve\u00e7 kan\u00eb nisur nd\u00ebrtimin e godin\u00ebs p\u00ebr medresen\u00eb e vajzave, p\u00ebr t\u00eb cil\u00ebn mendohet q\u00eb shtatori i vitit q\u00eb vjen t\u00eb jet\u00eb p\u00ebrurues. \u201cGjithashtu kemi n\u00eb plan t\u00eb nd\u00ebrtojm\u00eb edhe nj\u00eb xhamia t\u00eb n\u00eb Shtoj. Mir\u00ebpo, me gjith\u00eb rezultatet e arritura, i nderuar myfti, ne kemi nevoj\u00eb p\u00ebr bashk\u00ebpunim, e sidomos p\u00ebr mb\u00ebshtetje nga Bashk\u00ebsia Islame e Kosov\u00ebs\u201d, tha kryeimami i KBI t\u00eb Ulqinit, Ali ef. Bardhi.<br \/>\nMyftiu T\u00ebrnava, pasi p\u00ebrg\u00ebzoi p\u00ebr rezultatet e arritura, tha se ka k\u00ebnaq\u00ebsin\u00eb q\u00eb \u00ebsht\u00eb n\u00eb qytetin historik t\u00eb Ulqinit, n\u00eb mesin e v\u00ebllez\u00ebrve, p\u00ebr t\u2019u njohur nga af\u00ebr me arritjet, hallet dhe sfidat e tyre. \u201c\u00c7do e arritur e juaj na g\u00ebzon, dhe e konsiderojm\u00eb t\u00eb arritur t\u00eb p\u00ebrbashk\u00ebt, dhe ne do e mb\u00ebshtesim pa asnj\u00eb rezerv\u00eb. Nd\u00ebrsa, p\u00ebr \u00e7do sfid\u00eb ju do keni p\u00ebrkrahjen dhe mb\u00ebshtetjen ton\u00eb.<br \/>\nNe kemi p\u00ebr obligim q\u00eb t\u00eb mb\u00ebshtesim nj\u00ebri-tjetrin. BIK-u ka kapacitetet e duhura q\u00eb t\u00eb mb\u00ebshtes\u00eb K\u00ebshillin e BI-s\u00eb me literatur\u00eb, p\u00ebr nevoja t\u00eb nx\u00ebn\u00ebsve t\u00eb medreses\u00eb n\u00eb Podgoric\u00eb, si dhe me literatur\u00eb p\u00ebr besimtar\u00ebt. Do t\u2019ju mb\u00ebshtesim me literatur\u00ebn q\u00eb e botojm\u00eb ne, duke p\u00ebrfshir\u00eb k\u00ebtu edhe periodikun. Do t\u2019ju mb\u00ebshtesim n\u00eb p\u00ebrgatitjen dhe shkollimin e kuadrit nga kjo an\u00eb, si dhe do t\u00eb shtojm\u00eb bashk\u00ebpunimin n\u00eb t\u00eb gjitha fushat ku ju e shihni q\u00eb ne mund t\u00eb ndihmojm\u00eb\u201d, tha, nd\u00ebr t\u00eb tjera, myftiu T\u00ebrnava.<br \/>\nBIK-u do t\u00eb nd\u00ebrtoj\u00eb nj\u00eb xhami n\u00eb rrethin\u00ebn tuaj, si shenj\u00eb fal\u00ebnderimin p\u00ebr kontributin q\u00eb keni dh\u00ebn\u00eb ju\u00a0 p\u00ebr\u00a0 t\u00eb d\u00ebbuarit tan\u00eb gjat\u00eb luft\u00ebs s\u00eb viteve 1998-1999, e p\u00ebr k\u00ebt\u00eb xhami propozoj q\u00eb ajo ta mbaj\u00eb emrin \u201cKosova\u201d, tha myftiu T\u00ebrnava, n\u00eb bashk\u00ebbisedim me strukturat drejtuese t\u00eb K\u00ebshillit dhe imam\u00ebt e Ulqinin dhe rrethin\u00ebs.<br \/>\nNamazin e xhumas\u00eb myftiu T\u00ebrnava me bashk\u00ebpun\u00ebtor\u00eb dhe i shoq\u00ebruar nga zyrtar\u00ebt m\u00eb t\u00eb lart\u00eb t\u00eb K\u00ebshillit t\u00eb BI e fali n\u00eb Xhamin\u00eb e Detar\u00ebve, ku myftiu mbajti hytben, nd\u00ebrsa sekretari i p\u00ebrgjithsh\u00ebm i BIK-ut, H. Resual Rexhepi, i priu namazit t\u00eb xhumas\u00eb.<\/p>\n<p><strong>Bashk\u00ebsia Islame e Kosov\u00ebs<\/strong><\/p>\n\n\t\t<style type=\"text\/css\">\n\t\t\t#gallery-1 {\n\t\t\t\tmargin: auto;\n\t\t\t}\n\t\t\t#gallery-1 .gallery-item {\n\t\t\t\tfloat: left;\n\t\t\t\tmargin-top: 10px;\n\t\t\t\ttext-align: center;\n\t\t\t\twidth: 33%;\n\t\t\t}\n\t\t\t#gallery-1 img {\n\t\t\t\tborder: 2px solid #cfcfcf;\n\t\t\t}\n\t\t\t#gallery-1 .gallery-caption {\n\t\t\t\tmargin-left: 0;\n\t\t\t}\n\t\t\t\/* see gallery_shortcode() in wp-includes\/media.php *\/\n\t\t<\/style>\n\t\t<div id='gallery-1' class='gallery galleryid-93199 gallery-columns-3 gallery-size-thumbnail'><dl class='gallery-item'>\n\t\t\t<dt class='gallery-icon landscape'>\n\t\t\t\t<a href='https:\/\/www.visit-ulcinj.com\/blog\/2015\/11\/16\/myftiu-ternava-vizitoi-bashkesise-islame-ne-ulqin\/myftiu-naim-ternava-ne-bi-ulqin-3\/'><img width=\"150\" height=\"150\" src=\"https:\/\/www.visit-ulcinj.com\/blog\/wp-content\/uploads\/2015\/11\/Myftiu-Naim-T\u00ebrnava-ne-BI-Ulqin-3-150x150.jpg\" class=\"attachment-thumbnail size-thumbnail\" alt=\"\" loading=\"lazy\" \/><\/a>\n\t\t\t<\/dt><\/dl><dl class='gallery-item'>\n\t\t\t<dt class='gallery-icon landscape'>\n\t\t\t\t<a href='https:\/\/www.visit-ulcinj.com\/blog\/2015\/11\/16\/myftiu-ternava-vizitoi-bashkesise-islame-ne-ulqin\/myftiu-naim-ternava-ne-bi-ulqin-2\/'><img width=\"150\" height=\"150\" src=\"https:\/\/www.visit-ulcinj.com\/blog\/wp-content\/uploads\/2015\/11\/Myftiu-Naim-T\u00ebrnava-ne-BI-Ulqin-2-150x150.jpg\" class=\"attachment-thumbnail size-thumbnail\" alt=\"\" loading=\"lazy\" \/><\/a>\n\t\t\t<\/dt><\/dl><dl class='gallery-item'>\n\t\t\t<dt class='gallery-icon landscape'>\n\t\t\t\t<a href='https:\/\/www.visit-ulcinj.com\/blog\/2015\/11\/16\/myftiu-ternava-vizitoi-bashkesise-islame-ne-ulqin\/myftiu-naim-ternava-ne-bi-ulqin-1\/'><img width=\"150\" height=\"150\" src=\"https:\/\/www.visit-ulcinj.com\/blog\/wp-content\/uploads\/2015\/11\/Myftiu-Naim-T\u00ebrnava-ne-BI-Ulqin-1-150x150.jpg\" class=\"attachment-thumbnail size-thumbnail\" alt=\"\" loading=\"lazy\" \/><\/a>\n\t\t\t<\/dt><\/dl><br style=\"clear: both\" \/>\n\t\t<\/div>\n\n","protected":false},"excerpt":{"rendered":"<p>T\u00eb premten paradite (13 n\u00ebntor 2015), myftiu T\u00ebrnava q\u00ebndroi n\u00eb Ulqin,\u00a0 respektivisht n\u00eb K\u00ebshillin e Bashk\u00ebsis\u00eb Islame, ku u prit nga kryeimami Ali ef. Bardhi, i cili shoq\u00ebrohej edhe nga imam\u00ebt e qytetit dhe rrethin\u00ebs s\u00eb Ulqinit. Gjithashtu, p\u00ebr k\u00ebt\u00eb n\u00eb takim n\u00eb selin\u00eb e K\u00ebshillit t\u00eb BI-s\u00eb, p\u00ebrve\u00e7 kryeimamit dhe imam\u00ebve qe i pranish\u00ebm [&hellip;]<\/p>\n","protected":false},"author":1,"featured_media":0,"comment_status":"closed","ping_status":"closed","sticky":false,"template":"","format":"standard","meta":{"spay_email":"","jetpack_publicize_message":"","jetpack_is_tweetstorm":false,"jetpack_publicize_feature_enabled":true},"categories":[12],"tags":[],"jetpack_publicize_connections":[],"yoast_head":"<!-- This site is optimized with the Yoast SEO plugin v19.1 - https:\/\/yoast.com\/wordpress\/plugins\/seo\/ -->\n<title>Myftiu T\u00ebrnava vizitoi Bashk\u00ebsis\u00eb Islame n\u00eb Ulqin - Lajme nga Ulqini<\/title>\n<meta name=\"description\" content=\"T\u00eb premten paradite (13 n\u00ebntor 2015), myftiu T\u00ebrnava q\u00ebndroi n\u00eb Ulqin,\u00a0 respektivisht n\u00eb K\u00ebshillin e Bashk\u00ebsis\u00eb Islame, ku u prit nga kryeimami Ali ef.\" \/>\n<meta name=\"robots\" content=\"index, follow, max-snippet:-1, max-image-preview:large, max-video-preview:-1\" \/>\n<link rel=\"canonical\" href=\"https:\/\/www.visit-ulcinj.com\/blog\/2015\/11\/16\/myftiu-ternava-vizitoi-bashkesise-islame-ne-ulqin\/\" \/>\n<meta property=\"og:locale\" content=\"en_US\" \/>\n<meta property=\"og:type\" content=\"article\" \/>\n<meta property=\"og:title\" content=\"Myftiu T\u00ebrnava vizitoi Bashk\u00ebsis\u00eb Islame n\u00eb Ulqin - Lajme nga Ulqini\" \/>\n<meta property=\"og:description\" content=\"T\u00eb premten paradite (13 n\u00ebntor 2015), myftiu T\u00ebrnava q\u00ebndroi n\u00eb Ulqin,\u00a0 respektivisht n\u00eb K\u00ebshillin e Bashk\u00ebsis\u00eb Islame, ku u prit nga kryeimami Ali ef.\" \/>\n<meta property=\"og:url\" content=\"https:\/\/www.visit-ulcinj.com\/blog\/2015\/11\/16\/myftiu-ternava-vizitoi-bashkesise-islame-ne-ulqin\/\" \/>\n<meta property=\"og:site_name\" content=\"Lajme nga Ulqini\" \/>\n<meta property=\"article:published_time\" content=\"2015-11-16T21:29:59+00:00\" \/>\n<meta property=\"og:image\" content=\"https:\/\/www.visit-ulcinj.com\/blog\/wp-content\/uploads\/2015\/11\/Myftiu-Naim-T\u00ebrnava-ne-BI-Ulqin-3-150x150.jpg\" \/>\n<meta name=\"twitter:label1\" content=\"Written by\" \/>\n\t<meta name=\"twitter:data1\" content=\"ulqini\" \/>\n\t<meta name=\"twitter:label2\" content=\"Est. reading time\" \/>\n\t<meta name=\"twitter:data2\" content=\"3 minutes\" \/>\n<script type=\"application\/ld+json\" class=\"yoast-schema-graph\">{\"@context\":\"https:\/\/schema.org\",\"@graph\":[{\"@type\":\"WebSite\",\"@id\":\"https:\/\/www.visit-ulcinj.com\/blog\/#website\",\"url\":\"https:\/\/www.visit-ulcinj.com\/blog\/\",\"name\":\"Lajme nga Ulqini\",\"description\":\"Lajme,Vijesti,Ulqini,Ulqin,Crna Gora,Mali i Zi\",\"potentialAction\":[{\"@type\":\"SearchAction\",\"target\":{\"@type\":\"EntryPoint\",\"urlTemplate\":\"https:\/\/www.visit-ulcinj.com\/blog\/?s={search_term_string}\"},\"query-input\":\"required name=search_term_string\"}],\"inLanguage\":\"en-US\"},{\"@type\":\"WebPage\",\"@id\":\"https:\/\/www.visit-ulcinj.com\/blog\/2015\/11\/16\/myftiu-ternava-vizitoi-bashkesise-islame-ne-ulqin\/#webpage\",\"url\":\"https:\/\/www.visit-ulcinj.com\/blog\/2015\/11\/16\/myftiu-ternava-vizitoi-bashkesise-islame-ne-ulqin\/\",\"name\":\"Myftiu T\u00ebrnava vizitoi Bashk\u00ebsis\u00eb Islame n\u00eb Ulqin - Lajme nga Ulqini\",\"isPartOf\":{\"@id\":\"https:\/\/www.visit-ulcinj.com\/blog\/#website\"},\"datePublished\":\"2015-11-16T21:29:59+00:00\",\"dateModified\":\"2015-11-16T21:29:59+00:00\",\"author\":{\"@id\":\"https:\/\/www.visit-ulcinj.com\/blog\/#\/schema\/person\/dcab619c614d3038751c63bc2aadc06d\"},\"description\":\"T\u00eb premten paradite (13 n\u00ebntor 2015), myftiu T\u00ebrnava q\u00ebndroi n\u00eb Ulqin,\u00a0 respektivisht n\u00eb K\u00ebshillin e Bashk\u00ebsis\u00eb Islame, ku u prit nga kryeimami Ali ef.\",\"breadcrumb\":{\"@id\":\"https:\/\/www.visit-ulcinj.com\/blog\/2015\/11\/16\/myftiu-ternava-vizitoi-bashkesise-islame-ne-ulqin\/#breadcrumb\"},\"inLanguage\":\"en-US\",\"potentialAction\":[{\"@type\":\"ReadAction\",\"target\":[\"https:\/\/www.visit-ulcinj.com\/blog\/2015\/11\/16\/myftiu-ternava-vizitoi-bashkesise-islame-ne-ulqin\/\"]}]},{\"@type\":\"BreadcrumbList\",\"@id\":\"https:\/\/www.visit-ulcinj.com\/blog\/2015\/11\/16\/myftiu-ternava-vizitoi-bashkesise-islame-ne-ulqin\/#breadcrumb\",\"itemListElement\":[{\"@type\":\"ListItem\",\"position\":1,\"name\":\"Myftiu T\u00ebrnava vizitoi Bashk\u00ebsis\u00eb Islame n\u00eb Ulqin\"}]},{\"@type\":\"Person\",\"@id\":\"https:\/\/www.visit-ulcinj.com\/blog\/#\/schema\/person\/dcab619c614d3038751c63bc2aadc06d\",\"name\":\"ulqini\",\"sameAs\":[\"http:\/\/www.visit-ulcinj.com\"],\"url\":\"https:\/\/www.visit-ulcinj.com\/blog\/author\/admin\/\"}]}<\/script>\n<!-- \/ Yoast SEO plugin. -->","yoast_head_json":{"title":"Myftiu T\u00ebrnava vizitoi Bashk\u00ebsis\u00eb Islame n\u00eb Ulqin - Lajme nga Ulqini","description":"T\u00eb premten paradite (13 n\u00ebntor 2015), myftiu T\u00ebrnava q\u00ebndroi n\u00eb Ulqin,\u00a0 respektivisht n\u00eb K\u00ebshillin e Bashk\u00ebsis\u00eb Islame, ku u prit nga kryeimami Ali ef.","robots":{"index":"index","follow":"follow","max-snippet":"max-snippet:-1","max-image-preview":"max-image-preview:large","max-video-preview":"max-video-preview:-1"},"canonical":"https:\/\/www.visit-ulcinj.com\/blog\/2015\/11\/16\/myftiu-ternava-vizitoi-bashkesise-islame-ne-ulqin\/","og_locale":"en_US","og_type":"article","og_title":"Myftiu T\u00ebrnava vizitoi Bashk\u00ebsis\u00eb Islame n\u00eb Ulqin - Lajme nga Ulqini","og_description":"T\u00eb premten paradite (13 n\u00ebntor 2015), myftiu T\u00ebrnava q\u00ebndroi n\u00eb Ulqin,\u00a0 respektivisht n\u00eb K\u00ebshillin e Bashk\u00ebsis\u00eb Islame, ku u prit nga kryeimami Ali ef.","og_url":"https:\/\/www.visit-ulcinj.com\/blog\/2015\/11\/16\/myftiu-ternava-vizitoi-bashkesise-islame-ne-ulqin\/","og_site_name":"Lajme nga Ulqini","article_published_time":"2015-11-16T21:29:59+00:00","og_image":[{"url":"https:\/\/www.visit-ulcinj.com\/blog\/wp-content\/uploads\/2015\/11\/Myftiu-Naim-T\u00ebrnava-ne-BI-Ulqin-3-150x150.jpg"}],"twitter_misc":{"Written by":"ulqini","Est. reading time":"3 minutes"},"schema":{"@context":"https:\/\/schema.org","@graph":[{"@type":"WebSite","@id":"https:\/\/www.visit-ulcinj.com\/blog\/#website","url":"https:\/\/www.visit-ulcinj.com\/blog\/","name":"Lajme nga Ulqini","description":"Lajme,Vijesti,Ulqini,Ulqin,Crna Gora,Mali i Zi","potentialAction":[{"@type":"SearchAction","target":{"@type":"EntryPoint","urlTemplate":"https:\/\/www.visit-ulcinj.com\/blog\/?s={search_term_string}"},"query-input":"required name=search_term_string"}],"inLanguage":"en-US"},{"@type":"WebPage","@id":"https:\/\/www.visit-ulcinj.com\/blog\/2015\/11\/16\/myftiu-ternava-vizitoi-bashkesise-islame-ne-ulqin\/#webpage","url":"https:\/\/www.visit-ulcinj.com\/blog\/2015\/11\/16\/myftiu-ternava-vizitoi-bashkesise-islame-ne-ulqin\/","name":"Myftiu T\u00ebrnava vizitoi Bashk\u00ebsis\u00eb Islame n\u00eb Ulqin - Lajme nga Ulqini","isPartOf":{"@id":"https:\/\/www.visit-ulcinj.com\/blog\/#website"},"datePublished":"2015-11-16T21:29:59+00:00","dateModified":"2015-11-16T21:29:59+00:00","author":{"@id":"https:\/\/www.visit-ulcinj.com\/blog\/#\/schema\/person\/dcab619c614d3038751c63bc2aadc06d"},"description":"T\u00eb premten paradite (13 n\u00ebntor 2015), myftiu T\u00ebrnava q\u00ebndroi n\u00eb Ulqin,\u00a0 respektivisht n\u00eb K\u00ebshillin e Bashk\u00ebsis\u00eb Islame, ku u prit nga kryeimami Ali ef.","breadcrumb":{"@id":"https:\/\/www.visit-ulcinj.com\/blog\/2015\/11\/16\/myftiu-ternava-vizitoi-bashkesise-islame-ne-ulqin\/#breadcrumb"},"inLanguage":"en-US","potentialAction":[{"@type":"ReadAction","target":["https:\/\/www.visit-ulcinj.com\/blog\/2015\/11\/16\/myftiu-ternava-vizitoi-bashkesise-islame-ne-ulqin\/"]}]},{"@type":"BreadcrumbList","@id":"https:\/\/www.visit-ulcinj.com\/blog\/2015\/11\/16\/myftiu-ternava-vizitoi-bashkesise-islame-ne-ulqin\/#breadcrumb","itemListElement":[{"@type":"ListItem","position":1,"name":"Myftiu T\u00ebrnava vizitoi Bashk\u00ebsis\u00eb Islame n\u00eb Ulqin"}]},{"@type":"Person","@id":"https:\/\/www.visit-ulcinj.com\/blog\/#\/schema\/person\/dcab619c614d3038751c63bc2aadc06d","name":"ulqini","sameAs":["http:\/\/www.visit-ulcinj.com"],"url":"https:\/\/www.visit-ulcinj.com\/blog\/author\/admin\/"}]}},"jetpack_featured_media_url":"","jetpack_sharing_enabled":true,"jetpack_shortlink":"https:\/\/wp.me\/pe6lTn-ofd","_links":{"self":[{"href":"https:\/\/www.visit-ulcinj.com\/blog\/wp-json\/wp\/v2\/posts\/93199"}],"collection":[{"href":"https:\/\/www.visit-ulcinj.com\/blog\/wp-json\/wp\/v2\/posts"}],"about":[{"href":"https:\/\/www.visit-ulcinj.com\/blog\/wp-json\/wp\/v2\/types\/post"}],"author":[{"embeddable":true,"href":"https:\/\/www.visit-ulcinj.com\/blog\/wp-json\/wp\/v2\/users\/1"}],"replies":[{"embeddable":true,"href":"https:\/\/www.visit-ulcinj.com\/blog\/wp-json\/wp\/v2\/comments?post=93199"}],"version-history":[{"count":1,"href":"https:\/\/www.visit-ulcinj.com\/blog\/wp-json\/wp\/v2\/posts\/93199\/revisions"}],"predecessor-version":[{"id":93204,"href":"https:\/\/www.visit-ulcinj.com\/blog\/wp-json\/wp\/v2\/posts\/93199\/revisions\/93204"}],"wp:attachment":[{"href":"https:\/\/www.visit-ulcinj.com\/blog\/wp-json\/wp\/v2\/media?parent=93199"}],"wp:term":[{"taxonomy":"category","embeddable":true,"href":"https:\/\/www.visit-ulcinj.com\/blog\/wp-json\/wp\/v2\/categories?post=93199"},{"taxonomy":"post_tag","embeddable":true,"href":"https:\/\/www.visit-ulcinj.com\/blog\/wp-json\/wp\/v2\/tags?post=93199"}],"curies":[{"name":"wp","href":"https:\/\/api.w.org\/{rel}","templated":true}]}}