{"id":932,"date":"2008-03-16T13:28:13","date_gmt":"2008-03-16T18:28:13","guid":{"rendered":"http:\/\/www.visit-ulcinj.com\/blog\/2008\/03\/16\/mehmet-bardhite-mos-keqperdoren-keshillat-nacionale\/"},"modified":"2008-03-16T14:59:48","modified_gmt":"2008-03-16T19:59:48","slug":"mehmet-bardhite-mos-keqperdoren-keshillat-nacionale","status":"publish","type":"post","link":"https:\/\/www.visit-ulcinj.com\/blog\/2008\/03\/16\/mehmet-bardhite-mos-keqperdoren-keshillat-nacionale\/","title":{"rendered":"Mehmet Bardhi:T\u00eb mos keqp\u00ebrdor\u00ebn k\u00ebshillat nacionale"},"content":{"rendered":"<p><a href=\"http:\/\/www.visit-ulcinj.com\/blog\/wp-content\/uploads\/2008\/03\/mehmet-bardhi1.jpg\" title=\"Mehmet Bardhi_ulqin1\"><img loading=\"lazy\" src=\"http:\/\/www.visit-ulcinj.com\/blog\/wp-content\/uploads\/2008\/03\/mehmet-bardhi1.thumbnail.jpg\" alt=\"Mehmet Bardhi_ulqin1\" align=\"left\" height=\"150\" width=\"200\" \/><\/a><a href=\"http:\/\/www.visit-ulcinj.com\/gallery\/main.php\" title=\"Ulcinj-ulqini-ulqin,montenegro\" target=\"_blank\">Ulqin<\/a>:Iniciativa p\u00ebr themelimin e K\u00ebshillit Nacional t\u00eb Shqiptar\u00ebve (KNSH) n\u00eb Mal t\u00eb Zi ka nxitur reagimin e partive opozitare nacionale shqiptare n\u00eb k\u00ebt\u00eb shtet.<br \/>\nK\u00ebshtu, kryetari i Lidhjes Demokratike n\u00eb Mal t\u00eb Zi (LD n\u00eb MZ),Mehmet Bardhi dhe t\u00eb liderit t\u00eb Alternativ\u00ebs shqiptare (ASH), Vasel Sinishtaj, q\u00eb t\u00eb dy ligjv\u00ebn\u00ebs n\u00eb Parlamentin malazias pohojn\u00eb se pushteti ka p\u00ebr ta keqp\u00ebrdorur k\u00ebt\u00eb k\u00ebshill. \u201cShembulli i keqp\u00ebrdorimit t\u00eb KNSH do t\u00eb jet\u00eb pun\u00ebsimi sepse pun\u00eb nuk mund t\u00eb gjejn\u00eb partiak\u00ebt e pap\u00ebrshtatsh\u00ebm dhe se n\u00eb krye t\u00eb k\u00ebtij forumi do t\u00eb jet\u00eb dikush i af\u00ebrt me koalicionin qeveris\u00ebs\u201d, shprehet Bardhi. Sipas tij, askush nuk e p\u00ebrmend decentralizimin, kthimin e pronave dhe privatizimin. Ai n\u00ebnvizon se \u00e7far\u00eb na<a href=\"http:\/\/www.visit-ulcinj.com\/blog\/wp-content\/uploads\/2008\/03\/vasel-sinishtaj.jpg\" title=\"Vasel Sinishtaj_tuz\"><img loading=\"lazy\" src=\"http:\/\/www.visit-ulcinj.com\/blog\/wp-content\/uploads\/2008\/03\/vasel-sinishtaj.thumbnail.jpg\" alt=\"Vasel Sinishtaj_tuz\" align=\"right\" height=\"200\" width=\"150\" \/><\/a> duhen k\u00ebshillat derisa qeveria po i g\u00ebrryen komunat n\u00eb mjediset ku pakicat jan\u00eb shumic\u00eb.\u201cNuk e kan\u00eb ratifikuar as Kart\u00ebn evropiane mbi qeverisjen lokale e tani duan n\u00eb Bashkimin Europian. Jo, k\u00ebshtu nuk mundet\u201d, mendon kryetari I LD n\u00eb MZ.<\/p>\n<p>Vasel Sinishtaj,i cili n\u00eb cil\u00ebsin\u00eb e deputetit do t\u00eb jet\u00eb an\u00ebtar I KNSH konsideron se partit\u00eb politike me siguri do t\u00eb tentojn\u00eb ta keqp\u00ebrdorin pun\u00ebn e k\u00ebshillit. K\u00ebshilli Nacional I Shqiptar\u00ebve do t\u00eb ket\u00eb 35 an\u00ebtar\u00eb, 23 prej t\u00eb cil\u00ebve zgjidhen sipas funksionit, kurse 12 do t\u2019i zgjedhin elektor\u00ebt, ka sqaruar t\u00eb shtun\u00ebn sekretari i Ministris\u00eb s\u00eb t\u00eb Drejtave t\u00eb Njeriut dhe t\u00eb Pakicave pran\u00eb qeveris\u00eb.<\/p>\n<table border=\"0\" cellpadding=\"0\" cellspacing=\"2\" width=\"100%\">\n<tr>\n<td width=\"100\">&nbsp;<\/td>\n<td><strong><a href=\"mailto:mehmet.bardhi@skupstina.mn.yu%3C\" title=\"Ulcinj-ulqini-ulqin,montenegro\" target=\"_blank\">mehmet.bardhi@skupstina.mn.yu<\/a><\/strong><\/td>\n<\/tr>\n<\/table>\n<p><strong>Gazeta Express<\/strong><\/p>\n<p>[googlevideo]http:\/\/video.aol.com\/video-detail\/mehmet-bardhi&#8211;mal-i-zi-shqiptaret-kerkojne-zyrtarizim-te-gjuhes-shqipe\/3048771477[\/googlevideo]<\/p>\n","protected":false},"excerpt":{"rendered":"<p><img loading=\"lazy\" src=\"http:\/\/www.visit-ulcinj.com\/blog\/wp-content\/uploads\/2008\/03\/mehmet-bardhi1.thumbnail.jpg\" alt=\"Mehmet Bardhi_ulcinj\" align=\"left\" height=\"150\" width=\"200\" \/><\/p>\n","protected":false},"author":1,"featured_media":0,"comment_status":"open","ping_status":"closed","sticky":false,"template":"","format":"standard","meta":{"spay_email":"","jetpack_publicize_message":"","jetpack_is_tweetstorm":false,"jetpack_publicize_feature_enabled":true},"categories":[6],"tags":[],"jetpack_publicize_connections":[],"yoast_head":"<!-- This site is optimized with the Yoast SEO plugin v19.1 - https:\/\/yoast.com\/wordpress\/plugins\/seo\/ -->\n<title>Mehmet Bardhi:T\u00eb mos keqp\u00ebrdor\u00ebn k\u00ebshillat nacionale - Lajme nga Ulqini<\/title>\n<meta name=\"robots\" content=\"index, follow, max-snippet:-1, max-image-preview:large, max-video-preview:-1\" \/>\n<link rel=\"canonical\" href=\"https:\/\/www.visit-ulcinj.com\/blog\/2008\/03\/16\/mehmet-bardhite-mos-keqperdoren-keshillat-nacionale\/\" \/>\n<meta property=\"og:locale\" content=\"en_US\" \/>\n<meta property=\"og:type\" content=\"article\" \/>\n<meta property=\"og:title\" content=\"Mehmet Bardhi:T\u00eb mos keqp\u00ebrdor\u00ebn k\u00ebshillat nacionale - Lajme nga Ulqini\" \/>\n<meta property=\"og:url\" content=\"https:\/\/www.visit-ulcinj.com\/blog\/2008\/03\/16\/mehmet-bardhite-mos-keqperdoren-keshillat-nacionale\/\" \/>\n<meta property=\"og:site_name\" content=\"Lajme nga Ulqini\" \/>\n<meta property=\"article:published_time\" content=\"2008-03-16T18:28:13+00:00\" \/>\n<meta property=\"article:modified_time\" content=\"2008-03-16T19:59:48+00:00\" \/>\n<meta property=\"og:image\" content=\"http:\/\/www.visit-ulcinj.com\/blog\/wp-content\/uploads\/2008\/03\/mehmet-bardhi1.thumbnail.jpg\" \/>\n<meta name=\"twitter:label1\" content=\"Written by\" \/>\n\t<meta name=\"twitter:data1\" content=\"ulqini\" \/>\n\t<meta name=\"twitter:label2\" content=\"Est. reading time\" \/>\n\t<meta name=\"twitter:data2\" content=\"1 minute\" \/>\n<script type=\"application\/ld+json\" class=\"yoast-schema-graph\">{\"@context\":\"https:\/\/schema.org\",\"@graph\":[{\"@type\":\"WebSite\",\"@id\":\"https:\/\/www.visit-ulcinj.com\/blog\/#website\",\"url\":\"https:\/\/www.visit-ulcinj.com\/blog\/\",\"name\":\"Lajme nga Ulqini\",\"description\":\"Lajme,Vijesti,Ulqini,Ulqin,Crna Gora,Mali i Zi\",\"potentialAction\":[{\"@type\":\"SearchAction\",\"target\":{\"@type\":\"EntryPoint\",\"urlTemplate\":\"https:\/\/www.visit-ulcinj.com\/blog\/?s={search_term_string}\"},\"query-input\":\"required name=search_term_string\"}],\"inLanguage\":\"en-US\"},{\"@type\":\"ImageObject\",\"inLanguage\":\"en-US\",\"@id\":\"https:\/\/www.visit-ulcinj.com\/blog\/2008\/03\/16\/mehmet-bardhite-mos-keqperdoren-keshillat-nacionale\/#primaryimage\",\"url\":\"http:\/\/www.visit-ulcinj.com\/blog\/wp-content\/uploads\/2008\/03\/mehmet-bardhi1.thumbnail.jpg\",\"contentUrl\":\"http:\/\/www.visit-ulcinj.com\/blog\/wp-content\/uploads\/2008\/03\/mehmet-bardhi1.thumbnail.jpg\"},{\"@type\":\"WebPage\",\"@id\":\"https:\/\/www.visit-ulcinj.com\/blog\/2008\/03\/16\/mehmet-bardhite-mos-keqperdoren-keshillat-nacionale\/#webpage\",\"url\":\"https:\/\/www.visit-ulcinj.com\/blog\/2008\/03\/16\/mehmet-bardhite-mos-keqperdoren-keshillat-nacionale\/\",\"name\":\"Mehmet Bardhi:T\u00eb mos keqp\u00ebrdor\u00ebn k\u00ebshillat nacionale - Lajme nga Ulqini\",\"isPartOf\":{\"@id\":\"https:\/\/www.visit-ulcinj.com\/blog\/#website\"},\"primaryImageOfPage\":{\"@id\":\"https:\/\/www.visit-ulcinj.com\/blog\/2008\/03\/16\/mehmet-bardhite-mos-keqperdoren-keshillat-nacionale\/#primaryimage\"},\"datePublished\":\"2008-03-16T18:28:13+00:00\",\"dateModified\":\"2008-03-16T19:59:48+00:00\",\"author\":{\"@id\":\"https:\/\/www.visit-ulcinj.com\/blog\/#\/schema\/person\/dcab619c614d3038751c63bc2aadc06d\"},\"breadcrumb\":{\"@id\":\"https:\/\/www.visit-ulcinj.com\/blog\/2008\/03\/16\/mehmet-bardhite-mos-keqperdoren-keshillat-nacionale\/#breadcrumb\"},\"inLanguage\":\"en-US\",\"potentialAction\":[{\"@type\":\"ReadAction\",\"target\":[\"https:\/\/www.visit-ulcinj.com\/blog\/2008\/03\/16\/mehmet-bardhite-mos-keqperdoren-keshillat-nacionale\/\"]}]},{\"@type\":\"BreadcrumbList\",\"@id\":\"https:\/\/www.visit-ulcinj.com\/blog\/2008\/03\/16\/mehmet-bardhite-mos-keqperdoren-keshillat-nacionale\/#breadcrumb\",\"itemListElement\":[{\"@type\":\"ListItem\",\"position\":1,\"name\":\"Mehmet Bardhi:T\u00eb mos keqp\u00ebrdor\u00ebn k\u00ebshillat nacionale\"}]},{\"@type\":\"Person\",\"@id\":\"https:\/\/www.visit-ulcinj.com\/blog\/#\/schema\/person\/dcab619c614d3038751c63bc2aadc06d\",\"name\":\"ulqini\",\"sameAs\":[\"http:\/\/www.visit-ulcinj.com\"],\"url\":\"https:\/\/www.visit-ulcinj.com\/blog\/author\/admin\/\"}]}<\/script>\n<!-- \/ Yoast SEO plugin. -->","yoast_head_json":{"title":"Mehmet Bardhi:T\u00eb mos keqp\u00ebrdor\u00ebn k\u00ebshillat nacionale - Lajme nga Ulqini","robots":{"index":"index","follow":"follow","max-snippet":"max-snippet:-1","max-image-preview":"max-image-preview:large","max-video-preview":"max-video-preview:-1"},"canonical":"https:\/\/www.visit-ulcinj.com\/blog\/2008\/03\/16\/mehmet-bardhite-mos-keqperdoren-keshillat-nacionale\/","og_locale":"en_US","og_type":"article","og_title":"Mehmet Bardhi:T\u00eb mos keqp\u00ebrdor\u00ebn k\u00ebshillat nacionale - Lajme nga Ulqini","og_url":"https:\/\/www.visit-ulcinj.com\/blog\/2008\/03\/16\/mehmet-bardhite-mos-keqperdoren-keshillat-nacionale\/","og_site_name":"Lajme nga Ulqini","article_published_time":"2008-03-16T18:28:13+00:00","article_modified_time":"2008-03-16T19:59:48+00:00","og_image":[{"url":"http:\/\/www.visit-ulcinj.com\/blog\/wp-content\/uploads\/2008\/03\/mehmet-bardhi1.thumbnail.jpg"}],"twitter_misc":{"Written by":"ulqini","Est. reading time":"1 minute"},"schema":{"@context":"https:\/\/schema.org","@graph":[{"@type":"WebSite","@id":"https:\/\/www.visit-ulcinj.com\/blog\/#website","url":"https:\/\/www.visit-ulcinj.com\/blog\/","name":"Lajme nga Ulqini","description":"Lajme,Vijesti,Ulqini,Ulqin,Crna Gora,Mali i Zi","potentialAction":[{"@type":"SearchAction","target":{"@type":"EntryPoint","urlTemplate":"https:\/\/www.visit-ulcinj.com\/blog\/?s={search_term_string}"},"query-input":"required name=search_term_string"}],"inLanguage":"en-US"},{"@type":"ImageObject","inLanguage":"en-US","@id":"https:\/\/www.visit-ulcinj.com\/blog\/2008\/03\/16\/mehmet-bardhite-mos-keqperdoren-keshillat-nacionale\/#primaryimage","url":"http:\/\/www.visit-ulcinj.com\/blog\/wp-content\/uploads\/2008\/03\/mehmet-bardhi1.thumbnail.jpg","contentUrl":"http:\/\/www.visit-ulcinj.com\/blog\/wp-content\/uploads\/2008\/03\/mehmet-bardhi1.thumbnail.jpg"},{"@type":"WebPage","@id":"https:\/\/www.visit-ulcinj.com\/blog\/2008\/03\/16\/mehmet-bardhite-mos-keqperdoren-keshillat-nacionale\/#webpage","url":"https:\/\/www.visit-ulcinj.com\/blog\/2008\/03\/16\/mehmet-bardhite-mos-keqperdoren-keshillat-nacionale\/","name":"Mehmet Bardhi:T\u00eb mos keqp\u00ebrdor\u00ebn k\u00ebshillat nacionale - Lajme nga Ulqini","isPartOf":{"@id":"https:\/\/www.visit-ulcinj.com\/blog\/#website"},"primaryImageOfPage":{"@id":"https:\/\/www.visit-ulcinj.com\/blog\/2008\/03\/16\/mehmet-bardhite-mos-keqperdoren-keshillat-nacionale\/#primaryimage"},"datePublished":"2008-03-16T18:28:13+00:00","dateModified":"2008-03-16T19:59:48+00:00","author":{"@id":"https:\/\/www.visit-ulcinj.com\/blog\/#\/schema\/person\/dcab619c614d3038751c63bc2aadc06d"},"breadcrumb":{"@id":"https:\/\/www.visit-ulcinj.com\/blog\/2008\/03\/16\/mehmet-bardhite-mos-keqperdoren-keshillat-nacionale\/#breadcrumb"},"inLanguage":"en-US","potentialAction":[{"@type":"ReadAction","target":["https:\/\/www.visit-ulcinj.com\/blog\/2008\/03\/16\/mehmet-bardhite-mos-keqperdoren-keshillat-nacionale\/"]}]},{"@type":"BreadcrumbList","@id":"https:\/\/www.visit-ulcinj.com\/blog\/2008\/03\/16\/mehmet-bardhite-mos-keqperdoren-keshillat-nacionale\/#breadcrumb","itemListElement":[{"@type":"ListItem","position":1,"name":"Mehmet Bardhi:T\u00eb mos keqp\u00ebrdor\u00ebn k\u00ebshillat nacionale"}]},{"@type":"Person","@id":"https:\/\/www.visit-ulcinj.com\/blog\/#\/schema\/person\/dcab619c614d3038751c63bc2aadc06d","name":"ulqini","sameAs":["http:\/\/www.visit-ulcinj.com"],"url":"https:\/\/www.visit-ulcinj.com\/blog\/author\/admin\/"}]}},"jetpack_featured_media_url":"","jetpack_sharing_enabled":true,"jetpack_shortlink":"https:\/\/wp.me\/pe6lTn-f2","_links":{"self":[{"href":"https:\/\/www.visit-ulcinj.com\/blog\/wp-json\/wp\/v2\/posts\/932"}],"collection":[{"href":"https:\/\/www.visit-ulcinj.com\/blog\/wp-json\/wp\/v2\/posts"}],"about":[{"href":"https:\/\/www.visit-ulcinj.com\/blog\/wp-json\/wp\/v2\/types\/post"}],"author":[{"embeddable":true,"href":"https:\/\/www.visit-ulcinj.com\/blog\/wp-json\/wp\/v2\/users\/1"}],"replies":[{"embeddable":true,"href":"https:\/\/www.visit-ulcinj.com\/blog\/wp-json\/wp\/v2\/comments?post=932"}],"version-history":[{"count":0,"href":"https:\/\/www.visit-ulcinj.com\/blog\/wp-json\/wp\/v2\/posts\/932\/revisions"}],"wp:attachment":[{"href":"https:\/\/www.visit-ulcinj.com\/blog\/wp-json\/wp\/v2\/media?parent=932"}],"wp:term":[{"taxonomy":"category","embeddable":true,"href":"https:\/\/www.visit-ulcinj.com\/blog\/wp-json\/wp\/v2\/categories?post=932"},{"taxonomy":"post_tag","embeddable":true,"href":"https:\/\/www.visit-ulcinj.com\/blog\/wp-json\/wp\/v2\/tags?post=932"}],"curies":[{"name":"wp","href":"https:\/\/api.w.org\/{rel}","templated":true}]}}