{"id":93206,"date":"2015-11-17T20:07:40","date_gmt":"2015-11-17T19:07:40","guid":{"rendered":"http:\/\/www.visit-ulcinj.com\/blog\/?p=93206"},"modified":"2015-11-18T19:36:31","modified_gmt":"2015-11-18T18:36:31","slug":"nika-cka-pret-qytetaret-e-ulqinit-pas-mbledhjes-se-fundit-te-kuvendit","status":"publish","type":"post","link":"https:\/\/www.visit-ulcinj.com\/blog\/2015\/11\/17\/nika-cka-pret-qytetaret-e-ulqinit-pas-mbledhjes-se-fundit-te-kuvendit\/","title":{"rendered":"Nika: \u00c7ka i pret qytetar\u00ebt e Ulqinit  pas mbledhjes s\u00eb fundit t\u00eb kuvendit ?!"},"content":{"rendered":"<p><a href=\"http:\/\/www.visit-ulcinj.com\/blog\/wp-content\/uploads\/2015\/11\/Forca.jpg\"><img loading=\"lazy\" class=\"alignleft wp-image-93207\" src=\"http:\/\/www.visit-ulcinj.com\/blog\/wp-content\/uploads\/2015\/11\/Forca.jpg\" alt=\"Forca\" width=\"508\" height=\"381\" srcset=\"https:\/\/www.visit-ulcinj.com\/blog\/wp-content\/uploads\/2015\/11\/Forca.jpg 399w, https:\/\/www.visit-ulcinj.com\/blog\/wp-content\/uploads\/2015\/11\/Forca-300x225.jpg 300w\" sizes=\"(max-width: 508px) 100vw, 508px\" \/><\/a><strong>Nga Muhamet Nika<\/strong><\/p>\n<p>Edhe pse p\u00ebr veten time nuk e preferoj \u201ct\u00eb qiturit fall..\u201d, nga se p\u00ebr te ka nevoj\u00eb vet\u00ebm i pa dituri hallexhi dhe i s\u00ebmuri , me gjith\u00eb at\u00eb themi se duke pasur parasysh faktin q\u00eb ne, t\u00eb gjith\u00eb jemi nga pak hallexhinj, n\u00eb se jo t\u00eb s\u00ebmur\u00eb, mendoj q\u00eb k\u00ebsaj radhe nuk gaboj kur them se n\u00eb Ulqin , mund t\u00eb vij\u00eb deri te ri kompozimi politik sipas asaj q\u00eb shkruan gazeta \u201cVjesti\u201d.<\/p>\n<p>K\u00ebt\u00eb n\u00eb nj\u00eb far\u00eb forme nuk e mohuan asnj\u00eb nga lider\u00ebt e partive shqiptare. K\u00ebtu ve\u00e7oj pohimet e Loros s\u00eb DPS-it t\u00eb cilat me gjith\u00eb at\u00eb dalin si jo serioze ngase p\u00ebrs\u00ebriten vazhdimisht, por kuptohet as n\u00eb ata t\u00eb Forc\u00ebs t\u00eb cilat shkojn\u00eb n\u00eb t\u00eb nj\u00ebjt\u00ebn vij\u00eb dhe b\u00ebhen p\u00ebr propagand\u00eb e motivim t\u00eb an\u00ebtar\u00ebve t\u00eb vet. Konkretisht k\u00ebt\u00eb opinion e bazoj n\u00eb deklarat\u00ebn e Gjek\u00ebs i cili deri tani, ishte m\u00eb e matur , por kjo e fundit le shteg p\u00ebr t\u00eb menduar edhe n\u00eb rikompozim n\u00eb pushtet , me kusht n\u00ebse deklarata nuk kishte p\u00ebr q\u00ebllim te b\u00ebnte , me ruajtjen e krenaris\u00eb dhe dinjitetit t\u00eb vet para t\u00eb tjer\u00ebve t\u00eb cil\u00ebt del se disi\u201d po i lypin mejdan..\u201d?!<\/p>\n<p><strong><em>Po cilat jan\u00eb arsyet sipas meje?!!<\/em><\/strong><\/p>\n<p>Mendoj q\u00eb kuvendi dje, duke votuar vendimin p\u00ebr kredi marrje prej 5 milion\u00eb e gjysm\u00eb erosh q\u00eb bashk\u00eb me dy kredit\u00eb tjera\u00a0\u00a0 b\u00ebjn\u00eb 30 milion\u00eb euro , doemos q\u00eb zgjon oreksin p\u00ebr aventur\u00eb t\u00eb atyre q\u00eb jan\u00eb m\u00ebsuar si dhe t\u00eb atyre q\u00eb jan\u00eb t\u00eb deshiruar&#8230;.?! Nj\u00eb fjal\u00eb e urt\u00eb popullore thot\u00eb se :\u201d nj\u00ebher\u00eb vjen vera ka dera..\u201d, e politikan\u00ebt tan\u00eb kan\u00eb shqisa p\u00ebr ta nuhatur mir\u00eb dhe me koh\u00eb k\u00ebt\u00eb. Kjo q\u00eb tham\u00eb do t\u00eb vlente si p\u00ebr Cungun ashtu edhe p\u00ebr Ndrekiqin. Kuptohet n\u00eb se k\u00ebto t\u00eb dy kan\u00eb sukses dhe arrijn\u00eb e sigurojn\u00eb shumic\u00ebn nga rival\u00ebt n\u00eb parti t\u00eb vet. &#8211; Cungu nga Nimanbegu, kurse Ndrekiqi nga Shkrela. Mir\u00eb po q\u00eb kjo, ka shum\u00eb pak \u00a0t\u00eb ngjar\u00eb q\u00eb t\u00eb ndodh\u00eb?!<\/p>\n<p>Tjet\u00ebr ky konstatim fiton n\u00eb pesh\u00eb , kur dihet q\u00eb Ndrekiqit i ka r\u00ebn\u00eb disi \u00e7mimi politik n\u00eb\u201dberz\u00eb..\u201d, pasi mbet pa funksion dhe ndikimi n\u00eb Elektro nuk \u00ebsht\u00eb m\u00eb! Mbase ky edhe do t\u00eb k\u00ebnaqej si kryetar parlamenti?! Kurse edhe kryetari aktual Gjeka \u2013 tashti pasi e kreu pun\u00ebn q\u00eb priste Cungu, duke n\u00ebnshkruar vendimet n\u00eb 30 milion\u00eb euro, kuptohet se nuk mund t\u00eb llogaris\u00eb m\u00eb n\u00eb Cungun p\u00ebr partner.<\/p>\n<p><strong><em>\u00c7far\u00eb do b\u00ebj\u00eb Haxhibeti?!<\/em><\/strong><\/p>\n<p>Ky i fundit q\u00eb \u00ebsht\u00eb kryetar parlamenti edhe nuk pritet t\u00eb b\u00ebj\u00eb ndonj\u00eb turbulenc\u00eb p\u00ebr humbjen eventuale t\u00eb postit . Duke qen\u00eb se ishte vet\u00ebm nj\u00eb hap larg q\u00ebllimit- kryetarit t\u00eb komun\u00ebs, ky \u00a0 pritet q\u00eb prehjen ta gjej\u00eb shum\u00eb m\u00eb mir\u00eb n\u00eb profesionin e vet si inxhinier i komunales dhe nga pozitat e funksioneve n\u00eb ekipin me skuadr\u00ebn e koalicionit Forc\u00eb- Dps, do t\u00eb ishte shum\u00eb af\u00ebr kredis\u00eb prej 25 milion\u00eb eurosh q\u00eb pritet t\u00eb thithin komunalit\u00eb- pun\u00eb t\u00eb cil\u00ebn e ka b\u00ebr\u00eb edhe m\u00eb her\u00ebt me profesionin dhe firm\u00ebn e tij..?! Thjesht p\u00ebr te rikompozimi do t\u00eb ishte nj\u00eb salto-vitale?!<\/p>\n<p><strong><em>\u00c7ka n\u00ebse Milloja d\u00ebshiron t\u00eb flijoj\u00eb Gjek\u00ebn..?!!<\/em><\/strong><\/p>\n<p>N\u00ebse Milloja vendos p\u00ebr t\u00eb flijuar Gjek\u00ebn, n\u00eb \u00e7ka pak ka mund\u00eb..,dhe n\u00ebse pas k\u00ebsaj Ndrekiq e Cungu nuk arrijn\u00eb t\u00eb mposhtin rivalet brenda partis\u00eb s\u00eb vet, at\u00ebher\u00eb imponohet nj\u00eb zgjedhje tjet\u00ebr e cila do t\u00eb ishte m\u00eb e p\u00eblqyeshme edhe p\u00ebr vet\u00eb Gjek\u00ebn e q\u00eb do t\u00eb ishte si m\u00eb posht\u00eb:<\/p>\n<p>K\u00ebshilltar\u00ebt e Nazifit dhe Ndrekiqit, do t\u2019i votonin mosbesimin Gjek\u00ebs,kurse ky kuptohet se nuk do t\u00eb jepte dor\u00ebheqje dhe do t\u00eb vazhdonte si kryetar p\u00ebr 6 muaj deri n\u00eb zgjedhjet parlamentare.<\/p>\n<p>Kjo pa dyshim se do t\u00eb ishte\u00a0\u00a0 nj\u00eb favor p\u00ebr tu faktorizuar s\u00ebrish dhe koha mund t\u00eb punoj\u00eb p\u00ebr te duke llogaritur n\u00eb subjektet dhe grupet e individ\u00ebt q\u00eb do ti bashkoheshin. Pastaj edhe mjetet nga kredit\u00eb si dhe reputacioni i tij i pa konsumuar q\u00eb nuk luhatet n\u00eb raport me aferat e t\u00eb tjer\u00ebve . Dhe n\u00eb fund fare rezulton q\u00eb ky p\u00ebr momentin t\u00eb jet\u00eb simpatik p\u00ebr mediat serbo-malazeze \u00a0krahasuar me dy rival\u00ebt e vet.<\/p>\n<p>Si\u00e7 shprehet edhe ai vet\u00eb kur thot\u00eb se : \u201c Un\u00eb nuk i mashtroj mediat- u them t\u00eb v\u00ebrtet\u00ebn , dhe mir\u00eb b\u00ebn\u00eb, nga se nuk mund t\u00eb jet\u00eb m\u00eb i zgjuar se ata:\u201d?!!<\/p>\n<p>&nbsp;<\/p>\n<p><strong>Pik\u00ebpamjet e shprehura n\u00eb faqen \u201cOPINIONE\u201d nuk p\u00ebrfaq\u00ebsojn\u00eb domosdoshm\u00ebrisht politik\u00ebn redaksionale t\u00eb \u201eLajmeve nga Ulqini\u201e<\/strong><\/p>\n","protected":false},"excerpt":{"rendered":"<p>Nga Muhamet Nika Edhe pse p\u00ebr veten time nuk e preferoj \u201ct\u00eb qiturit fall..\u201d, nga se p\u00ebr te ka nevoj\u00eb vet\u00ebm i pa dituri hallexhi dhe i s\u00ebmuri , me gjith\u00eb at\u00eb themi se duke pasur parasysh faktin q\u00eb ne, t\u00eb gjith\u00eb jemi nga pak hallexhinj, n\u00eb se jo t\u00eb s\u00ebmur\u00eb, mendoj q\u00eb k\u00ebsaj radhe [&hellip;]<\/p>\n","protected":false},"author":1,"featured_media":0,"comment_status":"closed","ping_status":"closed","sticky":false,"template":"","format":"standard","meta":{"spay_email":"","jetpack_publicize_message":"","jetpack_is_tweetstorm":false,"jetpack_publicize_feature_enabled":true},"categories":[1,14249],"tags":[],"jetpack_publicize_connections":[],"yoast_head":"<!-- This site is optimized with the Yoast SEO plugin v19.1 - https:\/\/yoast.com\/wordpress\/plugins\/seo\/ -->\n<title>Nika: \u00c7ka i pret qytetar\u00ebt e Ulqinit pas mbledhjes s\u00eb fundit t\u00eb kuvendit ?! - Lajme nga Ulqini<\/title>\n<meta name=\"description\" content=\"Nga Muhamet Nika Edhe pse p\u00ebr veten time nuk e preferoj \u201ct\u00eb qiturit fall..\u201d, nga se p\u00ebr te ka nevoj\u00eb vet\u00ebm i pa dituri hallexhi dhe i s\u00ebmuri , me gjith\u00eb\" \/>\n<meta name=\"robots\" content=\"index, follow, max-snippet:-1, max-image-preview:large, max-video-preview:-1\" \/>\n<link rel=\"canonical\" href=\"https:\/\/www.visit-ulcinj.com\/blog\/2015\/11\/17\/nika-cka-pret-qytetaret-e-ulqinit-pas-mbledhjes-se-fundit-te-kuvendit\/\" \/>\n<meta property=\"og:locale\" content=\"en_US\" \/>\n<meta property=\"og:type\" content=\"article\" \/>\n<meta property=\"og:title\" content=\"Nika: \u00c7ka i pret qytetar\u00ebt e Ulqinit pas mbledhjes s\u00eb fundit t\u00eb kuvendit ?! - Lajme nga Ulqini\" \/>\n<meta property=\"og:description\" content=\"Nga Muhamet Nika Edhe pse p\u00ebr veten time nuk e preferoj \u201ct\u00eb qiturit fall..\u201d, nga se p\u00ebr te ka nevoj\u00eb vet\u00ebm i pa dituri hallexhi dhe i s\u00ebmuri , me gjith\u00eb\" \/>\n<meta property=\"og:url\" content=\"https:\/\/www.visit-ulcinj.com\/blog\/2015\/11\/17\/nika-cka-pret-qytetaret-e-ulqinit-pas-mbledhjes-se-fundit-te-kuvendit\/\" \/>\n<meta property=\"og:site_name\" content=\"Lajme nga Ulqini\" \/>\n<meta property=\"article:published_time\" content=\"2015-11-17T19:07:40+00:00\" \/>\n<meta property=\"article:modified_time\" content=\"2015-11-18T18:36:31+00:00\" \/>\n<meta property=\"og:image\" content=\"http:\/\/www.visit-ulcinj.com\/blog\/wp-content\/uploads\/2015\/11\/Forca.jpg\" \/>\n<meta name=\"twitter:label1\" content=\"Written by\" \/>\n\t<meta name=\"twitter:data1\" content=\"ulqini\" \/>\n\t<meta name=\"twitter:label2\" content=\"Est. reading time\" \/>\n\t<meta name=\"twitter:data2\" content=\"4 minutes\" \/>\n<script type=\"application\/ld+json\" class=\"yoast-schema-graph\">{\"@context\":\"https:\/\/schema.org\",\"@graph\":[{\"@type\":\"WebSite\",\"@id\":\"https:\/\/www.visit-ulcinj.com\/blog\/#website\",\"url\":\"https:\/\/www.visit-ulcinj.com\/blog\/\",\"name\":\"Lajme nga Ulqini\",\"description\":\"Lajme,Vijesti,Ulqini,Ulqin,Crna Gora,Mali i Zi\",\"potentialAction\":[{\"@type\":\"SearchAction\",\"target\":{\"@type\":\"EntryPoint\",\"urlTemplate\":\"https:\/\/www.visit-ulcinj.com\/blog\/?s={search_term_string}\"},\"query-input\":\"required name=search_term_string\"}],\"inLanguage\":\"en-US\"},{\"@type\":\"ImageObject\",\"inLanguage\":\"en-US\",\"@id\":\"https:\/\/www.visit-ulcinj.com\/blog\/2015\/11\/17\/nika-cka-pret-qytetaret-e-ulqinit-pas-mbledhjes-se-fundit-te-kuvendit\/#primaryimage\",\"url\":\"https:\/\/www.visit-ulcinj.com\/blog\/wp-content\/uploads\/2015\/11\/Forca.jpg\",\"contentUrl\":\"https:\/\/www.visit-ulcinj.com\/blog\/wp-content\/uploads\/2015\/11\/Forca.jpg\",\"width\":399,\"height\":299},{\"@type\":\"WebPage\",\"@id\":\"https:\/\/www.visit-ulcinj.com\/blog\/2015\/11\/17\/nika-cka-pret-qytetaret-e-ulqinit-pas-mbledhjes-se-fundit-te-kuvendit\/#webpage\",\"url\":\"https:\/\/www.visit-ulcinj.com\/blog\/2015\/11\/17\/nika-cka-pret-qytetaret-e-ulqinit-pas-mbledhjes-se-fundit-te-kuvendit\/\",\"name\":\"Nika: \u00c7ka i pret qytetar\u00ebt e Ulqinit pas mbledhjes s\u00eb fundit t\u00eb kuvendit ?! - Lajme nga Ulqini\",\"isPartOf\":{\"@id\":\"https:\/\/www.visit-ulcinj.com\/blog\/#website\"},\"primaryImageOfPage\":{\"@id\":\"https:\/\/www.visit-ulcinj.com\/blog\/2015\/11\/17\/nika-cka-pret-qytetaret-e-ulqinit-pas-mbledhjes-se-fundit-te-kuvendit\/#primaryimage\"},\"datePublished\":\"2015-11-17T19:07:40+00:00\",\"dateModified\":\"2015-11-18T18:36:31+00:00\",\"author\":{\"@id\":\"https:\/\/www.visit-ulcinj.com\/blog\/#\/schema\/person\/dcab619c614d3038751c63bc2aadc06d\"},\"description\":\"Nga Muhamet Nika Edhe pse p\u00ebr veten time nuk e preferoj \u201ct\u00eb qiturit fall..\u201d, nga se p\u00ebr te ka nevoj\u00eb vet\u00ebm i pa dituri hallexhi dhe i s\u00ebmuri , me gjith\u00eb\",\"breadcrumb\":{\"@id\":\"https:\/\/www.visit-ulcinj.com\/blog\/2015\/11\/17\/nika-cka-pret-qytetaret-e-ulqinit-pas-mbledhjes-se-fundit-te-kuvendit\/#breadcrumb\"},\"inLanguage\":\"en-US\",\"potentialAction\":[{\"@type\":\"ReadAction\",\"target\":[\"https:\/\/www.visit-ulcinj.com\/blog\/2015\/11\/17\/nika-cka-pret-qytetaret-e-ulqinit-pas-mbledhjes-se-fundit-te-kuvendit\/\"]}]},{\"@type\":\"BreadcrumbList\",\"@id\":\"https:\/\/www.visit-ulcinj.com\/blog\/2015\/11\/17\/nika-cka-pret-qytetaret-e-ulqinit-pas-mbledhjes-se-fundit-te-kuvendit\/#breadcrumb\",\"itemListElement\":[{\"@type\":\"ListItem\",\"position\":1,\"name\":\"Nika: \u00c7ka i pret qytetar\u00ebt e Ulqinit pas mbledhjes s\u00eb fundit t\u00eb kuvendit ?!\"}]},{\"@type\":\"Person\",\"@id\":\"https:\/\/www.visit-ulcinj.com\/blog\/#\/schema\/person\/dcab619c614d3038751c63bc2aadc06d\",\"name\":\"ulqini\",\"sameAs\":[\"http:\/\/www.visit-ulcinj.com\"],\"url\":\"https:\/\/www.visit-ulcinj.com\/blog\/author\/admin\/\"}]}<\/script>\n<!-- \/ Yoast SEO plugin. -->","yoast_head_json":{"title":"Nika: \u00c7ka i pret qytetar\u00ebt e Ulqinit pas mbledhjes s\u00eb fundit t\u00eb kuvendit ?! - Lajme nga Ulqini","description":"Nga Muhamet Nika Edhe pse p\u00ebr veten time nuk e preferoj \u201ct\u00eb qiturit fall..\u201d, nga se p\u00ebr te ka nevoj\u00eb vet\u00ebm i pa dituri hallexhi dhe i s\u00ebmuri , me gjith\u00eb","robots":{"index":"index","follow":"follow","max-snippet":"max-snippet:-1","max-image-preview":"max-image-preview:large","max-video-preview":"max-video-preview:-1"},"canonical":"https:\/\/www.visit-ulcinj.com\/blog\/2015\/11\/17\/nika-cka-pret-qytetaret-e-ulqinit-pas-mbledhjes-se-fundit-te-kuvendit\/","og_locale":"en_US","og_type":"article","og_title":"Nika: \u00c7ka i pret qytetar\u00ebt e Ulqinit pas mbledhjes s\u00eb fundit t\u00eb kuvendit ?! - Lajme nga Ulqini","og_description":"Nga Muhamet Nika Edhe pse p\u00ebr veten time nuk e preferoj \u201ct\u00eb qiturit fall..\u201d, nga se p\u00ebr te ka nevoj\u00eb vet\u00ebm i pa dituri hallexhi dhe i s\u00ebmuri , me gjith\u00eb","og_url":"https:\/\/www.visit-ulcinj.com\/blog\/2015\/11\/17\/nika-cka-pret-qytetaret-e-ulqinit-pas-mbledhjes-se-fundit-te-kuvendit\/","og_site_name":"Lajme nga Ulqini","article_published_time":"2015-11-17T19:07:40+00:00","article_modified_time":"2015-11-18T18:36:31+00:00","og_image":[{"url":"http:\/\/www.visit-ulcinj.com\/blog\/wp-content\/uploads\/2015\/11\/Forca.jpg"}],"twitter_misc":{"Written by":"ulqini","Est. reading time":"4 minutes"},"schema":{"@context":"https:\/\/schema.org","@graph":[{"@type":"WebSite","@id":"https:\/\/www.visit-ulcinj.com\/blog\/#website","url":"https:\/\/www.visit-ulcinj.com\/blog\/","name":"Lajme nga Ulqini","description":"Lajme,Vijesti,Ulqini,Ulqin,Crna Gora,Mali i Zi","potentialAction":[{"@type":"SearchAction","target":{"@type":"EntryPoint","urlTemplate":"https:\/\/www.visit-ulcinj.com\/blog\/?s={search_term_string}"},"query-input":"required name=search_term_string"}],"inLanguage":"en-US"},{"@type":"ImageObject","inLanguage":"en-US","@id":"https:\/\/www.visit-ulcinj.com\/blog\/2015\/11\/17\/nika-cka-pret-qytetaret-e-ulqinit-pas-mbledhjes-se-fundit-te-kuvendit\/#primaryimage","url":"https:\/\/www.visit-ulcinj.com\/blog\/wp-content\/uploads\/2015\/11\/Forca.jpg","contentUrl":"https:\/\/www.visit-ulcinj.com\/blog\/wp-content\/uploads\/2015\/11\/Forca.jpg","width":399,"height":299},{"@type":"WebPage","@id":"https:\/\/www.visit-ulcinj.com\/blog\/2015\/11\/17\/nika-cka-pret-qytetaret-e-ulqinit-pas-mbledhjes-se-fundit-te-kuvendit\/#webpage","url":"https:\/\/www.visit-ulcinj.com\/blog\/2015\/11\/17\/nika-cka-pret-qytetaret-e-ulqinit-pas-mbledhjes-se-fundit-te-kuvendit\/","name":"Nika: \u00c7ka i pret qytetar\u00ebt e Ulqinit pas mbledhjes s\u00eb fundit t\u00eb kuvendit ?! - Lajme nga Ulqini","isPartOf":{"@id":"https:\/\/www.visit-ulcinj.com\/blog\/#website"},"primaryImageOfPage":{"@id":"https:\/\/www.visit-ulcinj.com\/blog\/2015\/11\/17\/nika-cka-pret-qytetaret-e-ulqinit-pas-mbledhjes-se-fundit-te-kuvendit\/#primaryimage"},"datePublished":"2015-11-17T19:07:40+00:00","dateModified":"2015-11-18T18:36:31+00:00","author":{"@id":"https:\/\/www.visit-ulcinj.com\/blog\/#\/schema\/person\/dcab619c614d3038751c63bc2aadc06d"},"description":"Nga Muhamet Nika Edhe pse p\u00ebr veten time nuk e preferoj \u201ct\u00eb qiturit fall..\u201d, nga se p\u00ebr te ka nevoj\u00eb vet\u00ebm i pa dituri hallexhi dhe i s\u00ebmuri , me gjith\u00eb","breadcrumb":{"@id":"https:\/\/www.visit-ulcinj.com\/blog\/2015\/11\/17\/nika-cka-pret-qytetaret-e-ulqinit-pas-mbledhjes-se-fundit-te-kuvendit\/#breadcrumb"},"inLanguage":"en-US","potentialAction":[{"@type":"ReadAction","target":["https:\/\/www.visit-ulcinj.com\/blog\/2015\/11\/17\/nika-cka-pret-qytetaret-e-ulqinit-pas-mbledhjes-se-fundit-te-kuvendit\/"]}]},{"@type":"BreadcrumbList","@id":"https:\/\/www.visit-ulcinj.com\/blog\/2015\/11\/17\/nika-cka-pret-qytetaret-e-ulqinit-pas-mbledhjes-se-fundit-te-kuvendit\/#breadcrumb","itemListElement":[{"@type":"ListItem","position":1,"name":"Nika: \u00c7ka i pret qytetar\u00ebt e Ulqinit pas mbledhjes s\u00eb fundit t\u00eb kuvendit ?!"}]},{"@type":"Person","@id":"https:\/\/www.visit-ulcinj.com\/blog\/#\/schema\/person\/dcab619c614d3038751c63bc2aadc06d","name":"ulqini","sameAs":["http:\/\/www.visit-ulcinj.com"],"url":"https:\/\/www.visit-ulcinj.com\/blog\/author\/admin\/"}]}},"jetpack_featured_media_url":"","jetpack_sharing_enabled":true,"jetpack_shortlink":"https:\/\/wp.me\/pe6lTn-ofk","_links":{"self":[{"href":"https:\/\/www.visit-ulcinj.com\/blog\/wp-json\/wp\/v2\/posts\/93206"}],"collection":[{"href":"https:\/\/www.visit-ulcinj.com\/blog\/wp-json\/wp\/v2\/posts"}],"about":[{"href":"https:\/\/www.visit-ulcinj.com\/blog\/wp-json\/wp\/v2\/types\/post"}],"author":[{"embeddable":true,"href":"https:\/\/www.visit-ulcinj.com\/blog\/wp-json\/wp\/v2\/users\/1"}],"replies":[{"embeddable":true,"href":"https:\/\/www.visit-ulcinj.com\/blog\/wp-json\/wp\/v2\/comments?post=93206"}],"version-history":[{"count":3,"href":"https:\/\/www.visit-ulcinj.com\/blog\/wp-json\/wp\/v2\/posts\/93206\/revisions"}],"predecessor-version":[{"id":93210,"href":"https:\/\/www.visit-ulcinj.com\/blog\/wp-json\/wp\/v2\/posts\/93206\/revisions\/93210"}],"wp:attachment":[{"href":"https:\/\/www.visit-ulcinj.com\/blog\/wp-json\/wp\/v2\/media?parent=93206"}],"wp:term":[{"taxonomy":"category","embeddable":true,"href":"https:\/\/www.visit-ulcinj.com\/blog\/wp-json\/wp\/v2\/categories?post=93206"},{"taxonomy":"post_tag","embeddable":true,"href":"https:\/\/www.visit-ulcinj.com\/blog\/wp-json\/wp\/v2\/tags?post=93206"}],"curies":[{"name":"wp","href":"https:\/\/api.w.org\/{rel}","templated":true}]}}