{"id":93214,"date":"2015-11-18T13:43:19","date_gmt":"2015-11-18T12:43:19","guid":{"rendered":"http:\/\/www.visit-ulcinj.com\/blog\/?p=93214"},"modified":"2015-11-18T13:43:19","modified_gmt":"2015-11-18T12:43:19","slug":"pd-kerkon-te-zbulohet-kush-fshihet-prapa-portalit-lajm","status":"publish","type":"post","link":"https:\/\/www.visit-ulcinj.com\/blog\/2015\/11\/18\/pd-kerkon-te-zbulohet-kush-fshihet-prapa-portalit-lajm\/","title":{"rendered":"PD kerkon t\u00eb zbulohet kush fshihet prapa portalit &#8220;Lajm.me&#8221;"},"content":{"rendered":"<p><a href=\"http:\/\/www.visit-ulcinj.com\/blog\/wp-content\/uploads\/2014\/11\/Partia-demokratike-mali-i-zi-ulqin.jpg\"><img loading=\"lazy\" class=\"alignleft wp-image-86666 size-medium\" src=\"http:\/\/www.visit-ulcinj.com\/blog\/wp-content\/uploads\/2014\/11\/Partia-demokratike-mali-i-zi-ulqin-300x300.jpg\" alt=\"Partia-demokratike-mali-i-zi-ulqin\" width=\"300\" height=\"300\" srcset=\"https:\/\/www.visit-ulcinj.com\/blog\/wp-content\/uploads\/2014\/11\/Partia-demokratike-mali-i-zi-ulqin-300x300.jpg 300w, https:\/\/www.visit-ulcinj.com\/blog\/wp-content\/uploads\/2014\/11\/Partia-demokratike-mali-i-zi-ulqin-150x150.jpg 150w, https:\/\/www.visit-ulcinj.com\/blog\/wp-content\/uploads\/2014\/11\/Partia-demokratike-mali-i-zi-ulqin.jpg 393w\" sizes=\"(max-width: 300px) 100vw, 300px\" \/><\/a>Partia demokratike (PD) e Fatmir Gjek\u00ebs ka deklaruar se nga Agjencia p\u00ebr media elektronike dhe nga institucionet tjera n\u00eb Mal t\u00eb Zi do t\u00eb k\u00ebrkoj\u00eb informat\u00ebn se kush fshihet pas portalit \u201cLajm. me\u201d, n\u00eb gjuh\u00ebn shqipe, raporton portali Ul.info.<\/p>\n<p>\u201cD\u00ebshirojm\u00eb t\u00eb dim\u00eb se kush ka t\u00eb drejt\u00eb t\u00eb shkruaj\u00eb \u00e7far\u00eb i bie nd\u00ebr mend pa asnj\u00eb lloj kriteri. Ky \u00ebsht\u00eb detyrimi yn\u00eb ndaj opinionit t\u00eb gjer\u00eb\u201d, thon\u00eb nga PD-ja.<\/p>\n<p>Ky portal rreth mesnat\u00ebs ka publikuar informat\u00ebn se ka d\u00ebshtuar takimi i drejtuesve t\u00eb partive shqiptare, i cili me iniciativ\u00eb t\u00eb PD-s\u00eb u mbajt mbr\u00ebm\u00eb n\u00eb Ulqin rreth p\u00ebrpilimit t\u00eb platform\u00ebs s\u00eb p\u00ebrbashk\u00ebt politike, nd\u00ebrsa n\u00eb m\u00ebngjes ky \u201clajm\u201d thjesht \u00ebsht\u00eb fshir\u00eb.<\/p>\n<p>\u201c\u00c7far\u00eb profesionalizmi!? Qesharake dhe trishtuese\u201d, shtohet n\u00eb kumtes\u00ebn e PD-s\u00eb.<\/p>\n","protected":false},"excerpt":{"rendered":"<p>Partia demokratike (PD) e Fatmir Gjek\u00ebs ka deklaruar se nga Agjencia p\u00ebr media elektronike dhe nga institucionet tjera n\u00eb Mal t\u00eb Zi do t\u00eb k\u00ebrkoj\u00eb informat\u00ebn se kush fshihet pas portalit \u201cLajm. me\u201d, n\u00eb gjuh\u00ebn shqipe, raporton portali Ul.info. \u201cD\u00ebshirojm\u00eb t\u00eb dim\u00eb se kush ka t\u00eb drejt\u00eb t\u00eb shkruaj\u00eb \u00e7far\u00eb i bie nd\u00ebr mend pa [&hellip;]<\/p>\n","protected":false},"author":1,"featured_media":0,"comment_status":"closed","ping_status":"closed","sticky":false,"template":"","format":"standard","meta":{"spay_email":"","jetpack_publicize_message":"","jetpack_is_tweetstorm":false,"jetpack_publicize_feature_enabled":true},"categories":[6],"tags":[],"jetpack_publicize_connections":[],"yoast_head":"<!-- This site is optimized with the Yoast SEO plugin v19.1 - https:\/\/yoast.com\/wordpress\/plugins\/seo\/ -->\n<title>PD kerkon t\u00eb zbulohet kush fshihet prapa portalit &quot;Lajm.me&quot; - Lajme nga Ulqini<\/title>\n<meta name=\"description\" content=\"Partia demokratike (PD) e Fatmir Gjek\u00ebs ka deklaruar se nga Agjencia p\u00ebr media elektronike dhe nga institucionet tjera n\u00eb Mal t\u00eb Zi do t\u00eb k\u00ebrkoj\u00eb\" \/>\n<meta name=\"robots\" content=\"index, follow, max-snippet:-1, max-image-preview:large, max-video-preview:-1\" \/>\n<link rel=\"canonical\" href=\"https:\/\/www.visit-ulcinj.com\/blog\/2015\/11\/18\/pd-kerkon-te-zbulohet-kush-fshihet-prapa-portalit-lajm\/\" \/>\n<meta property=\"og:locale\" content=\"en_US\" \/>\n<meta property=\"og:type\" content=\"article\" \/>\n<meta property=\"og:title\" content=\"PD kerkon t\u00eb zbulohet kush fshihet prapa portalit &quot;Lajm.me&quot; - Lajme nga Ulqini\" \/>\n<meta property=\"og:description\" content=\"Partia demokratike (PD) e Fatmir Gjek\u00ebs ka deklaruar se nga Agjencia p\u00ebr media elektronike dhe nga institucionet tjera n\u00eb Mal t\u00eb Zi do t\u00eb k\u00ebrkoj\u00eb\" \/>\n<meta property=\"og:url\" content=\"https:\/\/www.visit-ulcinj.com\/blog\/2015\/11\/18\/pd-kerkon-te-zbulohet-kush-fshihet-prapa-portalit-lajm\/\" \/>\n<meta property=\"og:site_name\" content=\"Lajme nga Ulqini\" \/>\n<meta property=\"article:published_time\" content=\"2015-11-18T12:43:19+00:00\" \/>\n<meta property=\"og:image\" content=\"http:\/\/www.visit-ulcinj.com\/blog\/wp-content\/uploads\/2014\/11\/Partia-demokratike-mali-i-zi-ulqin-300x300.jpg\" \/>\n<meta name=\"twitter:label1\" content=\"Written by\" \/>\n\t<meta name=\"twitter:data1\" content=\"ulqini\" \/>\n\t<meta name=\"twitter:label2\" content=\"Est. reading time\" \/>\n\t<meta name=\"twitter:data2\" content=\"1 minute\" \/>\n<script type=\"application\/ld+json\" class=\"yoast-schema-graph\">{\"@context\":\"https:\/\/schema.org\",\"@graph\":[{\"@type\":\"WebSite\",\"@id\":\"https:\/\/www.visit-ulcinj.com\/blog\/#website\",\"url\":\"https:\/\/www.visit-ulcinj.com\/blog\/\",\"name\":\"Lajme nga Ulqini\",\"description\":\"Lajme,Vijesti,Ulqini,Ulqin,Crna Gora,Mali i Zi\",\"potentialAction\":[{\"@type\":\"SearchAction\",\"target\":{\"@type\":\"EntryPoint\",\"urlTemplate\":\"https:\/\/www.visit-ulcinj.com\/blog\/?s={search_term_string}\"},\"query-input\":\"required name=search_term_string\"}],\"inLanguage\":\"en-US\"},{\"@type\":\"ImageObject\",\"inLanguage\":\"en-US\",\"@id\":\"https:\/\/www.visit-ulcinj.com\/blog\/2015\/11\/18\/pd-kerkon-te-zbulohet-kush-fshihet-prapa-portalit-lajm\/#primaryimage\",\"url\":\"https:\/\/www.visit-ulcinj.com\/blog\/wp-content\/uploads\/2014\/11\/Partia-demokratike-mali-i-zi-ulqin.jpg\",\"contentUrl\":\"https:\/\/www.visit-ulcinj.com\/blog\/wp-content\/uploads\/2014\/11\/Partia-demokratike-mali-i-zi-ulqin.jpg\",\"width\":393,\"height\":393},{\"@type\":\"WebPage\",\"@id\":\"https:\/\/www.visit-ulcinj.com\/blog\/2015\/11\/18\/pd-kerkon-te-zbulohet-kush-fshihet-prapa-portalit-lajm\/#webpage\",\"url\":\"https:\/\/www.visit-ulcinj.com\/blog\/2015\/11\/18\/pd-kerkon-te-zbulohet-kush-fshihet-prapa-portalit-lajm\/\",\"name\":\"PD kerkon t\u00eb zbulohet kush fshihet prapa portalit \\\"Lajm.me\\\" - Lajme nga Ulqini\",\"isPartOf\":{\"@id\":\"https:\/\/www.visit-ulcinj.com\/blog\/#website\"},\"primaryImageOfPage\":{\"@id\":\"https:\/\/www.visit-ulcinj.com\/blog\/2015\/11\/18\/pd-kerkon-te-zbulohet-kush-fshihet-prapa-portalit-lajm\/#primaryimage\"},\"datePublished\":\"2015-11-18T12:43:19+00:00\",\"dateModified\":\"2015-11-18T12:43:19+00:00\",\"author\":{\"@id\":\"https:\/\/www.visit-ulcinj.com\/blog\/#\/schema\/person\/dcab619c614d3038751c63bc2aadc06d\"},\"description\":\"Partia demokratike (PD) e Fatmir Gjek\u00ebs ka deklaruar se nga Agjencia p\u00ebr media elektronike dhe nga institucionet tjera n\u00eb Mal t\u00eb Zi do t\u00eb k\u00ebrkoj\u00eb\",\"breadcrumb\":{\"@id\":\"https:\/\/www.visit-ulcinj.com\/blog\/2015\/11\/18\/pd-kerkon-te-zbulohet-kush-fshihet-prapa-portalit-lajm\/#breadcrumb\"},\"inLanguage\":\"en-US\",\"potentialAction\":[{\"@type\":\"ReadAction\",\"target\":[\"https:\/\/www.visit-ulcinj.com\/blog\/2015\/11\/18\/pd-kerkon-te-zbulohet-kush-fshihet-prapa-portalit-lajm\/\"]}]},{\"@type\":\"BreadcrumbList\",\"@id\":\"https:\/\/www.visit-ulcinj.com\/blog\/2015\/11\/18\/pd-kerkon-te-zbulohet-kush-fshihet-prapa-portalit-lajm\/#breadcrumb\",\"itemListElement\":[{\"@type\":\"ListItem\",\"position\":1,\"name\":\"PD kerkon t\u00eb zbulohet kush fshihet prapa portalit &#8220;Lajm.me&#8221;\"}]},{\"@type\":\"Person\",\"@id\":\"https:\/\/www.visit-ulcinj.com\/blog\/#\/schema\/person\/dcab619c614d3038751c63bc2aadc06d\",\"name\":\"ulqini\",\"sameAs\":[\"http:\/\/www.visit-ulcinj.com\"],\"url\":\"https:\/\/www.visit-ulcinj.com\/blog\/author\/admin\/\"}]}<\/script>\n<!-- \/ Yoast SEO plugin. -->","yoast_head_json":{"title":"PD kerkon t\u00eb zbulohet kush fshihet prapa portalit \"Lajm.me\" - Lajme nga Ulqini","description":"Partia demokratike (PD) e Fatmir Gjek\u00ebs ka deklaruar se nga Agjencia p\u00ebr media elektronike dhe nga institucionet tjera n\u00eb Mal t\u00eb Zi do t\u00eb k\u00ebrkoj\u00eb","robots":{"index":"index","follow":"follow","max-snippet":"max-snippet:-1","max-image-preview":"max-image-preview:large","max-video-preview":"max-video-preview:-1"},"canonical":"https:\/\/www.visit-ulcinj.com\/blog\/2015\/11\/18\/pd-kerkon-te-zbulohet-kush-fshihet-prapa-portalit-lajm\/","og_locale":"en_US","og_type":"article","og_title":"PD kerkon t\u00eb zbulohet kush fshihet prapa portalit \"Lajm.me\" - Lajme nga Ulqini","og_description":"Partia demokratike (PD) e Fatmir Gjek\u00ebs ka deklaruar se nga Agjencia p\u00ebr media elektronike dhe nga institucionet tjera n\u00eb Mal t\u00eb Zi do t\u00eb k\u00ebrkoj\u00eb","og_url":"https:\/\/www.visit-ulcinj.com\/blog\/2015\/11\/18\/pd-kerkon-te-zbulohet-kush-fshihet-prapa-portalit-lajm\/","og_site_name":"Lajme nga Ulqini","article_published_time":"2015-11-18T12:43:19+00:00","og_image":[{"url":"http:\/\/www.visit-ulcinj.com\/blog\/wp-content\/uploads\/2014\/11\/Partia-demokratike-mali-i-zi-ulqin-300x300.jpg"}],"twitter_misc":{"Written by":"ulqini","Est. reading time":"1 minute"},"schema":{"@context":"https:\/\/schema.org","@graph":[{"@type":"WebSite","@id":"https:\/\/www.visit-ulcinj.com\/blog\/#website","url":"https:\/\/www.visit-ulcinj.com\/blog\/","name":"Lajme nga Ulqini","description":"Lajme,Vijesti,Ulqini,Ulqin,Crna Gora,Mali i Zi","potentialAction":[{"@type":"SearchAction","target":{"@type":"EntryPoint","urlTemplate":"https:\/\/www.visit-ulcinj.com\/blog\/?s={search_term_string}"},"query-input":"required name=search_term_string"}],"inLanguage":"en-US"},{"@type":"ImageObject","inLanguage":"en-US","@id":"https:\/\/www.visit-ulcinj.com\/blog\/2015\/11\/18\/pd-kerkon-te-zbulohet-kush-fshihet-prapa-portalit-lajm\/#primaryimage","url":"https:\/\/www.visit-ulcinj.com\/blog\/wp-content\/uploads\/2014\/11\/Partia-demokratike-mali-i-zi-ulqin.jpg","contentUrl":"https:\/\/www.visit-ulcinj.com\/blog\/wp-content\/uploads\/2014\/11\/Partia-demokratike-mali-i-zi-ulqin.jpg","width":393,"height":393},{"@type":"WebPage","@id":"https:\/\/www.visit-ulcinj.com\/blog\/2015\/11\/18\/pd-kerkon-te-zbulohet-kush-fshihet-prapa-portalit-lajm\/#webpage","url":"https:\/\/www.visit-ulcinj.com\/blog\/2015\/11\/18\/pd-kerkon-te-zbulohet-kush-fshihet-prapa-portalit-lajm\/","name":"PD kerkon t\u00eb zbulohet kush fshihet prapa portalit \"Lajm.me\" - Lajme nga Ulqini","isPartOf":{"@id":"https:\/\/www.visit-ulcinj.com\/blog\/#website"},"primaryImageOfPage":{"@id":"https:\/\/www.visit-ulcinj.com\/blog\/2015\/11\/18\/pd-kerkon-te-zbulohet-kush-fshihet-prapa-portalit-lajm\/#primaryimage"},"datePublished":"2015-11-18T12:43:19+00:00","dateModified":"2015-11-18T12:43:19+00:00","author":{"@id":"https:\/\/www.visit-ulcinj.com\/blog\/#\/schema\/person\/dcab619c614d3038751c63bc2aadc06d"},"description":"Partia demokratike (PD) e Fatmir Gjek\u00ebs ka deklaruar se nga Agjencia p\u00ebr media elektronike dhe nga institucionet tjera n\u00eb Mal t\u00eb Zi do t\u00eb k\u00ebrkoj\u00eb","breadcrumb":{"@id":"https:\/\/www.visit-ulcinj.com\/blog\/2015\/11\/18\/pd-kerkon-te-zbulohet-kush-fshihet-prapa-portalit-lajm\/#breadcrumb"},"inLanguage":"en-US","potentialAction":[{"@type":"ReadAction","target":["https:\/\/www.visit-ulcinj.com\/blog\/2015\/11\/18\/pd-kerkon-te-zbulohet-kush-fshihet-prapa-portalit-lajm\/"]}]},{"@type":"BreadcrumbList","@id":"https:\/\/www.visit-ulcinj.com\/blog\/2015\/11\/18\/pd-kerkon-te-zbulohet-kush-fshihet-prapa-portalit-lajm\/#breadcrumb","itemListElement":[{"@type":"ListItem","position":1,"name":"PD kerkon t\u00eb zbulohet kush fshihet prapa portalit &#8220;Lajm.me&#8221;"}]},{"@type":"Person","@id":"https:\/\/www.visit-ulcinj.com\/blog\/#\/schema\/person\/dcab619c614d3038751c63bc2aadc06d","name":"ulqini","sameAs":["http:\/\/www.visit-ulcinj.com"],"url":"https:\/\/www.visit-ulcinj.com\/blog\/author\/admin\/"}]}},"jetpack_featured_media_url":"","jetpack_sharing_enabled":true,"jetpack_shortlink":"https:\/\/wp.me\/pe6lTn-ofs","_links":{"self":[{"href":"https:\/\/www.visit-ulcinj.com\/blog\/wp-json\/wp\/v2\/posts\/93214"}],"collection":[{"href":"https:\/\/www.visit-ulcinj.com\/blog\/wp-json\/wp\/v2\/posts"}],"about":[{"href":"https:\/\/www.visit-ulcinj.com\/blog\/wp-json\/wp\/v2\/types\/post"}],"author":[{"embeddable":true,"href":"https:\/\/www.visit-ulcinj.com\/blog\/wp-json\/wp\/v2\/users\/1"}],"replies":[{"embeddable":true,"href":"https:\/\/www.visit-ulcinj.com\/blog\/wp-json\/wp\/v2\/comments?post=93214"}],"version-history":[{"count":1,"href":"https:\/\/www.visit-ulcinj.com\/blog\/wp-json\/wp\/v2\/posts\/93214\/revisions"}],"predecessor-version":[{"id":93215,"href":"https:\/\/www.visit-ulcinj.com\/blog\/wp-json\/wp\/v2\/posts\/93214\/revisions\/93215"}],"wp:attachment":[{"href":"https:\/\/www.visit-ulcinj.com\/blog\/wp-json\/wp\/v2\/media?parent=93214"}],"wp:term":[{"taxonomy":"category","embeddable":true,"href":"https:\/\/www.visit-ulcinj.com\/blog\/wp-json\/wp\/v2\/categories?post=93214"},{"taxonomy":"post_tag","embeddable":true,"href":"https:\/\/www.visit-ulcinj.com\/blog\/wp-json\/wp\/v2\/tags?post=93214"}],"curies":[{"name":"wp","href":"https:\/\/api.w.org\/{rel}","templated":true}]}}