{"id":93217,"date":"2015-11-18T19:26:14","date_gmt":"2015-11-18T18:26:14","guid":{"rendered":"http:\/\/www.visit-ulcinj.com\/blog\/?p=93217"},"modified":"2015-11-18T19:26:14","modified_gmt":"2015-11-18T18:26:14","slug":"dps-postace-dio-lokalne-vlasti-u-ulcinju-krajem-novembra","status":"publish","type":"post","link":"https:\/\/www.visit-ulcinj.com\/blog\/2015\/11\/18\/dps-postace-dio-lokalne-vlasti-u-ulcinju-krajem-novembra\/","title":{"rendered":"DPS posta\u0107e dio lokalne vlasti u Ulcinju krajem novembra"},"content":{"rendered":"<div id=\"articleContent\">\n<p><a href=\"http:\/\/www.visit-ulcinj.com\/blog\/wp-content\/uploads\/2015\/11\/Gjeka-Cungu-Shkrela.jpg\"><img loading=\"lazy\" class=\"alignleft wp-image-93218\" src=\"http:\/\/www.visit-ulcinj.com\/blog\/wp-content\/uploads\/2015\/11\/Gjeka-Cungu-Shkrela.jpg\" alt=\"Gjeka-Cungu-Shkrela\" width=\"508\" height=\"382\" srcset=\"https:\/\/www.visit-ulcinj.com\/blog\/wp-content\/uploads\/2015\/11\/Gjeka-Cungu-Shkrela.jpg 852w, https:\/\/www.visit-ulcinj.com\/blog\/wp-content\/uploads\/2015\/11\/Gjeka-Cungu-Shkrela-300x225.jpg 300w\" sizes=\"(max-width: 508px) 100vw, 508px\" \/><\/a>Prema saznanjima Pobjede, novu vlast u Ulcinju \u0107e najvjerovatnije sa\u010dinjavati, pored DPS-a, Forca kao i Demokratska unija Albanaca (DUA).\u00a0<span data-mce-mark=\"1\">Bez vlasti u Ulcinju bi ostala Ujedinjena reformska akcija, odnosno njen odbornik\u00a0<\/span>Dritan Abazovi\u0107<span data-mce-mark=\"1\">, dok tek treba da se vidi budu\u0107i status dosada\u0161njeg predsjednika op\u0161tine Ulcinj,\u00a0<\/span>Fatmira \u0110eke<span data-mce-mark=\"1\">\u00a0i njegove koalicije.<\/span><\/p>\n<p>Predsjednik op\u0161tine Ulcinj je, prema pouzdanim saznanjima\u00a0Pobjede, prethodnih dana imao kontakte sa vrhom DPS-a u Podgorici, tra\u017ee\u0107i da i on i njegova koalicija tako\u0111e budu dio budu\u0107e lokalne vlasti.<\/p>\n<p>To zna\u010di da bi, prema drugoj opciji koja je u ovom trenutku manje vjerovatna, novu lokalnu vlast, osim DPS-a, sa\u010dinjavali koalicija\u00a0Fatmira \u0110eke\u00a0i Demokratska unija Albanaca. Prema saznanjima\u00a0<em>Pobjede<\/em>, sjednica lokalnog parlamenta na kojoj bi se moglo postaviti pitanje povjerenja predsjedniku op\u0161tine &#8211; a samim tim i lokalne uprave &#8211; planirana je za kraj mjeseca, a kao potencijalni datum pominje se 26. novembar.<\/p>\n<p>Predsjednik ulcinjskog DPS-a\u00a0Ljoro Nreki\u0107\u00a0potvrdio je u izjavi za\u00a0Pobjedu\u00a0da \u0107e njegova partija sigurno u\u0107i u lokalnu vlast Ulcinja, ali nije mogao da precizira ko \u0107e biti koalicioni partneri, navode\u0107i da su pregovori jo\u0161 u toku.<\/p>\n<p><strong>Izvor: RTCG<\/strong><\/p>\n<\/div>\n","protected":false},"excerpt":{"rendered":"<p>Prema saznanjima Pobjede, novu vlast u Ulcinju \u0107e najvjerovatnije sa\u010dinjavati, pored DPS-a, Forca kao i Demokratska unija Albanaca (DUA).\u00a0Bez vlasti u Ulcinju bi ostala Ujedinjena reformska akcija, odnosno njen odbornik\u00a0Dritan Abazovi\u0107, dok tek treba da se vidi budu\u0107i status dosada\u0161njeg predsjednika op\u0161tine Ulcinj,\u00a0Fatmira \u0110eke\u00a0i njegove koalicije. Predsjednik op\u0161tine Ulcinj je, prema pouzdanim saznanjima\u00a0Pobjede, prethodnih dana [&hellip;]<\/p>\n","protected":false},"author":1,"featured_media":0,"comment_status":"closed","ping_status":"closed","sticky":false,"template":"","format":"standard","meta":{"spay_email":"","jetpack_publicize_message":"","jetpack_is_tweetstorm":false,"jetpack_publicize_feature_enabled":true},"categories":[8337],"tags":[],"jetpack_publicize_connections":[],"yoast_head":"<!-- This site is optimized with the Yoast SEO plugin v19.1 - https:\/\/yoast.com\/wordpress\/plugins\/seo\/ -->\n<title>DPS posta\u0107e dio lokalne vlasti u Ulcinju krajem novembra - Lajme nga Ulqini<\/title>\n<meta name=\"description\" content=\"Prema saznanjima Pobjede, novu vlast u Ulcinju \u0107e najvjerovatnije sa\u010dinjavati, pored DPS-a, Forca kao i Demokratska unija Albanaca (DUA).\u00a0Bez vlasti u\" \/>\n<meta name=\"robots\" content=\"index, follow, max-snippet:-1, max-image-preview:large, max-video-preview:-1\" \/>\n<link rel=\"canonical\" href=\"https:\/\/www.visit-ulcinj.com\/blog\/2015\/11\/18\/dps-postace-dio-lokalne-vlasti-u-ulcinju-krajem-novembra\/\" \/>\n<meta property=\"og:locale\" content=\"en_US\" \/>\n<meta property=\"og:type\" content=\"article\" \/>\n<meta property=\"og:title\" content=\"DPS posta\u0107e dio lokalne vlasti u Ulcinju krajem novembra - Lajme nga Ulqini\" \/>\n<meta property=\"og:description\" content=\"Prema saznanjima Pobjede, novu vlast u Ulcinju \u0107e najvjerovatnije sa\u010dinjavati, pored DPS-a, Forca kao i Demokratska unija Albanaca (DUA).\u00a0Bez vlasti u\" \/>\n<meta property=\"og:url\" content=\"https:\/\/www.visit-ulcinj.com\/blog\/2015\/11\/18\/dps-postace-dio-lokalne-vlasti-u-ulcinju-krajem-novembra\/\" \/>\n<meta property=\"og:site_name\" content=\"Lajme nga Ulqini\" \/>\n<meta property=\"article:published_time\" content=\"2015-11-18T18:26:14+00:00\" \/>\n<meta property=\"og:image\" content=\"http:\/\/www.visit-ulcinj.com\/blog\/wp-content\/uploads\/2015\/11\/Gjeka-Cungu-Shkrela.jpg\" \/>\n<meta name=\"twitter:label1\" content=\"Written by\" \/>\n\t<meta name=\"twitter:data1\" content=\"ulqini\" \/>\n\t<meta name=\"twitter:label2\" content=\"Est. reading time\" \/>\n\t<meta name=\"twitter:data2\" content=\"1 minute\" \/>\n<script type=\"application\/ld+json\" class=\"yoast-schema-graph\">{\"@context\":\"https:\/\/schema.org\",\"@graph\":[{\"@type\":\"WebSite\",\"@id\":\"https:\/\/www.visit-ulcinj.com\/blog\/#website\",\"url\":\"https:\/\/www.visit-ulcinj.com\/blog\/\",\"name\":\"Lajme nga Ulqini\",\"description\":\"Lajme,Vijesti,Ulqini,Ulqin,Crna Gora,Mali i Zi\",\"potentialAction\":[{\"@type\":\"SearchAction\",\"target\":{\"@type\":\"EntryPoint\",\"urlTemplate\":\"https:\/\/www.visit-ulcinj.com\/blog\/?s={search_term_string}\"},\"query-input\":\"required name=search_term_string\"}],\"inLanguage\":\"en-US\"},{\"@type\":\"ImageObject\",\"inLanguage\":\"en-US\",\"@id\":\"https:\/\/www.visit-ulcinj.com\/blog\/2015\/11\/18\/dps-postace-dio-lokalne-vlasti-u-ulcinju-krajem-novembra\/#primaryimage\",\"url\":\"https:\/\/www.visit-ulcinj.com\/blog\/wp-content\/uploads\/2015\/11\/Gjeka-Cungu-Shkrela.jpg\",\"contentUrl\":\"https:\/\/www.visit-ulcinj.com\/blog\/wp-content\/uploads\/2015\/11\/Gjeka-Cungu-Shkrela.jpg\",\"width\":852,\"height\":640},{\"@type\":\"WebPage\",\"@id\":\"https:\/\/www.visit-ulcinj.com\/blog\/2015\/11\/18\/dps-postace-dio-lokalne-vlasti-u-ulcinju-krajem-novembra\/#webpage\",\"url\":\"https:\/\/www.visit-ulcinj.com\/blog\/2015\/11\/18\/dps-postace-dio-lokalne-vlasti-u-ulcinju-krajem-novembra\/\",\"name\":\"DPS posta\u0107e dio lokalne vlasti u Ulcinju krajem novembra - Lajme nga Ulqini\",\"isPartOf\":{\"@id\":\"https:\/\/www.visit-ulcinj.com\/blog\/#website\"},\"primaryImageOfPage\":{\"@id\":\"https:\/\/www.visit-ulcinj.com\/blog\/2015\/11\/18\/dps-postace-dio-lokalne-vlasti-u-ulcinju-krajem-novembra\/#primaryimage\"},\"datePublished\":\"2015-11-18T18:26:14+00:00\",\"dateModified\":\"2015-11-18T18:26:14+00:00\",\"author\":{\"@id\":\"https:\/\/www.visit-ulcinj.com\/blog\/#\/schema\/person\/dcab619c614d3038751c63bc2aadc06d\"},\"description\":\"Prema saznanjima Pobjede, novu vlast u Ulcinju \u0107e najvjerovatnije sa\u010dinjavati, pored DPS-a, Forca kao i Demokratska unija Albanaca (DUA).\u00a0Bez vlasti u\",\"breadcrumb\":{\"@id\":\"https:\/\/www.visit-ulcinj.com\/blog\/2015\/11\/18\/dps-postace-dio-lokalne-vlasti-u-ulcinju-krajem-novembra\/#breadcrumb\"},\"inLanguage\":\"en-US\",\"potentialAction\":[{\"@type\":\"ReadAction\",\"target\":[\"https:\/\/www.visit-ulcinj.com\/blog\/2015\/11\/18\/dps-postace-dio-lokalne-vlasti-u-ulcinju-krajem-novembra\/\"]}]},{\"@type\":\"BreadcrumbList\",\"@id\":\"https:\/\/www.visit-ulcinj.com\/blog\/2015\/11\/18\/dps-postace-dio-lokalne-vlasti-u-ulcinju-krajem-novembra\/#breadcrumb\",\"itemListElement\":[{\"@type\":\"ListItem\",\"position\":1,\"name\":\"DPS posta\u0107e dio lokalne vlasti u Ulcinju krajem novembra\"}]},{\"@type\":\"Person\",\"@id\":\"https:\/\/www.visit-ulcinj.com\/blog\/#\/schema\/person\/dcab619c614d3038751c63bc2aadc06d\",\"name\":\"ulqini\",\"sameAs\":[\"http:\/\/www.visit-ulcinj.com\"],\"url\":\"https:\/\/www.visit-ulcinj.com\/blog\/author\/admin\/\"}]}<\/script>\n<!-- \/ Yoast SEO plugin. -->","yoast_head_json":{"title":"DPS posta\u0107e dio lokalne vlasti u Ulcinju krajem novembra - Lajme nga Ulqini","description":"Prema saznanjima Pobjede, novu vlast u Ulcinju \u0107e najvjerovatnije sa\u010dinjavati, pored DPS-a, Forca kao i Demokratska unija Albanaca (DUA).\u00a0Bez vlasti u","robots":{"index":"index","follow":"follow","max-snippet":"max-snippet:-1","max-image-preview":"max-image-preview:large","max-video-preview":"max-video-preview:-1"},"canonical":"https:\/\/www.visit-ulcinj.com\/blog\/2015\/11\/18\/dps-postace-dio-lokalne-vlasti-u-ulcinju-krajem-novembra\/","og_locale":"en_US","og_type":"article","og_title":"DPS posta\u0107e dio lokalne vlasti u Ulcinju krajem novembra - Lajme nga Ulqini","og_description":"Prema saznanjima Pobjede, novu vlast u Ulcinju \u0107e najvjerovatnije sa\u010dinjavati, pored DPS-a, Forca kao i Demokratska unija Albanaca (DUA).\u00a0Bez vlasti u","og_url":"https:\/\/www.visit-ulcinj.com\/blog\/2015\/11\/18\/dps-postace-dio-lokalne-vlasti-u-ulcinju-krajem-novembra\/","og_site_name":"Lajme nga Ulqini","article_published_time":"2015-11-18T18:26:14+00:00","og_image":[{"url":"http:\/\/www.visit-ulcinj.com\/blog\/wp-content\/uploads\/2015\/11\/Gjeka-Cungu-Shkrela.jpg"}],"twitter_misc":{"Written by":"ulqini","Est. reading time":"1 minute"},"schema":{"@context":"https:\/\/schema.org","@graph":[{"@type":"WebSite","@id":"https:\/\/www.visit-ulcinj.com\/blog\/#website","url":"https:\/\/www.visit-ulcinj.com\/blog\/","name":"Lajme nga Ulqini","description":"Lajme,Vijesti,Ulqini,Ulqin,Crna Gora,Mali i Zi","potentialAction":[{"@type":"SearchAction","target":{"@type":"EntryPoint","urlTemplate":"https:\/\/www.visit-ulcinj.com\/blog\/?s={search_term_string}"},"query-input":"required name=search_term_string"}],"inLanguage":"en-US"},{"@type":"ImageObject","inLanguage":"en-US","@id":"https:\/\/www.visit-ulcinj.com\/blog\/2015\/11\/18\/dps-postace-dio-lokalne-vlasti-u-ulcinju-krajem-novembra\/#primaryimage","url":"https:\/\/www.visit-ulcinj.com\/blog\/wp-content\/uploads\/2015\/11\/Gjeka-Cungu-Shkrela.jpg","contentUrl":"https:\/\/www.visit-ulcinj.com\/blog\/wp-content\/uploads\/2015\/11\/Gjeka-Cungu-Shkrela.jpg","width":852,"height":640},{"@type":"WebPage","@id":"https:\/\/www.visit-ulcinj.com\/blog\/2015\/11\/18\/dps-postace-dio-lokalne-vlasti-u-ulcinju-krajem-novembra\/#webpage","url":"https:\/\/www.visit-ulcinj.com\/blog\/2015\/11\/18\/dps-postace-dio-lokalne-vlasti-u-ulcinju-krajem-novembra\/","name":"DPS posta\u0107e dio lokalne vlasti u Ulcinju krajem novembra - Lajme nga Ulqini","isPartOf":{"@id":"https:\/\/www.visit-ulcinj.com\/blog\/#website"},"primaryImageOfPage":{"@id":"https:\/\/www.visit-ulcinj.com\/blog\/2015\/11\/18\/dps-postace-dio-lokalne-vlasti-u-ulcinju-krajem-novembra\/#primaryimage"},"datePublished":"2015-11-18T18:26:14+00:00","dateModified":"2015-11-18T18:26:14+00:00","author":{"@id":"https:\/\/www.visit-ulcinj.com\/blog\/#\/schema\/person\/dcab619c614d3038751c63bc2aadc06d"},"description":"Prema saznanjima Pobjede, novu vlast u Ulcinju \u0107e najvjerovatnije sa\u010dinjavati, pored DPS-a, Forca kao i Demokratska unija Albanaca (DUA).\u00a0Bez vlasti u","breadcrumb":{"@id":"https:\/\/www.visit-ulcinj.com\/blog\/2015\/11\/18\/dps-postace-dio-lokalne-vlasti-u-ulcinju-krajem-novembra\/#breadcrumb"},"inLanguage":"en-US","potentialAction":[{"@type":"ReadAction","target":["https:\/\/www.visit-ulcinj.com\/blog\/2015\/11\/18\/dps-postace-dio-lokalne-vlasti-u-ulcinju-krajem-novembra\/"]}]},{"@type":"BreadcrumbList","@id":"https:\/\/www.visit-ulcinj.com\/blog\/2015\/11\/18\/dps-postace-dio-lokalne-vlasti-u-ulcinju-krajem-novembra\/#breadcrumb","itemListElement":[{"@type":"ListItem","position":1,"name":"DPS posta\u0107e dio lokalne vlasti u Ulcinju krajem novembra"}]},{"@type":"Person","@id":"https:\/\/www.visit-ulcinj.com\/blog\/#\/schema\/person\/dcab619c614d3038751c63bc2aadc06d","name":"ulqini","sameAs":["http:\/\/www.visit-ulcinj.com"],"url":"https:\/\/www.visit-ulcinj.com\/blog\/author\/admin\/"}]}},"jetpack_featured_media_url":"","jetpack_sharing_enabled":true,"jetpack_shortlink":"https:\/\/wp.me\/pe6lTn-ofv","_links":{"self":[{"href":"https:\/\/www.visit-ulcinj.com\/blog\/wp-json\/wp\/v2\/posts\/93217"}],"collection":[{"href":"https:\/\/www.visit-ulcinj.com\/blog\/wp-json\/wp\/v2\/posts"}],"about":[{"href":"https:\/\/www.visit-ulcinj.com\/blog\/wp-json\/wp\/v2\/types\/post"}],"author":[{"embeddable":true,"href":"https:\/\/www.visit-ulcinj.com\/blog\/wp-json\/wp\/v2\/users\/1"}],"replies":[{"embeddable":true,"href":"https:\/\/www.visit-ulcinj.com\/blog\/wp-json\/wp\/v2\/comments?post=93217"}],"version-history":[{"count":1,"href":"https:\/\/www.visit-ulcinj.com\/blog\/wp-json\/wp\/v2\/posts\/93217\/revisions"}],"predecessor-version":[{"id":93219,"href":"https:\/\/www.visit-ulcinj.com\/blog\/wp-json\/wp\/v2\/posts\/93217\/revisions\/93219"}],"wp:attachment":[{"href":"https:\/\/www.visit-ulcinj.com\/blog\/wp-json\/wp\/v2\/media?parent=93217"}],"wp:term":[{"taxonomy":"category","embeddable":true,"href":"https:\/\/www.visit-ulcinj.com\/blog\/wp-json\/wp\/v2\/categories?post=93217"},{"taxonomy":"post_tag","embeddable":true,"href":"https:\/\/www.visit-ulcinj.com\/blog\/wp-json\/wp\/v2\/tags?post=93217"}],"curies":[{"name":"wp","href":"https:\/\/api.w.org\/{rel}","templated":true}]}}