{"id":93220,"date":"2015-11-18T19:34:10","date_gmt":"2015-11-18T18:34:10","guid":{"rendered":"http:\/\/www.visit-ulcinj.com\/blog\/?p=93220"},"modified":"2015-11-20T20:07:20","modified_gmt":"2015-11-20T19:07:20","slug":"pds-e-gatshme-te-behet-pjese-e-pushtetit-ne-ulqin","status":"publish","type":"post","link":"https:\/\/www.visit-ulcinj.com\/blog\/2015\/11\/18\/pds-e-gatshme-te-behet-pjese-e-pushtetit-ne-ulqin\/","title":{"rendered":"PDS e gatshme t\u00eb b\u00ebhet pjes\u00eb e pushtetit n\u00eb Ulqin"},"content":{"rendered":"<p><strong><a href=\"http:\/\/www.visit-ulcinj.com\/blog\/wp-content\/uploads\/2015\/11\/Nimanbegu-Shkrela-Gjeka-Cungu.jpg\"><img loading=\"lazy\" class=\"alignleft wp-image-93221\" src=\"http:\/\/www.visit-ulcinj.com\/blog\/wp-content\/uploads\/2015\/11\/Nimanbegu-Shkrela-Gjeka-Cungu.jpg\" alt=\"Nimanbegu-Shkrela-Gjeka-Cungu\" width=\"508\" height=\"487\" srcset=\"https:\/\/www.visit-ulcinj.com\/blog\/wp-content\/uploads\/2015\/11\/Nimanbegu-Shkrela-Gjeka-Cungu.jpg 527w, https:\/\/www.visit-ulcinj.com\/blog\/wp-content\/uploads\/2015\/11\/Nimanbegu-Shkrela-Gjeka-Cungu-300x287.jpg 300w\" sizes=\"(max-width: 508px) 100vw, 508px\" \/><\/a>PDS do t\u00eb b\u00ebhet pjes\u00eb e pushtetit lokal n\u00eb Ulqin kah fundi i k\u00ebtij muaji,kan\u00eb paralajm\u00ebrua nga kjo parti<\/strong><\/p>\n<p>PDS do t\u00eb b\u00ebhet pjes\u00eb e pushtetit lokal n\u00eb Ulqin kah fundi i k\u00ebtij muaji, ka v\u00ebrtetuar kjo parti. Pushtetin e ri n\u00eb Ulqin sipas t gjitha gjasave p\u00ebrve\u00e7 PDS do ta p\u00ebrb\u00ebjn\u00eb edhe Forca dhe Unioni Demokratik i shqiptar\u00ebve, shkruan Pobjeda.<\/p>\n<p>Kjo do t\u00eb thot\u00eb se jasht\u00eb pushtetin n\u00eb Ulqin do t\u00eb mbes\u00eb aksioni i bashkuar reformist\u00eb , respektivisht k\u00ebshilltari Dritan Abazoviq, dhe mbetet t\u00eb shihet statusi i ardhsh\u00ebm i kryetarit t\u00eb deritash\u00ebm t\u00eb Komun\u00ebs s\u00eb Ulqinit Fatmir Gjeka dhe koalicionit t\u00eb tij.<\/p>\n<p>P\u00ebr ndryshe kryetari i Komun\u00ebs s\u00eb Ulqinit, sipas shkrimit t\u00eb k\u00ebsaj gazete , gjat\u00eb dit\u00ebve t\u00eb kaluara ka zhvilluar kontakte me kretun e PDS n\u00eb Podgoric\u00eb duke k\u00ebrkuar\u00a0 q\u00eb ai dhe koalicioni i tij po ashtu t\u00eb jen\u00eb pjes\u00eb e pushtetit t\u00eb ardhsh\u00ebm lokal.<\/p>\n<p><strong>RTCG<\/strong><\/p>\n","protected":false},"excerpt":{"rendered":"<p>PDS do t\u00eb b\u00ebhet pjes\u00eb e pushtetit lokal n\u00eb Ulqin kah fundi i k\u00ebtij muaji,kan\u00eb paralajm\u00ebrua nga kjo parti PDS do t\u00eb b\u00ebhet pjes\u00eb e pushtetit lokal n\u00eb Ulqin kah fundi i k\u00ebtij muaji, ka v\u00ebrtetuar kjo parti. Pushtetin e ri n\u00eb Ulqin sipas t gjitha gjasave p\u00ebrve\u00e7 PDS do ta p\u00ebrb\u00ebjn\u00eb edhe Forca dhe [&hellip;]<\/p>\n","protected":false},"author":1,"featured_media":0,"comment_status":"closed","ping_status":"closed","sticky":false,"template":"","format":"standard","meta":{"spay_email":"","jetpack_publicize_message":"","jetpack_is_tweetstorm":false,"jetpack_publicize_feature_enabled":true},"categories":[1,6],"tags":[],"jetpack_publicize_connections":[],"yoast_head":"<!-- This site is optimized with the Yoast SEO plugin v19.1 - https:\/\/yoast.com\/wordpress\/plugins\/seo\/ -->\n<title>PDS e gatshme t\u00eb b\u00ebhet pjes\u00eb e pushtetit n\u00eb Ulqin - Lajme nga Ulqini<\/title>\n<meta name=\"description\" content=\"PDS do t\u00eb b\u00ebhet pjes\u00eb e pushtetit lokal n\u00eb Ulqin kah fundi i k\u00ebtij muaji,kan\u00eb paralajm\u00ebrua nga kjo parti PDS do t\u00eb b\u00ebhet pjes\u00eb e pushtetit lokal n\u00eb Ulqin\" \/>\n<meta name=\"robots\" content=\"index, follow, max-snippet:-1, max-image-preview:large, max-video-preview:-1\" \/>\n<link rel=\"canonical\" href=\"https:\/\/www.visit-ulcinj.com\/blog\/2015\/11\/18\/pds-e-gatshme-te-behet-pjese-e-pushtetit-ne-ulqin\/\" \/>\n<meta property=\"og:locale\" content=\"en_US\" \/>\n<meta property=\"og:type\" content=\"article\" \/>\n<meta property=\"og:title\" content=\"PDS e gatshme t\u00eb b\u00ebhet pjes\u00eb e pushtetit n\u00eb Ulqin - Lajme nga Ulqini\" \/>\n<meta property=\"og:description\" content=\"PDS do t\u00eb b\u00ebhet pjes\u00eb e pushtetit lokal n\u00eb Ulqin kah fundi i k\u00ebtij muaji,kan\u00eb paralajm\u00ebrua nga kjo parti PDS do t\u00eb b\u00ebhet pjes\u00eb e pushtetit lokal n\u00eb Ulqin\" \/>\n<meta property=\"og:url\" content=\"https:\/\/www.visit-ulcinj.com\/blog\/2015\/11\/18\/pds-e-gatshme-te-behet-pjese-e-pushtetit-ne-ulqin\/\" \/>\n<meta property=\"og:site_name\" content=\"Lajme nga Ulqini\" \/>\n<meta property=\"article:published_time\" content=\"2015-11-18T18:34:10+00:00\" \/>\n<meta property=\"article:modified_time\" content=\"2015-11-20T19:07:20+00:00\" \/>\n<meta property=\"og:image\" content=\"http:\/\/www.visit-ulcinj.com\/blog\/wp-content\/uploads\/2015\/11\/Nimanbegu-Shkrela-Gjeka-Cungu.jpg\" \/>\n<meta name=\"twitter:label1\" content=\"Written by\" \/>\n\t<meta name=\"twitter:data1\" content=\"ulqini\" \/>\n\t<meta name=\"twitter:label2\" content=\"Est. reading time\" \/>\n\t<meta name=\"twitter:data2\" content=\"1 minute\" \/>\n<script type=\"application\/ld+json\" class=\"yoast-schema-graph\">{\"@context\":\"https:\/\/schema.org\",\"@graph\":[{\"@type\":\"WebSite\",\"@id\":\"https:\/\/www.visit-ulcinj.com\/blog\/#website\",\"url\":\"https:\/\/www.visit-ulcinj.com\/blog\/\",\"name\":\"Lajme nga Ulqini\",\"description\":\"Lajme,Vijesti,Ulqini,Ulqin,Crna Gora,Mali i Zi\",\"potentialAction\":[{\"@type\":\"SearchAction\",\"target\":{\"@type\":\"EntryPoint\",\"urlTemplate\":\"https:\/\/www.visit-ulcinj.com\/blog\/?s={search_term_string}\"},\"query-input\":\"required name=search_term_string\"}],\"inLanguage\":\"en-US\"},{\"@type\":\"ImageObject\",\"inLanguage\":\"en-US\",\"@id\":\"https:\/\/www.visit-ulcinj.com\/blog\/2015\/11\/18\/pds-e-gatshme-te-behet-pjese-e-pushtetit-ne-ulqin\/#primaryimage\",\"url\":\"https:\/\/www.visit-ulcinj.com\/blog\/wp-content\/uploads\/2015\/11\/Nimanbegu-Shkrela-Gjeka-Cungu.jpg\",\"contentUrl\":\"https:\/\/www.visit-ulcinj.com\/blog\/wp-content\/uploads\/2015\/11\/Nimanbegu-Shkrela-Gjeka-Cungu.jpg\",\"width\":527,\"height\":505},{\"@type\":\"WebPage\",\"@id\":\"https:\/\/www.visit-ulcinj.com\/blog\/2015\/11\/18\/pds-e-gatshme-te-behet-pjese-e-pushtetit-ne-ulqin\/#webpage\",\"url\":\"https:\/\/www.visit-ulcinj.com\/blog\/2015\/11\/18\/pds-e-gatshme-te-behet-pjese-e-pushtetit-ne-ulqin\/\",\"name\":\"PDS e gatshme t\u00eb b\u00ebhet pjes\u00eb e pushtetit n\u00eb Ulqin - Lajme nga Ulqini\",\"isPartOf\":{\"@id\":\"https:\/\/www.visit-ulcinj.com\/blog\/#website\"},\"primaryImageOfPage\":{\"@id\":\"https:\/\/www.visit-ulcinj.com\/blog\/2015\/11\/18\/pds-e-gatshme-te-behet-pjese-e-pushtetit-ne-ulqin\/#primaryimage\"},\"datePublished\":\"2015-11-18T18:34:10+00:00\",\"dateModified\":\"2015-11-20T19:07:20+00:00\",\"author\":{\"@id\":\"https:\/\/www.visit-ulcinj.com\/blog\/#\/schema\/person\/dcab619c614d3038751c63bc2aadc06d\"},\"description\":\"PDS do t\u00eb b\u00ebhet pjes\u00eb e pushtetit lokal n\u00eb Ulqin kah fundi i k\u00ebtij muaji,kan\u00eb paralajm\u00ebrua nga kjo parti PDS do t\u00eb b\u00ebhet pjes\u00eb e pushtetit lokal n\u00eb Ulqin\",\"breadcrumb\":{\"@id\":\"https:\/\/www.visit-ulcinj.com\/blog\/2015\/11\/18\/pds-e-gatshme-te-behet-pjese-e-pushtetit-ne-ulqin\/#breadcrumb\"},\"inLanguage\":\"en-US\",\"potentialAction\":[{\"@type\":\"ReadAction\",\"target\":[\"https:\/\/www.visit-ulcinj.com\/blog\/2015\/11\/18\/pds-e-gatshme-te-behet-pjese-e-pushtetit-ne-ulqin\/\"]}]},{\"@type\":\"BreadcrumbList\",\"@id\":\"https:\/\/www.visit-ulcinj.com\/blog\/2015\/11\/18\/pds-e-gatshme-te-behet-pjese-e-pushtetit-ne-ulqin\/#breadcrumb\",\"itemListElement\":[{\"@type\":\"ListItem\",\"position\":1,\"name\":\"PDS e gatshme t\u00eb b\u00ebhet pjes\u00eb e pushtetit n\u00eb Ulqin\"}]},{\"@type\":\"Person\",\"@id\":\"https:\/\/www.visit-ulcinj.com\/blog\/#\/schema\/person\/dcab619c614d3038751c63bc2aadc06d\",\"name\":\"ulqini\",\"sameAs\":[\"http:\/\/www.visit-ulcinj.com\"],\"url\":\"https:\/\/www.visit-ulcinj.com\/blog\/author\/admin\/\"}]}<\/script>\n<!-- \/ Yoast SEO plugin. -->","yoast_head_json":{"title":"PDS e gatshme t\u00eb b\u00ebhet pjes\u00eb e pushtetit n\u00eb Ulqin - Lajme nga Ulqini","description":"PDS do t\u00eb b\u00ebhet pjes\u00eb e pushtetit lokal n\u00eb Ulqin kah fundi i k\u00ebtij muaji,kan\u00eb paralajm\u00ebrua nga kjo parti PDS do t\u00eb b\u00ebhet pjes\u00eb e pushtetit lokal n\u00eb Ulqin","robots":{"index":"index","follow":"follow","max-snippet":"max-snippet:-1","max-image-preview":"max-image-preview:large","max-video-preview":"max-video-preview:-1"},"canonical":"https:\/\/www.visit-ulcinj.com\/blog\/2015\/11\/18\/pds-e-gatshme-te-behet-pjese-e-pushtetit-ne-ulqin\/","og_locale":"en_US","og_type":"article","og_title":"PDS e gatshme t\u00eb b\u00ebhet pjes\u00eb e pushtetit n\u00eb Ulqin - Lajme nga Ulqini","og_description":"PDS do t\u00eb b\u00ebhet pjes\u00eb e pushtetit lokal n\u00eb Ulqin kah fundi i k\u00ebtij muaji,kan\u00eb paralajm\u00ebrua nga kjo parti PDS do t\u00eb b\u00ebhet pjes\u00eb e pushtetit lokal n\u00eb Ulqin","og_url":"https:\/\/www.visit-ulcinj.com\/blog\/2015\/11\/18\/pds-e-gatshme-te-behet-pjese-e-pushtetit-ne-ulqin\/","og_site_name":"Lajme nga Ulqini","article_published_time":"2015-11-18T18:34:10+00:00","article_modified_time":"2015-11-20T19:07:20+00:00","og_image":[{"url":"http:\/\/www.visit-ulcinj.com\/blog\/wp-content\/uploads\/2015\/11\/Nimanbegu-Shkrela-Gjeka-Cungu.jpg"}],"twitter_misc":{"Written by":"ulqini","Est. reading time":"1 minute"},"schema":{"@context":"https:\/\/schema.org","@graph":[{"@type":"WebSite","@id":"https:\/\/www.visit-ulcinj.com\/blog\/#website","url":"https:\/\/www.visit-ulcinj.com\/blog\/","name":"Lajme nga Ulqini","description":"Lajme,Vijesti,Ulqini,Ulqin,Crna Gora,Mali i Zi","potentialAction":[{"@type":"SearchAction","target":{"@type":"EntryPoint","urlTemplate":"https:\/\/www.visit-ulcinj.com\/blog\/?s={search_term_string}"},"query-input":"required name=search_term_string"}],"inLanguage":"en-US"},{"@type":"ImageObject","inLanguage":"en-US","@id":"https:\/\/www.visit-ulcinj.com\/blog\/2015\/11\/18\/pds-e-gatshme-te-behet-pjese-e-pushtetit-ne-ulqin\/#primaryimage","url":"https:\/\/www.visit-ulcinj.com\/blog\/wp-content\/uploads\/2015\/11\/Nimanbegu-Shkrela-Gjeka-Cungu.jpg","contentUrl":"https:\/\/www.visit-ulcinj.com\/blog\/wp-content\/uploads\/2015\/11\/Nimanbegu-Shkrela-Gjeka-Cungu.jpg","width":527,"height":505},{"@type":"WebPage","@id":"https:\/\/www.visit-ulcinj.com\/blog\/2015\/11\/18\/pds-e-gatshme-te-behet-pjese-e-pushtetit-ne-ulqin\/#webpage","url":"https:\/\/www.visit-ulcinj.com\/blog\/2015\/11\/18\/pds-e-gatshme-te-behet-pjese-e-pushtetit-ne-ulqin\/","name":"PDS e gatshme t\u00eb b\u00ebhet pjes\u00eb e pushtetit n\u00eb Ulqin - Lajme nga Ulqini","isPartOf":{"@id":"https:\/\/www.visit-ulcinj.com\/blog\/#website"},"primaryImageOfPage":{"@id":"https:\/\/www.visit-ulcinj.com\/blog\/2015\/11\/18\/pds-e-gatshme-te-behet-pjese-e-pushtetit-ne-ulqin\/#primaryimage"},"datePublished":"2015-11-18T18:34:10+00:00","dateModified":"2015-11-20T19:07:20+00:00","author":{"@id":"https:\/\/www.visit-ulcinj.com\/blog\/#\/schema\/person\/dcab619c614d3038751c63bc2aadc06d"},"description":"PDS do t\u00eb b\u00ebhet pjes\u00eb e pushtetit lokal n\u00eb Ulqin kah fundi i k\u00ebtij muaji,kan\u00eb paralajm\u00ebrua nga kjo parti PDS do t\u00eb b\u00ebhet pjes\u00eb e pushtetit lokal n\u00eb Ulqin","breadcrumb":{"@id":"https:\/\/www.visit-ulcinj.com\/blog\/2015\/11\/18\/pds-e-gatshme-te-behet-pjese-e-pushtetit-ne-ulqin\/#breadcrumb"},"inLanguage":"en-US","potentialAction":[{"@type":"ReadAction","target":["https:\/\/www.visit-ulcinj.com\/blog\/2015\/11\/18\/pds-e-gatshme-te-behet-pjese-e-pushtetit-ne-ulqin\/"]}]},{"@type":"BreadcrumbList","@id":"https:\/\/www.visit-ulcinj.com\/blog\/2015\/11\/18\/pds-e-gatshme-te-behet-pjese-e-pushtetit-ne-ulqin\/#breadcrumb","itemListElement":[{"@type":"ListItem","position":1,"name":"PDS e gatshme t\u00eb b\u00ebhet pjes\u00eb e pushtetit n\u00eb Ulqin"}]},{"@type":"Person","@id":"https:\/\/www.visit-ulcinj.com\/blog\/#\/schema\/person\/dcab619c614d3038751c63bc2aadc06d","name":"ulqini","sameAs":["http:\/\/www.visit-ulcinj.com"],"url":"https:\/\/www.visit-ulcinj.com\/blog\/author\/admin\/"}]}},"jetpack_featured_media_url":"","jetpack_sharing_enabled":true,"jetpack_shortlink":"https:\/\/wp.me\/pe6lTn-ofy","_links":{"self":[{"href":"https:\/\/www.visit-ulcinj.com\/blog\/wp-json\/wp\/v2\/posts\/93220"}],"collection":[{"href":"https:\/\/www.visit-ulcinj.com\/blog\/wp-json\/wp\/v2\/posts"}],"about":[{"href":"https:\/\/www.visit-ulcinj.com\/blog\/wp-json\/wp\/v2\/types\/post"}],"author":[{"embeddable":true,"href":"https:\/\/www.visit-ulcinj.com\/blog\/wp-json\/wp\/v2\/users\/1"}],"replies":[{"embeddable":true,"href":"https:\/\/www.visit-ulcinj.com\/blog\/wp-json\/wp\/v2\/comments?post=93220"}],"version-history":[{"count":1,"href":"https:\/\/www.visit-ulcinj.com\/blog\/wp-json\/wp\/v2\/posts\/93220\/revisions"}],"predecessor-version":[{"id":93222,"href":"https:\/\/www.visit-ulcinj.com\/blog\/wp-json\/wp\/v2\/posts\/93220\/revisions\/93222"}],"wp:attachment":[{"href":"https:\/\/www.visit-ulcinj.com\/blog\/wp-json\/wp\/v2\/media?parent=93220"}],"wp:term":[{"taxonomy":"category","embeddable":true,"href":"https:\/\/www.visit-ulcinj.com\/blog\/wp-json\/wp\/v2\/categories?post=93220"},{"taxonomy":"post_tag","embeddable":true,"href":"https:\/\/www.visit-ulcinj.com\/blog\/wp-json\/wp\/v2\/tags?post=93220"}],"curies":[{"name":"wp","href":"https:\/\/api.w.org\/{rel}","templated":true}]}}