{"id":93225,"date":"2015-11-18T23:06:53","date_gmt":"2015-11-18T22:06:53","guid":{"rendered":"http:\/\/www.visit-ulcinj.com\/blog\/?p=93225"},"modified":"2015-11-18T23:06:53","modified_gmt":"2015-11-18T22:06:53","slug":"gjukanoviq-kishat-serbe-ne-kraje-te-prishen-video","status":"publish","type":"post","link":"https:\/\/www.visit-ulcinj.com\/blog\/2015\/11\/18\/gjukanoviq-kishat-serbe-ne-kraje-te-prishen-video\/","title":{"rendered":"Gjukanoviq: Kishat serbe n\u00eb Kraj\u00eb do t\u00eb prishen &#8211; Video"},"content":{"rendered":"<p><a href=\"http:\/\/www.visit-ulcinj.com\/blog\/wp-content\/uploads\/2009\/01\/kisha-ortodokse-serbe-ne-majen-e-malit-te-rumise1.jpg\"><img loading=\"lazy\" class=\"alignleft wp-image-10043\" src=\"http:\/\/www.visit-ulcinj.com\/blog\/wp-content\/uploads\/2009\/01\/kisha-ortodokse-serbe-ne-majen-e-malit-te-rumise1.jpg\" alt=\"kisha-ortodokse-serbe-ne-majen-e-malit-te-rumise1\" width=\"508\" height=\"381\" srcset=\"https:\/\/www.visit-ulcinj.com\/blog\/wp-content\/uploads\/2009\/01\/kisha-ortodokse-serbe-ne-majen-e-malit-te-rumise1.jpg 600w, https:\/\/www.visit-ulcinj.com\/blog\/wp-content\/uploads\/2009\/01\/kisha-ortodokse-serbe-ne-majen-e-malit-te-rumise1-300x225.jpg 300w\" sizes=\"(max-width: 508px) 100vw, 508px\" \/><\/a>Kryeministri i Malit t\u00eb Zi, Millo Gjukanoviq, deklaroi t\u00eb m\u00ebrkur\u00ebn n\u00eb Parlamentin e vendit, se shteti do t\u00eb rr\u00ebnoj\u00eb ato objekte q\u00eb jan\u00eb nd\u00ebrtuar pa leje por dhe q\u00eb c\u00ebnojn\u00eb harmonin\u00eb etnike n\u00eb vend.<\/p>\n<p>Kreu i qeveris\u00eb s\u00eb Podgoric\u00ebs \u00ebsht\u00eb p\u00ebrgjigjur n\u00eb nj\u00eb interpelanc\u00eb i pyetur nga deputeti shqiptar, Genci Nimanbegu.<\/p>\n<p>Deputeti i <em>Forca<\/em>-s, Nimanbegu, e pyeti Gjukanoviqin n\u00eb lidhje me veprimet e nd\u00ebrmarra nga qeveria p\u00ebr t\u00eb ndaluar nd\u00ebrtimin e objekteve (kishave) n\u00eb ujdhesat (ishujt) e Liqenit t\u00eb Shkodr\u00ebs rreth Kraj\u00ebs.<\/p>\n<p>\u201cK\u00ebto objekte, tha Nimanbegu, q\u00eb po nd\u00ebrtohen n\u00ebn jurisdiksionin e Parqeve Komb\u00ebtare, \u00a0jan\u00eb n\u00eb d\u00ebm t\u00eb marr\u00ebdh\u00ebnieve t\u00eb mira nd\u00ebretnike dhe c\u00ebnojn\u00eb harmonin\u00eb fetare n\u00eb Mal t\u00eb Zi\u201d.<\/p>\n<p>Gjukanoviq, pasi num\u00ebroi disa nga masat e marra p\u00ebr ndalimin e nd\u00ebrtimeve nga Drejtoria e Inspektimeve, tha se fatkeq\u00ebsisht n\u00eb Mal t\u00eb Zi akoma ekzistojn\u00eb forca q\u00eb p\u00ebr hir t\u00eb politik\u00ebs, veprojn\u00eb kund\u00ebr harmonis\u00eb nd\u00ebretnike n\u00eb vend.<\/p>\n<p>P\u00ebrve\u00e7 objekteve n\u00eb Liqenin e Shkodr\u00ebs, Nimanbegu p\u00ebrmendi edhe kish\u00ebn n\u00eb Rumi si dhe at\u00eb q\u00eb po tentohet t\u00eb nd\u00ebrtohet n\u00eb Martinaj, si akte q\u00eb tashm\u00eb kan\u00eb prishur traditat e mira t\u00eb trash\u00ebguara nga e kaluara.<\/p>\n<p>Gjukanoviq u pajtua q\u00eb shteti duhet t\u00eb tregoj\u00eb forc\u00ebn e vet n\u00eb eliminimin e k\u00ebtyre akteve, dhe t\u00eb rr\u00ebnoj\u00eb cdo objekt pa leje q\u00eb c\u00ebnon harmonin\u00eb nd\u00ebretnike n\u00eb Mal t\u00eb Zi.\u00a0<strong>\/tesheshi.com\/<\/strong><\/p>\n<!--YouTube Error: bad URL entered-->\n","protected":false},"excerpt":{"rendered":"<p>Kryeministri i Malit t\u00eb Zi, Millo Gjukanoviq, deklaroi t\u00eb m\u00ebrkur\u00ebn n\u00eb Parlamentin e vendit, se shteti do t\u00eb rr\u00ebnoj\u00eb ato objekte q\u00eb jan\u00eb nd\u00ebrtuar pa leje por dhe q\u00eb c\u00ebnojn\u00eb harmonin\u00eb etnike n\u00eb vend. Kreu i qeveris\u00eb s\u00eb Podgoric\u00ebs \u00ebsht\u00eb p\u00ebrgjigjur n\u00eb nj\u00eb interpelanc\u00eb i pyetur nga deputeti shqiptar, Genci Nimanbegu. Deputeti i Forca-s, Nimanbegu, [&hellip;]<\/p>\n","protected":false},"author":1,"featured_media":0,"comment_status":"closed","ping_status":"closed","sticky":false,"template":"","format":"standard","meta":{"spay_email":"","jetpack_publicize_message":"","jetpack_is_tweetstorm":false,"jetpack_publicize_feature_enabled":true},"categories":[13],"tags":[],"jetpack_publicize_connections":[],"yoast_head":"<!-- This site is optimized with the Yoast SEO plugin v19.1 - https:\/\/yoast.com\/wordpress\/plugins\/seo\/ -->\n<title>Gjukanoviq: Kishat serbe n\u00eb Kraj\u00eb do t\u00eb prishen - Video - Lajme nga Ulqini<\/title>\n<meta name=\"description\" content=\"Kryeministri i Malit t\u00eb Zi, Millo Gjukanoviq, deklaroi t\u00eb m\u00ebrkur\u00ebn n\u00eb Parlamentin e vendit, se shteti do t\u00eb rr\u00ebnoj\u00eb ato objekte q\u00eb jan\u00eb nd\u00ebrtuar pa leje\" \/>\n<meta name=\"robots\" content=\"index, follow, max-snippet:-1, max-image-preview:large, max-video-preview:-1\" \/>\n<link rel=\"canonical\" href=\"https:\/\/www.visit-ulcinj.com\/blog\/2015\/11\/18\/gjukanoviq-kishat-serbe-ne-kraje-te-prishen-video\/\" \/>\n<meta property=\"og:locale\" content=\"en_US\" \/>\n<meta property=\"og:type\" content=\"article\" \/>\n<meta property=\"og:title\" content=\"Gjukanoviq: Kishat serbe n\u00eb Kraj\u00eb do t\u00eb prishen - Video - Lajme nga Ulqini\" \/>\n<meta property=\"og:description\" content=\"Kryeministri i Malit t\u00eb Zi, Millo Gjukanoviq, deklaroi t\u00eb m\u00ebrkur\u00ebn n\u00eb Parlamentin e vendit, se shteti do t\u00eb rr\u00ebnoj\u00eb ato objekte q\u00eb jan\u00eb nd\u00ebrtuar pa leje\" \/>\n<meta property=\"og:url\" content=\"https:\/\/www.visit-ulcinj.com\/blog\/2015\/11\/18\/gjukanoviq-kishat-serbe-ne-kraje-te-prishen-video\/\" \/>\n<meta property=\"og:site_name\" content=\"Lajme nga Ulqini\" \/>\n<meta property=\"article:published_time\" content=\"2015-11-18T22:06:53+00:00\" \/>\n<meta property=\"og:image\" content=\"http:\/\/www.visit-ulcinj.com\/blog\/wp-content\/uploads\/2009\/01\/kisha-ortodokse-serbe-ne-majen-e-malit-te-rumise1.jpg\" \/>\n<meta name=\"twitter:label1\" content=\"Written by\" \/>\n\t<meta name=\"twitter:data1\" content=\"ulqini\" \/>\n\t<meta name=\"twitter:label2\" content=\"Est. reading time\" \/>\n\t<meta name=\"twitter:data2\" content=\"1 minute\" \/>\n<script type=\"application\/ld+json\" class=\"yoast-schema-graph\">{\"@context\":\"https:\/\/schema.org\",\"@graph\":[{\"@type\":\"WebSite\",\"@id\":\"https:\/\/www.visit-ulcinj.com\/blog\/#website\",\"url\":\"https:\/\/www.visit-ulcinj.com\/blog\/\",\"name\":\"Lajme nga Ulqini\",\"description\":\"Lajme,Vijesti,Ulqini,Ulqin,Crna Gora,Mali i Zi\",\"potentialAction\":[{\"@type\":\"SearchAction\",\"target\":{\"@type\":\"EntryPoint\",\"urlTemplate\":\"https:\/\/www.visit-ulcinj.com\/blog\/?s={search_term_string}\"},\"query-input\":\"required name=search_term_string\"}],\"inLanguage\":\"en-US\"},{\"@type\":\"ImageObject\",\"inLanguage\":\"en-US\",\"@id\":\"https:\/\/www.visit-ulcinj.com\/blog\/2015\/11\/18\/gjukanoviq-kishat-serbe-ne-kraje-te-prishen-video\/#primaryimage\",\"url\":\"https:\/\/www.visit-ulcinj.com\/blog\/wp-content\/uploads\/2009\/01\/kisha-ortodokse-serbe-ne-majen-e-malit-te-rumise1.jpg\",\"contentUrl\":\"https:\/\/www.visit-ulcinj.com\/blog\/wp-content\/uploads\/2009\/01\/kisha-ortodokse-serbe-ne-majen-e-malit-te-rumise1.jpg\",\"width\":\"600\",\"height\":\"450\"},{\"@type\":\"WebPage\",\"@id\":\"https:\/\/www.visit-ulcinj.com\/blog\/2015\/11\/18\/gjukanoviq-kishat-serbe-ne-kraje-te-prishen-video\/#webpage\",\"url\":\"https:\/\/www.visit-ulcinj.com\/blog\/2015\/11\/18\/gjukanoviq-kishat-serbe-ne-kraje-te-prishen-video\/\",\"name\":\"Gjukanoviq: Kishat serbe n\u00eb Kraj\u00eb do t\u00eb prishen - Video - Lajme nga Ulqini\",\"isPartOf\":{\"@id\":\"https:\/\/www.visit-ulcinj.com\/blog\/#website\"},\"primaryImageOfPage\":{\"@id\":\"https:\/\/www.visit-ulcinj.com\/blog\/2015\/11\/18\/gjukanoviq-kishat-serbe-ne-kraje-te-prishen-video\/#primaryimage\"},\"datePublished\":\"2015-11-18T22:06:53+00:00\",\"dateModified\":\"2015-11-18T22:06:53+00:00\",\"author\":{\"@id\":\"https:\/\/www.visit-ulcinj.com\/blog\/#\/schema\/person\/dcab619c614d3038751c63bc2aadc06d\"},\"description\":\"Kryeministri i Malit t\u00eb Zi, Millo Gjukanoviq, deklaroi t\u00eb m\u00ebrkur\u00ebn n\u00eb Parlamentin e vendit, se shteti do t\u00eb rr\u00ebnoj\u00eb ato objekte q\u00eb jan\u00eb nd\u00ebrtuar pa leje\",\"breadcrumb\":{\"@id\":\"https:\/\/www.visit-ulcinj.com\/blog\/2015\/11\/18\/gjukanoviq-kishat-serbe-ne-kraje-te-prishen-video\/#breadcrumb\"},\"inLanguage\":\"en-US\",\"potentialAction\":[{\"@type\":\"ReadAction\",\"target\":[\"https:\/\/www.visit-ulcinj.com\/blog\/2015\/11\/18\/gjukanoviq-kishat-serbe-ne-kraje-te-prishen-video\/\"]}]},{\"@type\":\"BreadcrumbList\",\"@id\":\"https:\/\/www.visit-ulcinj.com\/blog\/2015\/11\/18\/gjukanoviq-kishat-serbe-ne-kraje-te-prishen-video\/#breadcrumb\",\"itemListElement\":[{\"@type\":\"ListItem\",\"position\":1,\"name\":\"Gjukanoviq: Kishat serbe n\u00eb Kraj\u00eb do t\u00eb prishen &#8211; Video\"}]},{\"@type\":\"Person\",\"@id\":\"https:\/\/www.visit-ulcinj.com\/blog\/#\/schema\/person\/dcab619c614d3038751c63bc2aadc06d\",\"name\":\"ulqini\",\"sameAs\":[\"http:\/\/www.visit-ulcinj.com\"],\"url\":\"https:\/\/www.visit-ulcinj.com\/blog\/author\/admin\/\"}]}<\/script>\n<!-- \/ Yoast SEO plugin. -->","yoast_head_json":{"title":"Gjukanoviq: Kishat serbe n\u00eb Kraj\u00eb do t\u00eb prishen - Video - Lajme nga Ulqini","description":"Kryeministri i Malit t\u00eb Zi, Millo Gjukanoviq, deklaroi t\u00eb m\u00ebrkur\u00ebn n\u00eb Parlamentin e vendit, se shteti do t\u00eb rr\u00ebnoj\u00eb ato objekte q\u00eb jan\u00eb nd\u00ebrtuar pa leje","robots":{"index":"index","follow":"follow","max-snippet":"max-snippet:-1","max-image-preview":"max-image-preview:large","max-video-preview":"max-video-preview:-1"},"canonical":"https:\/\/www.visit-ulcinj.com\/blog\/2015\/11\/18\/gjukanoviq-kishat-serbe-ne-kraje-te-prishen-video\/","og_locale":"en_US","og_type":"article","og_title":"Gjukanoviq: Kishat serbe n\u00eb Kraj\u00eb do t\u00eb prishen - Video - Lajme nga Ulqini","og_description":"Kryeministri i Malit t\u00eb Zi, Millo Gjukanoviq, deklaroi t\u00eb m\u00ebrkur\u00ebn n\u00eb Parlamentin e vendit, se shteti do t\u00eb rr\u00ebnoj\u00eb ato objekte q\u00eb jan\u00eb nd\u00ebrtuar pa leje","og_url":"https:\/\/www.visit-ulcinj.com\/blog\/2015\/11\/18\/gjukanoviq-kishat-serbe-ne-kraje-te-prishen-video\/","og_site_name":"Lajme nga Ulqini","article_published_time":"2015-11-18T22:06:53+00:00","og_image":[{"url":"http:\/\/www.visit-ulcinj.com\/blog\/wp-content\/uploads\/2009\/01\/kisha-ortodokse-serbe-ne-majen-e-malit-te-rumise1.jpg"}],"twitter_misc":{"Written by":"ulqini","Est. reading time":"1 minute"},"schema":{"@context":"https:\/\/schema.org","@graph":[{"@type":"WebSite","@id":"https:\/\/www.visit-ulcinj.com\/blog\/#website","url":"https:\/\/www.visit-ulcinj.com\/blog\/","name":"Lajme nga Ulqini","description":"Lajme,Vijesti,Ulqini,Ulqin,Crna Gora,Mali i Zi","potentialAction":[{"@type":"SearchAction","target":{"@type":"EntryPoint","urlTemplate":"https:\/\/www.visit-ulcinj.com\/blog\/?s={search_term_string}"},"query-input":"required name=search_term_string"}],"inLanguage":"en-US"},{"@type":"ImageObject","inLanguage":"en-US","@id":"https:\/\/www.visit-ulcinj.com\/blog\/2015\/11\/18\/gjukanoviq-kishat-serbe-ne-kraje-te-prishen-video\/#primaryimage","url":"https:\/\/www.visit-ulcinj.com\/blog\/wp-content\/uploads\/2009\/01\/kisha-ortodokse-serbe-ne-majen-e-malit-te-rumise1.jpg","contentUrl":"https:\/\/www.visit-ulcinj.com\/blog\/wp-content\/uploads\/2009\/01\/kisha-ortodokse-serbe-ne-majen-e-malit-te-rumise1.jpg","width":"600","height":"450"},{"@type":"WebPage","@id":"https:\/\/www.visit-ulcinj.com\/blog\/2015\/11\/18\/gjukanoviq-kishat-serbe-ne-kraje-te-prishen-video\/#webpage","url":"https:\/\/www.visit-ulcinj.com\/blog\/2015\/11\/18\/gjukanoviq-kishat-serbe-ne-kraje-te-prishen-video\/","name":"Gjukanoviq: Kishat serbe n\u00eb Kraj\u00eb do t\u00eb prishen - Video - Lajme nga Ulqini","isPartOf":{"@id":"https:\/\/www.visit-ulcinj.com\/blog\/#website"},"primaryImageOfPage":{"@id":"https:\/\/www.visit-ulcinj.com\/blog\/2015\/11\/18\/gjukanoviq-kishat-serbe-ne-kraje-te-prishen-video\/#primaryimage"},"datePublished":"2015-11-18T22:06:53+00:00","dateModified":"2015-11-18T22:06:53+00:00","author":{"@id":"https:\/\/www.visit-ulcinj.com\/blog\/#\/schema\/person\/dcab619c614d3038751c63bc2aadc06d"},"description":"Kryeministri i Malit t\u00eb Zi, Millo Gjukanoviq, deklaroi t\u00eb m\u00ebrkur\u00ebn n\u00eb Parlamentin e vendit, se shteti do t\u00eb rr\u00ebnoj\u00eb ato objekte q\u00eb jan\u00eb nd\u00ebrtuar pa leje","breadcrumb":{"@id":"https:\/\/www.visit-ulcinj.com\/blog\/2015\/11\/18\/gjukanoviq-kishat-serbe-ne-kraje-te-prishen-video\/#breadcrumb"},"inLanguage":"en-US","potentialAction":[{"@type":"ReadAction","target":["https:\/\/www.visit-ulcinj.com\/blog\/2015\/11\/18\/gjukanoviq-kishat-serbe-ne-kraje-te-prishen-video\/"]}]},{"@type":"BreadcrumbList","@id":"https:\/\/www.visit-ulcinj.com\/blog\/2015\/11\/18\/gjukanoviq-kishat-serbe-ne-kraje-te-prishen-video\/#breadcrumb","itemListElement":[{"@type":"ListItem","position":1,"name":"Gjukanoviq: Kishat serbe n\u00eb Kraj\u00eb do t\u00eb prishen &#8211; Video"}]},{"@type":"Person","@id":"https:\/\/www.visit-ulcinj.com\/blog\/#\/schema\/person\/dcab619c614d3038751c63bc2aadc06d","name":"ulqini","sameAs":["http:\/\/www.visit-ulcinj.com"],"url":"https:\/\/www.visit-ulcinj.com\/blog\/author\/admin\/"}]}},"jetpack_featured_media_url":"","jetpack_sharing_enabled":true,"jetpack_shortlink":"https:\/\/wp.me\/pe6lTn-ofD","_links":{"self":[{"href":"https:\/\/www.visit-ulcinj.com\/blog\/wp-json\/wp\/v2\/posts\/93225"}],"collection":[{"href":"https:\/\/www.visit-ulcinj.com\/blog\/wp-json\/wp\/v2\/posts"}],"about":[{"href":"https:\/\/www.visit-ulcinj.com\/blog\/wp-json\/wp\/v2\/types\/post"}],"author":[{"embeddable":true,"href":"https:\/\/www.visit-ulcinj.com\/blog\/wp-json\/wp\/v2\/users\/1"}],"replies":[{"embeddable":true,"href":"https:\/\/www.visit-ulcinj.com\/blog\/wp-json\/wp\/v2\/comments?post=93225"}],"version-history":[{"count":1,"href":"https:\/\/www.visit-ulcinj.com\/blog\/wp-json\/wp\/v2\/posts\/93225\/revisions"}],"predecessor-version":[{"id":93226,"href":"https:\/\/www.visit-ulcinj.com\/blog\/wp-json\/wp\/v2\/posts\/93225\/revisions\/93226"}],"wp:attachment":[{"href":"https:\/\/www.visit-ulcinj.com\/blog\/wp-json\/wp\/v2\/media?parent=93225"}],"wp:term":[{"taxonomy":"category","embeddable":true,"href":"https:\/\/www.visit-ulcinj.com\/blog\/wp-json\/wp\/v2\/categories?post=93225"},{"taxonomy":"post_tag","embeddable":true,"href":"https:\/\/www.visit-ulcinj.com\/blog\/wp-json\/wp\/v2\/tags?post=93225"}],"curies":[{"name":"wp","href":"https:\/\/api.w.org\/{rel}","templated":true}]}}