{"id":93233,"date":"2015-11-18T23:32:44","date_gmt":"2015-11-18T22:32:44","guid":{"rendered":"http:\/\/www.visit-ulcinj.com\/blog\/?p=93233"},"modified":"2015-11-18T23:32:44","modified_gmt":"2015-11-18T22:32:44","slug":"potpisan-je-memorandum-o-saradnji-izmedu-lokalnih-partnera-opstine-ulcinj","status":"publish","type":"post","link":"https:\/\/www.visit-ulcinj.com\/blog\/2015\/11\/18\/potpisan-je-memorandum-o-saradnji-izmedu-lokalnih-partnera-opstine-ulcinj\/","title":{"rendered":"Potpisan je Memorandum o saradnji izme\u0111u lokalnih partnera i Op\u0161tine Ulcinj"},"content":{"rendered":"<div class=\"text_exposed_show\">\n<p><a href=\"http:\/\/www.visit-ulcinj.com\/blog\/wp-content\/uploads\/2015\/11\/n\u00ebnshkrimi-i-Memorandumit-ne-komunen-e-Ulqinit-1.jpg\"><img loading=\"lazy\" class=\"alignleft wp-image-93234\" src=\"http:\/\/www.visit-ulcinj.com\/blog\/wp-content\/uploads\/2015\/11\/n\u00ebnshkrimi-i-Memorandumit-ne-komunen-e-Ulqinit-1.jpg\" alt=\"n\u00ebnshkrimi i Memorandumit ne komunen e Ulqinit-1\" width=\"508\" height=\"219\" srcset=\"https:\/\/www.visit-ulcinj.com\/blog\/wp-content\/uploads\/2015\/11\/n\u00ebnshkrimi-i-Memorandumit-ne-komunen-e-Ulqinit-1.jpg 960w, https:\/\/www.visit-ulcinj.com\/blog\/wp-content\/uploads\/2015\/11\/n\u00ebnshkrimi-i-Memorandumit-ne-komunen-e-Ulqinit-1-300x129.jpg 300w\" sizes=\"(max-width: 508px) 100vw, 508px\" \/><\/a>Danas, u kabinetu Predsjednika Op\u0161tine, potpisan je Memorandum o saradnji izme\u0111u lokalnih partnera: Op\u0161tine Ulcinj, Osnovnog Dr\u017eavnog Tu\u017eila\u0161tva (Ulcinj), Odjeljenja bezbjednosti Ulcinj, Centra za Socijalni rad (Podru\u010dna jedinica Ulcinj), Doma Zdravlja Ulcinj i organizacije civilnog dru\u0161tva \u201cNovi Horizont\u201d. Zbog objektivnih razloga, ovaj Memorandum \u0107e tako\u0111e naknadno sjutra potpisivati i Osnovni Sud Ulcinj.<\/p>\n<p>Ovaj doga\u0111aj ujedno ozna\u010dava i po\u010detak konkretne realizacije projekta \u201cLOKALNO PARTNERSTVO U BORBI PROTIV ZLOUPOTREBE DROGA I MALOLJETNI\u010cKE DELIKVENCIJE\u201d, koji se realizuje uz podr\u0161ku Ambasade SAD u Podgorici \u2013 Biro za borbu protiv me\u0111unarodne trgovine drogom i sprovo\u0111enje zakona.<\/p>\n<p><strong><a id=\"js_gj\" class=\"taggee\" href=\"https:\/\/www.facebook.com\/newhorizonngo\/\" data-tag=\"472116646165803\" data-hovercard=\"\/ajax\/hovercard\/hovercard.php?id=472116646165803&amp;media_info=6.1060877200623075&amp;type=mediatag\">New Horizon NGO<\/a> Facebook<\/strong><\/p>\n<\/div>\n","protected":false},"excerpt":{"rendered":"<p>Danas, u kabinetu Predsjednika Op\u0161tine, potpisan je Memorandum o saradnji izme\u0111u lokalnih partnera: Op\u0161tine Ulcinj, Osnovnog Dr\u017eavnog Tu\u017eila\u0161tva (Ulcinj), Odjeljenja bezbjednosti Ulcinj, Centra za Socijalni rad (Podru\u010dna jedinica Ulcinj), Doma Zdravlja Ulcinj i organizacije civilnog dru\u0161tva \u201cNovi Horizont\u201d. Zbog objektivnih razloga, ovaj Memorandum \u0107e tako\u0111e naknadno sjutra potpisivati i Osnovni Sud Ulcinj. Ovaj doga\u0111aj ujedno [&hellip;]<\/p>\n","protected":false},"author":1,"featured_media":0,"comment_status":"closed","ping_status":"closed","sticky":false,"template":"","format":"standard","meta":{"spay_email":"","jetpack_publicize_message":"","jetpack_is_tweetstorm":false,"jetpack_publicize_feature_enabled":true},"categories":[6950],"tags":[],"jetpack_publicize_connections":[],"yoast_head":"<!-- This site is optimized with the Yoast SEO plugin v19.1 - https:\/\/yoast.com\/wordpress\/plugins\/seo\/ -->\n<title>Potpisan je Memorandum o saradnji izme\u0111u lokalnih partnera i Op\u0161tine Ulcinj - Lajme nga Ulqini<\/title>\n<meta name=\"description\" content=\"Danas, u kabinetu Predsjednika Op\u0161tine, potpisan je Memorandum o saradnji izme\u0111u lokalnih partnera: Op\u0161tine Ulcinj, Osnovnog Dr\u017eavnog Tu\u017eila\u0161tva (Ulcinj),\" \/>\n<meta name=\"robots\" content=\"index, follow, max-snippet:-1, max-image-preview:large, max-video-preview:-1\" \/>\n<link rel=\"canonical\" href=\"https:\/\/www.visit-ulcinj.com\/blog\/2015\/11\/18\/potpisan-je-memorandum-o-saradnji-izmedu-lokalnih-partnera-opstine-ulcinj\/\" \/>\n<meta property=\"og:locale\" content=\"en_US\" \/>\n<meta property=\"og:type\" content=\"article\" \/>\n<meta property=\"og:title\" content=\"Potpisan je Memorandum o saradnji izme\u0111u lokalnih partnera i Op\u0161tine Ulcinj - Lajme nga Ulqini\" \/>\n<meta property=\"og:description\" content=\"Danas, u kabinetu Predsjednika Op\u0161tine, potpisan je Memorandum o saradnji izme\u0111u lokalnih partnera: Op\u0161tine Ulcinj, Osnovnog Dr\u017eavnog Tu\u017eila\u0161tva (Ulcinj),\" \/>\n<meta property=\"og:url\" content=\"https:\/\/www.visit-ulcinj.com\/blog\/2015\/11\/18\/potpisan-je-memorandum-o-saradnji-izmedu-lokalnih-partnera-opstine-ulcinj\/\" \/>\n<meta property=\"og:site_name\" content=\"Lajme nga Ulqini\" \/>\n<meta property=\"article:published_time\" content=\"2015-11-18T22:32:44+00:00\" \/>\n<meta name=\"twitter:label1\" content=\"Written by\" \/>\n\t<meta name=\"twitter:data1\" content=\"ulqini\" \/>\n\t<meta name=\"twitter:label2\" content=\"Est. reading time\" \/>\n\t<meta name=\"twitter:data2\" content=\"1 minute\" \/>\n<script type=\"application\/ld+json\" class=\"yoast-schema-graph\">{\"@context\":\"https:\/\/schema.org\",\"@graph\":[{\"@type\":\"WebSite\",\"@id\":\"https:\/\/www.visit-ulcinj.com\/blog\/#website\",\"url\":\"https:\/\/www.visit-ulcinj.com\/blog\/\",\"name\":\"Lajme nga Ulqini\",\"description\":\"Lajme,Vijesti,Ulqini,Ulqin,Crna Gora,Mali i Zi\",\"potentialAction\":[{\"@type\":\"SearchAction\",\"target\":{\"@type\":\"EntryPoint\",\"urlTemplate\":\"https:\/\/www.visit-ulcinj.com\/blog\/?s={search_term_string}\"},\"query-input\":\"required name=search_term_string\"}],\"inLanguage\":\"en-US\"},{\"@type\":\"WebPage\",\"@id\":\"https:\/\/www.visit-ulcinj.com\/blog\/2015\/11\/18\/potpisan-je-memorandum-o-saradnji-izmedu-lokalnih-partnera-opstine-ulcinj\/#webpage\",\"url\":\"https:\/\/www.visit-ulcinj.com\/blog\/2015\/11\/18\/potpisan-je-memorandum-o-saradnji-izmedu-lokalnih-partnera-opstine-ulcinj\/\",\"name\":\"Potpisan je Memorandum o saradnji izme\u0111u lokalnih partnera i Op\u0161tine Ulcinj - Lajme nga Ulqini\",\"isPartOf\":{\"@id\":\"https:\/\/www.visit-ulcinj.com\/blog\/#website\"},\"datePublished\":\"2015-11-18T22:32:44+00:00\",\"dateModified\":\"2015-11-18T22:32:44+00:00\",\"author\":{\"@id\":\"https:\/\/www.visit-ulcinj.com\/blog\/#\/schema\/person\/dcab619c614d3038751c63bc2aadc06d\"},\"description\":\"Danas, u kabinetu Predsjednika Op\u0161tine, potpisan je Memorandum o saradnji izme\u0111u lokalnih partnera: Op\u0161tine Ulcinj, Osnovnog Dr\u017eavnog Tu\u017eila\u0161tva (Ulcinj),\",\"breadcrumb\":{\"@id\":\"https:\/\/www.visit-ulcinj.com\/blog\/2015\/11\/18\/potpisan-je-memorandum-o-saradnji-izmedu-lokalnih-partnera-opstine-ulcinj\/#breadcrumb\"},\"inLanguage\":\"en-US\",\"potentialAction\":[{\"@type\":\"ReadAction\",\"target\":[\"https:\/\/www.visit-ulcinj.com\/blog\/2015\/11\/18\/potpisan-je-memorandum-o-saradnji-izmedu-lokalnih-partnera-opstine-ulcinj\/\"]}]},{\"@type\":\"BreadcrumbList\",\"@id\":\"https:\/\/www.visit-ulcinj.com\/blog\/2015\/11\/18\/potpisan-je-memorandum-o-saradnji-izmedu-lokalnih-partnera-opstine-ulcinj\/#breadcrumb\",\"itemListElement\":[{\"@type\":\"ListItem\",\"position\":1,\"name\":\"Potpisan je Memorandum o saradnji izme\u0111u lokalnih partnera i Op\u0161tine Ulcinj\"}]},{\"@type\":\"Person\",\"@id\":\"https:\/\/www.visit-ulcinj.com\/blog\/#\/schema\/person\/dcab619c614d3038751c63bc2aadc06d\",\"name\":\"ulqini\",\"sameAs\":[\"http:\/\/www.visit-ulcinj.com\"],\"url\":\"https:\/\/www.visit-ulcinj.com\/blog\/author\/admin\/\"}]}<\/script>\n<!-- \/ Yoast SEO plugin. -->","yoast_head_json":{"title":"Potpisan je Memorandum o saradnji izme\u0111u lokalnih partnera i Op\u0161tine Ulcinj - Lajme nga Ulqini","description":"Danas, u kabinetu Predsjednika Op\u0161tine, potpisan je Memorandum o saradnji izme\u0111u lokalnih partnera: Op\u0161tine Ulcinj, Osnovnog Dr\u017eavnog Tu\u017eila\u0161tva (Ulcinj),","robots":{"index":"index","follow":"follow","max-snippet":"max-snippet:-1","max-image-preview":"max-image-preview:large","max-video-preview":"max-video-preview:-1"},"canonical":"https:\/\/www.visit-ulcinj.com\/blog\/2015\/11\/18\/potpisan-je-memorandum-o-saradnji-izmedu-lokalnih-partnera-opstine-ulcinj\/","og_locale":"en_US","og_type":"article","og_title":"Potpisan je Memorandum o saradnji izme\u0111u lokalnih partnera i Op\u0161tine Ulcinj - Lajme nga Ulqini","og_description":"Danas, u kabinetu Predsjednika Op\u0161tine, potpisan je Memorandum o saradnji izme\u0111u lokalnih partnera: Op\u0161tine Ulcinj, Osnovnog Dr\u017eavnog Tu\u017eila\u0161tva (Ulcinj),","og_url":"https:\/\/www.visit-ulcinj.com\/blog\/2015\/11\/18\/potpisan-je-memorandum-o-saradnji-izmedu-lokalnih-partnera-opstine-ulcinj\/","og_site_name":"Lajme nga Ulqini","article_published_time":"2015-11-18T22:32:44+00:00","twitter_misc":{"Written by":"ulqini","Est. reading time":"1 minute"},"schema":{"@context":"https:\/\/schema.org","@graph":[{"@type":"WebSite","@id":"https:\/\/www.visit-ulcinj.com\/blog\/#website","url":"https:\/\/www.visit-ulcinj.com\/blog\/","name":"Lajme nga Ulqini","description":"Lajme,Vijesti,Ulqini,Ulqin,Crna Gora,Mali i Zi","potentialAction":[{"@type":"SearchAction","target":{"@type":"EntryPoint","urlTemplate":"https:\/\/www.visit-ulcinj.com\/blog\/?s={search_term_string}"},"query-input":"required name=search_term_string"}],"inLanguage":"en-US"},{"@type":"WebPage","@id":"https:\/\/www.visit-ulcinj.com\/blog\/2015\/11\/18\/potpisan-je-memorandum-o-saradnji-izmedu-lokalnih-partnera-opstine-ulcinj\/#webpage","url":"https:\/\/www.visit-ulcinj.com\/blog\/2015\/11\/18\/potpisan-je-memorandum-o-saradnji-izmedu-lokalnih-partnera-opstine-ulcinj\/","name":"Potpisan je Memorandum o saradnji izme\u0111u lokalnih partnera i Op\u0161tine Ulcinj - Lajme nga Ulqini","isPartOf":{"@id":"https:\/\/www.visit-ulcinj.com\/blog\/#website"},"datePublished":"2015-11-18T22:32:44+00:00","dateModified":"2015-11-18T22:32:44+00:00","author":{"@id":"https:\/\/www.visit-ulcinj.com\/blog\/#\/schema\/person\/dcab619c614d3038751c63bc2aadc06d"},"description":"Danas, u kabinetu Predsjednika Op\u0161tine, potpisan je Memorandum o saradnji izme\u0111u lokalnih partnera: Op\u0161tine Ulcinj, Osnovnog Dr\u017eavnog Tu\u017eila\u0161tva (Ulcinj),","breadcrumb":{"@id":"https:\/\/www.visit-ulcinj.com\/blog\/2015\/11\/18\/potpisan-je-memorandum-o-saradnji-izmedu-lokalnih-partnera-opstine-ulcinj\/#breadcrumb"},"inLanguage":"en-US","potentialAction":[{"@type":"ReadAction","target":["https:\/\/www.visit-ulcinj.com\/blog\/2015\/11\/18\/potpisan-je-memorandum-o-saradnji-izmedu-lokalnih-partnera-opstine-ulcinj\/"]}]},{"@type":"BreadcrumbList","@id":"https:\/\/www.visit-ulcinj.com\/blog\/2015\/11\/18\/potpisan-je-memorandum-o-saradnji-izmedu-lokalnih-partnera-opstine-ulcinj\/#breadcrumb","itemListElement":[{"@type":"ListItem","position":1,"name":"Potpisan je Memorandum o saradnji izme\u0111u lokalnih partnera i Op\u0161tine Ulcinj"}]},{"@type":"Person","@id":"https:\/\/www.visit-ulcinj.com\/blog\/#\/schema\/person\/dcab619c614d3038751c63bc2aadc06d","name":"ulqini","sameAs":["http:\/\/www.visit-ulcinj.com"],"url":"https:\/\/www.visit-ulcinj.com\/blog\/author\/admin\/"}]}},"jetpack_featured_media_url":"","jetpack_sharing_enabled":true,"jetpack_shortlink":"https:\/\/wp.me\/pe6lTn-ofL","_links":{"self":[{"href":"https:\/\/www.visit-ulcinj.com\/blog\/wp-json\/wp\/v2\/posts\/93233"}],"collection":[{"href":"https:\/\/www.visit-ulcinj.com\/blog\/wp-json\/wp\/v2\/posts"}],"about":[{"href":"https:\/\/www.visit-ulcinj.com\/blog\/wp-json\/wp\/v2\/types\/post"}],"author":[{"embeddable":true,"href":"https:\/\/www.visit-ulcinj.com\/blog\/wp-json\/wp\/v2\/users\/1"}],"replies":[{"embeddable":true,"href":"https:\/\/www.visit-ulcinj.com\/blog\/wp-json\/wp\/v2\/comments?post=93233"}],"version-history":[{"count":1,"href":"https:\/\/www.visit-ulcinj.com\/blog\/wp-json\/wp\/v2\/posts\/93233\/revisions"}],"predecessor-version":[{"id":93235,"href":"https:\/\/www.visit-ulcinj.com\/blog\/wp-json\/wp\/v2\/posts\/93233\/revisions\/93235"}],"wp:attachment":[{"href":"https:\/\/www.visit-ulcinj.com\/blog\/wp-json\/wp\/v2\/media?parent=93233"}],"wp:term":[{"taxonomy":"category","embeddable":true,"href":"https:\/\/www.visit-ulcinj.com\/blog\/wp-json\/wp\/v2\/categories?post=93233"},{"taxonomy":"post_tag","embeddable":true,"href":"https:\/\/www.visit-ulcinj.com\/blog\/wp-json\/wp\/v2\/tags?post=93233"}],"curies":[{"name":"wp","href":"https:\/\/api.w.org\/{rel}","templated":true}]}}