{"id":93236,"date":"2015-11-19T12:51:29","date_gmt":"2015-11-19T11:51:29","guid":{"rendered":"http:\/\/www.visit-ulcinj.com\/blog\/?p=93236"},"modified":"2015-11-19T12:51:29","modified_gmt":"2015-11-19T11:51:29","slug":"maratona-e-pavaresise-ulqin-shkoder-28-11-2015","status":"publish","type":"post","link":"https:\/\/www.visit-ulcinj.com\/blog\/2015\/11\/19\/maratona-e-pavaresise-ulqin-shkoder-28-11-2015\/","title":{"rendered":"Maratona e Pavaresise Ulqin-Shkoder m\u00eb 28.11.2015"},"content":{"rendered":"<p><a href=\"http:\/\/www.visit-ulcinj.com\/blog\/wp-content\/uploads\/2015\/11\/maratona-.jpg\"><img loading=\"lazy\" class=\"alignleft wp-image-93237\" src=\"http:\/\/www.visit-ulcinj.com\/blog\/wp-content\/uploads\/2015\/11\/maratona-.jpg\" alt=\"maratona-\" width=\"508\" height=\"199\" \/><\/a>K\u00ebshilli Komb\u00ebtar i Shqiptar\u00ebve n\u00eb Mal t\u00eb Zi, si zakonisht, organizon nj\u00eb s\u00ebr\u00eb aktivitetesh me rastin e Dit\u00ebs s\u00eb Flamurit Komb\u00ebtar, 28 N\u00ebntorit.<\/p>\n<p>Edhe k\u00ebt\u00eb vit, m\u00eb 28.11.2015, K\u00ebshilli Komb\u00ebtar i Shqiptar\u00ebve, n\u00eb bashk\u00ebpunim me Komun\u00ebn e Ulqinit dhe Bashkin\u00eb e Shkodr\u00ebs, tashm\u00eb p\u00ebr t\u00eb kat\u00ebrtin vit me radh\u00eb, organizon MARATON\u00cbN E PAVAR\u00cbSIS\u00cb \u00a02015, Shkod\u00ebr \u2013 Ulqin.<\/p>\n<p>Caku fillestar, gjegj\u00ebsisht nisja, do t\u00eb jet\u00eb p\u00ebrball\u00eb Bashkis\u00eb s\u00eb Shkodr\u00ebs, me fillim n\u00eb or\u00ebn 9:30, nd\u00ebrsa p\u00ebrfundimi do jet\u00eb p\u00ebrball\u00eb nd\u00ebrtes\u00ebs s\u00eb Komun\u00ebs s\u00eb Ulqinit. T\u00eb gjith\u00eb t\u00eb interesuarit mund t\u00eb paraqiten n\u00eb kontaktet:<\/p>\n<p><span id=\"skype_c2c_container\" class=\"skype_c2c_container notranslate\" dir=\"ltr\" tabindex=\"-1\" data-numbertocall=\"+38230411302\" data-numbertype=\"paid\" data-isfreecall=\"false\" data-isrtl=\"false\" data-ismobile=\"false\"><span class=\"skype_c2c_highlighting_inactive_common\" dir=\"ltr\"><span id=\"non_free_num_ui\" class=\"skype_c2c_textarea_span\"><img loading=\"lazy\" class=\"skype_c2c_logo_img\" src=\"resource:\/\/skype_ff_extension-at-jetpack\/skype_ff_extension\/data\/call_skype_logo.png\" alt=\"\" width=\"0\" height=\"0\" \/><span class=\"skype_c2c_text_span\">+382 30 411 302<\/span><\/span><\/span><\/span>; \u00a0 \u00a0<span id=\"skype_c2c_container\" class=\"skype_c2c_container notranslate\" dir=\"ltr\" tabindex=\"-1\" data-numbertocall=\"+38269333663\" data-numbertype=\"paid\" data-isfreecall=\"false\" data-isrtl=\"false\" data-ismobile=\"false\"><span class=\"skype_c2c_highlighting_inactive_common\" dir=\"ltr\"><span id=\"non_free_num_ui\" class=\"skype_c2c_textarea_span\"><img loading=\"lazy\" class=\"skype_c2c_logo_img\" src=\"resource:\/\/skype_ff_extension-at-jetpack\/skype_ff_extension\/data\/call_skype_logo.png\" alt=\"\" width=\"0\" height=\"0\" \/><span class=\"skype_c2c_text_span\">+382 69 333 663<\/span><\/span><\/span><\/span>; \u00a0 \u00a0 \u00a0+382 67 911 9221;<br \/>\ne-mail: \u00a0 \u00a0knsh@t-com.me; \u00a0 \u00a0 armandolohja@yahoo.de<\/p>\n<p>Midis t\u00eb tjerash, p\u00ebr\u00a0tre fituesit e gar\u00ebs do ket\u00eb shp\u00ebrblime.<br \/>\nT\u00eb drejt\u00eb pjes\u00ebmarrjeje ka \u00e7do individ.<\/p>\n<p>B\u00ebhu edhe ti pjes\u00eb e gar\u00ebs!<\/p>\n","protected":false},"excerpt":{"rendered":"<p>K\u00ebshilli Komb\u00ebtar i Shqiptar\u00ebve n\u00eb Mal t\u00eb Zi, si zakonisht, organizon nj\u00eb s\u00ebr\u00eb aktivitetesh me rastin e Dit\u00ebs s\u00eb Flamurit Komb\u00ebtar, 28 N\u00ebntorit. Edhe k\u00ebt\u00eb vit, m\u00eb 28.11.2015, K\u00ebshilli Komb\u00ebtar i Shqiptar\u00ebve, n\u00eb bashk\u00ebpunim me Komun\u00ebn e Ulqinit dhe Bashkin\u00eb e Shkodr\u00ebs, tashm\u00eb p\u00ebr t\u00eb kat\u00ebrtin vit me radh\u00eb, organizon MARATON\u00cbN E PAVAR\u00cbSIS\u00cb \u00a02015, Shkod\u00ebr [&hellip;]<\/p>\n","protected":false},"author":1,"featured_media":0,"comment_status":"closed","ping_status":"closed","sticky":false,"template":"","format":"standard","meta":{"spay_email":"","jetpack_publicize_message":"","jetpack_is_tweetstorm":false,"jetpack_publicize_feature_enabled":true},"categories":[3],"tags":[],"jetpack_publicize_connections":[],"yoast_head":"<!-- This site is optimized with the Yoast SEO plugin v19.1 - https:\/\/yoast.com\/wordpress\/plugins\/seo\/ -->\n<title>Maratona e Pavaresise Ulqin-Shkoder m\u00eb 28.11.2015 - Lajme nga Ulqini<\/title>\n<meta name=\"description\" content=\"K\u00ebshilli Komb\u00ebtar i Shqiptar\u00ebve n\u00eb Mal t\u00eb Zi, si zakonisht, organizon nj\u00eb s\u00ebr\u00eb aktivitetesh me rastin e Dit\u00ebs s\u00eb Flamurit Komb\u00ebtar, 28 N\u00ebntorit. Edhe k\u00ebt\u00eb\" \/>\n<meta name=\"robots\" content=\"index, follow, max-snippet:-1, max-image-preview:large, max-video-preview:-1\" \/>\n<link rel=\"canonical\" href=\"https:\/\/www.visit-ulcinj.com\/blog\/2015\/11\/19\/maratona-e-pavaresise-ulqin-shkoder-28-11-2015\/\" \/>\n<meta property=\"og:locale\" content=\"en_US\" \/>\n<meta property=\"og:type\" content=\"article\" \/>\n<meta property=\"og:title\" content=\"Maratona e Pavaresise Ulqin-Shkoder m\u00eb 28.11.2015 - Lajme nga Ulqini\" \/>\n<meta property=\"og:description\" content=\"K\u00ebshilli Komb\u00ebtar i Shqiptar\u00ebve n\u00eb Mal t\u00eb Zi, si zakonisht, organizon nj\u00eb s\u00ebr\u00eb aktivitetesh me rastin e Dit\u00ebs s\u00eb Flamurit Komb\u00ebtar, 28 N\u00ebntorit. Edhe k\u00ebt\u00eb\" \/>\n<meta property=\"og:url\" content=\"https:\/\/www.visit-ulcinj.com\/blog\/2015\/11\/19\/maratona-e-pavaresise-ulqin-shkoder-28-11-2015\/\" \/>\n<meta property=\"og:site_name\" content=\"Lajme nga Ulqini\" \/>\n<meta property=\"article:published_time\" content=\"2015-11-19T11:51:29+00:00\" \/>\n<meta property=\"og:image\" content=\"http:\/\/www.visit-ulcinj.com\/blog\/wp-content\/uploads\/2015\/11\/maratona-.jpg\" \/>\n<meta name=\"twitter:label1\" content=\"Written by\" \/>\n\t<meta name=\"twitter:data1\" content=\"ulqini\" \/>\n\t<meta name=\"twitter:label2\" content=\"Est. reading time\" \/>\n\t<meta name=\"twitter:data2\" content=\"1 minute\" \/>\n<script type=\"application\/ld+json\" class=\"yoast-schema-graph\">{\"@context\":\"https:\/\/schema.org\",\"@graph\":[{\"@type\":\"WebSite\",\"@id\":\"https:\/\/www.visit-ulcinj.com\/blog\/#website\",\"url\":\"https:\/\/www.visit-ulcinj.com\/blog\/\",\"name\":\"Lajme nga Ulqini\",\"description\":\"Lajme,Vijesti,Ulqini,Ulqin,Crna Gora,Mali i Zi\",\"potentialAction\":[{\"@type\":\"SearchAction\",\"target\":{\"@type\":\"EntryPoint\",\"urlTemplate\":\"https:\/\/www.visit-ulcinj.com\/blog\/?s={search_term_string}\"},\"query-input\":\"required name=search_term_string\"}],\"inLanguage\":\"en-US\"},{\"@type\":\"ImageObject\",\"inLanguage\":\"en-US\",\"@id\":\"https:\/\/www.visit-ulcinj.com\/blog\/2015\/11\/19\/maratona-e-pavaresise-ulqin-shkoder-28-11-2015\/#primaryimage\",\"url\":\"http:\/\/www.visit-ulcinj.com\/blog\/wp-content\/uploads\/2015\/11\/maratona-.jpg\",\"contentUrl\":\"http:\/\/www.visit-ulcinj.com\/blog\/wp-content\/uploads\/2015\/11\/maratona-.jpg\"},{\"@type\":\"WebPage\",\"@id\":\"https:\/\/www.visit-ulcinj.com\/blog\/2015\/11\/19\/maratona-e-pavaresise-ulqin-shkoder-28-11-2015\/#webpage\",\"url\":\"https:\/\/www.visit-ulcinj.com\/blog\/2015\/11\/19\/maratona-e-pavaresise-ulqin-shkoder-28-11-2015\/\",\"name\":\"Maratona e Pavaresise Ulqin-Shkoder m\u00eb 28.11.2015 - Lajme nga Ulqini\",\"isPartOf\":{\"@id\":\"https:\/\/www.visit-ulcinj.com\/blog\/#website\"},\"primaryImageOfPage\":{\"@id\":\"https:\/\/www.visit-ulcinj.com\/blog\/2015\/11\/19\/maratona-e-pavaresise-ulqin-shkoder-28-11-2015\/#primaryimage\"},\"datePublished\":\"2015-11-19T11:51:29+00:00\",\"dateModified\":\"2015-11-19T11:51:29+00:00\",\"author\":{\"@id\":\"https:\/\/www.visit-ulcinj.com\/blog\/#\/schema\/person\/dcab619c614d3038751c63bc2aadc06d\"},\"description\":\"K\u00ebshilli Komb\u00ebtar i Shqiptar\u00ebve n\u00eb Mal t\u00eb Zi, si zakonisht, organizon nj\u00eb s\u00ebr\u00eb aktivitetesh me rastin e Dit\u00ebs s\u00eb Flamurit Komb\u00ebtar, 28 N\u00ebntorit. Edhe k\u00ebt\u00eb\",\"breadcrumb\":{\"@id\":\"https:\/\/www.visit-ulcinj.com\/blog\/2015\/11\/19\/maratona-e-pavaresise-ulqin-shkoder-28-11-2015\/#breadcrumb\"},\"inLanguage\":\"en-US\",\"potentialAction\":[{\"@type\":\"ReadAction\",\"target\":[\"https:\/\/www.visit-ulcinj.com\/blog\/2015\/11\/19\/maratona-e-pavaresise-ulqin-shkoder-28-11-2015\/\"]}]},{\"@type\":\"BreadcrumbList\",\"@id\":\"https:\/\/www.visit-ulcinj.com\/blog\/2015\/11\/19\/maratona-e-pavaresise-ulqin-shkoder-28-11-2015\/#breadcrumb\",\"itemListElement\":[{\"@type\":\"ListItem\",\"position\":1,\"name\":\"Maratona e Pavaresise Ulqin-Shkoder m\u00eb 28.11.2015\"}]},{\"@type\":\"Person\",\"@id\":\"https:\/\/www.visit-ulcinj.com\/blog\/#\/schema\/person\/dcab619c614d3038751c63bc2aadc06d\",\"name\":\"ulqini\",\"sameAs\":[\"http:\/\/www.visit-ulcinj.com\"],\"url\":\"https:\/\/www.visit-ulcinj.com\/blog\/author\/admin\/\"}]}<\/script>\n<!-- \/ Yoast SEO plugin. -->","yoast_head_json":{"title":"Maratona e Pavaresise Ulqin-Shkoder m\u00eb 28.11.2015 - Lajme nga Ulqini","description":"K\u00ebshilli Komb\u00ebtar i Shqiptar\u00ebve n\u00eb Mal t\u00eb Zi, si zakonisht, organizon nj\u00eb s\u00ebr\u00eb aktivitetesh me rastin e Dit\u00ebs s\u00eb Flamurit Komb\u00ebtar, 28 N\u00ebntorit. Edhe k\u00ebt\u00eb","robots":{"index":"index","follow":"follow","max-snippet":"max-snippet:-1","max-image-preview":"max-image-preview:large","max-video-preview":"max-video-preview:-1"},"canonical":"https:\/\/www.visit-ulcinj.com\/blog\/2015\/11\/19\/maratona-e-pavaresise-ulqin-shkoder-28-11-2015\/","og_locale":"en_US","og_type":"article","og_title":"Maratona e Pavaresise Ulqin-Shkoder m\u00eb 28.11.2015 - Lajme nga Ulqini","og_description":"K\u00ebshilli Komb\u00ebtar i Shqiptar\u00ebve n\u00eb Mal t\u00eb Zi, si zakonisht, organizon nj\u00eb s\u00ebr\u00eb aktivitetesh me rastin e Dit\u00ebs s\u00eb Flamurit Komb\u00ebtar, 28 N\u00ebntorit. Edhe k\u00ebt\u00eb","og_url":"https:\/\/www.visit-ulcinj.com\/blog\/2015\/11\/19\/maratona-e-pavaresise-ulqin-shkoder-28-11-2015\/","og_site_name":"Lajme nga Ulqini","article_published_time":"2015-11-19T11:51:29+00:00","og_image":[{"url":"http:\/\/www.visit-ulcinj.com\/blog\/wp-content\/uploads\/2015\/11\/maratona-.jpg"}],"twitter_misc":{"Written by":"ulqini","Est. reading time":"1 minute"},"schema":{"@context":"https:\/\/schema.org","@graph":[{"@type":"WebSite","@id":"https:\/\/www.visit-ulcinj.com\/blog\/#website","url":"https:\/\/www.visit-ulcinj.com\/blog\/","name":"Lajme nga Ulqini","description":"Lajme,Vijesti,Ulqini,Ulqin,Crna Gora,Mali i Zi","potentialAction":[{"@type":"SearchAction","target":{"@type":"EntryPoint","urlTemplate":"https:\/\/www.visit-ulcinj.com\/blog\/?s={search_term_string}"},"query-input":"required name=search_term_string"}],"inLanguage":"en-US"},{"@type":"ImageObject","inLanguage":"en-US","@id":"https:\/\/www.visit-ulcinj.com\/blog\/2015\/11\/19\/maratona-e-pavaresise-ulqin-shkoder-28-11-2015\/#primaryimage","url":"http:\/\/www.visit-ulcinj.com\/blog\/wp-content\/uploads\/2015\/11\/maratona-.jpg","contentUrl":"http:\/\/www.visit-ulcinj.com\/blog\/wp-content\/uploads\/2015\/11\/maratona-.jpg"},{"@type":"WebPage","@id":"https:\/\/www.visit-ulcinj.com\/blog\/2015\/11\/19\/maratona-e-pavaresise-ulqin-shkoder-28-11-2015\/#webpage","url":"https:\/\/www.visit-ulcinj.com\/blog\/2015\/11\/19\/maratona-e-pavaresise-ulqin-shkoder-28-11-2015\/","name":"Maratona e Pavaresise Ulqin-Shkoder m\u00eb 28.11.2015 - Lajme nga Ulqini","isPartOf":{"@id":"https:\/\/www.visit-ulcinj.com\/blog\/#website"},"primaryImageOfPage":{"@id":"https:\/\/www.visit-ulcinj.com\/blog\/2015\/11\/19\/maratona-e-pavaresise-ulqin-shkoder-28-11-2015\/#primaryimage"},"datePublished":"2015-11-19T11:51:29+00:00","dateModified":"2015-11-19T11:51:29+00:00","author":{"@id":"https:\/\/www.visit-ulcinj.com\/blog\/#\/schema\/person\/dcab619c614d3038751c63bc2aadc06d"},"description":"K\u00ebshilli Komb\u00ebtar i Shqiptar\u00ebve n\u00eb Mal t\u00eb Zi, si zakonisht, organizon nj\u00eb s\u00ebr\u00eb aktivitetesh me rastin e Dit\u00ebs s\u00eb Flamurit Komb\u00ebtar, 28 N\u00ebntorit. Edhe k\u00ebt\u00eb","breadcrumb":{"@id":"https:\/\/www.visit-ulcinj.com\/blog\/2015\/11\/19\/maratona-e-pavaresise-ulqin-shkoder-28-11-2015\/#breadcrumb"},"inLanguage":"en-US","potentialAction":[{"@type":"ReadAction","target":["https:\/\/www.visit-ulcinj.com\/blog\/2015\/11\/19\/maratona-e-pavaresise-ulqin-shkoder-28-11-2015\/"]}]},{"@type":"BreadcrumbList","@id":"https:\/\/www.visit-ulcinj.com\/blog\/2015\/11\/19\/maratona-e-pavaresise-ulqin-shkoder-28-11-2015\/#breadcrumb","itemListElement":[{"@type":"ListItem","position":1,"name":"Maratona e Pavaresise Ulqin-Shkoder m\u00eb 28.11.2015"}]},{"@type":"Person","@id":"https:\/\/www.visit-ulcinj.com\/blog\/#\/schema\/person\/dcab619c614d3038751c63bc2aadc06d","name":"ulqini","sameAs":["http:\/\/www.visit-ulcinj.com"],"url":"https:\/\/www.visit-ulcinj.com\/blog\/author\/admin\/"}]}},"jetpack_featured_media_url":"","jetpack_sharing_enabled":true,"jetpack_shortlink":"https:\/\/wp.me\/pe6lTn-ofO","_links":{"self":[{"href":"https:\/\/www.visit-ulcinj.com\/blog\/wp-json\/wp\/v2\/posts\/93236"}],"collection":[{"href":"https:\/\/www.visit-ulcinj.com\/blog\/wp-json\/wp\/v2\/posts"}],"about":[{"href":"https:\/\/www.visit-ulcinj.com\/blog\/wp-json\/wp\/v2\/types\/post"}],"author":[{"embeddable":true,"href":"https:\/\/www.visit-ulcinj.com\/blog\/wp-json\/wp\/v2\/users\/1"}],"replies":[{"embeddable":true,"href":"https:\/\/www.visit-ulcinj.com\/blog\/wp-json\/wp\/v2\/comments?post=93236"}],"version-history":[{"count":1,"href":"https:\/\/www.visit-ulcinj.com\/blog\/wp-json\/wp\/v2\/posts\/93236\/revisions"}],"predecessor-version":[{"id":93238,"href":"https:\/\/www.visit-ulcinj.com\/blog\/wp-json\/wp\/v2\/posts\/93236\/revisions\/93238"}],"wp:attachment":[{"href":"https:\/\/www.visit-ulcinj.com\/blog\/wp-json\/wp\/v2\/media?parent=93236"}],"wp:term":[{"taxonomy":"category","embeddable":true,"href":"https:\/\/www.visit-ulcinj.com\/blog\/wp-json\/wp\/v2\/categories?post=93236"},{"taxonomy":"post_tag","embeddable":true,"href":"https:\/\/www.visit-ulcinj.com\/blog\/wp-json\/wp\/v2\/tags?post=93236"}],"curies":[{"name":"wp","href":"https:\/\/api.w.org\/{rel}","templated":true}]}}